{"id":10,"date":"2008-01-02T12:20:58","date_gmt":"2008-01-02T17:20:58","guid":{"rendered":"http:\/\/www.visit-ulcinj.com\/blog\/2008\/01\/02\/interviste-me-reisin-e-bashkesise-islame-ne-mal-te-zi-efendi-rifat-fejziq\/"},"modified":"2008-02-12T17:57:58","modified_gmt":"2008-02-12T22:57:58","slug":"interviste-me-reisin-e-bashkesise-islame-ne-mal-te-zi-efendi-rifat-fejziq","status":"publish","type":"post","link":"https:\/\/www.visit-ulcinj.com\/blog\/2008\/01\/02\/interviste-me-reisin-e-bashkesise-islame-ne-mal-te-zi-efendi-rifat-fejziq\/","title":{"rendered":"Intervist\u00eb me reisin e bashksis\u00eb Islame n\u00eb Mal t\u00eb Zi,Efendi Rifat Fejziq"},"content":{"rendered":"<p align=\"left\"><strong><span style=\"font-size: 10pt; font-family: 'Arial','sans-serif'\"><img loading=\"lazy\" src=\"http:\/\/www.visit-ulcinj.com\/blog\/wp-content\/uploads\/2008\/01\/fejziq.thumbnail.jpg\" align=\"left\" border=\"0\" height=\"128\" hspace=\"2\" vspace=\"2\" width=\"81\" \/>Statusi i Bashk\u00ebsis\u00eb Islame n\u00eb Mal t\u00eb Zi &#8211; m\u00eb i mir\u00eb se para 15 vitesh<\/span><\/strong><\/p>\n<p><span style=\"font-size: 10pt; font-family: 'Arial','sans-serif'\"><\/span><\/p>\n<p style=\"line-height: 15.6pt\"><span style=\"font-size: 10pt; font-family: 'Arial','sans-serif'\">Rifat Fejziq u lind n\u00eb vitin 1974, n\u00eb Rozhaj\u00eb . Shkoll\u00ebn fillore e kreu n\u00eb Rozhaj\u00eb, nd\u00ebrsa t\u00eb mesmen e filloi n\u00eb Sarajev\u00eb dhe e p\u00ebrfundoi n\u00eb Novi Pazar. Pas p\u00ebrfundimit t\u00eb shkoll\u00ebs s\u00eb mesme, Fejziq regjistrohet n\u00eb fakultetin e shkencave islamike n\u00eb Izmir t\u00eb Turqis\u00eb, t\u00eb cilin e kreu me sukses. \u00cbsht\u00eb i martuar dhe ka dy djem.<!--more--><\/span><\/p>\n<p><span style=\"font-size: 10pt; font-family: 'Arial','sans-serif'\"><\/span><span style=\"font-size: 10pt; font-family: 'Arial','sans-serif'\">Koha javore: Z. Fejziq sot \u00ebsht\u00eb dita e par\u00eb e Kurban Bajramit, fest\u00ebs s\u00eb madhe t\u00eb mysliman\u00ebve. Cili \u00ebsht\u00eb mesazhiJuaj drejtuar atyre q\u00eb e lusin k\u00ebt\u00eb fest\u00eb, para s\u00eb gjithash besimtar\u00ebve n\u00eb Mal t\u00eb Zi, por edhe n\u00eb viset e tjera t\u00eb bot\u00ebs?<br \/>\nR.Fejziq: Mysliman\u00ebt n\u00eb Mal t\u00eb Zi jan\u00eb pjes\u00eb e gati nj\u00eb milard\u00eb e gjysm\u00eb njer\u00ebzve n\u00eb bot\u00eb, t\u00eb cil\u00ebt sot i takojn\u00eb korpusit islam. Un\u00eb sot gjendem pik\u00ebrisht n\u00eb vendin e shenjt\u00eb, n\u00eb Mek\u00eb, ku po v\u00ebrej dhe mund t\u00eb v\u00ebrej mysliman\u00eb nga gjith\u00eb bota. Kjo \u00ebsht\u00eb d\u00ebshmia m\u00eb e qart\u00eb, se si Islami di tzi mposht\u00eb t\u00eb gjitha ndasit\u00eb. Sot n\u00eb Mek\u00eb, mund t\u00eb shikosh njer\u00ebz t\u00eb ngjyrave t\u00eb ndryshme, t\u00eb komb\u00ebsive dhe racave t\u00eb ndryshme, njer\u00ebz q\u00eb flasin gjuh\u00eb t\u00eb ndryshme, por n\u00eb an\u00ebn tjet\u00ebr mund t\u00eb shoh\u00ebsh se, n\u00eb zemrat e tyre, shum\u00eb leht\u00eb mund t\u00eb &#8220;merren vesh&#8221;, pa marr\u00eb parasysh barrierat gjuh\u00ebsore, q\u00eb ekzistojn\u00eb midis tyre. Andaj, n\u00eb k\u00ebt\u00eb vend t\u00eb shenjt\u00eb, i cili gjeografikisht \u00ebsht\u00eb si qendra e bot\u00ebs, d\u00ebshmohet qart\u00eb se \u00e7ka do t\u00eb thot\u00eb t\u00eb jesh mysliman, \u00e7ka do t\u00eb thot\u00eb t\u00eb jesh &#8211; Islam. Nj\u00ebkoh\u00ebsisht, nga ky vend i shenjt\u00eb, shfryt\u00ebzoj rastin q\u00eb p\u00ebrmes gazet\u00ebs suaj tzu d\u00ebrgoj urimet m\u00eb t\u00eb sinqerta t\u00eb gjith\u00eb mysliman\u00ebve n\u00eb Mal t\u00eb Zi, por edhe t\u00eb gjith\u00eb mysliman\u00ebve t\u00eb bot\u00ebs, q\u00eb n\u00eb frym\u00ebn e besimit dhe t\u00eb tradit\u00ebs, n\u00eb m\u00ebnyr\u00ebn m\u00eb t\u00eb mir\u00eb, ta festojn\u00eb k\u00ebt\u00eb dit\u00eb &#8211; Kurban Bajramin.<o:p><\/o:p><\/span><span style=\"font-size: 10pt; font-family: 'Arial','sans-serif'\">Koha javore: Sot n\u00eb Mal t\u00eb Zi jetojn\u00eb s\u00eb paku tri konfesione. Cili \u00ebsht\u00eb statusi i Bashk\u00ebsis\u00eb Islame n\u00eb Mal t\u00eb Zi?<br \/>\nR. Fejziq: Si\u00e7 that\u00eb edhe ju, n\u00eb Mal t\u00eb Zi jetojn\u00eb tri konfesione. Statusi i Bashk\u00ebsis\u00eb Islame n\u00eb Mal t\u00eb Zi \u00ebsht\u00eb m\u00eb i mir\u00eb se\u00e7 ka qen\u00eb para 15 vitesh. Sigurisht se ai mund t\u00eb jet\u00eb edhe m\u00eb i mir\u00eb. Pra, ende nuk \u00ebsht\u00eb ashtu si\u00e7 duhet. Ndryshe nga popujt shumic\u00eb t\u00eb Malit t\u00eb Zi, popujt pakic\u00eb q\u00eb jetojn\u00eb n\u00eb Mal t\u00eb Zi kan\u00eb besime t\u00eb ndryshme dhe anojn\u00eb nga ajo q\u00eb marr\u00ebdh\u00ebniet t\u00eb jen\u00eb n\u00eb nivel t\u00eb lakmuesh\u00ebm dhe t\u00eb gjith\u00eb t\u00eb jemi t\u00eb barabart\u00eb.<o:p><\/o:p><\/span><span style=\"font-size: 10pt; font-family: 'Arial','sans-serif'\">Koha javore: \u00c7far\u00eb do t\u00eb thot\u00eb t\u00eb jesh mysliman n\u00eb Mal t\u00eb Zi? Si ndihen Ju si mysliman?<br \/>\nR.Fejziq: Personalisht mendoj se asnj\u00eb mysliman nuk duhet t\u00eb ket\u00eb komplekse, sepse i takon nj\u00eb besimi, si\u00e7 \u00ebsht\u00eb Islami. Sot n\u00eb bot\u00eb Islami \u00ebsht\u00eb nj\u00ebra nga fet\u00eb m\u00eb t\u00eb m\u00ebdha. Pothuaj szka shtet n\u00eb bot\u00eb q\u00eb nuk ka pjes\u00ebtar\u00eb t\u00eb Islamit. Un\u00eb si mysliman n\u00eb Mal t\u00eb Zi ndihem mir\u00eb dhe mburrem se jam mysliman. Dikur n\u00eb Mal t\u00eb Zi ka qen\u00eb v\u00ebshtir\u00eb t\u00eb jesh mysliman, por jan\u00eb duke ardhur koh\u00eb m\u00eb t\u00eb mira dhe p\u00ebr k\u00ebt\u00eb jam i bindur.<o:p><\/o:p><\/span><span style=\"font-size: 10pt; font-family: 'Arial','sans-serif'\">Koha javore: Cilat jan\u00eb problemet me t\u00eb cilat ballafaqohet Bashk\u00ebsia Islame n\u00eb Mal t\u00eb Zi ?<br \/>\nR.Fejziq: Sa i p\u00ebrket problemeve me t\u00eb cilat ballafaqohet Bashk\u00ebsia Islame n\u00eb Mal t\u00eb Zi, ato jan\u00eb t\u00eb m\u00ebdha. Arsyeja \u00ebsht\u00eb se ne kemi ardhur nga nj\u00eb periudh\u00eb komuniste, n\u00eb t\u00eb cil\u00ebn t\u00eb gjitha bashk\u00ebsit\u00eb fetare kan\u00eb qen\u00eb t\u00eb l\u00ebna pasdore. E pra, feja \u00ebsht\u00eb pjes\u00eb p\u00ebrb\u00ebr\u00ebse e \u00e7do populli dhe \u00e7do njeriu. N\u00eb t\u00eb gjitha shoq\u00ebrit\u00eb, feja dhe besimi, ndikojn\u00eb shum\u00eb n\u00eb disa drejtime pozitive. Kur e them k\u00ebt\u00eb, i kam parasysh njer\u00ebzit q\u00eb jetojn\u00eb n\u00eb k\u00ebt\u00eb rajon, por po shkohet nga ajo q\u00eb pik\u00ebrisht njer\u00ebzit ta njohin fen\u00eb. Ne k\u00ebtu ende nuk e kemi t\u00eb rregulluar me ligj \u00e7\u00ebshtjen e besimit dhe ende bazohemi n\u00eb ligjin e periudh\u00ebs komuniste. Pasurin\u00eb e Bashk\u00ebsis\u00eb Islame e kemi t\u00eb nacionalizuar dhe mendoj se t\u00eb nj\u00ebjtin problem e kan\u00eb edhe bashk\u00ebsit\u00eb e tjera fetare. Ajo pasuri, si dhe shum\u00eb gj\u00ebra t\u00eb tjera, ende nuk na jan\u00eb kthyer. Pastaj edhe financimi i bashk\u00ebsive fetare do t\u00eb duhej q\u00eb t\u00eb rregullohej p\u00ebrmes buxhetit.<o:p><\/o:p><\/span><span style=\"font-size: 10pt; font-family: 'Arial','sans-serif'\">Koha javore: \u00c7far\u00eb b\u00ebn Bashk\u00ebsia Islame p\u00ebr ruajtjen e kultur\u00ebs dhe trash\u00ebgimis\u00eb Islame n\u00eb Mal t\u00eb Zi ?<br \/>\nR. Fejziq: Ne punojm\u00eb shum\u00eb p\u00ebr ruajtjen e Islamit, kultur\u00ebs Islame dhe trash\u00ebgimis\u00eb s\u00eb saj n\u00eb Mal t\u00eb Zi. P\u00ebrmes ruajtjes s\u00eb traditave dhe zakoneve fetare, p\u00ebrmes ruajtjes s\u00eb atyre objekteve fetare q\u00eb kan\u00eb vlera historike, p\u00ebrmes restaurimit t\u00eb objekteve t\u00eb vjetra fetare, p\u00ebrmes ruajtjes s\u00eb kultur\u00ebs fetare dhe shum\u00eb gj\u00ebrave t\u00eb tjera, ne po punojm\u00eb n\u00eb m\u00ebnyr\u00eb aktive p\u00ebr ruajtjen e trash\u00ebgimis\u00eb s\u00eb mysliman\u00ebve k\u00ebtu n\u00eb Mal t\u00eb Zi.<o:p><\/o:p><\/span><span style=\"font-size: 10pt; font-family: 'Arial','sans-serif'\">Koha javore: N\u00eb koh\u00ebn e fundit po flitet mbi paraqitjen e disa rrymave t\u00eb reja brenda Islamit, fjal\u00ebn e kam p\u00ebr vehabizmin etj. Cili \u00ebsht\u00eb q\u00ebndrimi i Bashk\u00ebsis\u00eb Islame lidhur me parqitjen e k\u00ebtyre rrymave?<br \/>\nR.Fejziq: Sa i p\u00ebrket Bashk\u00ebsis\u00eb Islame, ne disa her\u00eb e kemi shprehur q\u00ebndrimin ton\u00eb dhe ai \u00ebsht\u00eb absolutisht i qart\u00eb. Duke shikuar bashk\u00ebsit\u00eb islame t\u00eb rajonit, n\u00eb kuad\u00ebr t\u00eb Meshihatit t\u00eb Bashk\u00ebsis\u00eb Islame p\u00ebr mysliman\u00ebt n\u00eb Mal t\u00eb Zi, ne kemi nxjerr\u00eb Rezolut\u00ebn mbi shpjegimin e Islamit. Andaj, ne nuk kemi kurrfar\u00eb dilemash. Ne mendojm\u00eb se paraardh\u00ebsit tan\u00eb, q\u00eb kan\u00eb qen\u00eb n\u00eb funksione ky\u00e7e brenda Bashk\u00ebsis\u00eb Islame dhe ata njer\u00ebz t\u00eb cil\u00ebt m\u00eb tep\u00ebr se 500 vite i kan\u00eb takuar Islamit, kan\u00eb qen\u00eb absolutisht autentik\u00eb dhe kan\u00eb qen\u00eb n\u00eb rrug\u00eb t\u00eb drejt\u00eb. Prandaj, ne punojm\u00eb n\u00eb ruajtjen e nj\u00eb Islami t\u00eb k\u00ebtill\u00eb, \u00e7far\u00eb e trash\u00ebguam. Mendoj se Islami \u00ebsht\u00eb plot demokraci. N\u00eb Islam ekzistojn\u00eb edhe mendime t\u00eb ndryshme. N\u00eb fund t\u00eb fundit, Islami at\u00eb e mund\u00ebson. Jam i bindur se disa rryma t\u00eb caktuara dhe disa njer\u00ebz t\u00eb caktuar nuk e njohin sa duhet Islamin dhe shum\u00eb her\u00eb ata devijojn\u00eb. Ne p\u00ebr k\u00ebt\u00eb e kemi q\u00ebndrimin ton\u00eb. Ky q\u00ebndrim nuk \u00ebsht\u00eb vet\u00ebm yni, por edhe i t\u00eb gjitha bashk\u00ebsive islame n\u00eb rajon dhe m\u00eb gjer\u00eb. Ne si Bashk\u00ebsi Islame kemi marr\u00ebdh\u00ebnie t\u00eb mira me t\u00eb gjitha bashk\u00ebsit\u00eb islame t\u00eb bot\u00ebs. N\u00eb fund t\u00eb fundit, n\u00eb p\u00ebrgjith\u00ebsi, ne jemi pjes\u00eb e Islamit t\u00eb bot\u00ebs.<o:p><\/o:p><\/span><span style=\"font-size: 10pt; font-family: 'Arial','sans-serif'\">Koha javore: Bashk\u00ebsit\u00eb fetare k\u00ebrkojn\u00eb futjen e m\u00ebsim-besimit n\u00eb shkolla. Cili \u00ebsht\u00eb qendrimi i Bashk\u00ebsis\u00eb Islame ?<br \/>\nR.Fejziq: Ne nuk kemi asgj\u00eb kund\u00ebr. Pak m\u00eb lart thash\u00eb se nuk e kemi njohur sa duhet religjionin e shekullit t\u00eb XX, pastaj u shfaq p\u00ebrnj\u00ebher\u00eb dhe at\u00ebher\u00eb ndoshta filluan interpretime paksa n\u00eb m\u00ebnyr\u00eb t\u00eb shtremb\u00ebruar p\u00ebt t\u00eb gjitha komunitetet fetare, k\u00ebshtu q\u00eb asohere na u shfaq\u00ebn disa njer\u00ebz, t\u00eb cil\u00ebt deri dje kishin pasur libreza t\u00eb kuqe dhe q\u00eb menj\u00ebher\u00eb u b\u00ebn\u00eb mysliman\u00eb kryesor\u00eb, nj\u00ebsoj si\u00e7 ndodhi edhe n\u00eb konfesionet e tjera.<br \/>\nK\u00ebsisoj, njer\u00ebzit shpesh devijojn\u00eb n\u00eb k\u00ebt\u00eb drejtim. Mendoj se duhet t\u00eb ekzistoj\u00eb nj\u00eb vazhdim\u00ebsi e njohjes s\u00eb konfesionit, q\u00eb konfesioni, natyrisht, t\u00eb mos keqp\u00ebrdoret p\u00ebr \u00e7far\u00ebdo q\u00ebllimesh. Ne do ta shikonim me dashamir\u00ebsi futjen e m\u00ebsim-besimit n\u00eb shkolla.<o:p><\/o:p><\/span><span style=\"font-size: 10pt; font-family: 'Arial','sans-serif'\">Koha javore: Islami dhe mysliman\u00ebt sot, shpesh, para s\u00eb gjithash jasht\u00eb bot\u00ebs islamike, po identifikohen me terrorizmin. Sipas Jush, sa kan\u00eb ndikuar aktet terroriste, q\u00eb jan\u00eb b\u00ebr\u00eb n\u00eb em\u00ebr t\u00eb besimit?<br \/>\nR.Fejziq: N\u00eb takimet n\u00eb t\u00eb cilat kam marr\u00eb pjes\u00eb, si n\u00eb Lindje, ashtu edhe n\u00eb Per\u00ebndim, disa her\u00eb e kam th\u00ebn\u00eb: asnj\u00eb besim dhe asnj\u00eb komb nuk e ka terrorizmin e vet. Andaj, terorizmi nuk ka as besim, as komb.<br \/>\nTerrorist mund t\u00eb jet\u00eb nj\u00eb njeri nga cilido popull dhe nj\u00eb njeri q\u00eb mban emrin e cilitdo religjion. K\u00ebshtu q\u00eb Islami, konkretisht, nuk ka kurrfar\u00eb lidhjeje me terrorizmin. Vet\u00ebm n\u00eb Europ\u00eb sot kemi sa e sa organizata terroriste. N\u00eb bot\u00eb jan\u00eb me qindra, mij\u00ebra organizata terroriste dhe asnj\u00ebr\u00ebs nuk i atribuohet as besimi, as kombi. Andaj, duhet kuptuar se dikush q\u00eb mban em\u00ebr mysliman mund t\u00eb jet\u00eb terrorist, por nuk mund t\u00eb jet\u00eb terrorist Islami dhe nuk mund ta b\u00ebj\u00eb at\u00eb n\u00eb em\u00ebr t\u00eb besimit. Nuk b\u00ebn q\u00eb n\u00eb baz\u00eb t\u00eb 10-15-20, apo 100 personave, t\u00eb faj\u00ebsosh nj\u00eb miliard\u00eb e gjysm\u00eb njer\u00ebz.<o:p><\/o:p><\/span><span style=\"font-size: 10pt; font-family: 'Arial','sans-serif'\">Koha javore: Si q\u00ebndron bashk\u00ebpunimi i bashk\u00ebsive islame n\u00eb rajon, konkretisht si q\u00ebndron bashk\u00ebpunimi i BI t\u00eb Malit t\u00eb Zi me at\u00eb t\u00eb Kosov\u00ebs, Shqip\u00ebris\u00eb dhe Maqedonis\u00eb ?<br \/>\nR. Fejziq: Jasht\u00ebzakonisht mir\u00eb. Me k\u00ebt\u00eb rast dua t\u00eb tregoj se kemi marr\u00ebdh\u00ebnie t\u00eb mira me t\u00eb gjitha bashk\u00ebsit\u00eb fetare n\u00eb rajon. Gazeta juaj \u00ebsht\u00eb e para p\u00ebrmes s\u00eb cil\u00ebs mund t\u00eb paralajm\u00ebrojm\u00eb se n\u00eb mars t\u00eb vitit t\u00eb ardhsh\u00ebm ne do t\u00eb jemi mikprit\u00ebs t\u00eb takimit t\u00eb t\u00eb gjith\u00eb lider\u00ebve t\u00eb besimit Islam n\u00eb rajon. Kjo m\u00eb s\u00eb miri tregon se \u00e7far\u00eb marr\u00ebdh\u00ebniesh kemi me bashk\u00ebsit\u00eb e tjera islame. Konkretisht, n\u00eb pyetjen tuaj se \u00e7far\u00eb marr\u00ebdh\u00ebniesh kemi me BI-n\u00eb e Shqip\u00ebris\u00eb, pastaj t\u00eb Kosov\u00ebs dhe at\u00eb t\u00eb Maqedonis\u00eb, personalisht mund t\u00eb them se i kemi t\u00eb mira. Disa her\u00eb kam qen\u00eb n\u00eb vizit\u00eb te kryemyftiu i Shqip\u00ebris\u00eb, z. Selim Mu\u00e7a, pastaj kam qen\u00eb n\u00eb vizit\u00eb edhe te kryemyftiu i Kosov\u00ebs, z. Naim T\u00ebrnava, i cili vitin e kaluar ishte edhe mysafiri yn\u00eb. Po ashtu jam mik edhe me myftiun e posazgjedhur t\u00eb BI t\u00eb Maqedonis\u00eb, z. Sulejman Rexhepin.<o:p><\/o:p><\/span><span style=\"font-size: 10pt; font-family: 'Arial','sans-serif'\"><a href=\"http:\/\/www.kohajavore.cg.yu\/\">http:\/\/www.kohajavore.cg.yu\/<\/a><o:p><\/o:p><\/span><span style=\"font-size: 10pt; font-family: 'Arial','sans-serif'\"><o:p> <\/o:p><\/span><span><strong>Bisedoi: Rr.Dushaj<o:p><\/o:p><\/strong><\/span><\/p>\n","protected":false},"excerpt":{"rendered":"<p><img loading=\"lazy\" src=\"http:\/\/www.visit-ulcinj.com\/blog\/wp-content\/uploads\/2008\/01\/fejziq.thumbnail.jpg\" alt=\"Fejziq\" height=\"140\" width=\"140\" \/><\/p>\n","protected":false},"author":1,"featured_media":0,"comment_status":"open","ping_status":"closed","sticky":false,"template":"","format":"standard","meta":{"spay_email":"","jetpack_publicize_message":"","jetpack_is_tweetstorm":false,"jetpack_publicize_feature_enabled":true},"categories":[5],"tags":[1158,203,204,205,362,207,206,209,208,200,359],"jetpack_publicize_connections":[],"yoast_head":"<!-- This site is optimized with the Yoast SEO plugin v19.1 - https:\/\/yoast.com\/wordpress\/plugins\/seo\/ -->\n<title>Intervist\u00eb me reisin e bashksis\u00eb Islame n\u00eb Mal t\u00eb Zi,Efendi Rifat Fejziq - Lajme nga Ulqini<\/title>\n<meta name=\"robots\" content=\"index, follow, max-snippet:-1, max-image-preview:large, max-video-preview:-1\" \/>\n<link rel=\"canonical\" href=\"https:\/\/www.visit-ulcinj.com\/blog\/2008\/01\/02\/interviste-me-reisin-e-bashkesise-islame-ne-mal-te-zi-efendi-rifat-fejziq\/\" \/>\n<meta property=\"og:locale\" content=\"en_US\" \/>\n<meta property=\"og:type\" content=\"article\" \/>\n<meta property=\"og:title\" content=\"Intervist\u00eb me reisin e bashksis\u00eb Islame n\u00eb Mal t\u00eb Zi,Efendi Rifat Fejziq - Lajme nga Ulqini\" \/>\n<meta property=\"og:url\" content=\"https:\/\/www.visit-ulcinj.com\/blog\/2008\/01\/02\/interviste-me-reisin-e-bashkesise-islame-ne-mal-te-zi-efendi-rifat-fejziq\/\" \/>\n<meta property=\"og:site_name\" content=\"Lajme nga Ulqini\" \/>\n<meta property=\"article:published_time\" content=\"2008-01-02T17:20:58+00:00\" \/>\n<meta property=\"article:modified_time\" content=\"2008-02-12T22:57:58+00:00\" \/>\n<meta property=\"og:image\" content=\"http:\/\/www.visit-ulcinj.com\/blog\/wp-content\/uploads\/2008\/01\/fejziq.thumbnail.jpg\" \/>\n<meta name=\"twitter:label1\" content=\"Written by\" \/>\n\t<meta name=\"twitter:data1\" content=\"ulqini\" \/>\n\t<meta name=\"twitter:label2\" content=\"Est. reading time\" \/>\n\t<meta name=\"twitter:data2\" content=\"9 minutes\" \/>\n<script type=\"application\/ld+json\" class=\"yoast-schema-graph\">{\"@context\":\"https:\/\/schema.org\",\"@graph\":[{\"@type\":\"WebSite\",\"@id\":\"https:\/\/www.visit-ulcinj.com\/blog\/#website\",\"url\":\"https:\/\/www.visit-ulcinj.com\/blog\/\",\"name\":\"Lajme nga Ulqini\",\"description\":\"Lajme,Vijesti,Ulqini,Ulqin,Crna Gora,Mali i Zi\",\"potentialAction\":[{\"@type\":\"SearchAction\",\"target\":{\"@type\":\"EntryPoint\",\"urlTemplate\":\"https:\/\/www.visit-ulcinj.com\/blog\/?s={search_term_string}\"},\"query-input\":\"required name=search_term_string\"}],\"inLanguage\":\"en-US\"},{\"@type\":\"ImageObject\",\"inLanguage\":\"en-US\",\"@id\":\"https:\/\/www.visit-ulcinj.com\/blog\/2008\/01\/02\/interviste-me-reisin-e-bashkesise-islame-ne-mal-te-zi-efendi-rifat-fejziq\/#primaryimage\",\"url\":\"http:\/\/www.visit-ulcinj.com\/blog\/wp-content\/uploads\/2008\/01\/fejziq.thumbnail.jpg\",\"contentUrl\":\"http:\/\/www.visit-ulcinj.com\/blog\/wp-content\/uploads\/2008\/01\/fejziq.thumbnail.jpg\"},{\"@type\":\"WebPage\",\"@id\":\"https:\/\/www.visit-ulcinj.com\/blog\/2008\/01\/02\/interviste-me-reisin-e-bashkesise-islame-ne-mal-te-zi-efendi-rifat-fejziq\/#webpage\",\"url\":\"https:\/\/www.visit-ulcinj.com\/blog\/2008\/01\/02\/interviste-me-reisin-e-bashkesise-islame-ne-mal-te-zi-efendi-rifat-fejziq\/\",\"name\":\"Intervist\u00eb me reisin e bashksis\u00eb Islame n\u00eb Mal t\u00eb Zi,Efendi Rifat Fejziq - Lajme nga Ulqini\",\"isPartOf\":{\"@id\":\"https:\/\/www.visit-ulcinj.com\/blog\/#website\"},\"primaryImageOfPage\":{\"@id\":\"https:\/\/www.visit-ulcinj.com\/blog\/2008\/01\/02\/interviste-me-reisin-e-bashkesise-islame-ne-mal-te-zi-efendi-rifat-fejziq\/#primaryimage\"},\"datePublished\":\"2008-01-02T17:20:58+00:00\",\"dateModified\":\"2008-02-12T22:57:58+00:00\",\"author\":{\"@id\":\"https:\/\/www.visit-ulcinj.com\/blog\/#\/schema\/person\/dcab619c614d3038751c63bc2aadc06d\"},\"breadcrumb\":{\"@id\":\"https:\/\/www.visit-ulcinj.com\/blog\/2008\/01\/02\/interviste-me-reisin-e-bashkesise-islame-ne-mal-te-zi-efendi-rifat-fejziq\/#breadcrumb\"},\"inLanguage\":\"en-US\",\"potentialAction\":[{\"@type\":\"ReadAction\",\"target\":[\"https:\/\/www.visit-ulcinj.com\/blog\/2008\/01\/02\/interviste-me-reisin-e-bashkesise-islame-ne-mal-te-zi-efendi-rifat-fejziq\/\"]}]},{\"@type\":\"BreadcrumbList\",\"@id\":\"https:\/\/www.visit-ulcinj.com\/blog\/2008\/01\/02\/interviste-me-reisin-e-bashkesise-islame-ne-mal-te-zi-efendi-rifat-fejziq\/#breadcrumb\",\"itemListElement\":[{\"@type\":\"ListItem\",\"position\":1,\"name\":\"Intervist\u00eb me reisin e bashksis\u00eb Islame n\u00eb Mal t\u00eb Zi,Efendi Rifat Fejziq\"}]},{\"@type\":\"Person\",\"@id\":\"https:\/\/www.visit-ulcinj.com\/blog\/#\/schema\/person\/dcab619c614d3038751c63bc2aadc06d\",\"name\":\"ulqini\",\"sameAs\":[\"http:\/\/www.visit-ulcinj.com\"],\"url\":\"https:\/\/www.visit-ulcinj.com\/blog\/author\/admin\/\"}]}<\/script>\n<!-- \/ Yoast SEO plugin. -->","yoast_head_json":{"title":"Intervist\u00eb me reisin e bashksis\u00eb Islame n\u00eb Mal t\u00eb Zi,Efendi Rifat Fejziq - Lajme nga Ulqini","robots":{"index":"index","follow":"follow","max-snippet":"max-snippet:-1","max-image-preview":"max-image-preview:large","max-video-preview":"max-video-preview:-1"},"canonical":"https:\/\/www.visit-ulcinj.com\/blog\/2008\/01\/02\/interviste-me-reisin-e-bashkesise-islame-ne-mal-te-zi-efendi-rifat-fejziq\/","og_locale":"en_US","og_type":"article","og_title":"Intervist\u00eb me reisin e bashksis\u00eb Islame n\u00eb Mal t\u00eb Zi,Efendi Rifat Fejziq - Lajme nga Ulqini","og_url":"https:\/\/www.visit-ulcinj.com\/blog\/2008\/01\/02\/interviste-me-reisin-e-bashkesise-islame-ne-mal-te-zi-efendi-rifat-fejziq\/","og_site_name":"Lajme nga Ulqini","article_published_time":"2008-01-02T17:20:58+00:00","article_modified_time":"2008-02-12T22:57:58+00:00","og_image":[{"url":"http:\/\/www.visit-ulcinj.com\/blog\/wp-content\/uploads\/2008\/01\/fejziq.thumbnail.jpg"}],"twitter_misc":{"Written by":"ulqini","Est. reading time":"9 minutes"},"schema":{"@context":"https:\/\/schema.org","@graph":[{"@type":"WebSite","@id":"https:\/\/www.visit-ulcinj.com\/blog\/#website","url":"https:\/\/www.visit-ulcinj.com\/blog\/","name":"Lajme nga Ulqini","description":"Lajme,Vijesti,Ulqini,Ulqin,Crna Gora,Mali i Zi","potentialAction":[{"@type":"SearchAction","target":{"@type":"EntryPoint","urlTemplate":"https:\/\/www.visit-ulcinj.com\/blog\/?s={search_term_string}"},"query-input":"required name=search_term_string"}],"inLanguage":"en-US"},{"@type":"ImageObject","inLanguage":"en-US","@id":"https:\/\/www.visit-ulcinj.com\/blog\/2008\/01\/02\/interviste-me-reisin-e-bashkesise-islame-ne-mal-te-zi-efendi-rifat-fejziq\/#primaryimage","url":"http:\/\/www.visit-ulcinj.com\/blog\/wp-content\/uploads\/2008\/01\/fejziq.thumbnail.jpg","contentUrl":"http:\/\/www.visit-ulcinj.com\/blog\/wp-content\/uploads\/2008\/01\/fejziq.thumbnail.jpg"},{"@type":"WebPage","@id":"https:\/\/www.visit-ulcinj.com\/blog\/2008\/01\/02\/interviste-me-reisin-e-bashkesise-islame-ne-mal-te-zi-efendi-rifat-fejziq\/#webpage","url":"https:\/\/www.visit-ulcinj.com\/blog\/2008\/01\/02\/interviste-me-reisin-e-bashkesise-islame-ne-mal-te-zi-efendi-rifat-fejziq\/","name":"Intervist\u00eb me reisin e bashksis\u00eb Islame n\u00eb Mal t\u00eb Zi,Efendi Rifat Fejziq - Lajme nga Ulqini","isPartOf":{"@id":"https:\/\/www.visit-ulcinj.com\/blog\/#website"},"primaryImageOfPage":{"@id":"https:\/\/www.visit-ulcinj.com\/blog\/2008\/01\/02\/interviste-me-reisin-e-bashkesise-islame-ne-mal-te-zi-efendi-rifat-fejziq\/#primaryimage"},"datePublished":"2008-01-02T17:20:58+00:00","dateModified":"2008-02-12T22:57:58+00:00","author":{"@id":"https:\/\/www.visit-ulcinj.com\/blog\/#\/schema\/person\/dcab619c614d3038751c63bc2aadc06d"},"breadcrumb":{"@id":"https:\/\/www.visit-ulcinj.com\/blog\/2008\/01\/02\/interviste-me-reisin-e-bashkesise-islame-ne-mal-te-zi-efendi-rifat-fejziq\/#breadcrumb"},"inLanguage":"en-US","potentialAction":[{"@type":"ReadAction","target":["https:\/\/www.visit-ulcinj.com\/blog\/2008\/01\/02\/interviste-me-reisin-e-bashkesise-islame-ne-mal-te-zi-efendi-rifat-fejziq\/"]}]},{"@type":"BreadcrumbList","@id":"https:\/\/www.visit-ulcinj.com\/blog\/2008\/01\/02\/interviste-me-reisin-e-bashkesise-islame-ne-mal-te-zi-efendi-rifat-fejziq\/#breadcrumb","itemListElement":[{"@type":"ListItem","position":1,"name":"Intervist\u00eb me reisin e bashksis\u00eb Islame n\u00eb Mal t\u00eb Zi,Efendi Rifat Fejziq"}]},{"@type":"Person","@id":"https:\/\/www.visit-ulcinj.com\/blog\/#\/schema\/person\/dcab619c614d3038751c63bc2aadc06d","name":"ulqini","sameAs":["http:\/\/www.visit-ulcinj.com"],"url":"https:\/\/www.visit-ulcinj.com\/blog\/author\/admin\/"}]}},"jetpack_featured_media_url":"","jetpack_sharing_enabled":true,"jetpack_shortlink":"https:\/\/wp.me\/pe6lTn-a","_links":{"self":[{"href":"https:\/\/www.visit-ulcinj.com\/blog\/wp-json\/wp\/v2\/posts\/10"}],"collection":[{"href":"https:\/\/www.visit-ulcinj.com\/blog\/wp-json\/wp\/v2\/posts"}],"about":[{"href":"https:\/\/www.visit-ulcinj.com\/blog\/wp-json\/wp\/v2\/types\/post"}],"author":[{"embeddable":true,"href":"https:\/\/www.visit-ulcinj.com\/blog\/wp-json\/wp\/v2\/users\/1"}],"replies":[{"embeddable":true,"href":"https:\/\/www.visit-ulcinj.com\/blog\/wp-json\/wp\/v2\/comments?post=10"}],"version-history":[{"count":0,"href":"https:\/\/www.visit-ulcinj.com\/blog\/wp-json\/wp\/v2\/posts\/10\/revisions"}],"wp:attachment":[{"href":"https:\/\/www.visit-ulcinj.com\/blog\/wp-json\/wp\/v2\/media?parent=10"}],"wp:term":[{"taxonomy":"category","embeddable":true,"href":"https:\/\/www.visit-ulcinj.com\/blog\/wp-json\/wp\/v2\/categories?post=10"},{"taxonomy":"post_tag","embeddable":true,"href":"https:\/\/www.visit-ulcinj.com\/blog\/wp-json\/wp\/v2\/tags?post=10"}],"curies":[{"name":"wp","href":"https:\/\/api.w.org\/{rel}","templated":true}]}}