{"id":100002,"date":"2016-09-29T06:43:38","date_gmt":"2016-09-29T05:43:38","guid":{"rendered":"http:\/\/www.visit-ulcinj.com\/blog\/?p=100002"},"modified":"2016-10-01T22:20:27","modified_gmt":"2016-10-01T21:20:27","slug":"murati-gjoni-fatmir-gjeka-e-ka-masakruar-buxhetin-e-ulqinit-video","status":"publish","type":"post","link":"https:\/\/www.visit-ulcinj.com\/blog\/2016\/09\/29\/murati-gjoni-fatmir-gjeka-e-ka-masakruar-buxhetin-e-ulqinit-video\/","title":{"rendered":"Murati &#038; Gjoni: Fatmir Gjeka e ka masakruar buxhetin e Ulqinit -Video + Faktet"},"content":{"rendered":"<p><a href=\"http:\/\/www.visit-ulcinj.com\/blog\/wp-content\/uploads\/2016\/09\/A-Murati-H-Gjoni.jpg\"><img loading=\"lazy\" class=\"alignleft wp-image-100003\" src=\"http:\/\/www.visit-ulcinj.com\/blog\/wp-content\/uploads\/2016\/09\/A-Murati-H-Gjoni.jpg\" alt=\"A-Murati-H-Gjoni\" width=\"508\" height=\"237\" srcset=\"https:\/\/www.visit-ulcinj.com\/blog\/wp-content\/uploads\/2016\/09\/A-Murati-H-Gjoni.jpg 702w, https:\/\/www.visit-ulcinj.com\/blog\/wp-content\/uploads\/2016\/09\/A-Murati-H-Gjoni-300x140.jpg 300w\" sizes=\"(max-width: 508px) 100vw, 508px\" \/><\/a><strong>Publikohen keqp\u00ebrdorime t\u00eb mjeteve dhe\u00a0 shkelje t\u00eb kompetencave\u00a0 t\u00eb ish kryetarit t\u00eb Komun\u00ebs Gjeka<\/strong><\/p>\n<p>&nbsp;<\/p>\n<p>N\u00ebnkryetar\u00ebt e Komun\u00ebs s\u00eb Ulqiit Hadixha Gjoni dhe Arjan Murati n\u00eb\u00a0 nj\u00eb\u00a0 prononcim televiziv publikuan\u00a0 shkeljen\u00a0 e kompetencave dhe\u00a0 d\u00ebmin q\u00eb ish kryetari i ka shkaktuar buxhetit t\u00eb komun\u00ebs. N\u00ebnkryetarja Gjoni\u00a0 e cila \u00ebsht\u00eb an\u00ebtare e\u00a0 grupit punues , p\u00ebr p\u00ebrcjelljen e\u00a0 pun\u00ebve t\u00eb policis\u00eb komunale\u00a0 tha se pas telefonatave\u00a0 dhe informatave nga\u00a0 ana e qytetar\u00eb p\u00ebr zhvillimin e punimeve n\u00eb\u00a0 An\u00eb t\u00eb\u00a0 Malit,\u00a0 komisioni\u00a0 ka dal\u00eb n\u00eb teren dhe ka konstatuar\u00a0 se n\u00eb\u00a0 pjes\u00ebn e rrug\u00ebs nd\u00ebrkomb\u00ebtare\u00a0 Ulqin \u2013Sukobin\u00eb,p\u00ebrball\u00eb restorantit ,,Kristal,,\u00a0 jan\u00eb hapur gropa\u00a0 p\u00ebr vendosjen e shtyllave t\u00eb ndri\u00e7imit\u00a0 rrugor, nd\u00ebrsa n\u00eb lokalitetin\u00a0 Vaqare n\u00eb fshatin Dragin\u00eb\u00a0 jan\u00eb gjetur 30 shtylla me\u00a0 gjat\u00ebsi 9 metra ,nd\u00ebrsa n\u00eb af\u00ebrsi t\u00eb\u00a0 k\u00ebtij\u00a0 lokaliteti\u00a0 jan\u00eb hapur\u00a0 gropa p\u00ebr\u00a0 vendosjen e shtyllave.<\/p>\n<p>&nbsp;<\/p>\n<p>Sipas Z.Gjoni t\u00eb gjitha k\u00ebto punime\u00a0 b\u00ebhen pa dijenin\u00eb e Sekretariatit kompetent\u00a0 dhe Komun\u00ebs s\u00eb Ulqinit. Ajo tha se Komuna angazhohet\u00a0 p\u00ebr\u00a0 p\u00ebrmir\u00ebsimin e infrastruktur\u00ebs n\u00eb cdo pjes\u00eb t\u00eb saj\u00a0 por, ato duhet b\u00ebr\u00eb me plan, program\u00a0 dhe n\u00eb mbikqyrje t\u00eb sh\u00ebrbimeve kompetente. N\u00eb\u00a0 t\u00eb nj\u00ebjt\u00ebn\u00a0 ceshtje\u00a0 foli dhe n\u00ebnkryetari Murati. Sipas t\u00eb dh\u00ebnave q\u00eb\u00a0 disponojm\u00eb\u00a0 tha ai dhe\u00a0 Sekretariatit t\u00eb cilin\u00a0 e mbikqyr rezulton se k\u00ebtu kemi\u00a0 t\u00eb b\u00ebjm\u00eb me shkelje flagrante t\u00eb\u00a0 detyr\u00ebs s\u00eb ish kryetarit t\u00eb komun\u00ebs,\u00a0 me tejkalim t\u00eb kompetencave dhe me nj\u00eb d\u00ebm\u00a0 m\u00eb se 50 mij\u00eb euro Komun\u00ebs s\u00eb Ulqinit<\/p>\n<p><a href=\"http:\/\/www.visit-ulcinj.com\/blog\/wp-content\/uploads\/2016\/09\/Elektrofer-shtyllat-komuna-ulqinit-12.jpg\"><img loading=\"lazy\" class=\"alignleft wp-image-100028\" src=\"http:\/\/www.visit-ulcinj.com\/blog\/wp-content\/uploads\/2016\/09\/Elektrofer-shtyllat-komuna-ulqinit-12.jpg\" alt=\"Elektrofer-shtyllat-komuna-ulqinit-12\" width=\"508\" height=\"369\" srcset=\"https:\/\/www.visit-ulcinj.com\/blog\/wp-content\/uploads\/2016\/09\/Elektrofer-shtyllat-komuna-ulqinit-12.jpg 618w, https:\/\/www.visit-ulcinj.com\/blog\/wp-content\/uploads\/2016\/09\/Elektrofer-shtyllat-komuna-ulqinit-12-300x218.jpg 300w\" sizes=\"(max-width: 508px) 100vw, 508px\" \/><\/a><\/p>\n<p>Ai sqaroi se dokumentat\u00a0 flasin q\u00eb ish kryetari\u00a0 pa dijenin\u00eb e Sekretariatit p\u00ebr buxhet,\u00a0 duke anashkaluar tenderin dhe dispozita t\u00eb tjera ligjore\u00a0 ka porositur\u00a0 n\u00eb\u00a0 SHPK ,,Elektrofer,,\u00a0 135 shtylla\u00a0 dhe 192 po\u00e7a elektrik. P\u00ebr shak t\u00eb mosshlyerjes s\u00eb obligimeve k\u00ebta t\u00eb fundit\u00a0 blokojn\u00eb llogarin\u00eb rrjedh\u00ebse t\u00eb Komun\u00ebs\u00a0 dhe\u00a0 ngren\u00eb shum\u00ebn e mjeteve.\u00a0 Kjo dhe\u00a0 veprime t\u00eb\u00a0 ngjashme\u00a0 tha n\u00ebnkryetari Murati\u00a0 kan\u00eb b\u00ebr\u00eb q\u00eb\u00a0 pun\u00ebtor\u00ebt e administrat\u00ebs mos t\u00eb marin pagat e tyre, mos t\u00eb paguhen\u00a0 kontributet, mos t\u00eb financohet sporti, OJQ \u2013t\u00eb dhe t\u00eb ngjashme. Ai n\u00eb fund ftoi\u00a0 organet kompetente q\u00eb\u00a0 t\u00eb merren me\u00a0 ket\u00eb ceshtje.<\/p>\n<p>M\u00eb posht\u00eb \u00ebsht\u00eb linku i deklarat\u00ebs s\u00eb plot\u00eb t\u00eb n\u00ebnkryetar\u00ebve dhe fotografia e shtyllave<\/p>\n<p><a href=\"http:\/\/www.visit-ulcinj.com\/blog\/wp-content\/uploads\/2016\/09\/SHTYLLAT.jpg\"><img loading=\"lazy\" class=\"alignleft wp-image-100010 size-full\" src=\"http:\/\/www.visit-ulcinj.com\/blog\/wp-content\/uploads\/2016\/09\/SHTYLLAT.jpg\" alt=\"SHTYLLAT\" width=\"508\" height=\"903\" srcset=\"https:\/\/www.visit-ulcinj.com\/blog\/wp-content\/uploads\/2016\/09\/SHTYLLAT.jpg 508w, https:\/\/www.visit-ulcinj.com\/blog\/wp-content\/uploads\/2016\/09\/SHTYLLAT-169x300.jpg 169w\" sizes=\"(max-width: 508px) 100vw, 508px\" \/><\/a><\/p>\n<p>Deklaratat e plota mund ti ndiqni n\u00eb linkun m\u00eb posht\u00eb:<\/p>\n<!--YouTube Error: bad URL entered-->\n\n\t\t<style type=\"text\/css\">\n\t\t\t#gallery-1 {\n\t\t\t\tmargin: auto;\n\t\t\t}\n\t\t\t#gallery-1 .gallery-item {\n\t\t\t\tfloat: left;\n\t\t\t\tmargin-top: 10px;\n\t\t\t\ttext-align: center;\n\t\t\t\twidth: 33%;\n\t\t\t}\n\t\t\t#gallery-1 img {\n\t\t\t\tborder: 2px solid #cfcfcf;\n\t\t\t}\n\t\t\t#gallery-1 .gallery-caption {\n\t\t\t\tmargin-left: 0;\n\t\t\t}\n\t\t\t\/* see gallery_shortcode() in wp-includes\/media.php *\/\n\t\t<\/style>\n\t\t<div id='gallery-1' class='gallery galleryid-100002 gallery-columns-3 gallery-size-thumbnail'><dl class='gallery-item'>\n\t\t\t<dt class='gallery-icon portrait'>\n\t\t\t\t<a href='https:\/\/www.visit-ulcinj.com\/blog\/2016\/09\/29\/murati-gjoni-fatmir-gjeka-e-ka-masakruar-buxhetin-e-ulqinit-video\/elektrofer-shtyllat-komuna-ulqinit\/'><img width=\"150\" height=\"150\" src=\"https:\/\/www.visit-ulcinj.com\/blog\/wp-content\/uploads\/2016\/09\/Elektrofer-shtyllat-komuna-ulqinit--150x150.jpg\" class=\"attachment-thumbnail size-thumbnail\" alt=\"\" loading=\"lazy\" \/><\/a>\n\t\t\t<\/dt><\/dl><dl class='gallery-item'>\n\t\t\t<dt class='gallery-icon portrait'>\n\t\t\t\t<a href='https:\/\/www.visit-ulcinj.com\/blog\/2016\/09\/29\/murati-gjoni-fatmir-gjeka-e-ka-masakruar-buxhetin-e-ulqinit-video\/elektrofer-shtyllat-komuna-ulqinit-1\/'><img width=\"150\" height=\"150\" src=\"https:\/\/www.visit-ulcinj.com\/blog\/wp-content\/uploads\/2016\/09\/Elektrofer-shtyllat-komuna-ulqinit-1-150x150.jpg\" class=\"attachment-thumbnail size-thumbnail\" alt=\"\" loading=\"lazy\" \/><\/a>\n\t\t\t<\/dt><\/dl><dl class='gallery-item'>\n\t\t\t<dt class='gallery-icon portrait'>\n\t\t\t\t<a href='https:\/\/www.visit-ulcinj.com\/blog\/2016\/09\/29\/murati-gjoni-fatmir-gjeka-e-ka-masakruar-buxhetin-e-ulqinit-video\/elektrofer-shtyllat-komuna-ulqinit-2\/'><img width=\"150\" height=\"150\" src=\"https:\/\/www.visit-ulcinj.com\/blog\/wp-content\/uploads\/2016\/09\/Elektrofer-shtyllat-komuna-ulqinit-2-150x150.jpg\" class=\"attachment-thumbnail size-thumbnail\" alt=\"\" loading=\"lazy\" \/><\/a>\n\t\t\t<\/dt><\/dl><br style=\"clear: both\" \/><dl class='gallery-item'>\n\t\t\t<dt class='gallery-icon portrait'>\n\t\t\t\t<a href='https:\/\/www.visit-ulcinj.com\/blog\/2016\/09\/29\/murati-gjoni-fatmir-gjeka-e-ka-masakruar-buxhetin-e-ulqinit-video\/elektrofer-shtyllat-komuna-ulqinit-3\/'><img width=\"150\" height=\"150\" src=\"https:\/\/www.visit-ulcinj.com\/blog\/wp-content\/uploads\/2016\/09\/Elektrofer-shtyllat-komuna-ulqinit-3-150x150.jpg\" class=\"attachment-thumbnail size-thumbnail\" alt=\"\" loading=\"lazy\" \/><\/a>\n\t\t\t<\/dt><\/dl><dl class='gallery-item'>\n\t\t\t<dt class='gallery-icon portrait'>\n\t\t\t\t<a href='https:\/\/www.visit-ulcinj.com\/blog\/2016\/09\/29\/murati-gjoni-fatmir-gjeka-e-ka-masakruar-buxhetin-e-ulqinit-video\/elektrofer-shtyllat-komuna-ulqinit-4\/'><img width=\"150\" height=\"150\" src=\"https:\/\/www.visit-ulcinj.com\/blog\/wp-content\/uploads\/2016\/09\/Elektrofer-shtyllat-komuna-ulqinit-4-150x150.jpg\" class=\"attachment-thumbnail size-thumbnail\" alt=\"\" loading=\"lazy\" \/><\/a>\n\t\t\t<\/dt><\/dl><dl class='gallery-item'>\n\t\t\t<dt class='gallery-icon portrait'>\n\t\t\t\t<a href='https:\/\/www.visit-ulcinj.com\/blog\/2016\/09\/29\/murati-gjoni-fatmir-gjeka-e-ka-masakruar-buxhetin-e-ulqinit-video\/elektrofer-shtyllat-komuna-ulqinit-5\/'><img width=\"150\" height=\"150\" src=\"https:\/\/www.visit-ulcinj.com\/blog\/wp-content\/uploads\/2016\/09\/Elektrofer-shtyllat-komuna-ulqinit-5-150x150.jpg\" class=\"attachment-thumbnail size-thumbnail\" alt=\"\" loading=\"lazy\" \/><\/a>\n\t\t\t<\/dt><\/dl><br style=\"clear: both\" \/><dl class='gallery-item'>\n\t\t\t<dt class='gallery-icon portrait'>\n\t\t\t\t<a href='https:\/\/www.visit-ulcinj.com\/blog\/2016\/09\/29\/murati-gjoni-fatmir-gjeka-e-ka-masakruar-buxhetin-e-ulqinit-video\/elektrofer-shtyllat-komuna-ulqinit-6\/'><img width=\"150\" height=\"150\" src=\"https:\/\/www.visit-ulcinj.com\/blog\/wp-content\/uploads\/2016\/09\/Elektrofer-shtyllat-komuna-ulqinit-6-150x150.jpg\" class=\"attachment-thumbnail size-thumbnail\" alt=\"\" loading=\"lazy\" \/><\/a>\n\t\t\t<\/dt><\/dl><dl class='gallery-item'>\n\t\t\t<dt class='gallery-icon portrait'>\n\t\t\t\t<a href='https:\/\/www.visit-ulcinj.com\/blog\/2016\/09\/29\/murati-gjoni-fatmir-gjeka-e-ka-masakruar-buxhetin-e-ulqinit-video\/elektrofer-shtyllat-komuna-ulqinit-7\/'><img width=\"150\" height=\"150\" src=\"https:\/\/www.visit-ulcinj.com\/blog\/wp-content\/uploads\/2016\/09\/Elektrofer-shtyllat-komuna-ulqinit-7-150x150.jpg\" class=\"attachment-thumbnail size-thumbnail\" alt=\"\" loading=\"lazy\" \/><\/a>\n\t\t\t<\/dt><\/dl><dl class='gallery-item'>\n\t\t\t<dt class='gallery-icon portrait'>\n\t\t\t\t<a href='https:\/\/www.visit-ulcinj.com\/blog\/2016\/09\/29\/murati-gjoni-fatmir-gjeka-e-ka-masakruar-buxhetin-e-ulqinit-video\/elektrofer-shtyllat-komuna-ulqinit-8\/'><img width=\"150\" height=\"150\" src=\"https:\/\/www.visit-ulcinj.com\/blog\/wp-content\/uploads\/2016\/09\/Elektrofer-shtyllat-komuna-ulqinit-8-150x150.jpg\" class=\"attachment-thumbnail size-thumbnail\" alt=\"\" loading=\"lazy\" \/><\/a>\n\t\t\t<\/dt><\/dl><br style=\"clear: both\" \/><dl class='gallery-item'>\n\t\t\t<dt class='gallery-icon portrait'>\n\t\t\t\t<a href='https:\/\/www.visit-ulcinj.com\/blog\/2016\/09\/29\/murati-gjoni-fatmir-gjeka-e-ka-masakruar-buxhetin-e-ulqinit-video\/elektrofer-shtyllat-komuna-ulqinit-9\/'><img width=\"150\" height=\"150\" src=\"https:\/\/www.visit-ulcinj.com\/blog\/wp-content\/uploads\/2016\/09\/Elektrofer-shtyllat-komuna-ulqinit-9-150x150.jpg\" class=\"attachment-thumbnail size-thumbnail\" alt=\"\" loading=\"lazy\" \/><\/a>\n\t\t\t<\/dt><\/dl><dl class='gallery-item'>\n\t\t\t<dt class='gallery-icon portrait'>\n\t\t\t\t<a href='https:\/\/www.visit-ulcinj.com\/blog\/2016\/09\/29\/murati-gjoni-fatmir-gjeka-e-ka-masakruar-buxhetin-e-ulqinit-video\/elektrofer-shtyllat-komuna-ulqinit-10\/'><img width=\"150\" height=\"150\" src=\"https:\/\/www.visit-ulcinj.com\/blog\/wp-content\/uploads\/2016\/09\/Elektrofer-shtyllat-komuna-ulqinit-10-150x150.jpg\" class=\"attachment-thumbnail size-thumbnail\" alt=\"\" loading=\"lazy\" \/><\/a>\n\t\t\t<\/dt><\/dl><dl class='gallery-item'>\n\t\t\t<dt class='gallery-icon portrait'>\n\t\t\t\t<a href='https:\/\/www.visit-ulcinj.com\/blog\/2016\/09\/29\/murati-gjoni-fatmir-gjeka-e-ka-masakruar-buxhetin-e-ulqinit-video\/elektrofer-shtyllat-komuna-ulqinit-11\/'><img width=\"150\" height=\"150\" src=\"https:\/\/www.visit-ulcinj.com\/blog\/wp-content\/uploads\/2016\/09\/Elektrofer-shtyllat-komuna-ulqinit-11-150x150.jpg\" class=\"attachment-thumbnail size-thumbnail\" alt=\"\" loading=\"lazy\" \/><\/a>\n\t\t\t<\/dt><\/dl><br style=\"clear: both\" \/>\n\t\t<\/div>\n\n","protected":false},"excerpt":{"rendered":"<p>Publikohen keqp\u00ebrdorime t\u00eb mjeteve dhe\u00a0 shkelje t\u00eb kompetencave\u00a0 t\u00eb ish kryetarit t\u00eb Komun\u00ebs Gjeka &nbsp; N\u00ebnkryetar\u00ebt e Komun\u00ebs s\u00eb Ulqiit Hadixha Gjoni dhe Arjan Murati n\u00eb\u00a0 nj\u00eb\u00a0 prononcim televiziv publikuan\u00a0 shkeljen\u00a0 e kompetencave dhe\u00a0 d\u00ebmin q\u00eb ish kryetari i ka shkaktuar buxhetit t\u00eb komun\u00ebs. N\u00ebnkryetarja Gjoni\u00a0 e cila \u00ebsht\u00eb an\u00ebtare e\u00a0 grupit punues , p\u00ebr [&hellip;]<\/p>\n","protected":false},"author":1,"featured_media":0,"comment_status":"closed","ping_status":"closed","sticky":false,"template":"","format":"standard","meta":{"spay_email":"","jetpack_publicize_message":"","jetpack_is_tweetstorm":false,"jetpack_publicize_feature_enabled":true},"categories":[1,6950],"tags":[],"jetpack_publicize_connections":[],"yoast_head":"<!-- This site is optimized with the Yoast SEO plugin v19.1 - https:\/\/yoast.com\/wordpress\/plugins\/seo\/ -->\n<title>Murati &amp; Gjoni: Fatmir Gjeka e ka masakruar buxhetin e Ulqinit -Video + Faktet - Lajme nga Ulqini<\/title>\n<meta name=\"description\" content=\"Publikohen keqp\u00ebrdorime t\u00eb mjeteve dhe\u00a0 shkelje t\u00eb kompetencave\u00a0 t\u00eb ish kryetarit t\u00eb Komun\u00ebs Gjeka &nbsp; N\u00ebnkryetar\u00ebt e Komun\u00ebs s\u00eb Ulqiit Hadixha Gjoni\" \/>\n<meta name=\"robots\" content=\"index, follow, max-snippet:-1, max-image-preview:large, max-video-preview:-1\" \/>\n<link rel=\"canonical\" href=\"https:\/\/www.visit-ulcinj.com\/blog\/2016\/09\/29\/murati-gjoni-fatmir-gjeka-e-ka-masakruar-buxhetin-e-ulqinit-video\/\" \/>\n<meta property=\"og:locale\" content=\"en_US\" \/>\n<meta property=\"og:type\" content=\"article\" \/>\n<meta property=\"og:title\" content=\"Murati &amp; Gjoni: Fatmir Gjeka e ka masakruar buxhetin e Ulqinit -Video + Faktet - Lajme nga Ulqini\" \/>\n<meta property=\"og:description\" content=\"Publikohen keqp\u00ebrdorime t\u00eb mjeteve dhe\u00a0 shkelje t\u00eb kompetencave\u00a0 t\u00eb ish kryetarit t\u00eb Komun\u00ebs Gjeka &nbsp; N\u00ebnkryetar\u00ebt e Komun\u00ebs s\u00eb Ulqiit Hadixha Gjoni\" \/>\n<meta property=\"og:url\" content=\"https:\/\/www.visit-ulcinj.com\/blog\/2016\/09\/29\/murati-gjoni-fatmir-gjeka-e-ka-masakruar-buxhetin-e-ulqinit-video\/\" \/>\n<meta property=\"og:site_name\" content=\"Lajme nga Ulqini\" \/>\n<meta property=\"article:published_time\" content=\"2016-09-29T05:43:38+00:00\" \/>\n<meta property=\"article:modified_time\" content=\"2016-10-01T21:20:27+00:00\" \/>\n<meta property=\"og:image\" content=\"https:\/\/www.visit-ulcinj.com\/blog\/wp-content\/uploads\/2016\/09\/Elektrofer-shtyllat-komuna-ulqinit--150x150.jpg\" \/>\n<meta name=\"twitter:label1\" content=\"Written by\" \/>\n\t<meta name=\"twitter:data1\" content=\"ulqini\" \/>\n\t<meta name=\"twitter:label2\" content=\"Est. reading time\" \/>\n\t<meta name=\"twitter:data2\" content=\"2 minutes\" \/>\n<script type=\"application\/ld+json\" class=\"yoast-schema-graph\">{\"@context\":\"https:\/\/schema.org\",\"@graph\":[{\"@type\":\"WebSite\",\"@id\":\"https:\/\/www.visit-ulcinj.com\/blog\/#website\",\"url\":\"https:\/\/www.visit-ulcinj.com\/blog\/\",\"name\":\"Lajme nga Ulqini\",\"description\":\"Lajme,Vijesti,Ulqini,Ulqin,Crna Gora,Mali i Zi\",\"potentialAction\":[{\"@type\":\"SearchAction\",\"target\":{\"@type\":\"EntryPoint\",\"urlTemplate\":\"https:\/\/www.visit-ulcinj.com\/blog\/?s={search_term_string}\"},\"query-input\":\"required name=search_term_string\"}],\"inLanguage\":\"en-US\"},{\"@type\":\"ImageObject\",\"inLanguage\":\"en-US\",\"@id\":\"https:\/\/www.visit-ulcinj.com\/blog\/2016\/09\/29\/murati-gjoni-fatmir-gjeka-e-ka-masakruar-buxhetin-e-ulqinit-video\/#primaryimage\",\"url\":\"https:\/\/www.visit-ulcinj.com\/blog\/wp-content\/uploads\/2016\/09\/A-Murati-H-Gjoni.jpg\",\"contentUrl\":\"https:\/\/www.visit-ulcinj.com\/blog\/wp-content\/uploads\/2016\/09\/A-Murati-H-Gjoni.jpg\",\"width\":702,\"height\":327},{\"@type\":\"WebPage\",\"@id\":\"https:\/\/www.visit-ulcinj.com\/blog\/2016\/09\/29\/murati-gjoni-fatmir-gjeka-e-ka-masakruar-buxhetin-e-ulqinit-video\/#webpage\",\"url\":\"https:\/\/www.visit-ulcinj.com\/blog\/2016\/09\/29\/murati-gjoni-fatmir-gjeka-e-ka-masakruar-buxhetin-e-ulqinit-video\/\",\"name\":\"Murati & Gjoni: Fatmir Gjeka e ka masakruar buxhetin e Ulqinit -Video + Faktet - Lajme nga Ulqini\",\"isPartOf\":{\"@id\":\"https:\/\/www.visit-ulcinj.com\/blog\/#website\"},\"primaryImageOfPage\":{\"@id\":\"https:\/\/www.visit-ulcinj.com\/blog\/2016\/09\/29\/murati-gjoni-fatmir-gjeka-e-ka-masakruar-buxhetin-e-ulqinit-video\/#primaryimage\"},\"datePublished\":\"2016-09-29T05:43:38+00:00\",\"dateModified\":\"2016-10-01T21:20:27+00:00\",\"author\":{\"@id\":\"https:\/\/www.visit-ulcinj.com\/blog\/#\/schema\/person\/dcab619c614d3038751c63bc2aadc06d\"},\"description\":\"Publikohen keqp\u00ebrdorime t\u00eb mjeteve dhe\u00a0 shkelje t\u00eb kompetencave\u00a0 t\u00eb ish kryetarit t\u00eb Komun\u00ebs Gjeka &nbsp; N\u00ebnkryetar\u00ebt e Komun\u00ebs s\u00eb Ulqiit Hadixha Gjoni\",\"breadcrumb\":{\"@id\":\"https:\/\/www.visit-ulcinj.com\/blog\/2016\/09\/29\/murati-gjoni-fatmir-gjeka-e-ka-masakruar-buxhetin-e-ulqinit-video\/#breadcrumb\"},\"inLanguage\":\"en-US\",\"potentialAction\":[{\"@type\":\"ReadAction\",\"target\":[\"https:\/\/www.visit-ulcinj.com\/blog\/2016\/09\/29\/murati-gjoni-fatmir-gjeka-e-ka-masakruar-buxhetin-e-ulqinit-video\/\"]}]},{\"@type\":\"BreadcrumbList\",\"@id\":\"https:\/\/www.visit-ulcinj.com\/blog\/2016\/09\/29\/murati-gjoni-fatmir-gjeka-e-ka-masakruar-buxhetin-e-ulqinit-video\/#breadcrumb\",\"itemListElement\":[{\"@type\":\"ListItem\",\"position\":1,\"name\":\"Murati &#038; Gjoni: Fatmir Gjeka e ka masakruar buxhetin e Ulqinit -Video + Faktet\"}]},{\"@type\":\"Person\",\"@id\":\"https:\/\/www.visit-ulcinj.com\/blog\/#\/schema\/person\/dcab619c614d3038751c63bc2aadc06d\",\"name\":\"ulqini\",\"sameAs\":[\"http:\/\/www.visit-ulcinj.com\"],\"url\":\"https:\/\/www.visit-ulcinj.com\/blog\/author\/admin\/\"}]}<\/script>\n<!-- \/ Yoast SEO plugin. -->","yoast_head_json":{"title":"Murati & Gjoni: Fatmir Gjeka e ka masakruar buxhetin e Ulqinit -Video + Faktet - Lajme nga Ulqini","description":"Publikohen keqp\u00ebrdorime t\u00eb mjeteve dhe\u00a0 shkelje t\u00eb kompetencave\u00a0 t\u00eb ish kryetarit t\u00eb Komun\u00ebs Gjeka &nbsp; N\u00ebnkryetar\u00ebt e Komun\u00ebs s\u00eb Ulqiit Hadixha Gjoni","robots":{"index":"index","follow":"follow","max-snippet":"max-snippet:-1","max-image-preview":"max-image-preview:large","max-video-preview":"max-video-preview:-1"},"canonical":"https:\/\/www.visit-ulcinj.com\/blog\/2016\/09\/29\/murati-gjoni-fatmir-gjeka-e-ka-masakruar-buxhetin-e-ulqinit-video\/","og_locale":"en_US","og_type":"article","og_title":"Murati & Gjoni: Fatmir Gjeka e ka masakruar buxhetin e Ulqinit -Video + Faktet - Lajme nga Ulqini","og_description":"Publikohen keqp\u00ebrdorime t\u00eb mjeteve dhe\u00a0 shkelje t\u00eb kompetencave\u00a0 t\u00eb ish kryetarit t\u00eb Komun\u00ebs Gjeka &nbsp; N\u00ebnkryetar\u00ebt e Komun\u00ebs s\u00eb Ulqiit Hadixha Gjoni","og_url":"https:\/\/www.visit-ulcinj.com\/blog\/2016\/09\/29\/murati-gjoni-fatmir-gjeka-e-ka-masakruar-buxhetin-e-ulqinit-video\/","og_site_name":"Lajme nga Ulqini","article_published_time":"2016-09-29T05:43:38+00:00","article_modified_time":"2016-10-01T21:20:27+00:00","og_image":[{"url":"https:\/\/www.visit-ulcinj.com\/blog\/wp-content\/uploads\/2016\/09\/Elektrofer-shtyllat-komuna-ulqinit--150x150.jpg"}],"twitter_misc":{"Written by":"ulqini","Est. reading time":"2 minutes"},"schema":{"@context":"https:\/\/schema.org","@graph":[{"@type":"WebSite","@id":"https:\/\/www.visit-ulcinj.com\/blog\/#website","url":"https:\/\/www.visit-ulcinj.com\/blog\/","name":"Lajme nga Ulqini","description":"Lajme,Vijesti,Ulqini,Ulqin,Crna Gora,Mali i Zi","potentialAction":[{"@type":"SearchAction","target":{"@type":"EntryPoint","urlTemplate":"https:\/\/www.visit-ulcinj.com\/blog\/?s={search_term_string}"},"query-input":"required name=search_term_string"}],"inLanguage":"en-US"},{"@type":"ImageObject","inLanguage":"en-US","@id":"https:\/\/www.visit-ulcinj.com\/blog\/2016\/09\/29\/murati-gjoni-fatmir-gjeka-e-ka-masakruar-buxhetin-e-ulqinit-video\/#primaryimage","url":"https:\/\/www.visit-ulcinj.com\/blog\/wp-content\/uploads\/2016\/09\/A-Murati-H-Gjoni.jpg","contentUrl":"https:\/\/www.visit-ulcinj.com\/blog\/wp-content\/uploads\/2016\/09\/A-Murati-H-Gjoni.jpg","width":702,"height":327},{"@type":"WebPage","@id":"https:\/\/www.visit-ulcinj.com\/blog\/2016\/09\/29\/murati-gjoni-fatmir-gjeka-e-ka-masakruar-buxhetin-e-ulqinit-video\/#webpage","url":"https:\/\/www.visit-ulcinj.com\/blog\/2016\/09\/29\/murati-gjoni-fatmir-gjeka-e-ka-masakruar-buxhetin-e-ulqinit-video\/","name":"Murati & Gjoni: Fatmir Gjeka e ka masakruar buxhetin e Ulqinit -Video + Faktet - Lajme nga Ulqini","isPartOf":{"@id":"https:\/\/www.visit-ulcinj.com\/blog\/#website"},"primaryImageOfPage":{"@id":"https:\/\/www.visit-ulcinj.com\/blog\/2016\/09\/29\/murati-gjoni-fatmir-gjeka-e-ka-masakruar-buxhetin-e-ulqinit-video\/#primaryimage"},"datePublished":"2016-09-29T05:43:38+00:00","dateModified":"2016-10-01T21:20:27+00:00","author":{"@id":"https:\/\/www.visit-ulcinj.com\/blog\/#\/schema\/person\/dcab619c614d3038751c63bc2aadc06d"},"description":"Publikohen keqp\u00ebrdorime t\u00eb mjeteve dhe\u00a0 shkelje t\u00eb kompetencave\u00a0 t\u00eb ish kryetarit t\u00eb Komun\u00ebs Gjeka &nbsp; N\u00ebnkryetar\u00ebt e Komun\u00ebs s\u00eb Ulqiit Hadixha Gjoni","breadcrumb":{"@id":"https:\/\/www.visit-ulcinj.com\/blog\/2016\/09\/29\/murati-gjoni-fatmir-gjeka-e-ka-masakruar-buxhetin-e-ulqinit-video\/#breadcrumb"},"inLanguage":"en-US","potentialAction":[{"@type":"ReadAction","target":["https:\/\/www.visit-ulcinj.com\/blog\/2016\/09\/29\/murati-gjoni-fatmir-gjeka-e-ka-masakruar-buxhetin-e-ulqinit-video\/"]}]},{"@type":"BreadcrumbList","@id":"https:\/\/www.visit-ulcinj.com\/blog\/2016\/09\/29\/murati-gjoni-fatmir-gjeka-e-ka-masakruar-buxhetin-e-ulqinit-video\/#breadcrumb","itemListElement":[{"@type":"ListItem","position":1,"name":"Murati &#038; Gjoni: Fatmir Gjeka e ka masakruar buxhetin e Ulqinit -Video + Faktet"}]},{"@type":"Person","@id":"https:\/\/www.visit-ulcinj.com\/blog\/#\/schema\/person\/dcab619c614d3038751c63bc2aadc06d","name":"ulqini","sameAs":["http:\/\/www.visit-ulcinj.com"],"url":"https:\/\/www.visit-ulcinj.com\/blog\/author\/admin\/"}]}},"jetpack_featured_media_url":"","jetpack_sharing_enabled":true,"jetpack_shortlink":"https:\/\/wp.me\/pe6lTn-q0W","_links":{"self":[{"href":"https:\/\/www.visit-ulcinj.com\/blog\/wp-json\/wp\/v2\/posts\/100002"}],"collection":[{"href":"https:\/\/www.visit-ulcinj.com\/blog\/wp-json\/wp\/v2\/posts"}],"about":[{"href":"https:\/\/www.visit-ulcinj.com\/blog\/wp-json\/wp\/v2\/types\/post"}],"author":[{"embeddable":true,"href":"https:\/\/www.visit-ulcinj.com\/blog\/wp-json\/wp\/v2\/users\/1"}],"replies":[{"embeddable":true,"href":"https:\/\/www.visit-ulcinj.com\/blog\/wp-json\/wp\/v2\/comments?post=100002"}],"version-history":[{"count":7,"href":"https:\/\/www.visit-ulcinj.com\/blog\/wp-json\/wp\/v2\/posts\/100002\/revisions"}],"predecessor-version":[{"id":100029,"href":"https:\/\/www.visit-ulcinj.com\/blog\/wp-json\/wp\/v2\/posts\/100002\/revisions\/100029"}],"wp:attachment":[{"href":"https:\/\/www.visit-ulcinj.com\/blog\/wp-json\/wp\/v2\/media?parent=100002"}],"wp:term":[{"taxonomy":"category","embeddable":true,"href":"https:\/\/www.visit-ulcinj.com\/blog\/wp-json\/wp\/v2\/categories?post=100002"},{"taxonomy":"post_tag","embeddable":true,"href":"https:\/\/www.visit-ulcinj.com\/blog\/wp-json\/wp\/v2\/tags?post=100002"}],"curies":[{"name":"wp","href":"https:\/\/api.w.org\/{rel}","templated":true}]}}