{"id":100031,"date":"2016-09-29T16:05:00","date_gmt":"2016-09-29T15:05:00","guid":{"rendered":"http:\/\/www.visit-ulcinj.com\/blog\/?p=100031"},"modified":"2016-09-29T16:05:00","modified_gmt":"2016-09-29T15:05:00","slug":"interviste-hajdinagen-votoni-koalicionin-qe-zgjidh-problemet-e-qytetarit-tv-teuta","status":"publish","type":"post","link":"https:\/\/www.visit-ulcinj.com\/blog\/2016\/09\/29\/interviste-hajdinagen-votoni-koalicionin-qe-zgjidh-problemet-e-qytetarit-tv-teuta\/","title":{"rendered":"Intervist\u00eb me Hajdinag\u00ebn: Votoni koalicionin q\u00eb zgjidh problemet e qytetarit &#8211; TV Teuta"},"content":{"rendered":"<p class=\"post-title\"><strong><a href=\"http:\/\/www.visit-ulcinj.com\/blog\/wp-content\/uploads\/2016\/09\/Intervist\u00eb-me-gzim-hajdinagen-ulqin.png\"><img loading=\"lazy\" class=\"alignleft wp-image-100032\" src=\"http:\/\/www.visit-ulcinj.com\/blog\/wp-content\/uploads\/2016\/09\/Intervist\u00eb-me-gzim-hajdinagen-ulqin.png\" alt=\"Intervist\u00eb me gzim hajdinagen-ulqin\" width=\"508\" height=\"243\" srcset=\"https:\/\/www.visit-ulcinj.com\/blog\/wp-content\/uploads\/2016\/09\/Intervist\u00eb-me-gzim-hajdinagen-ulqin.png 702w, https:\/\/www.visit-ulcinj.com\/blog\/wp-content\/uploads\/2016\/09\/Intervist\u00eb-me-gzim-hajdinagen-ulqin-300x144.png 300w\" sizes=\"(max-width: 508px) 100vw, 508px\" \/><\/a>Bashk\u00ebpunimi yn\u00eb do t\u00eb vazhdoj\u00eb edhe n\u00eb zgjedhjet lokale<\/strong><\/p>\n<p class=\"post-title\">Kryesuesi i lis\u00ebt \u201cShqiptar\u00ebt- Me nj\u00eb q\u00ebllim\u201d, G\u00ebzim Hajdinaga tha p\u00ebr televizionin Teuta se bashkpunimi i tij me subjektet q\u00eb p\u00ebrb\u00ebjn\u00eb k\u00ebt\u00eb koalicion \u00ebsht\u00eb afatgjat\u00eb, dhe do t\u00eb vazhdoj\u00eb edhe pas zgjedhjeve parlamentare. Hajdinaga u shpreh se sipas mendimit t\u00eb tij, rezultati i mir\u00eb n\u00eb zgjedhje nuk do t\u00eb mungoj\u00eb, pasi puna e tyre n\u00eb t\u00eb kaluar\u00ebn tregon se ky bashk\u00ebpunim mund t\u00eb jet\u00eb shum\u00eb i frytsh\u00ebm.<\/p>\n<p class=\"post-title\">Sipas tij, p\u00ebr\u00e7arja u ka shkaktuar shum\u00eb d\u00ebme shqiptar\u00ebve n\u00eb Mal t\u00eb Zi, dhe se n\u00eb sken\u00ebn politike nuk duhet t\u00eb ket\u00eb m\u00eb shum\u00eb se dy subjekte. Hajdinaga shprehu bindjen se qytetar\u00ebt jan\u00eb t\u00eb vet\u00ebdijsh\u00ebm p\u00ebr figurat politke q\u00eb tashm\u00eb ndodhen n\u00eb sken\u00eb, dhe do ta ken\u00eb t\u00eb leht\u00eb t\u00eb vendosin se kush e meriton besimin e tyre.<\/p>\n<p><iframe loading=\"lazy\" src=\"\/\/www.dailymotion.com\/embed\/video\/x4ugnhv?autoPlay=1\" width=\"508\" height=\"340\" frameborder=\"0\" allowfullscreen=\"allowfullscreen\"><\/iframe><\/p>\n","protected":false},"excerpt":{"rendered":"<p>Bashk\u00ebpunimi yn\u00eb do t\u00eb vazhdoj\u00eb edhe n\u00eb zgjedhjet lokale Kryesuesi i lis\u00ebt \u201cShqiptar\u00ebt- Me nj\u00eb q\u00ebllim\u201d, G\u00ebzim Hajdinaga tha p\u00ebr televizionin Teuta se bashkpunimi i tij me subjektet q\u00eb p\u00ebrb\u00ebjn\u00eb k\u00ebt\u00eb koalicion \u00ebsht\u00eb afatgjat\u00eb, dhe do t\u00eb vazhdoj\u00eb edhe pas zgjedhjeve parlamentare. Hajdinaga u shpreh se sipas mendimit t\u00eb tij, rezultati i mir\u00eb n\u00eb zgjedhje [&hellip;]<\/p>\n","protected":false},"author":1,"featured_media":0,"comment_status":"closed","ping_status":"closed","sticky":false,"template":"","format":"standard","meta":{"spay_email":"","jetpack_publicize_message":"","jetpack_is_tweetstorm":false,"jetpack_publicize_feature_enabled":true},"categories":[5],"tags":[],"jetpack_publicize_connections":[],"yoast_head":"<!-- This site is optimized with the Yoast SEO plugin v19.1 - https:\/\/yoast.com\/wordpress\/plugins\/seo\/ -->\n<title>Intervist\u00eb me Hajdinag\u00ebn: Votoni koalicionin q\u00eb zgjidh problemet e qytetarit - TV Teuta - Lajme nga Ulqini<\/title>\n<meta name=\"description\" content=\"Bashk\u00ebpunimi yn\u00eb do t\u00eb vazhdoj\u00eb edhe n\u00eb zgjedhjet lokale Kryesuesi i lis\u00ebt \u201cShqiptar\u00ebt- Me nj\u00eb q\u00ebllim\u201d, G\u00ebzim Hajdinaga tha p\u00ebr televizionin Teuta se\" \/>\n<meta name=\"robots\" content=\"index, follow, max-snippet:-1, max-image-preview:large, max-video-preview:-1\" \/>\n<link rel=\"canonical\" href=\"https:\/\/www.visit-ulcinj.com\/blog\/2016\/09\/29\/interviste-hajdinagen-votoni-koalicionin-qe-zgjidh-problemet-e-qytetarit-tv-teuta\/\" \/>\n<meta property=\"og:locale\" content=\"en_US\" \/>\n<meta property=\"og:type\" content=\"article\" \/>\n<meta property=\"og:title\" content=\"Intervist\u00eb me Hajdinag\u00ebn: Votoni koalicionin q\u00eb zgjidh problemet e qytetarit - TV Teuta - Lajme nga Ulqini\" \/>\n<meta property=\"og:description\" content=\"Bashk\u00ebpunimi yn\u00eb do t\u00eb vazhdoj\u00eb edhe n\u00eb zgjedhjet lokale Kryesuesi i lis\u00ebt \u201cShqiptar\u00ebt- Me nj\u00eb q\u00ebllim\u201d, G\u00ebzim Hajdinaga tha p\u00ebr televizionin Teuta se\" \/>\n<meta property=\"og:url\" content=\"https:\/\/www.visit-ulcinj.com\/blog\/2016\/09\/29\/interviste-hajdinagen-votoni-koalicionin-qe-zgjidh-problemet-e-qytetarit-tv-teuta\/\" \/>\n<meta property=\"og:site_name\" content=\"Lajme nga Ulqini\" \/>\n<meta property=\"article:published_time\" content=\"2016-09-29T15:05:00+00:00\" \/>\n<meta name=\"twitter:label1\" content=\"Written by\" \/>\n\t<meta name=\"twitter:data1\" content=\"ulqini\" \/>\n\t<meta name=\"twitter:label2\" content=\"Est. reading time\" \/>\n\t<meta name=\"twitter:data2\" content=\"1 minute\" \/>\n<script type=\"application\/ld+json\" class=\"yoast-schema-graph\">{\"@context\":\"https:\/\/schema.org\",\"@graph\":[{\"@type\":\"WebSite\",\"@id\":\"https:\/\/www.visit-ulcinj.com\/blog\/#website\",\"url\":\"https:\/\/www.visit-ulcinj.com\/blog\/\",\"name\":\"Lajme nga Ulqini\",\"description\":\"Lajme,Vijesti,Ulqini,Ulqin,Crna Gora,Mali i Zi\",\"potentialAction\":[{\"@type\":\"SearchAction\",\"target\":{\"@type\":\"EntryPoint\",\"urlTemplate\":\"https:\/\/www.visit-ulcinj.com\/blog\/?s={search_term_string}\"},\"query-input\":\"required name=search_term_string\"}],\"inLanguage\":\"en-US\"},{\"@type\":\"WebPage\",\"@id\":\"https:\/\/www.visit-ulcinj.com\/blog\/2016\/09\/29\/interviste-hajdinagen-votoni-koalicionin-qe-zgjidh-problemet-e-qytetarit-tv-teuta\/#webpage\",\"url\":\"https:\/\/www.visit-ulcinj.com\/blog\/2016\/09\/29\/interviste-hajdinagen-votoni-koalicionin-qe-zgjidh-problemet-e-qytetarit-tv-teuta\/\",\"name\":\"Intervist\u00eb me Hajdinag\u00ebn: Votoni koalicionin q\u00eb zgjidh problemet e qytetarit - TV Teuta - Lajme nga Ulqini\",\"isPartOf\":{\"@id\":\"https:\/\/www.visit-ulcinj.com\/blog\/#website\"},\"datePublished\":\"2016-09-29T15:05:00+00:00\",\"dateModified\":\"2016-09-29T15:05:00+00:00\",\"author\":{\"@id\":\"https:\/\/www.visit-ulcinj.com\/blog\/#\/schema\/person\/dcab619c614d3038751c63bc2aadc06d\"},\"description\":\"Bashk\u00ebpunimi yn\u00eb do t\u00eb vazhdoj\u00eb edhe n\u00eb zgjedhjet lokale Kryesuesi i lis\u00ebt \u201cShqiptar\u00ebt- Me nj\u00eb q\u00ebllim\u201d, G\u00ebzim Hajdinaga tha p\u00ebr televizionin Teuta se\",\"breadcrumb\":{\"@id\":\"https:\/\/www.visit-ulcinj.com\/blog\/2016\/09\/29\/interviste-hajdinagen-votoni-koalicionin-qe-zgjidh-problemet-e-qytetarit-tv-teuta\/#breadcrumb\"},\"inLanguage\":\"en-US\",\"potentialAction\":[{\"@type\":\"ReadAction\",\"target\":[\"https:\/\/www.visit-ulcinj.com\/blog\/2016\/09\/29\/interviste-hajdinagen-votoni-koalicionin-qe-zgjidh-problemet-e-qytetarit-tv-teuta\/\"]}]},{\"@type\":\"BreadcrumbList\",\"@id\":\"https:\/\/www.visit-ulcinj.com\/blog\/2016\/09\/29\/interviste-hajdinagen-votoni-koalicionin-qe-zgjidh-problemet-e-qytetarit-tv-teuta\/#breadcrumb\",\"itemListElement\":[{\"@type\":\"ListItem\",\"position\":1,\"name\":\"Intervist\u00eb me Hajdinag\u00ebn: Votoni koalicionin q\u00eb zgjidh problemet e qytetarit &#8211; TV Teuta\"}]},{\"@type\":\"Person\",\"@id\":\"https:\/\/www.visit-ulcinj.com\/blog\/#\/schema\/person\/dcab619c614d3038751c63bc2aadc06d\",\"name\":\"ulqini\",\"sameAs\":[\"http:\/\/www.visit-ulcinj.com\"],\"url\":\"https:\/\/www.visit-ulcinj.com\/blog\/author\/admin\/\"}]}<\/script>\n<!-- \/ Yoast SEO plugin. -->","yoast_head_json":{"title":"Intervist\u00eb me Hajdinag\u00ebn: Votoni koalicionin q\u00eb zgjidh problemet e qytetarit - TV Teuta - Lajme nga Ulqini","description":"Bashk\u00ebpunimi yn\u00eb do t\u00eb vazhdoj\u00eb edhe n\u00eb zgjedhjet lokale Kryesuesi i lis\u00ebt \u201cShqiptar\u00ebt- Me nj\u00eb q\u00ebllim\u201d, G\u00ebzim Hajdinaga tha p\u00ebr televizionin Teuta se","robots":{"index":"index","follow":"follow","max-snippet":"max-snippet:-1","max-image-preview":"max-image-preview:large","max-video-preview":"max-video-preview:-1"},"canonical":"https:\/\/www.visit-ulcinj.com\/blog\/2016\/09\/29\/interviste-hajdinagen-votoni-koalicionin-qe-zgjidh-problemet-e-qytetarit-tv-teuta\/","og_locale":"en_US","og_type":"article","og_title":"Intervist\u00eb me Hajdinag\u00ebn: Votoni koalicionin q\u00eb zgjidh problemet e qytetarit - TV Teuta - Lajme nga Ulqini","og_description":"Bashk\u00ebpunimi yn\u00eb do t\u00eb vazhdoj\u00eb edhe n\u00eb zgjedhjet lokale Kryesuesi i lis\u00ebt \u201cShqiptar\u00ebt- Me nj\u00eb q\u00ebllim\u201d, G\u00ebzim Hajdinaga tha p\u00ebr televizionin Teuta se","og_url":"https:\/\/www.visit-ulcinj.com\/blog\/2016\/09\/29\/interviste-hajdinagen-votoni-koalicionin-qe-zgjidh-problemet-e-qytetarit-tv-teuta\/","og_site_name":"Lajme nga Ulqini","article_published_time":"2016-09-29T15:05:00+00:00","twitter_misc":{"Written by":"ulqini","Est. reading time":"1 minute"},"schema":{"@context":"https:\/\/schema.org","@graph":[{"@type":"WebSite","@id":"https:\/\/www.visit-ulcinj.com\/blog\/#website","url":"https:\/\/www.visit-ulcinj.com\/blog\/","name":"Lajme nga Ulqini","description":"Lajme,Vijesti,Ulqini,Ulqin,Crna Gora,Mali i Zi","potentialAction":[{"@type":"SearchAction","target":{"@type":"EntryPoint","urlTemplate":"https:\/\/www.visit-ulcinj.com\/blog\/?s={search_term_string}"},"query-input":"required name=search_term_string"}],"inLanguage":"en-US"},{"@type":"WebPage","@id":"https:\/\/www.visit-ulcinj.com\/blog\/2016\/09\/29\/interviste-hajdinagen-votoni-koalicionin-qe-zgjidh-problemet-e-qytetarit-tv-teuta\/#webpage","url":"https:\/\/www.visit-ulcinj.com\/blog\/2016\/09\/29\/interviste-hajdinagen-votoni-koalicionin-qe-zgjidh-problemet-e-qytetarit-tv-teuta\/","name":"Intervist\u00eb me Hajdinag\u00ebn: Votoni koalicionin q\u00eb zgjidh problemet e qytetarit - TV Teuta - Lajme nga Ulqini","isPartOf":{"@id":"https:\/\/www.visit-ulcinj.com\/blog\/#website"},"datePublished":"2016-09-29T15:05:00+00:00","dateModified":"2016-09-29T15:05:00+00:00","author":{"@id":"https:\/\/www.visit-ulcinj.com\/blog\/#\/schema\/person\/dcab619c614d3038751c63bc2aadc06d"},"description":"Bashk\u00ebpunimi yn\u00eb do t\u00eb vazhdoj\u00eb edhe n\u00eb zgjedhjet lokale Kryesuesi i lis\u00ebt \u201cShqiptar\u00ebt- Me nj\u00eb q\u00ebllim\u201d, G\u00ebzim Hajdinaga tha p\u00ebr televizionin Teuta se","breadcrumb":{"@id":"https:\/\/www.visit-ulcinj.com\/blog\/2016\/09\/29\/interviste-hajdinagen-votoni-koalicionin-qe-zgjidh-problemet-e-qytetarit-tv-teuta\/#breadcrumb"},"inLanguage":"en-US","potentialAction":[{"@type":"ReadAction","target":["https:\/\/www.visit-ulcinj.com\/blog\/2016\/09\/29\/interviste-hajdinagen-votoni-koalicionin-qe-zgjidh-problemet-e-qytetarit-tv-teuta\/"]}]},{"@type":"BreadcrumbList","@id":"https:\/\/www.visit-ulcinj.com\/blog\/2016\/09\/29\/interviste-hajdinagen-votoni-koalicionin-qe-zgjidh-problemet-e-qytetarit-tv-teuta\/#breadcrumb","itemListElement":[{"@type":"ListItem","position":1,"name":"Intervist\u00eb me Hajdinag\u00ebn: Votoni koalicionin q\u00eb zgjidh problemet e qytetarit &#8211; TV Teuta"}]},{"@type":"Person","@id":"https:\/\/www.visit-ulcinj.com\/blog\/#\/schema\/person\/dcab619c614d3038751c63bc2aadc06d","name":"ulqini","sameAs":["http:\/\/www.visit-ulcinj.com"],"url":"https:\/\/www.visit-ulcinj.com\/blog\/author\/admin\/"}]}},"jetpack_featured_media_url":"","jetpack_sharing_enabled":true,"jetpack_shortlink":"https:\/\/wp.me\/pe6lTn-q1p","_links":{"self":[{"href":"https:\/\/www.visit-ulcinj.com\/blog\/wp-json\/wp\/v2\/posts\/100031"}],"collection":[{"href":"https:\/\/www.visit-ulcinj.com\/blog\/wp-json\/wp\/v2\/posts"}],"about":[{"href":"https:\/\/www.visit-ulcinj.com\/blog\/wp-json\/wp\/v2\/types\/post"}],"author":[{"embeddable":true,"href":"https:\/\/www.visit-ulcinj.com\/blog\/wp-json\/wp\/v2\/users\/1"}],"replies":[{"embeddable":true,"href":"https:\/\/www.visit-ulcinj.com\/blog\/wp-json\/wp\/v2\/comments?post=100031"}],"version-history":[{"count":1,"href":"https:\/\/www.visit-ulcinj.com\/blog\/wp-json\/wp\/v2\/posts\/100031\/revisions"}],"predecessor-version":[{"id":100033,"href":"https:\/\/www.visit-ulcinj.com\/blog\/wp-json\/wp\/v2\/posts\/100031\/revisions\/100033"}],"wp:attachment":[{"href":"https:\/\/www.visit-ulcinj.com\/blog\/wp-json\/wp\/v2\/media?parent=100031"}],"wp:term":[{"taxonomy":"category","embeddable":true,"href":"https:\/\/www.visit-ulcinj.com\/blog\/wp-json\/wp\/v2\/categories?post=100031"},{"taxonomy":"post_tag","embeddable":true,"href":"https:\/\/www.visit-ulcinj.com\/blog\/wp-json\/wp\/v2\/tags?post=100031"}],"curies":[{"name":"wp","href":"https:\/\/api.w.org\/{rel}","templated":true}]}}