{"id":100034,"date":"2016-09-29T16:10:41","date_gmt":"2016-09-29T15:10:41","guid":{"rendered":"http:\/\/www.visit-ulcinj.com\/blog\/?p=100034"},"modified":"2016-10-01T21:29:20","modified_gmt":"2016-10-01T20:29:20","slug":"rrezart-cungu-furishem-ne-cejrekfinalen-e-turneut-ne-solin","status":"publish","type":"post","link":"https:\/\/www.visit-ulcinj.com\/blog\/2016\/09\/29\/rrezart-cungu-furishem-ne-cejrekfinalen-e-turneut-ne-solin\/","title":{"rendered":"Rrezart Cungu furishem  ne \u00e7ejrekfinalen e turneut ne Solin"},"content":{"rendered":"<p><a href=\"http:\/\/www.visit-ulcinj.com\/blog\/wp-content\/uploads\/2016\/09\/Rrezart-Cungu-Solin.jpg\"><img loading=\"lazy\" class=\"alignleft wp-image-100035\" src=\"http:\/\/www.visit-ulcinj.com\/blog\/wp-content\/uploads\/2016\/09\/Rrezart-Cungu-Solin.jpg\" alt=\"Rrezart Cungu-Solin\" width=\"508\" height=\"677\" srcset=\"https:\/\/www.visit-ulcinj.com\/blog\/wp-content\/uploads\/2016\/09\/Rrezart-Cungu-Solin.jpg 464w, https:\/\/www.visit-ulcinj.com\/blog\/wp-content\/uploads\/2016\/09\/Rrezart-Cungu-Solin-225x300.jpg 225w\" sizes=\"(max-width: 508px) 100vw, 508px\" \/><\/a>Edhe nj\u00eb fitore e madhe p\u00ebr tenistin nga Ulqini Rrezart Cungun.<\/p>\n<p>Pas nj\u00eb seti t\u00eb humbur n\u00eb xhiron e dyt\u00eb t\u00eb turneut profesional n\u00eb Solin t\u00eb Kroacis, , Rrezarti arrin ta p\u00ebrmbys rezultatin dhe t\u00eb ngadhnjej ndaj tenistit gjerman Pascal Meisa i cili renditet \u00a0i 646 n\u00eb list\u00ebn e \u00a0ATP \u2013 s\u00eb.<\/p>\n<p>Me k\u00ebt\u00eb fitore \u00a0Rrezarti \u00a0fiton pik\u00ebn e Tij t\u00eb radh\u00ebs \u00a0\u00a0\u00a0n\u00eb \u00a0ATP rang list\u00ebn bot\u00ebrore, dhe paralajm\u00ebron nj\u00eb ndeshje te\u00eb fort n\u00eb cerekfinale , kund\u00ebr bart\u00ebsit t\u00eb dyt\u00eb t\u00eb turneut Mate Delic nga Kroacia i cili renditet i \u00a0454.<\/p>\n<p>Ndeshjet cerekfinale jan\u00eb t\u00eb parapara p\u00ebr nes\u00ebr me 30.09.2016.<\/p>\n<p><a href=\"http:\/\/www.visit-ulcinj.com\/blog\/wp-content\/uploads\/2016\/09\/Rrezart-Cungu-1.jpg\"><img loading=\"lazy\" class=\"alignleft wp-image-100100\" src=\"http:\/\/www.visit-ulcinj.com\/blog\/wp-content\/uploads\/2016\/09\/Rrezart-Cungu-1.jpg\" alt=\"Rrezart-Cungu\" width=\"508\" height=\"514\" srcset=\"https:\/\/www.visit-ulcinj.com\/blog\/wp-content\/uploads\/2016\/09\/Rrezart-Cungu-1.jpg 551w, https:\/\/www.visit-ulcinj.com\/blog\/wp-content\/uploads\/2016\/09\/Rrezart-Cungu-1-297x300.jpg 297w\" sizes=\"(max-width: 508px) 100vw, 508px\" \/><\/a><\/p>\n","protected":false},"excerpt":{"rendered":"<p>Edhe nj\u00eb fitore e madhe p\u00ebr tenistin nga Ulqini Rrezart Cungun. Pas nj\u00eb seti t\u00eb humbur n\u00eb xhiron e dyt\u00eb t\u00eb turneut profesional n\u00eb Solin t\u00eb Kroacis, , Rrezarti arrin ta p\u00ebrmbys rezultatin dhe t\u00eb ngadhnjej ndaj tenistit gjerman Pascal Meisa i cili renditet \u00a0i 646 n\u00eb list\u00ebn e \u00a0ATP \u2013 s\u00eb. Me k\u00ebt\u00eb fitore [&hellip;]<\/p>\n","protected":false},"author":1,"featured_media":0,"comment_status":"closed","ping_status":"closed","sticky":false,"template":"","format":"standard","meta":{"spay_email":"","jetpack_publicize_message":"","jetpack_is_tweetstorm":false,"jetpack_publicize_feature_enabled":true},"categories":[3],"tags":[],"jetpack_publicize_connections":[],"yoast_head":"<!-- This site is optimized with the Yoast SEO plugin v19.1 - https:\/\/yoast.com\/wordpress\/plugins\/seo\/ -->\n<title>Rrezart Cungu furishem ne \u00e7ejrekfinalen e turneut ne Solin - Lajme nga Ulqini<\/title>\n<meta name=\"description\" content=\"Edhe nj\u00eb fitore e madhe p\u00ebr tenistin nga Ulqini Rrezart Cungun. Pas nj\u00eb seti t\u00eb humbur n\u00eb xhiron e dyt\u00eb t\u00eb turneut profesional n\u00eb Solin t\u00eb Kroacis, ,\" \/>\n<meta name=\"robots\" content=\"index, follow, max-snippet:-1, max-image-preview:large, max-video-preview:-1\" \/>\n<link rel=\"canonical\" href=\"https:\/\/www.visit-ulcinj.com\/blog\/2016\/09\/29\/rrezart-cungu-furishem-ne-cejrekfinalen-e-turneut-ne-solin\/\" \/>\n<meta property=\"og:locale\" content=\"en_US\" \/>\n<meta property=\"og:type\" content=\"article\" \/>\n<meta property=\"og:title\" content=\"Rrezart Cungu furishem ne \u00e7ejrekfinalen e turneut ne Solin - Lajme nga Ulqini\" \/>\n<meta property=\"og:description\" content=\"Edhe nj\u00eb fitore e madhe p\u00ebr tenistin nga Ulqini Rrezart Cungun. Pas nj\u00eb seti t\u00eb humbur n\u00eb xhiron e dyt\u00eb t\u00eb turneut profesional n\u00eb Solin t\u00eb Kroacis, ,\" \/>\n<meta property=\"og:url\" content=\"https:\/\/www.visit-ulcinj.com\/blog\/2016\/09\/29\/rrezart-cungu-furishem-ne-cejrekfinalen-e-turneut-ne-solin\/\" \/>\n<meta property=\"og:site_name\" content=\"Lajme nga Ulqini\" \/>\n<meta property=\"article:published_time\" content=\"2016-09-29T15:10:41+00:00\" \/>\n<meta property=\"article:modified_time\" content=\"2016-10-01T20:29:20+00:00\" \/>\n<meta property=\"og:image\" content=\"http:\/\/www.visit-ulcinj.com\/blog\/wp-content\/uploads\/2016\/09\/Rrezart-Cungu-Solin.jpg\" \/>\n<meta name=\"twitter:label1\" content=\"Written by\" \/>\n\t<meta name=\"twitter:data1\" content=\"ulqini\" \/>\n\t<meta name=\"twitter:label2\" content=\"Est. reading time\" \/>\n\t<meta name=\"twitter:data2\" content=\"1 minute\" \/>\n<script type=\"application\/ld+json\" class=\"yoast-schema-graph\">{\"@context\":\"https:\/\/schema.org\",\"@graph\":[{\"@type\":\"WebSite\",\"@id\":\"https:\/\/www.visit-ulcinj.com\/blog\/#website\",\"url\":\"https:\/\/www.visit-ulcinj.com\/blog\/\",\"name\":\"Lajme nga Ulqini\",\"description\":\"Lajme,Vijesti,Ulqini,Ulqin,Crna Gora,Mali i Zi\",\"potentialAction\":[{\"@type\":\"SearchAction\",\"target\":{\"@type\":\"EntryPoint\",\"urlTemplate\":\"https:\/\/www.visit-ulcinj.com\/blog\/?s={search_term_string}\"},\"query-input\":\"required name=search_term_string\"}],\"inLanguage\":\"en-US\"},{\"@type\":\"ImageObject\",\"inLanguage\":\"en-US\",\"@id\":\"https:\/\/www.visit-ulcinj.com\/blog\/2016\/09\/29\/rrezart-cungu-furishem-ne-cejrekfinalen-e-turneut-ne-solin\/#primaryimage\",\"url\":\"https:\/\/www.visit-ulcinj.com\/blog\/wp-content\/uploads\/2016\/09\/Rrezart-Cungu-Solin.jpg\",\"contentUrl\":\"https:\/\/www.visit-ulcinj.com\/blog\/wp-content\/uploads\/2016\/09\/Rrezart-Cungu-Solin.jpg\",\"width\":464,\"height\":618},{\"@type\":\"WebPage\",\"@id\":\"https:\/\/www.visit-ulcinj.com\/blog\/2016\/09\/29\/rrezart-cungu-furishem-ne-cejrekfinalen-e-turneut-ne-solin\/#webpage\",\"url\":\"https:\/\/www.visit-ulcinj.com\/blog\/2016\/09\/29\/rrezart-cungu-furishem-ne-cejrekfinalen-e-turneut-ne-solin\/\",\"name\":\"Rrezart Cungu furishem ne \u00e7ejrekfinalen e turneut ne Solin - Lajme nga Ulqini\",\"isPartOf\":{\"@id\":\"https:\/\/www.visit-ulcinj.com\/blog\/#website\"},\"primaryImageOfPage\":{\"@id\":\"https:\/\/www.visit-ulcinj.com\/blog\/2016\/09\/29\/rrezart-cungu-furishem-ne-cejrekfinalen-e-turneut-ne-solin\/#primaryimage\"},\"datePublished\":\"2016-09-29T15:10:41+00:00\",\"dateModified\":\"2016-10-01T20:29:20+00:00\",\"author\":{\"@id\":\"https:\/\/www.visit-ulcinj.com\/blog\/#\/schema\/person\/dcab619c614d3038751c63bc2aadc06d\"},\"description\":\"Edhe nj\u00eb fitore e madhe p\u00ebr tenistin nga Ulqini Rrezart Cungun. Pas nj\u00eb seti t\u00eb humbur n\u00eb xhiron e dyt\u00eb t\u00eb turneut profesional n\u00eb Solin t\u00eb Kroacis, ,\",\"breadcrumb\":{\"@id\":\"https:\/\/www.visit-ulcinj.com\/blog\/2016\/09\/29\/rrezart-cungu-furishem-ne-cejrekfinalen-e-turneut-ne-solin\/#breadcrumb\"},\"inLanguage\":\"en-US\",\"potentialAction\":[{\"@type\":\"ReadAction\",\"target\":[\"https:\/\/www.visit-ulcinj.com\/blog\/2016\/09\/29\/rrezart-cungu-furishem-ne-cejrekfinalen-e-turneut-ne-solin\/\"]}]},{\"@type\":\"BreadcrumbList\",\"@id\":\"https:\/\/www.visit-ulcinj.com\/blog\/2016\/09\/29\/rrezart-cungu-furishem-ne-cejrekfinalen-e-turneut-ne-solin\/#breadcrumb\",\"itemListElement\":[{\"@type\":\"ListItem\",\"position\":1,\"name\":\"Rrezart Cungu furishem ne \u00e7ejrekfinalen e turneut ne Solin\"}]},{\"@type\":\"Person\",\"@id\":\"https:\/\/www.visit-ulcinj.com\/blog\/#\/schema\/person\/dcab619c614d3038751c63bc2aadc06d\",\"name\":\"ulqini\",\"sameAs\":[\"http:\/\/www.visit-ulcinj.com\"],\"url\":\"https:\/\/www.visit-ulcinj.com\/blog\/author\/admin\/\"}]}<\/script>\n<!-- \/ Yoast SEO plugin. -->","yoast_head_json":{"title":"Rrezart Cungu furishem ne \u00e7ejrekfinalen e turneut ne Solin - Lajme nga Ulqini","description":"Edhe nj\u00eb fitore e madhe p\u00ebr tenistin nga Ulqini Rrezart Cungun. Pas nj\u00eb seti t\u00eb humbur n\u00eb xhiron e dyt\u00eb t\u00eb turneut profesional n\u00eb Solin t\u00eb Kroacis, ,","robots":{"index":"index","follow":"follow","max-snippet":"max-snippet:-1","max-image-preview":"max-image-preview:large","max-video-preview":"max-video-preview:-1"},"canonical":"https:\/\/www.visit-ulcinj.com\/blog\/2016\/09\/29\/rrezart-cungu-furishem-ne-cejrekfinalen-e-turneut-ne-solin\/","og_locale":"en_US","og_type":"article","og_title":"Rrezart Cungu furishem ne \u00e7ejrekfinalen e turneut ne Solin - Lajme nga Ulqini","og_description":"Edhe nj\u00eb fitore e madhe p\u00ebr tenistin nga Ulqini Rrezart Cungun. Pas nj\u00eb seti t\u00eb humbur n\u00eb xhiron e dyt\u00eb t\u00eb turneut profesional n\u00eb Solin t\u00eb Kroacis, ,","og_url":"https:\/\/www.visit-ulcinj.com\/blog\/2016\/09\/29\/rrezart-cungu-furishem-ne-cejrekfinalen-e-turneut-ne-solin\/","og_site_name":"Lajme nga Ulqini","article_published_time":"2016-09-29T15:10:41+00:00","article_modified_time":"2016-10-01T20:29:20+00:00","og_image":[{"url":"http:\/\/www.visit-ulcinj.com\/blog\/wp-content\/uploads\/2016\/09\/Rrezart-Cungu-Solin.jpg"}],"twitter_misc":{"Written by":"ulqini","Est. reading time":"1 minute"},"schema":{"@context":"https:\/\/schema.org","@graph":[{"@type":"WebSite","@id":"https:\/\/www.visit-ulcinj.com\/blog\/#website","url":"https:\/\/www.visit-ulcinj.com\/blog\/","name":"Lajme nga Ulqini","description":"Lajme,Vijesti,Ulqini,Ulqin,Crna Gora,Mali i Zi","potentialAction":[{"@type":"SearchAction","target":{"@type":"EntryPoint","urlTemplate":"https:\/\/www.visit-ulcinj.com\/blog\/?s={search_term_string}"},"query-input":"required name=search_term_string"}],"inLanguage":"en-US"},{"@type":"ImageObject","inLanguage":"en-US","@id":"https:\/\/www.visit-ulcinj.com\/blog\/2016\/09\/29\/rrezart-cungu-furishem-ne-cejrekfinalen-e-turneut-ne-solin\/#primaryimage","url":"https:\/\/www.visit-ulcinj.com\/blog\/wp-content\/uploads\/2016\/09\/Rrezart-Cungu-Solin.jpg","contentUrl":"https:\/\/www.visit-ulcinj.com\/blog\/wp-content\/uploads\/2016\/09\/Rrezart-Cungu-Solin.jpg","width":464,"height":618},{"@type":"WebPage","@id":"https:\/\/www.visit-ulcinj.com\/blog\/2016\/09\/29\/rrezart-cungu-furishem-ne-cejrekfinalen-e-turneut-ne-solin\/#webpage","url":"https:\/\/www.visit-ulcinj.com\/blog\/2016\/09\/29\/rrezart-cungu-furishem-ne-cejrekfinalen-e-turneut-ne-solin\/","name":"Rrezart Cungu furishem ne \u00e7ejrekfinalen e turneut ne Solin - Lajme nga Ulqini","isPartOf":{"@id":"https:\/\/www.visit-ulcinj.com\/blog\/#website"},"primaryImageOfPage":{"@id":"https:\/\/www.visit-ulcinj.com\/blog\/2016\/09\/29\/rrezart-cungu-furishem-ne-cejrekfinalen-e-turneut-ne-solin\/#primaryimage"},"datePublished":"2016-09-29T15:10:41+00:00","dateModified":"2016-10-01T20:29:20+00:00","author":{"@id":"https:\/\/www.visit-ulcinj.com\/blog\/#\/schema\/person\/dcab619c614d3038751c63bc2aadc06d"},"description":"Edhe nj\u00eb fitore e madhe p\u00ebr tenistin nga Ulqini Rrezart Cungun. Pas nj\u00eb seti t\u00eb humbur n\u00eb xhiron e dyt\u00eb t\u00eb turneut profesional n\u00eb Solin t\u00eb Kroacis, ,","breadcrumb":{"@id":"https:\/\/www.visit-ulcinj.com\/blog\/2016\/09\/29\/rrezart-cungu-furishem-ne-cejrekfinalen-e-turneut-ne-solin\/#breadcrumb"},"inLanguage":"en-US","potentialAction":[{"@type":"ReadAction","target":["https:\/\/www.visit-ulcinj.com\/blog\/2016\/09\/29\/rrezart-cungu-furishem-ne-cejrekfinalen-e-turneut-ne-solin\/"]}]},{"@type":"BreadcrumbList","@id":"https:\/\/www.visit-ulcinj.com\/blog\/2016\/09\/29\/rrezart-cungu-furishem-ne-cejrekfinalen-e-turneut-ne-solin\/#breadcrumb","itemListElement":[{"@type":"ListItem","position":1,"name":"Rrezart Cungu furishem ne \u00e7ejrekfinalen e turneut ne Solin"}]},{"@type":"Person","@id":"https:\/\/www.visit-ulcinj.com\/blog\/#\/schema\/person\/dcab619c614d3038751c63bc2aadc06d","name":"ulqini","sameAs":["http:\/\/www.visit-ulcinj.com"],"url":"https:\/\/www.visit-ulcinj.com\/blog\/author\/admin\/"}]}},"jetpack_featured_media_url":"","jetpack_sharing_enabled":true,"jetpack_shortlink":"https:\/\/wp.me\/pe6lTn-q1s","_links":{"self":[{"href":"https:\/\/www.visit-ulcinj.com\/blog\/wp-json\/wp\/v2\/posts\/100034"}],"collection":[{"href":"https:\/\/www.visit-ulcinj.com\/blog\/wp-json\/wp\/v2\/posts"}],"about":[{"href":"https:\/\/www.visit-ulcinj.com\/blog\/wp-json\/wp\/v2\/types\/post"}],"author":[{"embeddable":true,"href":"https:\/\/www.visit-ulcinj.com\/blog\/wp-json\/wp\/v2\/users\/1"}],"replies":[{"embeddable":true,"href":"https:\/\/www.visit-ulcinj.com\/blog\/wp-json\/wp\/v2\/comments?post=100034"}],"version-history":[{"count":2,"href":"https:\/\/www.visit-ulcinj.com\/blog\/wp-json\/wp\/v2\/posts\/100034\/revisions"}],"predecessor-version":[{"id":100101,"href":"https:\/\/www.visit-ulcinj.com\/blog\/wp-json\/wp\/v2\/posts\/100034\/revisions\/100101"}],"wp:attachment":[{"href":"https:\/\/www.visit-ulcinj.com\/blog\/wp-json\/wp\/v2\/media?parent=100034"}],"wp:term":[{"taxonomy":"category","embeddable":true,"href":"https:\/\/www.visit-ulcinj.com\/blog\/wp-json\/wp\/v2\/categories?post=100034"},{"taxonomy":"post_tag","embeddable":true,"href":"https:\/\/www.visit-ulcinj.com\/blog\/wp-json\/wp\/v2\/tags?post=100034"}],"curies":[{"name":"wp","href":"https:\/\/api.w.org\/{rel}","templated":true}]}}