{"id":100037,"date":"2016-09-29T16:31:42","date_gmt":"2016-09-29T15:31:42","guid":{"rendered":"http:\/\/www.visit-ulcinj.com\/blog\/?p=100037"},"modified":"2016-09-29T16:31:42","modified_gmt":"2016-09-29T15:31:42","slug":"ulqin-fillojne-punimet-per-pastrimin-e-kanalit-te-bratices","status":"publish","type":"post","link":"https:\/\/www.visit-ulcinj.com\/blog\/2016\/09\/29\/ulqin-fillojne-punimet-per-pastrimin-e-kanalit-te-bratices\/","title":{"rendered":"Ulqin: Fillojn\u00eb punimet p\u00ebr pastrimin e kanalit t\u00eb Bratic\u00ebs"},"content":{"rendered":"<p><strong>N\u00eb Ulqin filloi pastrimi i kanalit t\u00eb Bratic\u00ebs, me an\u00eb t\u00eb t\u00eb cilit do t\u00eb evitohen p\u00ebrmbytjet n\u00eb vendbanimet p\u00ebrreth.<\/strong><\/p>\n<p style=\"text-align: center;\">\n<p style=\"text-align: center;\"><strong>Filluan punimet n\u00eb pastrimin dhe zgjerimin e Kanalit t\u00eb Bratic\u00ebs<br \/>\n<\/strong><\/p>\n<div class=\"_5x46\">\n<div class=\"clearfix _5va3\">\n<div class=\"clearfix _42ef\">\n<div class=\"_5va4\">\n<div>\n<div class=\"_6a _5u5j\">\n<div class=\"_6a _5u5j _6b\">\n<div class=\"_5pcp\">\n<div class=\"_6a _29ee _4f-9 _43_1\" data-hover=\"tooltip\" data-tooltip-content=\"Partag\u00e9 avec\u00a0: Public\"><\/div>\n<\/div>\n<\/div>\n<\/div>\n<\/div>\n<\/div>\n<\/div>\n<\/div>\n<\/div>\n<div id=\"js_1nt\" class=\"_5pbx userContent\" data-ft=\"{&quot;tn&quot;:&quot;K&quot;}\">\n<p><strong><a href=\"http:\/\/www.visit-ulcinj.com\/blog\/wp-content\/uploads\/2016\/09\/fillon-pastrimi-i-kanalit-Bratica.jpg\"><img loading=\"lazy\" class=\"alignleft wp-image-100038\" src=\"http:\/\/www.visit-ulcinj.com\/blog\/wp-content\/uploads\/2016\/09\/fillon-pastrimi-i-kanalit-Bratica.jpg\" alt=\"fillon pastrimi i kanalit-Bratica\" width=\"508\" height=\"339\" srcset=\"https:\/\/www.visit-ulcinj.com\/blog\/wp-content\/uploads\/2016\/09\/fillon-pastrimi-i-kanalit-Bratica.jpg 960w, https:\/\/www.visit-ulcinj.com\/blog\/wp-content\/uploads\/2016\/09\/fillon-pastrimi-i-kanalit-Bratica-300x200.jpg 300w, https:\/\/www.visit-ulcinj.com\/blog\/wp-content\/uploads\/2016\/09\/fillon-pastrimi-i-kanalit-Bratica-768x512.jpg 768w\" sizes=\"(max-width: 508px) 100vw, 508px\" \/><\/a>Pas nj\u00eb bashk\u00ebpunimi t\u00eb shk\u00eblqyer me Komun\u00ebn Kayl t\u00eb Luxemburgut, u dakordua q\u00eb Komuna Kayl e drejtuar nga Kryetari, z. John Lorent, t\u00eb ndihmoj Komun\u00ebn e Ulqinit me nj\u00eb vler\u00eb monetare prej 25 mij\u00eb euro. Fal\u00eb k\u00ebsaj ndihmese, sot mund\u00ebm t\u00eb \u00e7elim nisjen e realizimit t\u00eb projektit p\u00ebr pastrimin e kanalit t\u00eb Bratic\u00ebs dhe rregullimin e nj\u00eb prej zonave t\u00eb banuara me popullat\u00eb rome. Pastrimi i k\u00ebtij kanali do t\u00eb b\u00ebj\u00eb q\u00eb, gjat\u00eb dimrit, t\u00eb minimizohen ndjesh\u00ebm v\u00ebrshimet e k\u00ebtij kanali q\u00eb jo pak here kan\u00eb shaktuar d\u00ebme materiale p\u00ebr banor\u00ebt e zones p\u00ebrreth.<\/strong><\/p>\n<p><a href=\"http:\/\/www.visit-ulcinj.com\/blog\/wp-content\/uploads\/2016\/09\/fillon-pastrimi-i-kanalit-Bratica-1.jpg\"><img loading=\"lazy\" class=\"alignleft wp-image-100039\" src=\"http:\/\/www.visit-ulcinj.com\/blog\/wp-content\/uploads\/2016\/09\/fillon-pastrimi-i-kanalit-Bratica-1.jpg\" alt=\"fillon pastrimi i kanalit-Bratica-1\" width=\"508\" height=\"302\" srcset=\"https:\/\/www.visit-ulcinj.com\/blog\/wp-content\/uploads\/2016\/09\/fillon-pastrimi-i-kanalit-Bratica-1.jpg 737w, https:\/\/www.visit-ulcinj.com\/blog\/wp-content\/uploads\/2016\/09\/fillon-pastrimi-i-kanalit-Bratica-1-300x178.jpg 300w\" sizes=\"(max-width: 508px) 100vw, 508px\" \/><\/a><\/p>\n<\/div>\n<p>Pas p\u00ebrgatitjeve t\u00eb duhura filloi pastrami i Kanalit\u00a0 t\u00eb Bratic\u00ebs.N\u00eb fakt kemi t\u00eb b\u00ebjm\u00eb me nj\u00eb\u00a0 bashk\u00ebfinancim\u00a0 n\u00eb mes t\u00eb Komun\u00ebs s\u00eb Ulqinit dhe Komun\u00ebs\u00a0 Kajl t\u00eb Luksenburgut. Punimet\u00a0 n\u00eb teren \u00ebsht\u00eb duke i zhvilluar Np,,Veprimtarit\u00eb Komunale,, sipas\u00a0 elaboratit t\u00eb hartuar nga Agjencioni p\u00ebr ndertim dhe zhvillim\u00a0 dhe ata kapin shifr\u00ebn 20 mij\u00eb euro.<\/p>\n<p>Lajmi p\u00ebr fillimin e punimeve\u00a0 ka qen\u00eb\u00a0 sihariq\u00a0 p\u00ebr banor\u00ebt q\u00eb jetojn\u00eb n\u00eb af\u00ebrsi\u00a0 t\u00eb kanalit i cili p\u00ebr shkak t\u00eb lidhjeve\u00a0 t\u00eb egra\u00a0 jo rrall\u00eb b\u00ebhet shkak\u00a0 i permbytjeve dhe\u00a0 d\u00ebmeve t\u00eb m\u00ebdha. Andaj Agjencioni\u00a0 p\u00ebr ndertim dhe zhvillim \u00ebsht\u00eb n\u00eb\u00a0 hartimin e projekteve konkrete q\u00eb\u00a0 lidhjet e egra t\u00eb instalohen ne kolektor dhe nj\u00ebher\u00eb e p\u00ebrgjithmon\u00eb\u00a0 kjo ceshtje t\u00eb marr\u00eb udh\u00ebn e zgjidhjes.<\/p>\n<p>Pritet q\u00eb punimet t\u00eb p\u00ebrfundojn\u00eb para shive t\u00eb vjeshtes, dhe ndermarrja q\u00eb po zhvillon punimet\u00a0 premton q\u00eb\u00a0 cdo\u00a0 gj\u00eb do t\u00eb p\u00ebrfundojn\u00eb n\u00eb afatin e parapar\u00eb.<\/p>\n<p><a href=\"http:\/\/www.visit-ulcinj.com\/blog\/wp-content\/uploads\/2016\/09\/fillon-pastrimi-i-kanalit-Bratica-2.jpg\"><img loading=\"lazy\" class=\"alignleft wp-image-100040\" src=\"http:\/\/www.visit-ulcinj.com\/blog\/wp-content\/uploads\/2016\/09\/fillon-pastrimi-i-kanalit-Bratica-2.jpg\" alt=\"fillon pastrimi i kanalit-Bratica-2\" width=\"508\" height=\"339\" srcset=\"https:\/\/www.visit-ulcinj.com\/blog\/wp-content\/uploads\/2016\/09\/fillon-pastrimi-i-kanalit-Bratica-2.jpg 960w, https:\/\/www.visit-ulcinj.com\/blog\/wp-content\/uploads\/2016\/09\/fillon-pastrimi-i-kanalit-Bratica-2-300x200.jpg 300w, https:\/\/www.visit-ulcinj.com\/blog\/wp-content\/uploads\/2016\/09\/fillon-pastrimi-i-kanalit-Bratica-2-768x512.jpg 768w\" sizes=\"(max-width: 508px) 100vw, 508px\" \/><\/a><\/p>\n","protected":false},"excerpt":{"rendered":"<p>N\u00eb Ulqin filloi pastrimi i kanalit t\u00eb Bratic\u00ebs, me an\u00eb t\u00eb t\u00eb cilit do t\u00eb evitohen p\u00ebrmbytjet n\u00eb vendbanimet p\u00ebrreth. Filluan punimet n\u00eb pastrimin dhe zgjerimin e Kanalit t\u00eb Bratic\u00ebs Pas nj\u00eb bashk\u00ebpunimi t\u00eb shk\u00eblqyer me Komun\u00ebn Kayl t\u00eb Luxemburgut, u dakordua q\u00eb Komuna Kayl e drejtuar nga Kryetari, z. John Lorent, t\u00eb ndihmoj Komun\u00ebn [&hellip;]<\/p>\n","protected":false},"author":1,"featured_media":0,"comment_status":"closed","ping_status":"closed","sticky":false,"template":"","format":"standard","meta":{"spay_email":"","jetpack_publicize_message":"","jetpack_is_tweetstorm":false,"jetpack_publicize_feature_enabled":true},"categories":[11],"tags":[],"jetpack_publicize_connections":[],"yoast_head":"<!-- This site is optimized with the Yoast SEO plugin v19.1 - https:\/\/yoast.com\/wordpress\/plugins\/seo\/ -->\n<title>Ulqin: Fillojn\u00eb punimet p\u00ebr pastrimin e kanalit t\u00eb Bratic\u00ebs - Lajme nga Ulqini<\/title>\n<meta name=\"description\" content=\"N\u00eb Ulqin filloi pastrimi i kanalit t\u00eb Bratic\u00ebs, me an\u00eb t\u00eb t\u00eb cilit do t\u00eb evitohen p\u00ebrmbytjet n\u00eb vendbanimet p\u00ebrreth. Filluan punimet n\u00eb pastrimin dhe\" \/>\n<meta name=\"robots\" content=\"index, follow, max-snippet:-1, max-image-preview:large, max-video-preview:-1\" \/>\n<link rel=\"canonical\" href=\"https:\/\/www.visit-ulcinj.com\/blog\/2016\/09\/29\/ulqin-fillojne-punimet-per-pastrimin-e-kanalit-te-bratices\/\" \/>\n<meta property=\"og:locale\" content=\"en_US\" \/>\n<meta property=\"og:type\" content=\"article\" \/>\n<meta property=\"og:title\" content=\"Ulqin: Fillojn\u00eb punimet p\u00ebr pastrimin e kanalit t\u00eb Bratic\u00ebs - Lajme nga Ulqini\" \/>\n<meta property=\"og:description\" content=\"N\u00eb Ulqin filloi pastrimi i kanalit t\u00eb Bratic\u00ebs, me an\u00eb t\u00eb t\u00eb cilit do t\u00eb evitohen p\u00ebrmbytjet n\u00eb vendbanimet p\u00ebrreth. Filluan punimet n\u00eb pastrimin dhe\" \/>\n<meta property=\"og:url\" content=\"https:\/\/www.visit-ulcinj.com\/blog\/2016\/09\/29\/ulqin-fillojne-punimet-per-pastrimin-e-kanalit-te-bratices\/\" \/>\n<meta property=\"og:site_name\" content=\"Lajme nga Ulqini\" \/>\n<meta property=\"article:published_time\" content=\"2016-09-29T15:31:42+00:00\" \/>\n<meta property=\"og:image\" content=\"http:\/\/www.visit-ulcinj.com\/blog\/wp-content\/uploads\/2016\/09\/fillon-pastrimi-i-kanalit-Bratica.jpg\" \/>\n<meta name=\"twitter:label1\" content=\"Written by\" \/>\n\t<meta name=\"twitter:data1\" content=\"ulqini\" \/>\n\t<meta name=\"twitter:label2\" content=\"Est. reading time\" \/>\n\t<meta name=\"twitter:data2\" content=\"2 minutes\" \/>\n<script type=\"application\/ld+json\" class=\"yoast-schema-graph\">{\"@context\":\"https:\/\/schema.org\",\"@graph\":[{\"@type\":\"WebSite\",\"@id\":\"https:\/\/www.visit-ulcinj.com\/blog\/#website\",\"url\":\"https:\/\/www.visit-ulcinj.com\/blog\/\",\"name\":\"Lajme nga Ulqini\",\"description\":\"Lajme,Vijesti,Ulqini,Ulqin,Crna Gora,Mali i Zi\",\"potentialAction\":[{\"@type\":\"SearchAction\",\"target\":{\"@type\":\"EntryPoint\",\"urlTemplate\":\"https:\/\/www.visit-ulcinj.com\/blog\/?s={search_term_string}\"},\"query-input\":\"required name=search_term_string\"}],\"inLanguage\":\"en-US\"},{\"@type\":\"ImageObject\",\"inLanguage\":\"en-US\",\"@id\":\"https:\/\/www.visit-ulcinj.com\/blog\/2016\/09\/29\/ulqin-fillojne-punimet-per-pastrimin-e-kanalit-te-bratices\/#primaryimage\",\"url\":\"https:\/\/www.visit-ulcinj.com\/blog\/wp-content\/uploads\/2016\/09\/fillon-pastrimi-i-kanalit-Bratica.jpg\",\"contentUrl\":\"https:\/\/www.visit-ulcinj.com\/blog\/wp-content\/uploads\/2016\/09\/fillon-pastrimi-i-kanalit-Bratica.jpg\",\"width\":960,\"height\":640},{\"@type\":\"WebPage\",\"@id\":\"https:\/\/www.visit-ulcinj.com\/blog\/2016\/09\/29\/ulqin-fillojne-punimet-per-pastrimin-e-kanalit-te-bratices\/#webpage\",\"url\":\"https:\/\/www.visit-ulcinj.com\/blog\/2016\/09\/29\/ulqin-fillojne-punimet-per-pastrimin-e-kanalit-te-bratices\/\",\"name\":\"Ulqin: Fillojn\u00eb punimet p\u00ebr pastrimin e kanalit t\u00eb Bratic\u00ebs - Lajme nga Ulqini\",\"isPartOf\":{\"@id\":\"https:\/\/www.visit-ulcinj.com\/blog\/#website\"},\"primaryImageOfPage\":{\"@id\":\"https:\/\/www.visit-ulcinj.com\/blog\/2016\/09\/29\/ulqin-fillojne-punimet-per-pastrimin-e-kanalit-te-bratices\/#primaryimage\"},\"datePublished\":\"2016-09-29T15:31:42+00:00\",\"dateModified\":\"2016-09-29T15:31:42+00:00\",\"author\":{\"@id\":\"https:\/\/www.visit-ulcinj.com\/blog\/#\/schema\/person\/dcab619c614d3038751c63bc2aadc06d\"},\"description\":\"N\u00eb Ulqin filloi pastrimi i kanalit t\u00eb Bratic\u00ebs, me an\u00eb t\u00eb t\u00eb cilit do t\u00eb evitohen p\u00ebrmbytjet n\u00eb vendbanimet p\u00ebrreth. Filluan punimet n\u00eb pastrimin dhe\",\"breadcrumb\":{\"@id\":\"https:\/\/www.visit-ulcinj.com\/blog\/2016\/09\/29\/ulqin-fillojne-punimet-per-pastrimin-e-kanalit-te-bratices\/#breadcrumb\"},\"inLanguage\":\"en-US\",\"potentialAction\":[{\"@type\":\"ReadAction\",\"target\":[\"https:\/\/www.visit-ulcinj.com\/blog\/2016\/09\/29\/ulqin-fillojne-punimet-per-pastrimin-e-kanalit-te-bratices\/\"]}]},{\"@type\":\"BreadcrumbList\",\"@id\":\"https:\/\/www.visit-ulcinj.com\/blog\/2016\/09\/29\/ulqin-fillojne-punimet-per-pastrimin-e-kanalit-te-bratices\/#breadcrumb\",\"itemListElement\":[{\"@type\":\"ListItem\",\"position\":1,\"name\":\"Ulqin: Fillojn\u00eb punimet p\u00ebr pastrimin e kanalit t\u00eb Bratic\u00ebs\"}]},{\"@type\":\"Person\",\"@id\":\"https:\/\/www.visit-ulcinj.com\/blog\/#\/schema\/person\/dcab619c614d3038751c63bc2aadc06d\",\"name\":\"ulqini\",\"sameAs\":[\"http:\/\/www.visit-ulcinj.com\"],\"url\":\"https:\/\/www.visit-ulcinj.com\/blog\/author\/admin\/\"}]}<\/script>\n<!-- \/ Yoast SEO plugin. -->","yoast_head_json":{"title":"Ulqin: Fillojn\u00eb punimet p\u00ebr pastrimin e kanalit t\u00eb Bratic\u00ebs - Lajme nga Ulqini","description":"N\u00eb Ulqin filloi pastrimi i kanalit t\u00eb Bratic\u00ebs, me an\u00eb t\u00eb t\u00eb cilit do t\u00eb evitohen p\u00ebrmbytjet n\u00eb vendbanimet p\u00ebrreth. Filluan punimet n\u00eb pastrimin dhe","robots":{"index":"index","follow":"follow","max-snippet":"max-snippet:-1","max-image-preview":"max-image-preview:large","max-video-preview":"max-video-preview:-1"},"canonical":"https:\/\/www.visit-ulcinj.com\/blog\/2016\/09\/29\/ulqin-fillojne-punimet-per-pastrimin-e-kanalit-te-bratices\/","og_locale":"en_US","og_type":"article","og_title":"Ulqin: Fillojn\u00eb punimet p\u00ebr pastrimin e kanalit t\u00eb Bratic\u00ebs - Lajme nga Ulqini","og_description":"N\u00eb Ulqin filloi pastrimi i kanalit t\u00eb Bratic\u00ebs, me an\u00eb t\u00eb t\u00eb cilit do t\u00eb evitohen p\u00ebrmbytjet n\u00eb vendbanimet p\u00ebrreth. Filluan punimet n\u00eb pastrimin dhe","og_url":"https:\/\/www.visit-ulcinj.com\/blog\/2016\/09\/29\/ulqin-fillojne-punimet-per-pastrimin-e-kanalit-te-bratices\/","og_site_name":"Lajme nga Ulqini","article_published_time":"2016-09-29T15:31:42+00:00","og_image":[{"url":"http:\/\/www.visit-ulcinj.com\/blog\/wp-content\/uploads\/2016\/09\/fillon-pastrimi-i-kanalit-Bratica.jpg"}],"twitter_misc":{"Written by":"ulqini","Est. reading time":"2 minutes"},"schema":{"@context":"https:\/\/schema.org","@graph":[{"@type":"WebSite","@id":"https:\/\/www.visit-ulcinj.com\/blog\/#website","url":"https:\/\/www.visit-ulcinj.com\/blog\/","name":"Lajme nga Ulqini","description":"Lajme,Vijesti,Ulqini,Ulqin,Crna Gora,Mali i Zi","potentialAction":[{"@type":"SearchAction","target":{"@type":"EntryPoint","urlTemplate":"https:\/\/www.visit-ulcinj.com\/blog\/?s={search_term_string}"},"query-input":"required name=search_term_string"}],"inLanguage":"en-US"},{"@type":"ImageObject","inLanguage":"en-US","@id":"https:\/\/www.visit-ulcinj.com\/blog\/2016\/09\/29\/ulqin-fillojne-punimet-per-pastrimin-e-kanalit-te-bratices\/#primaryimage","url":"https:\/\/www.visit-ulcinj.com\/blog\/wp-content\/uploads\/2016\/09\/fillon-pastrimi-i-kanalit-Bratica.jpg","contentUrl":"https:\/\/www.visit-ulcinj.com\/blog\/wp-content\/uploads\/2016\/09\/fillon-pastrimi-i-kanalit-Bratica.jpg","width":960,"height":640},{"@type":"WebPage","@id":"https:\/\/www.visit-ulcinj.com\/blog\/2016\/09\/29\/ulqin-fillojne-punimet-per-pastrimin-e-kanalit-te-bratices\/#webpage","url":"https:\/\/www.visit-ulcinj.com\/blog\/2016\/09\/29\/ulqin-fillojne-punimet-per-pastrimin-e-kanalit-te-bratices\/","name":"Ulqin: Fillojn\u00eb punimet p\u00ebr pastrimin e kanalit t\u00eb Bratic\u00ebs - Lajme nga Ulqini","isPartOf":{"@id":"https:\/\/www.visit-ulcinj.com\/blog\/#website"},"primaryImageOfPage":{"@id":"https:\/\/www.visit-ulcinj.com\/blog\/2016\/09\/29\/ulqin-fillojne-punimet-per-pastrimin-e-kanalit-te-bratices\/#primaryimage"},"datePublished":"2016-09-29T15:31:42+00:00","dateModified":"2016-09-29T15:31:42+00:00","author":{"@id":"https:\/\/www.visit-ulcinj.com\/blog\/#\/schema\/person\/dcab619c614d3038751c63bc2aadc06d"},"description":"N\u00eb Ulqin filloi pastrimi i kanalit t\u00eb Bratic\u00ebs, me an\u00eb t\u00eb t\u00eb cilit do t\u00eb evitohen p\u00ebrmbytjet n\u00eb vendbanimet p\u00ebrreth. Filluan punimet n\u00eb pastrimin dhe","breadcrumb":{"@id":"https:\/\/www.visit-ulcinj.com\/blog\/2016\/09\/29\/ulqin-fillojne-punimet-per-pastrimin-e-kanalit-te-bratices\/#breadcrumb"},"inLanguage":"en-US","potentialAction":[{"@type":"ReadAction","target":["https:\/\/www.visit-ulcinj.com\/blog\/2016\/09\/29\/ulqin-fillojne-punimet-per-pastrimin-e-kanalit-te-bratices\/"]}]},{"@type":"BreadcrumbList","@id":"https:\/\/www.visit-ulcinj.com\/blog\/2016\/09\/29\/ulqin-fillojne-punimet-per-pastrimin-e-kanalit-te-bratices\/#breadcrumb","itemListElement":[{"@type":"ListItem","position":1,"name":"Ulqin: Fillojn\u00eb punimet p\u00ebr pastrimin e kanalit t\u00eb Bratic\u00ebs"}]},{"@type":"Person","@id":"https:\/\/www.visit-ulcinj.com\/blog\/#\/schema\/person\/dcab619c614d3038751c63bc2aadc06d","name":"ulqini","sameAs":["http:\/\/www.visit-ulcinj.com"],"url":"https:\/\/www.visit-ulcinj.com\/blog\/author\/admin\/"}]}},"jetpack_featured_media_url":"","jetpack_sharing_enabled":true,"jetpack_shortlink":"https:\/\/wp.me\/pe6lTn-q1v","_links":{"self":[{"href":"https:\/\/www.visit-ulcinj.com\/blog\/wp-json\/wp\/v2\/posts\/100037"}],"collection":[{"href":"https:\/\/www.visit-ulcinj.com\/blog\/wp-json\/wp\/v2\/posts"}],"about":[{"href":"https:\/\/www.visit-ulcinj.com\/blog\/wp-json\/wp\/v2\/types\/post"}],"author":[{"embeddable":true,"href":"https:\/\/www.visit-ulcinj.com\/blog\/wp-json\/wp\/v2\/users\/1"}],"replies":[{"embeddable":true,"href":"https:\/\/www.visit-ulcinj.com\/blog\/wp-json\/wp\/v2\/comments?post=100037"}],"version-history":[{"count":1,"href":"https:\/\/www.visit-ulcinj.com\/blog\/wp-json\/wp\/v2\/posts\/100037\/revisions"}],"predecessor-version":[{"id":100041,"href":"https:\/\/www.visit-ulcinj.com\/blog\/wp-json\/wp\/v2\/posts\/100037\/revisions\/100041"}],"wp:attachment":[{"href":"https:\/\/www.visit-ulcinj.com\/blog\/wp-json\/wp\/v2\/media?parent=100037"}],"wp:term":[{"taxonomy":"category","embeddable":true,"href":"https:\/\/www.visit-ulcinj.com\/blog\/wp-json\/wp\/v2\/categories?post=100037"},{"taxonomy":"post_tag","embeddable":true,"href":"https:\/\/www.visit-ulcinj.com\/blog\/wp-json\/wp\/v2\/tags?post=100037"}],"curies":[{"name":"wp","href":"https:\/\/api.w.org\/{rel}","templated":true}]}}