{"id":100042,"date":"2016-09-29T16:38:29","date_gmt":"2016-09-29T15:38:29","guid":{"rendered":"http:\/\/www.visit-ulcinj.com\/blog\/?p=100042"},"modified":"2016-09-29T16:39:10","modified_gmt":"2016-09-29T15:39:10","slug":"poceli-radovi-na-ciscenju-kanala-bratica","status":"publish","type":"post","link":"https:\/\/www.visit-ulcinj.com\/blog\/2016\/09\/29\/poceli-radovi-na-ciscenju-kanala-bratica\/","title":{"rendered":"Po\u010deli radovi na \u010di\u0161\u0107enju kanala Bratica"},"content":{"rendered":"<p><strong><a href=\"http:\/\/www.visit-ulcinj.com\/blog\/wp-content\/uploads\/2016\/09\/fillon-pastrimi-i-kanalit-Bratica-2.jpg\"><img loading=\"lazy\" class=\"alignleft wp-image-100040\" src=\"http:\/\/www.visit-ulcinj.com\/blog\/wp-content\/uploads\/2016\/09\/fillon-pastrimi-i-kanalit-Bratica-2.jpg\" alt=\"fillon pastrimi i kanalit-Bratica-2\" width=\"508\" height=\"339\" srcset=\"https:\/\/www.visit-ulcinj.com\/blog\/wp-content\/uploads\/2016\/09\/fillon-pastrimi-i-kanalit-Bratica-2.jpg 960w, https:\/\/www.visit-ulcinj.com\/blog\/wp-content\/uploads\/2016\/09\/fillon-pastrimi-i-kanalit-Bratica-2-300x200.jpg 300w, https:\/\/www.visit-ulcinj.com\/blog\/wp-content\/uploads\/2016\/09\/fillon-pastrimi-i-kanalit-Bratica-2-768x512.jpg 768w\" sizes=\"(max-width: 508px) 100vw, 508px\" \/><\/a>Po\u010deli su radovi na \u010di\u0161\u0107enju i pro\u0161irenju kanala Bratica<\/strong><\/p>\n<p>Nakon pripremne faze po\u010delli su radovi na \u010di\u0161\u0107enju kanala Bratica. Fakti\u010dki u pitanju je zajedni\u010dko finansiranje Op\u0161tine Ulcinj i Op\u0161tine Kazl iz Luksemburga. Izvo\u0111a\u010di radova su JP\u201cKomunalno preduze\u0107e\u201c na bazi elaborata izra\u0111enog od Agencije za izgradnju i razvoj u vrijednosti od 20 hiljada eura.<\/p>\n<p><a href=\"http:\/\/www.visit-ulcinj.com\/blog\/wp-content\/uploads\/2016\/09\/fillon-pastrimi-i-kanalit-Bratica-1.jpg\"><img loading=\"lazy\" class=\"alignleft wp-image-100039\" src=\"http:\/\/www.visit-ulcinj.com\/blog\/wp-content\/uploads\/2016\/09\/fillon-pastrimi-i-kanalit-Bratica-1.jpg\" alt=\"fillon pastrimi i kanalit-Bratica-1\" width=\"508\" height=\"302\" srcset=\"https:\/\/www.visit-ulcinj.com\/blog\/wp-content\/uploads\/2016\/09\/fillon-pastrimi-i-kanalit-Bratica-1.jpg 737w, https:\/\/www.visit-ulcinj.com\/blog\/wp-content\/uploads\/2016\/09\/fillon-pastrimi-i-kanalit-Bratica-1-300x178.jpg 300w\" sizes=\"(max-width: 508px) 100vw, 508px\" \/><\/a><\/p>\n<p>Vijest o po\u010detku radova je pozitivno prihva\u0107ena od gra\u0111ana Ulcinja koji \u017eive u blizini kanala koji je zbog divljih priklju\u010daka postao razlog u\u010destalih poplava. S tim u vezi Agencija za izgrdnju i razvoj je se nalazi u fazi izrade konkretnih projekata kako bi se divlji priklju\u010dci uklju\u010dili u kolektor i ova situacija bila rije\u0161ena zauvijek.<\/p>\n<p>O\u010dekuje se da radovi budu gotovi pred po\u010detak ki\u0161ne sezone i preduze\u0107e koje izvodi radove o\u010dekuje da \u0107e se zavr\u0161iti u predvi\u0111enom roku.<\/p>\n<p><a href=\"http:\/\/www.visit-ulcinj.com\/blog\/wp-content\/uploads\/2016\/09\/fillon-pastrimi-i-kanalit-Bratica.jpg\"><img loading=\"lazy\" class=\"alignleft wp-image-100038\" src=\"http:\/\/www.visit-ulcinj.com\/blog\/wp-content\/uploads\/2016\/09\/fillon-pastrimi-i-kanalit-Bratica.jpg\" alt=\"fillon pastrimi i kanalit-Bratica\" width=\"508\" height=\"339\" srcset=\"https:\/\/www.visit-ulcinj.com\/blog\/wp-content\/uploads\/2016\/09\/fillon-pastrimi-i-kanalit-Bratica.jpg 960w, https:\/\/www.visit-ulcinj.com\/blog\/wp-content\/uploads\/2016\/09\/fillon-pastrimi-i-kanalit-Bratica-300x200.jpg 300w, https:\/\/www.visit-ulcinj.com\/blog\/wp-content\/uploads\/2016\/09\/fillon-pastrimi-i-kanalit-Bratica-768x512.jpg 768w\" sizes=\"(max-width: 508px) 100vw, 508px\" \/><\/a><\/p>\n","protected":false},"excerpt":{"rendered":"<p>Po\u010deli su radovi na \u010di\u0161\u0107enju i pro\u0161irenju kanala Bratica Nakon pripremne faze po\u010delli su radovi na \u010di\u0161\u0107enju kanala Bratica. Fakti\u010dki u pitanju je zajedni\u010dko finansiranje Op\u0161tine Ulcinj i Op\u0161tine Kazl iz Luksemburga. Izvo\u0111a\u010di radova su JP\u201cKomunalno preduze\u0107e\u201c na bazi elaborata izra\u0111enog od Agencije za izgradnju i razvoj u vrijednosti od 20 hiljada eura. Vijest o [&hellip;]<\/p>\n","protected":false},"author":1,"featured_media":0,"comment_status":"closed","ping_status":"closed","sticky":false,"template":"","format":"standard","meta":{"spay_email":"","jetpack_publicize_message":"","jetpack_is_tweetstorm":false,"jetpack_publicize_feature_enabled":true},"categories":[8337],"tags":[],"jetpack_publicize_connections":[],"yoast_head":"<!-- This site is optimized with the Yoast SEO plugin v19.1 - https:\/\/yoast.com\/wordpress\/plugins\/seo\/ -->\n<title>Po\u010deli radovi na \u010di\u0161\u0107enju kanala Bratica - Lajme nga Ulqini<\/title>\n<meta name=\"description\" content=\"Po\u010deli su radovi na \u010di\u0161\u0107enju i pro\u0161irenju kanala Bratica Nakon pripremne faze po\u010delli su radovi na \u010di\u0161\u0107enju kanala Bratica. Fakti\u010dki u pitanju je\" \/>\n<meta name=\"robots\" content=\"index, follow, max-snippet:-1, max-image-preview:large, max-video-preview:-1\" \/>\n<link rel=\"canonical\" href=\"https:\/\/www.visit-ulcinj.com\/blog\/2016\/09\/29\/poceli-radovi-na-ciscenju-kanala-bratica\/\" \/>\n<meta property=\"og:locale\" content=\"en_US\" \/>\n<meta property=\"og:type\" content=\"article\" \/>\n<meta property=\"og:title\" content=\"Po\u010deli radovi na \u010di\u0161\u0107enju kanala Bratica - Lajme nga Ulqini\" \/>\n<meta property=\"og:description\" content=\"Po\u010deli su radovi na \u010di\u0161\u0107enju i pro\u0161irenju kanala Bratica Nakon pripremne faze po\u010delli su radovi na \u010di\u0161\u0107enju kanala Bratica. Fakti\u010dki u pitanju je\" \/>\n<meta property=\"og:url\" content=\"https:\/\/www.visit-ulcinj.com\/blog\/2016\/09\/29\/poceli-radovi-na-ciscenju-kanala-bratica\/\" \/>\n<meta property=\"og:site_name\" content=\"Lajme nga Ulqini\" \/>\n<meta property=\"article:published_time\" content=\"2016-09-29T15:38:29+00:00\" \/>\n<meta property=\"article:modified_time\" content=\"2016-09-29T15:39:10+00:00\" \/>\n<meta property=\"og:image\" content=\"http:\/\/www.visit-ulcinj.com\/blog\/wp-content\/uploads\/2016\/09\/fillon-pastrimi-i-kanalit-Bratica-2.jpg\" \/>\n<meta name=\"twitter:label1\" content=\"Written by\" \/>\n\t<meta name=\"twitter:data1\" content=\"ulqini\" \/>\n\t<meta name=\"twitter:label2\" content=\"Est. reading time\" \/>\n\t<meta name=\"twitter:data2\" content=\"1 minute\" \/>\n<script type=\"application\/ld+json\" class=\"yoast-schema-graph\">{\"@context\":\"https:\/\/schema.org\",\"@graph\":[{\"@type\":\"WebSite\",\"@id\":\"https:\/\/www.visit-ulcinj.com\/blog\/#website\",\"url\":\"https:\/\/www.visit-ulcinj.com\/blog\/\",\"name\":\"Lajme nga Ulqini\",\"description\":\"Lajme,Vijesti,Ulqini,Ulqin,Crna Gora,Mali i Zi\",\"potentialAction\":[{\"@type\":\"SearchAction\",\"target\":{\"@type\":\"EntryPoint\",\"urlTemplate\":\"https:\/\/www.visit-ulcinj.com\/blog\/?s={search_term_string}\"},\"query-input\":\"required name=search_term_string\"}],\"inLanguage\":\"en-US\"},{\"@type\":\"ImageObject\",\"inLanguage\":\"en-US\",\"@id\":\"https:\/\/www.visit-ulcinj.com\/blog\/2016\/09\/29\/poceli-radovi-na-ciscenju-kanala-bratica\/#primaryimage\",\"url\":\"https:\/\/www.visit-ulcinj.com\/blog\/wp-content\/uploads\/2016\/09\/fillon-pastrimi-i-kanalit-Bratica-2.jpg\",\"contentUrl\":\"https:\/\/www.visit-ulcinj.com\/blog\/wp-content\/uploads\/2016\/09\/fillon-pastrimi-i-kanalit-Bratica-2.jpg\",\"width\":960,\"height\":640},{\"@type\":\"WebPage\",\"@id\":\"https:\/\/www.visit-ulcinj.com\/blog\/2016\/09\/29\/poceli-radovi-na-ciscenju-kanala-bratica\/#webpage\",\"url\":\"https:\/\/www.visit-ulcinj.com\/blog\/2016\/09\/29\/poceli-radovi-na-ciscenju-kanala-bratica\/\",\"name\":\"Po\u010deli radovi na \u010di\u0161\u0107enju kanala Bratica - Lajme nga Ulqini\",\"isPartOf\":{\"@id\":\"https:\/\/www.visit-ulcinj.com\/blog\/#website\"},\"primaryImageOfPage\":{\"@id\":\"https:\/\/www.visit-ulcinj.com\/blog\/2016\/09\/29\/poceli-radovi-na-ciscenju-kanala-bratica\/#primaryimage\"},\"datePublished\":\"2016-09-29T15:38:29+00:00\",\"dateModified\":\"2016-09-29T15:39:10+00:00\",\"author\":{\"@id\":\"https:\/\/www.visit-ulcinj.com\/blog\/#\/schema\/person\/dcab619c614d3038751c63bc2aadc06d\"},\"description\":\"Po\u010deli su radovi na \u010di\u0161\u0107enju i pro\u0161irenju kanala Bratica Nakon pripremne faze po\u010delli su radovi na \u010di\u0161\u0107enju kanala Bratica. Fakti\u010dki u pitanju je\",\"breadcrumb\":{\"@id\":\"https:\/\/www.visit-ulcinj.com\/blog\/2016\/09\/29\/poceli-radovi-na-ciscenju-kanala-bratica\/#breadcrumb\"},\"inLanguage\":\"en-US\",\"potentialAction\":[{\"@type\":\"ReadAction\",\"target\":[\"https:\/\/www.visit-ulcinj.com\/blog\/2016\/09\/29\/poceli-radovi-na-ciscenju-kanala-bratica\/\"]}]},{\"@type\":\"BreadcrumbList\",\"@id\":\"https:\/\/www.visit-ulcinj.com\/blog\/2016\/09\/29\/poceli-radovi-na-ciscenju-kanala-bratica\/#breadcrumb\",\"itemListElement\":[{\"@type\":\"ListItem\",\"position\":1,\"name\":\"Po\u010deli radovi na \u010di\u0161\u0107enju kanala Bratica\"}]},{\"@type\":\"Person\",\"@id\":\"https:\/\/www.visit-ulcinj.com\/blog\/#\/schema\/person\/dcab619c614d3038751c63bc2aadc06d\",\"name\":\"ulqini\",\"sameAs\":[\"http:\/\/www.visit-ulcinj.com\"],\"url\":\"https:\/\/www.visit-ulcinj.com\/blog\/author\/admin\/\"}]}<\/script>\n<!-- \/ Yoast SEO plugin. -->","yoast_head_json":{"title":"Po\u010deli radovi na \u010di\u0161\u0107enju kanala Bratica - Lajme nga Ulqini","description":"Po\u010deli su radovi na \u010di\u0161\u0107enju i pro\u0161irenju kanala Bratica Nakon pripremne faze po\u010delli su radovi na \u010di\u0161\u0107enju kanala Bratica. Fakti\u010dki u pitanju je","robots":{"index":"index","follow":"follow","max-snippet":"max-snippet:-1","max-image-preview":"max-image-preview:large","max-video-preview":"max-video-preview:-1"},"canonical":"https:\/\/www.visit-ulcinj.com\/blog\/2016\/09\/29\/poceli-radovi-na-ciscenju-kanala-bratica\/","og_locale":"en_US","og_type":"article","og_title":"Po\u010deli radovi na \u010di\u0161\u0107enju kanala Bratica - Lajme nga Ulqini","og_description":"Po\u010deli su radovi na \u010di\u0161\u0107enju i pro\u0161irenju kanala Bratica Nakon pripremne faze po\u010delli su radovi na \u010di\u0161\u0107enju kanala Bratica. Fakti\u010dki u pitanju je","og_url":"https:\/\/www.visit-ulcinj.com\/blog\/2016\/09\/29\/poceli-radovi-na-ciscenju-kanala-bratica\/","og_site_name":"Lajme nga Ulqini","article_published_time":"2016-09-29T15:38:29+00:00","article_modified_time":"2016-09-29T15:39:10+00:00","og_image":[{"url":"http:\/\/www.visit-ulcinj.com\/blog\/wp-content\/uploads\/2016\/09\/fillon-pastrimi-i-kanalit-Bratica-2.jpg"}],"twitter_misc":{"Written by":"ulqini","Est. reading time":"1 minute"},"schema":{"@context":"https:\/\/schema.org","@graph":[{"@type":"WebSite","@id":"https:\/\/www.visit-ulcinj.com\/blog\/#website","url":"https:\/\/www.visit-ulcinj.com\/blog\/","name":"Lajme nga Ulqini","description":"Lajme,Vijesti,Ulqini,Ulqin,Crna Gora,Mali i Zi","potentialAction":[{"@type":"SearchAction","target":{"@type":"EntryPoint","urlTemplate":"https:\/\/www.visit-ulcinj.com\/blog\/?s={search_term_string}"},"query-input":"required name=search_term_string"}],"inLanguage":"en-US"},{"@type":"ImageObject","inLanguage":"en-US","@id":"https:\/\/www.visit-ulcinj.com\/blog\/2016\/09\/29\/poceli-radovi-na-ciscenju-kanala-bratica\/#primaryimage","url":"https:\/\/www.visit-ulcinj.com\/blog\/wp-content\/uploads\/2016\/09\/fillon-pastrimi-i-kanalit-Bratica-2.jpg","contentUrl":"https:\/\/www.visit-ulcinj.com\/blog\/wp-content\/uploads\/2016\/09\/fillon-pastrimi-i-kanalit-Bratica-2.jpg","width":960,"height":640},{"@type":"WebPage","@id":"https:\/\/www.visit-ulcinj.com\/blog\/2016\/09\/29\/poceli-radovi-na-ciscenju-kanala-bratica\/#webpage","url":"https:\/\/www.visit-ulcinj.com\/blog\/2016\/09\/29\/poceli-radovi-na-ciscenju-kanala-bratica\/","name":"Po\u010deli radovi na \u010di\u0161\u0107enju kanala Bratica - Lajme nga Ulqini","isPartOf":{"@id":"https:\/\/www.visit-ulcinj.com\/blog\/#website"},"primaryImageOfPage":{"@id":"https:\/\/www.visit-ulcinj.com\/blog\/2016\/09\/29\/poceli-radovi-na-ciscenju-kanala-bratica\/#primaryimage"},"datePublished":"2016-09-29T15:38:29+00:00","dateModified":"2016-09-29T15:39:10+00:00","author":{"@id":"https:\/\/www.visit-ulcinj.com\/blog\/#\/schema\/person\/dcab619c614d3038751c63bc2aadc06d"},"description":"Po\u010deli su radovi na \u010di\u0161\u0107enju i pro\u0161irenju kanala Bratica Nakon pripremne faze po\u010delli su radovi na \u010di\u0161\u0107enju kanala Bratica. Fakti\u010dki u pitanju je","breadcrumb":{"@id":"https:\/\/www.visit-ulcinj.com\/blog\/2016\/09\/29\/poceli-radovi-na-ciscenju-kanala-bratica\/#breadcrumb"},"inLanguage":"en-US","potentialAction":[{"@type":"ReadAction","target":["https:\/\/www.visit-ulcinj.com\/blog\/2016\/09\/29\/poceli-radovi-na-ciscenju-kanala-bratica\/"]}]},{"@type":"BreadcrumbList","@id":"https:\/\/www.visit-ulcinj.com\/blog\/2016\/09\/29\/poceli-radovi-na-ciscenju-kanala-bratica\/#breadcrumb","itemListElement":[{"@type":"ListItem","position":1,"name":"Po\u010deli radovi na \u010di\u0161\u0107enju kanala Bratica"}]},{"@type":"Person","@id":"https:\/\/www.visit-ulcinj.com\/blog\/#\/schema\/person\/dcab619c614d3038751c63bc2aadc06d","name":"ulqini","sameAs":["http:\/\/www.visit-ulcinj.com"],"url":"https:\/\/www.visit-ulcinj.com\/blog\/author\/admin\/"}]}},"jetpack_featured_media_url":"","jetpack_sharing_enabled":true,"jetpack_shortlink":"https:\/\/wp.me\/pe6lTn-q1A","_links":{"self":[{"href":"https:\/\/www.visit-ulcinj.com\/blog\/wp-json\/wp\/v2\/posts\/100042"}],"collection":[{"href":"https:\/\/www.visit-ulcinj.com\/blog\/wp-json\/wp\/v2\/posts"}],"about":[{"href":"https:\/\/www.visit-ulcinj.com\/blog\/wp-json\/wp\/v2\/types\/post"}],"author":[{"embeddable":true,"href":"https:\/\/www.visit-ulcinj.com\/blog\/wp-json\/wp\/v2\/users\/1"}],"replies":[{"embeddable":true,"href":"https:\/\/www.visit-ulcinj.com\/blog\/wp-json\/wp\/v2\/comments?post=100042"}],"version-history":[{"count":1,"href":"https:\/\/www.visit-ulcinj.com\/blog\/wp-json\/wp\/v2\/posts\/100042\/revisions"}],"predecessor-version":[{"id":100043,"href":"https:\/\/www.visit-ulcinj.com\/blog\/wp-json\/wp\/v2\/posts\/100042\/revisions\/100043"}],"wp:attachment":[{"href":"https:\/\/www.visit-ulcinj.com\/blog\/wp-json\/wp\/v2\/media?parent=100042"}],"wp:term":[{"taxonomy":"category","embeddable":true,"href":"https:\/\/www.visit-ulcinj.com\/blog\/wp-json\/wp\/v2\/categories?post=100042"},{"taxonomy":"post_tag","embeddable":true,"href":"https:\/\/www.visit-ulcinj.com\/blog\/wp-json\/wp\/v2\/tags?post=100042"}],"curies":[{"name":"wp","href":"https:\/\/api.w.org\/{rel}","templated":true}]}}