{"id":100048,"date":"2016-09-29T17:40:05","date_gmt":"2016-09-29T16:40:05","guid":{"rendered":"http:\/\/www.visit-ulcinj.com\/blog\/?p=100048"},"modified":"2016-09-29T17:40:05","modified_gmt":"2016-09-29T16:40:05","slug":"forca-gjeka-ka-abuzuar-pushtetin-per-qellime-votash-dhe-aferash-korruptive","status":"publish","type":"post","link":"https:\/\/www.visit-ulcinj.com\/blog\/2016\/09\/29\/forca-gjeka-ka-abuzuar-pushtetin-per-qellime-votash-dhe-aferash-korruptive\/","title":{"rendered":"Forca: Gjeka ka abuzuar me pushtetin p\u00ebr q\u00ebllime votash dhe aferash korruptive"},"content":{"rendered":"<p style=\"text-align: center;\"><strong><a href=\"http:\/\/www.visit-ulcinj.com\/blog\/wp-content\/uploads\/2016\/09\/Forca-E-Re-Demokratike-Nazif-Cungu.jpg\"><img loading=\"lazy\" class=\"alignleft wp-image-100049\" src=\"http:\/\/www.visit-ulcinj.com\/blog\/wp-content\/uploads\/2016\/09\/Forca-E-Re-Demokratike-Nazif-Cungu.jpg\" alt=\"Forca E Re Demokratike-Nazif-Cungu\" width=\"508\" height=\"339\" srcset=\"https:\/\/www.visit-ulcinj.com\/blog\/wp-content\/uploads\/2016\/09\/Forca-E-Re-Demokratike-Nazif-Cungu.jpg 960w, https:\/\/www.visit-ulcinj.com\/blog\/wp-content\/uploads\/2016\/09\/Forca-E-Re-Demokratike-Nazif-Cungu-300x200.jpg 300w, https:\/\/www.visit-ulcinj.com\/blog\/wp-content\/uploads\/2016\/09\/Forca-E-Re-Demokratike-Nazif-Cungu-768x512.jpg 768w\" sizes=\"(max-width: 508px) 100vw, 508px\" \/><\/a>KUMTES\u00cb P\u00cbR MEDIA<\/strong><\/p>\n<p>Shpresuam q\u00eb politika t\u00eb reflektonte dhe t\u00eb distancohej nga ky veprim, por ndodhi e kund\u00ebrta. Thon\u00eb q\u00eb i mbyturi t\u00eb mbyt, e mesa duket aferat korruptive t\u00eb Fatmir Gjek\u00ebs po mbysin dhe vet koalicionin e \u201caferave\u201d q\u00eb n\u00eb embrion t\u00eb tij. Q\u00eb ky koalicion ka nj\u00eb q\u00ebllim, kjo dihet, dhe q\u00ebllimi tij i vet\u00ebm \u00ebsht\u00eb hapja e &#8220;gropave&#8221; p\u00ebr qytetar\u00ebt e vendit.<\/p>\n<p>E kuptueshme q\u00eb i\u2019u duket \u00e7udi, q\u00eb kryetari i Partis\u00eb vendos mos t\u00eb jet\u00eb n\u00eb krye t\u00eb list\u00ebs, pasi ata jan\u00eb m\u00ebsuar <span class=\"text_exposed_show\">t\u00eb shohin partin\u00eb si pron\u00eb private q\u00eb sh\u00ebrben p\u00ebr t\u00eb vjedhur shtetin dhe qytetar\u00ebt. Forca faktikisht me k\u00ebt\u00eb d\u00ebshmon se \u00ebsht\u00eb nj\u00eb organizat\u00eb e mirefillt\u00eb politike ku kuadrove m\u00eb t\u00eb mir\u00eb i&#8217;u jepet mund\u00ebsia t\u00eb garojn\u00eb, e jo nj\u00eb kompani fitimprur\u00ebse n\u00eb sh\u00ebrbim t\u00eb kryetarit sikurse \u00ebsht\u00eb rasti i PD-s\u00eb. <\/span><\/p>\n<div class=\"text_exposed_show\">\n<p>Por p\u00ebr t\u00eb shmangur \u00e7\u00ebshtjen e korrupsionit n\u00eb sy t\u00eb publikut merren me listen ton\u00eb. Fakt \u00ebsht\u00eb se dokumentacioni i p\u00ebrcjell p\u00ebr mediat nga Komuna e Ulqinit, \u00ebsht\u00eb i shkruar me t\u00eb zez\u00eb mbi t\u00eb bardh\u00eb, me firm e me vul\u00eb, se ish-kryetari Gjeka, ka abuzuar me pushtetin p\u00ebr q\u00ebllime votash dhe aferash korruptive.<\/p>\n<p>Kjo nuk b\u00ebhet as p\u00ebr hakmarrje e as p\u00ebr inate personale, por kurr\u00ebsesi ne nuk mund t\u00eb fshehim p\u00ebrpara popullit dhe organeve kompetente t\u00eb palarat e nj\u00eb ish-kryetari t\u00eb pap\u00ebrgjegjsh\u00ebm i cili ka l\u00ebn\u00eb me muaj t\u00eb t\u00ebr\u00eb pa paguar rrogat e pun\u00ebtoreve, paushqyer f\u00ebmij\u00ebt e tyre, pa paguar kontributet p\u00ebr t\u00eb ardhmen e tyre, pa financuar sportin e t\u00eb rinjve tan\u00eb, pa ruajtur dhe shtyr\u00eb p\u00ebrpara tradit\u00ebn ton\u00eb kulturore, pa kontribuar p\u00ebr shoq\u00ebrin\u00eb civile, e k\u00ebshtu me radh p\u00ebr zhvillimin e m\u00ebtejsh\u00ebm social-ekonomik t\u00eb qytetit.<\/p>\n<p>K\u00ebtu nuk b\u00ebhet vet\u00ebm fjal\u00eb p\u00ebr nd\u00ebshkim me vot\u00eb p\u00ebr nj\u00eb individ t\u00eb pap\u00ebrgjegjsh\u00ebm q\u00eb i ka dh\u00ebn\u00eb provat se nuk kujdeset p\u00ebr interesat e popullit t\u00eb tij, k\u00ebtu b\u00ebhet fjal\u00eb p\u00ebr nj\u00eb ish-funksionar shtet\u00ebror q\u00eb me vullnet t\u00eb plot\u00eb anashkalon tenderat publik dhe dispozitat ligjore n\u00eb fuqi, duke shaktuar nj\u00eb d\u00ebm kolosal ekonomik, jo vet\u00ebm p\u00ebr Komun\u00ebn, por p\u00ebr gjith\u00eb qytetar\u00ebt e ndersh\u00ebm t\u00eb Ulqinit. Ndaj, ne, me p\u00ebrgjegj\u00ebsi t\u00eb plot\u00eb institucionale, profesionale dhe morale, i b\u00ebjm\u00eb thirrje organeve ligjzbatuese t\u00eb marrin masa t\u00eb menj\u00ebhershme p\u00ebr vendosjen n\u00eb vend t\u00eb drejt\u00ebsis\u00eb.<\/p>\n<p>Komuna e Ulqinit \u00ebsht\u00eb n\u00eb krye t\u00eb detyr\u00ebs dhe nuk do t\u00eb lejoj\u00eb kurr\u00eb, k\u00ebdoqoft\u00eb, nga kryetari deri tek roja i Komun\u00ebs, q\u00eb t\u00eb mund t\u00eb abuzoj me parat e taksapaguesve t\u00eb komun\u00ebs son\u00eb. Ne jemi t\u00eb vendosur p\u00ebr t\u00eb nxjerr p\u00ebrpara drejt\u00ebsis\u00eb k\u00ebdo q\u00eb abuzon me ndershm\u00ebrin\u00eb dhe besimin e shqiptar\u00ebve.<\/p>\n<p><strong>Zyra e Mediave<\/strong><br \/>\n<strong> Partia Forca e Re Demokratike<\/strong><\/p>\n<\/div>\n","protected":false},"excerpt":{"rendered":"<p>KUMTES\u00cb P\u00cbR MEDIA Shpresuam q\u00eb politika t\u00eb reflektonte dhe t\u00eb distancohej nga ky veprim, por ndodhi e kund\u00ebrta. Thon\u00eb q\u00eb i mbyturi t\u00eb mbyt, e mesa duket aferat korruptive t\u00eb Fatmir Gjek\u00ebs po mbysin dhe vet koalicionin e \u201caferave\u201d q\u00eb n\u00eb embrion t\u00eb tij. Q\u00eb ky koalicion ka nj\u00eb q\u00ebllim, kjo dihet, dhe q\u00ebllimi tij [&hellip;]<\/p>\n","protected":false},"author":1,"featured_media":0,"comment_status":"closed","ping_status":"closed","sticky":false,"template":"","format":"standard","meta":{"spay_email":"","jetpack_publicize_message":"","jetpack_is_tweetstorm":false,"jetpack_publicize_feature_enabled":true},"categories":[6950],"tags":[],"jetpack_publicize_connections":[],"yoast_head":"<!-- This site is optimized with the Yoast SEO plugin v19.1 - https:\/\/yoast.com\/wordpress\/plugins\/seo\/ -->\n<title>Forca: Gjeka ka abuzuar me pushtetin p\u00ebr q\u00ebllime votash dhe aferash korruptive - Lajme nga Ulqini<\/title>\n<meta name=\"description\" content=\"KUMTES\u00cb P\u00cbR MEDIA Shpresuam q\u00eb politika t\u00eb reflektonte dhe t\u00eb distancohej nga ky veprim, por ndodhi e kund\u00ebrta. Thon\u00eb q\u00eb i mbyturi t\u00eb mbyt, e mesa duket\" \/>\n<meta name=\"robots\" content=\"index, follow, max-snippet:-1, max-image-preview:large, max-video-preview:-1\" \/>\n<link rel=\"canonical\" href=\"https:\/\/www.visit-ulcinj.com\/blog\/2016\/09\/29\/forca-gjeka-ka-abuzuar-pushtetin-per-qellime-votash-dhe-aferash-korruptive\/\" \/>\n<meta property=\"og:locale\" content=\"en_US\" \/>\n<meta property=\"og:type\" content=\"article\" \/>\n<meta property=\"og:title\" content=\"Forca: Gjeka ka abuzuar me pushtetin p\u00ebr q\u00ebllime votash dhe aferash korruptive - Lajme nga Ulqini\" \/>\n<meta property=\"og:description\" content=\"KUMTES\u00cb P\u00cbR MEDIA Shpresuam q\u00eb politika t\u00eb reflektonte dhe t\u00eb distancohej nga ky veprim, por ndodhi e kund\u00ebrta. Thon\u00eb q\u00eb i mbyturi t\u00eb mbyt, e mesa duket\" \/>\n<meta property=\"og:url\" content=\"https:\/\/www.visit-ulcinj.com\/blog\/2016\/09\/29\/forca-gjeka-ka-abuzuar-pushtetin-per-qellime-votash-dhe-aferash-korruptive\/\" \/>\n<meta property=\"og:site_name\" content=\"Lajme nga Ulqini\" \/>\n<meta property=\"article:published_time\" content=\"2016-09-29T16:40:05+00:00\" \/>\n<meta property=\"og:image\" content=\"http:\/\/www.visit-ulcinj.com\/blog\/wp-content\/uploads\/2016\/09\/Forca-E-Re-Demokratike-Nazif-Cungu.jpg\" \/>\n<meta name=\"twitter:label1\" content=\"Written by\" \/>\n\t<meta name=\"twitter:data1\" content=\"ulqini\" \/>\n\t<meta name=\"twitter:label2\" content=\"Est. reading time\" \/>\n\t<meta name=\"twitter:data2\" content=\"3 minutes\" \/>\n<script type=\"application\/ld+json\" class=\"yoast-schema-graph\">{\"@context\":\"https:\/\/schema.org\",\"@graph\":[{\"@type\":\"WebSite\",\"@id\":\"https:\/\/www.visit-ulcinj.com\/blog\/#website\",\"url\":\"https:\/\/www.visit-ulcinj.com\/blog\/\",\"name\":\"Lajme nga Ulqini\",\"description\":\"Lajme,Vijesti,Ulqini,Ulqin,Crna Gora,Mali i Zi\",\"potentialAction\":[{\"@type\":\"SearchAction\",\"target\":{\"@type\":\"EntryPoint\",\"urlTemplate\":\"https:\/\/www.visit-ulcinj.com\/blog\/?s={search_term_string}\"},\"query-input\":\"required name=search_term_string\"}],\"inLanguage\":\"en-US\"},{\"@type\":\"ImageObject\",\"inLanguage\":\"en-US\",\"@id\":\"https:\/\/www.visit-ulcinj.com\/blog\/2016\/09\/29\/forca-gjeka-ka-abuzuar-pushtetin-per-qellime-votash-dhe-aferash-korruptive\/#primaryimage\",\"url\":\"https:\/\/www.visit-ulcinj.com\/blog\/wp-content\/uploads\/2016\/09\/Forca-E-Re-Demokratike-Nazif-Cungu.jpg\",\"contentUrl\":\"https:\/\/www.visit-ulcinj.com\/blog\/wp-content\/uploads\/2016\/09\/Forca-E-Re-Demokratike-Nazif-Cungu.jpg\",\"width\":960,\"height\":640},{\"@type\":\"WebPage\",\"@id\":\"https:\/\/www.visit-ulcinj.com\/blog\/2016\/09\/29\/forca-gjeka-ka-abuzuar-pushtetin-per-qellime-votash-dhe-aferash-korruptive\/#webpage\",\"url\":\"https:\/\/www.visit-ulcinj.com\/blog\/2016\/09\/29\/forca-gjeka-ka-abuzuar-pushtetin-per-qellime-votash-dhe-aferash-korruptive\/\",\"name\":\"Forca: Gjeka ka abuzuar me pushtetin p\u00ebr q\u00ebllime votash dhe aferash korruptive - Lajme nga Ulqini\",\"isPartOf\":{\"@id\":\"https:\/\/www.visit-ulcinj.com\/blog\/#website\"},\"primaryImageOfPage\":{\"@id\":\"https:\/\/www.visit-ulcinj.com\/blog\/2016\/09\/29\/forca-gjeka-ka-abuzuar-pushtetin-per-qellime-votash-dhe-aferash-korruptive\/#primaryimage\"},\"datePublished\":\"2016-09-29T16:40:05+00:00\",\"dateModified\":\"2016-09-29T16:40:05+00:00\",\"author\":{\"@id\":\"https:\/\/www.visit-ulcinj.com\/blog\/#\/schema\/person\/dcab619c614d3038751c63bc2aadc06d\"},\"description\":\"KUMTES\u00cb P\u00cbR MEDIA Shpresuam q\u00eb politika t\u00eb reflektonte dhe t\u00eb distancohej nga ky veprim, por ndodhi e kund\u00ebrta. Thon\u00eb q\u00eb i mbyturi t\u00eb mbyt, e mesa duket\",\"breadcrumb\":{\"@id\":\"https:\/\/www.visit-ulcinj.com\/blog\/2016\/09\/29\/forca-gjeka-ka-abuzuar-pushtetin-per-qellime-votash-dhe-aferash-korruptive\/#breadcrumb\"},\"inLanguage\":\"en-US\",\"potentialAction\":[{\"@type\":\"ReadAction\",\"target\":[\"https:\/\/www.visit-ulcinj.com\/blog\/2016\/09\/29\/forca-gjeka-ka-abuzuar-pushtetin-per-qellime-votash-dhe-aferash-korruptive\/\"]}]},{\"@type\":\"BreadcrumbList\",\"@id\":\"https:\/\/www.visit-ulcinj.com\/blog\/2016\/09\/29\/forca-gjeka-ka-abuzuar-pushtetin-per-qellime-votash-dhe-aferash-korruptive\/#breadcrumb\",\"itemListElement\":[{\"@type\":\"ListItem\",\"position\":1,\"name\":\"Forca: Gjeka ka abuzuar me pushtetin p\u00ebr q\u00ebllime votash dhe aferash korruptive\"}]},{\"@type\":\"Person\",\"@id\":\"https:\/\/www.visit-ulcinj.com\/blog\/#\/schema\/person\/dcab619c614d3038751c63bc2aadc06d\",\"name\":\"ulqini\",\"sameAs\":[\"http:\/\/www.visit-ulcinj.com\"],\"url\":\"https:\/\/www.visit-ulcinj.com\/blog\/author\/admin\/\"}]}<\/script>\n<!-- \/ Yoast SEO plugin. -->","yoast_head_json":{"title":"Forca: Gjeka ka abuzuar me pushtetin p\u00ebr q\u00ebllime votash dhe aferash korruptive - Lajme nga Ulqini","description":"KUMTES\u00cb P\u00cbR MEDIA Shpresuam q\u00eb politika t\u00eb reflektonte dhe t\u00eb distancohej nga ky veprim, por ndodhi e kund\u00ebrta. Thon\u00eb q\u00eb i mbyturi t\u00eb mbyt, e mesa duket","robots":{"index":"index","follow":"follow","max-snippet":"max-snippet:-1","max-image-preview":"max-image-preview:large","max-video-preview":"max-video-preview:-1"},"canonical":"https:\/\/www.visit-ulcinj.com\/blog\/2016\/09\/29\/forca-gjeka-ka-abuzuar-pushtetin-per-qellime-votash-dhe-aferash-korruptive\/","og_locale":"en_US","og_type":"article","og_title":"Forca: Gjeka ka abuzuar me pushtetin p\u00ebr q\u00ebllime votash dhe aferash korruptive - Lajme nga Ulqini","og_description":"KUMTES\u00cb P\u00cbR MEDIA Shpresuam q\u00eb politika t\u00eb reflektonte dhe t\u00eb distancohej nga ky veprim, por ndodhi e kund\u00ebrta. Thon\u00eb q\u00eb i mbyturi t\u00eb mbyt, e mesa duket","og_url":"https:\/\/www.visit-ulcinj.com\/blog\/2016\/09\/29\/forca-gjeka-ka-abuzuar-pushtetin-per-qellime-votash-dhe-aferash-korruptive\/","og_site_name":"Lajme nga Ulqini","article_published_time":"2016-09-29T16:40:05+00:00","og_image":[{"url":"http:\/\/www.visit-ulcinj.com\/blog\/wp-content\/uploads\/2016\/09\/Forca-E-Re-Demokratike-Nazif-Cungu.jpg"}],"twitter_misc":{"Written by":"ulqini","Est. reading time":"3 minutes"},"schema":{"@context":"https:\/\/schema.org","@graph":[{"@type":"WebSite","@id":"https:\/\/www.visit-ulcinj.com\/blog\/#website","url":"https:\/\/www.visit-ulcinj.com\/blog\/","name":"Lajme nga Ulqini","description":"Lajme,Vijesti,Ulqini,Ulqin,Crna Gora,Mali i Zi","potentialAction":[{"@type":"SearchAction","target":{"@type":"EntryPoint","urlTemplate":"https:\/\/www.visit-ulcinj.com\/blog\/?s={search_term_string}"},"query-input":"required name=search_term_string"}],"inLanguage":"en-US"},{"@type":"ImageObject","inLanguage":"en-US","@id":"https:\/\/www.visit-ulcinj.com\/blog\/2016\/09\/29\/forca-gjeka-ka-abuzuar-pushtetin-per-qellime-votash-dhe-aferash-korruptive\/#primaryimage","url":"https:\/\/www.visit-ulcinj.com\/blog\/wp-content\/uploads\/2016\/09\/Forca-E-Re-Demokratike-Nazif-Cungu.jpg","contentUrl":"https:\/\/www.visit-ulcinj.com\/blog\/wp-content\/uploads\/2016\/09\/Forca-E-Re-Demokratike-Nazif-Cungu.jpg","width":960,"height":640},{"@type":"WebPage","@id":"https:\/\/www.visit-ulcinj.com\/blog\/2016\/09\/29\/forca-gjeka-ka-abuzuar-pushtetin-per-qellime-votash-dhe-aferash-korruptive\/#webpage","url":"https:\/\/www.visit-ulcinj.com\/blog\/2016\/09\/29\/forca-gjeka-ka-abuzuar-pushtetin-per-qellime-votash-dhe-aferash-korruptive\/","name":"Forca: Gjeka ka abuzuar me pushtetin p\u00ebr q\u00ebllime votash dhe aferash korruptive - Lajme nga Ulqini","isPartOf":{"@id":"https:\/\/www.visit-ulcinj.com\/blog\/#website"},"primaryImageOfPage":{"@id":"https:\/\/www.visit-ulcinj.com\/blog\/2016\/09\/29\/forca-gjeka-ka-abuzuar-pushtetin-per-qellime-votash-dhe-aferash-korruptive\/#primaryimage"},"datePublished":"2016-09-29T16:40:05+00:00","dateModified":"2016-09-29T16:40:05+00:00","author":{"@id":"https:\/\/www.visit-ulcinj.com\/blog\/#\/schema\/person\/dcab619c614d3038751c63bc2aadc06d"},"description":"KUMTES\u00cb P\u00cbR MEDIA Shpresuam q\u00eb politika t\u00eb reflektonte dhe t\u00eb distancohej nga ky veprim, por ndodhi e kund\u00ebrta. Thon\u00eb q\u00eb i mbyturi t\u00eb mbyt, e mesa duket","breadcrumb":{"@id":"https:\/\/www.visit-ulcinj.com\/blog\/2016\/09\/29\/forca-gjeka-ka-abuzuar-pushtetin-per-qellime-votash-dhe-aferash-korruptive\/#breadcrumb"},"inLanguage":"en-US","potentialAction":[{"@type":"ReadAction","target":["https:\/\/www.visit-ulcinj.com\/blog\/2016\/09\/29\/forca-gjeka-ka-abuzuar-pushtetin-per-qellime-votash-dhe-aferash-korruptive\/"]}]},{"@type":"BreadcrumbList","@id":"https:\/\/www.visit-ulcinj.com\/blog\/2016\/09\/29\/forca-gjeka-ka-abuzuar-pushtetin-per-qellime-votash-dhe-aferash-korruptive\/#breadcrumb","itemListElement":[{"@type":"ListItem","position":1,"name":"Forca: Gjeka ka abuzuar me pushtetin p\u00ebr q\u00ebllime votash dhe aferash korruptive"}]},{"@type":"Person","@id":"https:\/\/www.visit-ulcinj.com\/blog\/#\/schema\/person\/dcab619c614d3038751c63bc2aadc06d","name":"ulqini","sameAs":["http:\/\/www.visit-ulcinj.com"],"url":"https:\/\/www.visit-ulcinj.com\/blog\/author\/admin\/"}]}},"jetpack_featured_media_url":"","jetpack_sharing_enabled":true,"jetpack_shortlink":"https:\/\/wp.me\/pe6lTn-q1G","_links":{"self":[{"href":"https:\/\/www.visit-ulcinj.com\/blog\/wp-json\/wp\/v2\/posts\/100048"}],"collection":[{"href":"https:\/\/www.visit-ulcinj.com\/blog\/wp-json\/wp\/v2\/posts"}],"about":[{"href":"https:\/\/www.visit-ulcinj.com\/blog\/wp-json\/wp\/v2\/types\/post"}],"author":[{"embeddable":true,"href":"https:\/\/www.visit-ulcinj.com\/blog\/wp-json\/wp\/v2\/users\/1"}],"replies":[{"embeddable":true,"href":"https:\/\/www.visit-ulcinj.com\/blog\/wp-json\/wp\/v2\/comments?post=100048"}],"version-history":[{"count":1,"href":"https:\/\/www.visit-ulcinj.com\/blog\/wp-json\/wp\/v2\/posts\/100048\/revisions"}],"predecessor-version":[{"id":100050,"href":"https:\/\/www.visit-ulcinj.com\/blog\/wp-json\/wp\/v2\/posts\/100048\/revisions\/100050"}],"wp:attachment":[{"href":"https:\/\/www.visit-ulcinj.com\/blog\/wp-json\/wp\/v2\/media?parent=100048"}],"wp:term":[{"taxonomy":"category","embeddable":true,"href":"https:\/\/www.visit-ulcinj.com\/blog\/wp-json\/wp\/v2\/categories?post=100048"},{"taxonomy":"post_tag","embeddable":true,"href":"https:\/\/www.visit-ulcinj.com\/blog\/wp-json\/wp\/v2\/tags?post=100048"}],"curies":[{"name":"wp","href":"https:\/\/api.w.org\/{rel}","templated":true}]}}