{"id":100056,"date":"2016-09-29T18:10:03","date_gmt":"2016-09-29T17:10:03","guid":{"rendered":"http:\/\/www.visit-ulcinj.com\/blog\/?p=100056"},"modified":"2016-09-30T15:53:07","modified_gmt":"2016-09-30T14:53:07","slug":"neser-simpoziumi-shkencor-per-kalane-e-ulqinit","status":"publish","type":"post","link":"https:\/\/www.visit-ulcinj.com\/blog\/2016\/09\/29\/neser-simpoziumi-shkencor-per-kalane-e-ulqinit\/","title":{"rendered":"Nes\u00ebr simpoziumi shkencor p\u00ebr Kalan\u00eb e Ulqinit &#8211; Video"},"content":{"rendered":"<p><a href=\"http:\/\/www.visit-ulcinj.com\/blog\/wp-content\/uploads\/2016\/09\/Cafo-Boga-Ulqin.jpg\"><img loading=\"lazy\" class=\"alignleft wp-image-100057\" src=\"http:\/\/www.visit-ulcinj.com\/blog\/wp-content\/uploads\/2016\/09\/Cafo-Boga-Ulqin.jpg\" alt=\"Cafo-Boga-Ulqin\" width=\"508\" height=\"762\" srcset=\"https:\/\/www.visit-ulcinj.com\/blog\/wp-content\/uploads\/2016\/09\/Cafo-Boga-Ulqin.jpg 500w, https:\/\/www.visit-ulcinj.com\/blog\/wp-content\/uploads\/2016\/09\/Cafo-Boga-Ulqin-200x300.jpg 200w\" sizes=\"(max-width: 508px) 100vw, 508px\" \/><\/a>Organizacioni kryesor i k\u00ebtij Simpoziumi \u00ebsht\u00eb Fondacioni kulturor Amerikano &#8211; Shqiptar nga Amerika, nga Njujorku n\u00eb krye me zotri Cafo BOG\u00cbN. Cafin e njoh q\u00eb nga shkolla e mesme, por m\u00eb b\u00ebhet se m\u00eb mir\u00eb jam duke e njohur vitet e fundit, pavar\u00ebsisht se rall\u00eb takohemi, p\u00ebr shkak t\u00eb obligimeve q\u00eb i ka ky njeri, i cili nuk pushon kurr\u00eb.<br \/>\nNdaj, ndjenj k\u00ebnaq\u00ebsi t\u00eb ve\u00e7ant\u00eb t\u00eb shkruaj disa fjal\u00eb p\u00ebr nj\u00eb njeri kaq t\u00eb mir\u00eb, si\u00e7 \u00ebsht\u00eb Cafi. V\u00ebshtir\u00eb \u00ebsht\u00eb ta bindesh se ai k\u00ebto i m<span class=\"text_exposed_show\">eriton. \u00cbsht\u00eb shum\u00eb modest. Zot\u00ebri Cafo Boga, gjithmon\u00eb, me figur\u00ebn e tij markante, buz\u00ebqeshjen, qendrimin dhe modestin\u00eb e tij, l\u00ebn\u00eb p\u00ebrshtypje t\u00eb jasht\u00ebzakonshme, \u00e7dokund, n\u00eb kafene, n\u00eb rrug\u00eb, n\u00eb hotel, dhe n\u00eb takime t\u00eb ndryshme p\u00ebrditare.<br \/>\nAni pse jeton n\u00eb Amerik\u00eb, n\u00eb New York, ai vjen shum\u00eb shpesh n\u00eb qytetin ton\u00eb. Ulqinin e ka gjithmon\u00eb nd\u00ebr mend dhe n\u00eb zem\u00ebr. Vendlindjen, nuk e ka harruar kurr\u00eb<br \/>\nNe q\u00eb e njohim e dim\u00eb se ka investuar n\u00eb vendlindje dhe tashm\u00eb ka filluar edhe t\u00eb mendoj\u00eb p\u00ebr nj\u00eb kthim t\u00eb p\u00ebrgjithmonsh\u00ebm. Ka investuar shum\u00eb edhe n\u00eb Shqip\u00ebri, pastaj ka marr\u00eb pjes\u00eb n\u00eb shum\u00eb kongrese, simpozijume dhe \u00ebsht\u00eb organizator i manifestimeve t\u00eb ndrysh\u00ebm an\u00eb e mbar\u00eb bot\u00ebs.<br \/>\nPrandaj, nuk \u00ebsht\u00eb p\u00ebr t\u00eb \u00e7uditur q\u00eb Cafi \u00ebsht\u00eb organizatori i k\u00ebtij Simpoziumit i cili do t\u00eb organizohet n\u00eb Kalan\u00eb ton\u00eb shekullore. Pa, Cafin kjo do t\u00eb ishte ve\u00e7 nj\u00eb \u00ebnd\u00ebr.<br \/>\nCafi ka l\u00ebn\u00eb gjurm\u00eb t\u00eb pashlyera n\u00eb Amerik\u00eb, aq edhe \u00e7dokund tjet\u00ebr ku ka punuar dhe vepruar. Them haptas , se kudo ku q\u00eb shkeli k\u00ebmba e tij, ka l\u00ebn\u00eb gjurm\u00eb t\u00eb cilat mbeten t\u00eb paharruara.<br \/>\nSimpoziumi i cili do t\u00eb mbahet n\u00eb Kala, do t\u00eb jet nj\u00eb styll\u00eb e fort si ato muranet Iliro &#8211; Greke 2500 vje\u00e7ar t\u00eb vendosur n\u00eb fundamentet e Kalas\u00eb, do t\u00eb jet nj\u00eb p\u00ebrkrahje m\u00eb e fort p\u00ebr ky\u00e7jen e nj\u00eb pjese t\u00eb Kalas\u00eb ton\u00eb n\u00eb UNESCO, si nj\u00eb vler\u00eb univerzale p\u00ebr t\u00ebr njer\u00ebzimin.<\/span><\/p>\n<p id=\"js_b3\" class=\"_5pbw _5vra\" data-ft=\"{&quot;tn&quot;:&quot;C&quot;}\"><strong><span class=\"fwn fcg\"><span class=\"fcg\"><span class=\"fwb\"><a id=\"js_be\" class=\"profileLink\" href=\"https:\/\/www.facebook.com\/ismet.karamanaga\" data-ft=\"{&quot;tn&quot;:&quot;l&quot;}\" data-hovercard=\"\/ajax\/hovercard\/user.php?id=1359492972\">Ismet Karamanaga Facebook<\/a><\/span><\/span><\/span><\/strong><\/p>\n<p><iframe loading=\"lazy\" frameborder=\"0\" width=\"508\" height=\"340\" src=\"\/\/www.dailymotion.com\/embed\/video\/x4uzay3?autoPlay=1\" allowfullscreen><\/iframe><\/p>\n","protected":false},"excerpt":{"rendered":"<p>Organizacioni kryesor i k\u00ebtij Simpoziumi \u00ebsht\u00eb Fondacioni kulturor Amerikano &#8211; Shqiptar nga Amerika, nga Njujorku n\u00eb krye me zotri Cafo BOG\u00cbN. Cafin e njoh q\u00eb nga shkolla e mesme, por m\u00eb b\u00ebhet se m\u00eb mir\u00eb jam duke e njohur vitet e fundit, pavar\u00ebsisht se rall\u00eb takohemi, p\u00ebr shkak t\u00eb obligimeve q\u00eb i ka ky njeri, [&hellip;]<\/p>\n","protected":false},"author":1,"featured_media":0,"comment_status":"closed","ping_status":"closed","sticky":false,"template":"","format":"standard","meta":{"spay_email":"","jetpack_publicize_message":"","jetpack_is_tweetstorm":false,"jetpack_publicize_feature_enabled":true},"categories":[4],"tags":[],"jetpack_publicize_connections":[],"yoast_head":"<!-- This site is optimized with the Yoast SEO plugin v19.1 - https:\/\/yoast.com\/wordpress\/plugins\/seo\/ -->\n<title>Nes\u00ebr simpoziumi shkencor p\u00ebr Kalan\u00eb e Ulqinit - Video - Lajme nga Ulqini<\/title>\n<meta name=\"description\" content=\"Organizacioni kryesor i k\u00ebtij Simpoziumi \u00ebsht\u00eb Fondacioni kulturor Amerikano - Shqiptar nga Amerika, nga Njujorku n\u00eb krye me zotri Cafo BOG\u00cbN. Cafin e\" \/>\n<meta name=\"robots\" content=\"index, follow, max-snippet:-1, max-image-preview:large, max-video-preview:-1\" \/>\n<link rel=\"canonical\" href=\"https:\/\/www.visit-ulcinj.com\/blog\/2016\/09\/29\/neser-simpoziumi-shkencor-per-kalane-e-ulqinit\/\" \/>\n<meta property=\"og:locale\" content=\"en_US\" \/>\n<meta property=\"og:type\" content=\"article\" \/>\n<meta property=\"og:title\" content=\"Nes\u00ebr simpoziumi shkencor p\u00ebr Kalan\u00eb e Ulqinit - Video - Lajme nga Ulqini\" \/>\n<meta property=\"og:description\" content=\"Organizacioni kryesor i k\u00ebtij Simpoziumi \u00ebsht\u00eb Fondacioni kulturor Amerikano - Shqiptar nga Amerika, nga Njujorku n\u00eb krye me zotri Cafo BOG\u00cbN. Cafin e\" \/>\n<meta property=\"og:url\" content=\"https:\/\/www.visit-ulcinj.com\/blog\/2016\/09\/29\/neser-simpoziumi-shkencor-per-kalane-e-ulqinit\/\" \/>\n<meta property=\"og:site_name\" content=\"Lajme nga Ulqini\" \/>\n<meta property=\"article:published_time\" content=\"2016-09-29T17:10:03+00:00\" \/>\n<meta property=\"article:modified_time\" content=\"2016-09-30T14:53:07+00:00\" \/>\n<meta property=\"og:image\" content=\"http:\/\/www.visit-ulcinj.com\/blog\/wp-content\/uploads\/2016\/09\/Cafo-Boga-Ulqin.jpg\" \/>\n<meta name=\"twitter:label1\" content=\"Written by\" \/>\n\t<meta name=\"twitter:data1\" content=\"ulqini\" \/>\n\t<meta name=\"twitter:label2\" content=\"Est. reading time\" \/>\n\t<meta name=\"twitter:data2\" content=\"2 minutes\" \/>\n<script type=\"application\/ld+json\" class=\"yoast-schema-graph\">{\"@context\":\"https:\/\/schema.org\",\"@graph\":[{\"@type\":\"WebSite\",\"@id\":\"https:\/\/www.visit-ulcinj.com\/blog\/#website\",\"url\":\"https:\/\/www.visit-ulcinj.com\/blog\/\",\"name\":\"Lajme nga Ulqini\",\"description\":\"Lajme,Vijesti,Ulqini,Ulqin,Crna Gora,Mali i Zi\",\"potentialAction\":[{\"@type\":\"SearchAction\",\"target\":{\"@type\":\"EntryPoint\",\"urlTemplate\":\"https:\/\/www.visit-ulcinj.com\/blog\/?s={search_term_string}\"},\"query-input\":\"required name=search_term_string\"}],\"inLanguage\":\"en-US\"},{\"@type\":\"ImageObject\",\"inLanguage\":\"en-US\",\"@id\":\"https:\/\/www.visit-ulcinj.com\/blog\/2016\/09\/29\/neser-simpoziumi-shkencor-per-kalane-e-ulqinit\/#primaryimage\",\"url\":\"https:\/\/www.visit-ulcinj.com\/blog\/wp-content\/uploads\/2016\/09\/Cafo-Boga-Ulqin.jpg\",\"contentUrl\":\"https:\/\/www.visit-ulcinj.com\/blog\/wp-content\/uploads\/2016\/09\/Cafo-Boga-Ulqin.jpg\",\"width\":500,\"height\":750},{\"@type\":\"WebPage\",\"@id\":\"https:\/\/www.visit-ulcinj.com\/blog\/2016\/09\/29\/neser-simpoziumi-shkencor-per-kalane-e-ulqinit\/#webpage\",\"url\":\"https:\/\/www.visit-ulcinj.com\/blog\/2016\/09\/29\/neser-simpoziumi-shkencor-per-kalane-e-ulqinit\/\",\"name\":\"Nes\u00ebr simpoziumi shkencor p\u00ebr Kalan\u00eb e Ulqinit - Video - Lajme nga Ulqini\",\"isPartOf\":{\"@id\":\"https:\/\/www.visit-ulcinj.com\/blog\/#website\"},\"primaryImageOfPage\":{\"@id\":\"https:\/\/www.visit-ulcinj.com\/blog\/2016\/09\/29\/neser-simpoziumi-shkencor-per-kalane-e-ulqinit\/#primaryimage\"},\"datePublished\":\"2016-09-29T17:10:03+00:00\",\"dateModified\":\"2016-09-30T14:53:07+00:00\",\"author\":{\"@id\":\"https:\/\/www.visit-ulcinj.com\/blog\/#\/schema\/person\/dcab619c614d3038751c63bc2aadc06d\"},\"description\":\"Organizacioni kryesor i k\u00ebtij Simpoziumi \u00ebsht\u00eb Fondacioni kulturor Amerikano - Shqiptar nga Amerika, nga Njujorku n\u00eb krye me zotri Cafo BOG\u00cbN. Cafin e\",\"breadcrumb\":{\"@id\":\"https:\/\/www.visit-ulcinj.com\/blog\/2016\/09\/29\/neser-simpoziumi-shkencor-per-kalane-e-ulqinit\/#breadcrumb\"},\"inLanguage\":\"en-US\",\"potentialAction\":[{\"@type\":\"ReadAction\",\"target\":[\"https:\/\/www.visit-ulcinj.com\/blog\/2016\/09\/29\/neser-simpoziumi-shkencor-per-kalane-e-ulqinit\/\"]}]},{\"@type\":\"BreadcrumbList\",\"@id\":\"https:\/\/www.visit-ulcinj.com\/blog\/2016\/09\/29\/neser-simpoziumi-shkencor-per-kalane-e-ulqinit\/#breadcrumb\",\"itemListElement\":[{\"@type\":\"ListItem\",\"position\":1,\"name\":\"Nes\u00ebr simpoziumi shkencor p\u00ebr Kalan\u00eb e Ulqinit &#8211; Video\"}]},{\"@type\":\"Person\",\"@id\":\"https:\/\/www.visit-ulcinj.com\/blog\/#\/schema\/person\/dcab619c614d3038751c63bc2aadc06d\",\"name\":\"ulqini\",\"sameAs\":[\"http:\/\/www.visit-ulcinj.com\"],\"url\":\"https:\/\/www.visit-ulcinj.com\/blog\/author\/admin\/\"}]}<\/script>\n<!-- \/ Yoast SEO plugin. -->","yoast_head_json":{"title":"Nes\u00ebr simpoziumi shkencor p\u00ebr Kalan\u00eb e Ulqinit - Video - Lajme nga Ulqini","description":"Organizacioni kryesor i k\u00ebtij Simpoziumi \u00ebsht\u00eb Fondacioni kulturor Amerikano - Shqiptar nga Amerika, nga Njujorku n\u00eb krye me zotri Cafo BOG\u00cbN. Cafin e","robots":{"index":"index","follow":"follow","max-snippet":"max-snippet:-1","max-image-preview":"max-image-preview:large","max-video-preview":"max-video-preview:-1"},"canonical":"https:\/\/www.visit-ulcinj.com\/blog\/2016\/09\/29\/neser-simpoziumi-shkencor-per-kalane-e-ulqinit\/","og_locale":"en_US","og_type":"article","og_title":"Nes\u00ebr simpoziumi shkencor p\u00ebr Kalan\u00eb e Ulqinit - Video - Lajme nga Ulqini","og_description":"Organizacioni kryesor i k\u00ebtij Simpoziumi \u00ebsht\u00eb Fondacioni kulturor Amerikano - Shqiptar nga Amerika, nga Njujorku n\u00eb krye me zotri Cafo BOG\u00cbN. Cafin e","og_url":"https:\/\/www.visit-ulcinj.com\/blog\/2016\/09\/29\/neser-simpoziumi-shkencor-per-kalane-e-ulqinit\/","og_site_name":"Lajme nga Ulqini","article_published_time":"2016-09-29T17:10:03+00:00","article_modified_time":"2016-09-30T14:53:07+00:00","og_image":[{"url":"http:\/\/www.visit-ulcinj.com\/blog\/wp-content\/uploads\/2016\/09\/Cafo-Boga-Ulqin.jpg"}],"twitter_misc":{"Written by":"ulqini","Est. reading time":"2 minutes"},"schema":{"@context":"https:\/\/schema.org","@graph":[{"@type":"WebSite","@id":"https:\/\/www.visit-ulcinj.com\/blog\/#website","url":"https:\/\/www.visit-ulcinj.com\/blog\/","name":"Lajme nga Ulqini","description":"Lajme,Vijesti,Ulqini,Ulqin,Crna Gora,Mali i Zi","potentialAction":[{"@type":"SearchAction","target":{"@type":"EntryPoint","urlTemplate":"https:\/\/www.visit-ulcinj.com\/blog\/?s={search_term_string}"},"query-input":"required name=search_term_string"}],"inLanguage":"en-US"},{"@type":"ImageObject","inLanguage":"en-US","@id":"https:\/\/www.visit-ulcinj.com\/blog\/2016\/09\/29\/neser-simpoziumi-shkencor-per-kalane-e-ulqinit\/#primaryimage","url":"https:\/\/www.visit-ulcinj.com\/blog\/wp-content\/uploads\/2016\/09\/Cafo-Boga-Ulqin.jpg","contentUrl":"https:\/\/www.visit-ulcinj.com\/blog\/wp-content\/uploads\/2016\/09\/Cafo-Boga-Ulqin.jpg","width":500,"height":750},{"@type":"WebPage","@id":"https:\/\/www.visit-ulcinj.com\/blog\/2016\/09\/29\/neser-simpoziumi-shkencor-per-kalane-e-ulqinit\/#webpage","url":"https:\/\/www.visit-ulcinj.com\/blog\/2016\/09\/29\/neser-simpoziumi-shkencor-per-kalane-e-ulqinit\/","name":"Nes\u00ebr simpoziumi shkencor p\u00ebr Kalan\u00eb e Ulqinit - Video - Lajme nga Ulqini","isPartOf":{"@id":"https:\/\/www.visit-ulcinj.com\/blog\/#website"},"primaryImageOfPage":{"@id":"https:\/\/www.visit-ulcinj.com\/blog\/2016\/09\/29\/neser-simpoziumi-shkencor-per-kalane-e-ulqinit\/#primaryimage"},"datePublished":"2016-09-29T17:10:03+00:00","dateModified":"2016-09-30T14:53:07+00:00","author":{"@id":"https:\/\/www.visit-ulcinj.com\/blog\/#\/schema\/person\/dcab619c614d3038751c63bc2aadc06d"},"description":"Organizacioni kryesor i k\u00ebtij Simpoziumi \u00ebsht\u00eb Fondacioni kulturor Amerikano - Shqiptar nga Amerika, nga Njujorku n\u00eb krye me zotri Cafo BOG\u00cbN. Cafin e","breadcrumb":{"@id":"https:\/\/www.visit-ulcinj.com\/blog\/2016\/09\/29\/neser-simpoziumi-shkencor-per-kalane-e-ulqinit\/#breadcrumb"},"inLanguage":"en-US","potentialAction":[{"@type":"ReadAction","target":["https:\/\/www.visit-ulcinj.com\/blog\/2016\/09\/29\/neser-simpoziumi-shkencor-per-kalane-e-ulqinit\/"]}]},{"@type":"BreadcrumbList","@id":"https:\/\/www.visit-ulcinj.com\/blog\/2016\/09\/29\/neser-simpoziumi-shkencor-per-kalane-e-ulqinit\/#breadcrumb","itemListElement":[{"@type":"ListItem","position":1,"name":"Nes\u00ebr simpoziumi shkencor p\u00ebr Kalan\u00eb e Ulqinit &#8211; Video"}]},{"@type":"Person","@id":"https:\/\/www.visit-ulcinj.com\/blog\/#\/schema\/person\/dcab619c614d3038751c63bc2aadc06d","name":"ulqini","sameAs":["http:\/\/www.visit-ulcinj.com"],"url":"https:\/\/www.visit-ulcinj.com\/blog\/author\/admin\/"}]}},"jetpack_featured_media_url":"","jetpack_sharing_enabled":true,"jetpack_shortlink":"https:\/\/wp.me\/pe6lTn-q1O","_links":{"self":[{"href":"https:\/\/www.visit-ulcinj.com\/blog\/wp-json\/wp\/v2\/posts\/100056"}],"collection":[{"href":"https:\/\/www.visit-ulcinj.com\/blog\/wp-json\/wp\/v2\/posts"}],"about":[{"href":"https:\/\/www.visit-ulcinj.com\/blog\/wp-json\/wp\/v2\/types\/post"}],"author":[{"embeddable":true,"href":"https:\/\/www.visit-ulcinj.com\/blog\/wp-json\/wp\/v2\/users\/1"}],"replies":[{"embeddable":true,"href":"https:\/\/www.visit-ulcinj.com\/blog\/wp-json\/wp\/v2\/comments?post=100056"}],"version-history":[{"count":3,"href":"https:\/\/www.visit-ulcinj.com\/blog\/wp-json\/wp\/v2\/posts\/100056\/revisions"}],"predecessor-version":[{"id":100078,"href":"https:\/\/www.visit-ulcinj.com\/blog\/wp-json\/wp\/v2\/posts\/100056\/revisions\/100078"}],"wp:attachment":[{"href":"https:\/\/www.visit-ulcinj.com\/blog\/wp-json\/wp\/v2\/media?parent=100056"}],"wp:term":[{"taxonomy":"category","embeddable":true,"href":"https:\/\/www.visit-ulcinj.com\/blog\/wp-json\/wp\/v2\/categories?post=100056"},{"taxonomy":"post_tag","embeddable":true,"href":"https:\/\/www.visit-ulcinj.com\/blog\/wp-json\/wp\/v2\/tags?post=100056"}],"curies":[{"name":"wp","href":"https:\/\/api.w.org\/{rel}","templated":true}]}}