{"id":100066,"date":"2016-09-30T13:57:01","date_gmt":"2016-09-30T12:57:01","guid":{"rendered":"http:\/\/www.visit-ulcinj.com\/blog\/?p=100066"},"modified":"2016-09-30T13:57:01","modified_gmt":"2016-09-30T12:57:01","slug":"ulcinj-na-sajmu-turizma-u-novom-sada","status":"publish","type":"post","link":"https:\/\/www.visit-ulcinj.com\/blog\/2016\/09\/30\/ulcinj-na-sajmu-turizma-u-novom-sada\/","title":{"rendered":"TO Ulcinj  na sajmu turizma u Novom Sada"},"content":{"rendered":"<p style=\"text-align: center;\"><strong><a href=\"http:\/\/www.visit-ulcinj.com\/blog\/wp-content\/uploads\/2016\/09\/Ulqini-n\u00eb-Panairin-e-Turizmit-n\u00eb-Novi-Sad-1.jpg\"><img loading=\"lazy\" class=\"alignleft wp-image-100067\" src=\"http:\/\/www.visit-ulcinj.com\/blog\/wp-content\/uploads\/2016\/09\/Ulqini-n\u00eb-Panairin-e-Turizmit-n\u00eb-Novi-Sad-1.jpg\" alt=\"Ulqini  n\u00eb Panairin e Turizmit n\u00eb Novi Sad-1\" width=\"508\" height=\"381\" srcset=\"https:\/\/www.visit-ulcinj.com\/blog\/wp-content\/uploads\/2016\/09\/Ulqini-n\u00eb-Panairin-e-Turizmit-n\u00eb-Novi-Sad-1.jpg 864w, https:\/\/www.visit-ulcinj.com\/blog\/wp-content\/uploads\/2016\/09\/Ulqini-n\u00eb-Panairin-e-Turizmit-n\u00eb-Novi-Sad-1-300x225.jpg 300w, https:\/\/www.visit-ulcinj.com\/blog\/wp-content\/uploads\/2016\/09\/Ulqini-n\u00eb-Panairin-e-Turizmit-n\u00eb-Novi-Sad-1-768x576.jpg 768w\" sizes=\"(max-width: 508px) 100vw, 508px\" \/><\/a>Sajam u Novom Sadu 29.09 \u2013 01.10.2016<\/strong><\/p>\n<p>Nacionalna turisti\u010dka organizacija Crne Gore u saradnji sa lokalnim turisti\u010dkim organizacijama predstavlja svoju ponudu na 49.medjunarodnom sajmu turizma koji se odr\u017eava u Novom Sadu u periodu od 29. septembra do 1.oktobra 2016.g. U ime Crne Gore, koja je drugu godinu za redom zemlja partner ovog sajma, na ceremoniji sve\u010danog otvaranja prisutnima se obratio Ambasador Crne Gore u Srbiji Branislav Mi\u0107unovi\u0107. Nakon toga sajam je zvani\u010dno otvorio potpredsjednik Vlade i ministar trgovine, turizma i telekomunikacija u Vladi Srbije Rasim Ljaji\u0107.<\/p>\n<p>Turisti\u010dka ponuda Crne Gore bi\u0107e predstavljena na zajedni\u010dkom prostoru od 200 m2 u okviru kojeg nastupa i Turisti\u010dka organizacija Ulcinj.<\/p>\n<p>Turisti\u010dka Organizacija Ulcinj nastupa na sajmu u Novom Sadu po \u010detvrti put uz predstavljanje raznovrsnog materijala, a pored primorskih Op\u0161tina Tivta, Bara, Budve, Kotora svoju ponudu predstavljaju i organizacije iz Podgorice, \u017dabljaka, Kola\u0161ina, Nik\u0161i\u0107a, Berana, Mojkovca i Bijelog Polja.<\/p>\n<p>&nbsp;<\/p>\n<p>Me\u0111unarodni sajam turizma u Novom Sadu promovi\u0161e aktuelne turisti\u010dke destinacije i klastere, zdravstvenog, rekreativnog, rurarnog, gradskog , eko i etno turizma<\/p>\n<p>&nbsp;<\/p>\n<p>Kad su turisti iz Srbije u pitanju, po broju realizovanih no\u0107enja zauzimaju zna\u010dajno mjesto tako da mo\u017eemo re\u0107i da je za Ulcinj srbijansko tr\u017ei\u0161te veoma bitno. Sljede\u0107i veliki sajam u Srbiji na kojem Turisti\u010dka Organizacija Ulcinj planira nastup, je sajam u Beogradu u 2017.godini.<\/p>\n<p>&nbsp;<\/p>\n<p>Stru\u010dna slu\u017eba TO Ulcinj<\/p>\n","protected":false},"excerpt":{"rendered":"<p>Sajam u Novom Sadu 29.09 \u2013 01.10.2016 Nacionalna turisti\u010dka organizacija Crne Gore u saradnji sa lokalnim turisti\u010dkim organizacijama predstavlja svoju ponudu na 49.medjunarodnom sajmu turizma koji se odr\u017eava u Novom Sadu u periodu od 29. septembra do 1.oktobra 2016.g. U ime Crne Gore, koja je drugu godinu za redom zemlja partner ovog sajma, na ceremoniji [&hellip;]<\/p>\n","protected":false},"author":1,"featured_media":0,"comment_status":"closed","ping_status":"closed","sticky":false,"template":"","format":"standard","meta":{"spay_email":"","jetpack_publicize_message":"","jetpack_is_tweetstorm":false,"jetpack_publicize_feature_enabled":true},"categories":[8337],"tags":[],"jetpack_publicize_connections":[],"yoast_head":"<!-- This site is optimized with the Yoast SEO plugin v19.1 - https:\/\/yoast.com\/wordpress\/plugins\/seo\/ -->\n<title>TO Ulcinj na sajmu turizma u Novom Sada - Lajme nga Ulqini<\/title>\n<meta name=\"description\" content=\"Sajam u Novom Sadu 29.09 \u2013 01.10.2016 Nacionalna turisti\u010dka organizacija Crne Gore u saradnji sa lokalnim turisti\u010dkim organizacijama predstavlja svoju\" \/>\n<meta name=\"robots\" content=\"index, follow, max-snippet:-1, max-image-preview:large, max-video-preview:-1\" \/>\n<link rel=\"canonical\" href=\"https:\/\/www.visit-ulcinj.com\/blog\/2016\/09\/30\/ulcinj-na-sajmu-turizma-u-novom-sada\/\" \/>\n<meta property=\"og:locale\" content=\"en_US\" \/>\n<meta property=\"og:type\" content=\"article\" \/>\n<meta property=\"og:title\" content=\"TO Ulcinj na sajmu turizma u Novom Sada - Lajme nga Ulqini\" \/>\n<meta property=\"og:description\" content=\"Sajam u Novom Sadu 29.09 \u2013 01.10.2016 Nacionalna turisti\u010dka organizacija Crne Gore u saradnji sa lokalnim turisti\u010dkim organizacijama predstavlja svoju\" \/>\n<meta property=\"og:url\" content=\"https:\/\/www.visit-ulcinj.com\/blog\/2016\/09\/30\/ulcinj-na-sajmu-turizma-u-novom-sada\/\" \/>\n<meta property=\"og:site_name\" content=\"Lajme nga Ulqini\" \/>\n<meta property=\"article:published_time\" content=\"2016-09-30T12:57:01+00:00\" \/>\n<meta name=\"twitter:label1\" content=\"Written by\" \/>\n\t<meta name=\"twitter:data1\" content=\"ulqini\" \/>\n\t<meta name=\"twitter:label2\" content=\"Est. reading time\" \/>\n\t<meta name=\"twitter:data2\" content=\"1 minute\" \/>\n<script type=\"application\/ld+json\" class=\"yoast-schema-graph\">{\"@context\":\"https:\/\/schema.org\",\"@graph\":[{\"@type\":\"WebSite\",\"@id\":\"https:\/\/www.visit-ulcinj.com\/blog\/#website\",\"url\":\"https:\/\/www.visit-ulcinj.com\/blog\/\",\"name\":\"Lajme nga Ulqini\",\"description\":\"Lajme,Vijesti,Ulqini,Ulqin,Crna Gora,Mali i Zi\",\"potentialAction\":[{\"@type\":\"SearchAction\",\"target\":{\"@type\":\"EntryPoint\",\"urlTemplate\":\"https:\/\/www.visit-ulcinj.com\/blog\/?s={search_term_string}\"},\"query-input\":\"required name=search_term_string\"}],\"inLanguage\":\"en-US\"},{\"@type\":\"WebPage\",\"@id\":\"https:\/\/www.visit-ulcinj.com\/blog\/2016\/09\/30\/ulcinj-na-sajmu-turizma-u-novom-sada\/#webpage\",\"url\":\"https:\/\/www.visit-ulcinj.com\/blog\/2016\/09\/30\/ulcinj-na-sajmu-turizma-u-novom-sada\/\",\"name\":\"TO Ulcinj na sajmu turizma u Novom Sada - Lajme nga Ulqini\",\"isPartOf\":{\"@id\":\"https:\/\/www.visit-ulcinj.com\/blog\/#website\"},\"datePublished\":\"2016-09-30T12:57:01+00:00\",\"dateModified\":\"2016-09-30T12:57:01+00:00\",\"author\":{\"@id\":\"https:\/\/www.visit-ulcinj.com\/blog\/#\/schema\/person\/dcab619c614d3038751c63bc2aadc06d\"},\"description\":\"Sajam u Novom Sadu 29.09 \u2013 01.10.2016 Nacionalna turisti\u010dka organizacija Crne Gore u saradnji sa lokalnim turisti\u010dkim organizacijama predstavlja svoju\",\"breadcrumb\":{\"@id\":\"https:\/\/www.visit-ulcinj.com\/blog\/2016\/09\/30\/ulcinj-na-sajmu-turizma-u-novom-sada\/#breadcrumb\"},\"inLanguage\":\"en-US\",\"potentialAction\":[{\"@type\":\"ReadAction\",\"target\":[\"https:\/\/www.visit-ulcinj.com\/blog\/2016\/09\/30\/ulcinj-na-sajmu-turizma-u-novom-sada\/\"]}]},{\"@type\":\"BreadcrumbList\",\"@id\":\"https:\/\/www.visit-ulcinj.com\/blog\/2016\/09\/30\/ulcinj-na-sajmu-turizma-u-novom-sada\/#breadcrumb\",\"itemListElement\":[{\"@type\":\"ListItem\",\"position\":1,\"name\":\"TO Ulcinj na sajmu turizma u Novom Sada\"}]},{\"@type\":\"Person\",\"@id\":\"https:\/\/www.visit-ulcinj.com\/blog\/#\/schema\/person\/dcab619c614d3038751c63bc2aadc06d\",\"name\":\"ulqini\",\"sameAs\":[\"http:\/\/www.visit-ulcinj.com\"],\"url\":\"https:\/\/www.visit-ulcinj.com\/blog\/author\/admin\/\"}]}<\/script>\n<!-- \/ Yoast SEO plugin. -->","yoast_head_json":{"title":"TO Ulcinj na sajmu turizma u Novom Sada - Lajme nga Ulqini","description":"Sajam u Novom Sadu 29.09 \u2013 01.10.2016 Nacionalna turisti\u010dka organizacija Crne Gore u saradnji sa lokalnim turisti\u010dkim organizacijama predstavlja svoju","robots":{"index":"index","follow":"follow","max-snippet":"max-snippet:-1","max-image-preview":"max-image-preview:large","max-video-preview":"max-video-preview:-1"},"canonical":"https:\/\/www.visit-ulcinj.com\/blog\/2016\/09\/30\/ulcinj-na-sajmu-turizma-u-novom-sada\/","og_locale":"en_US","og_type":"article","og_title":"TO Ulcinj na sajmu turizma u Novom Sada - Lajme nga Ulqini","og_description":"Sajam u Novom Sadu 29.09 \u2013 01.10.2016 Nacionalna turisti\u010dka organizacija Crne Gore u saradnji sa lokalnim turisti\u010dkim organizacijama predstavlja svoju","og_url":"https:\/\/www.visit-ulcinj.com\/blog\/2016\/09\/30\/ulcinj-na-sajmu-turizma-u-novom-sada\/","og_site_name":"Lajme nga Ulqini","article_published_time":"2016-09-30T12:57:01+00:00","twitter_misc":{"Written by":"ulqini","Est. reading time":"1 minute"},"schema":{"@context":"https:\/\/schema.org","@graph":[{"@type":"WebSite","@id":"https:\/\/www.visit-ulcinj.com\/blog\/#website","url":"https:\/\/www.visit-ulcinj.com\/blog\/","name":"Lajme nga Ulqini","description":"Lajme,Vijesti,Ulqini,Ulqin,Crna Gora,Mali i Zi","potentialAction":[{"@type":"SearchAction","target":{"@type":"EntryPoint","urlTemplate":"https:\/\/www.visit-ulcinj.com\/blog\/?s={search_term_string}"},"query-input":"required name=search_term_string"}],"inLanguage":"en-US"},{"@type":"WebPage","@id":"https:\/\/www.visit-ulcinj.com\/blog\/2016\/09\/30\/ulcinj-na-sajmu-turizma-u-novom-sada\/#webpage","url":"https:\/\/www.visit-ulcinj.com\/blog\/2016\/09\/30\/ulcinj-na-sajmu-turizma-u-novom-sada\/","name":"TO Ulcinj na sajmu turizma u Novom Sada - Lajme nga Ulqini","isPartOf":{"@id":"https:\/\/www.visit-ulcinj.com\/blog\/#website"},"datePublished":"2016-09-30T12:57:01+00:00","dateModified":"2016-09-30T12:57:01+00:00","author":{"@id":"https:\/\/www.visit-ulcinj.com\/blog\/#\/schema\/person\/dcab619c614d3038751c63bc2aadc06d"},"description":"Sajam u Novom Sadu 29.09 \u2013 01.10.2016 Nacionalna turisti\u010dka organizacija Crne Gore u saradnji sa lokalnim turisti\u010dkim organizacijama predstavlja svoju","breadcrumb":{"@id":"https:\/\/www.visit-ulcinj.com\/blog\/2016\/09\/30\/ulcinj-na-sajmu-turizma-u-novom-sada\/#breadcrumb"},"inLanguage":"en-US","potentialAction":[{"@type":"ReadAction","target":["https:\/\/www.visit-ulcinj.com\/blog\/2016\/09\/30\/ulcinj-na-sajmu-turizma-u-novom-sada\/"]}]},{"@type":"BreadcrumbList","@id":"https:\/\/www.visit-ulcinj.com\/blog\/2016\/09\/30\/ulcinj-na-sajmu-turizma-u-novom-sada\/#breadcrumb","itemListElement":[{"@type":"ListItem","position":1,"name":"TO Ulcinj na sajmu turizma u Novom Sada"}]},{"@type":"Person","@id":"https:\/\/www.visit-ulcinj.com\/blog\/#\/schema\/person\/dcab619c614d3038751c63bc2aadc06d","name":"ulqini","sameAs":["http:\/\/www.visit-ulcinj.com"],"url":"https:\/\/www.visit-ulcinj.com\/blog\/author\/admin\/"}]}},"jetpack_featured_media_url":"","jetpack_sharing_enabled":true,"jetpack_shortlink":"https:\/\/wp.me\/pe6lTn-q1Y","_links":{"self":[{"href":"https:\/\/www.visit-ulcinj.com\/blog\/wp-json\/wp\/v2\/posts\/100066"}],"collection":[{"href":"https:\/\/www.visit-ulcinj.com\/blog\/wp-json\/wp\/v2\/posts"}],"about":[{"href":"https:\/\/www.visit-ulcinj.com\/blog\/wp-json\/wp\/v2\/types\/post"}],"author":[{"embeddable":true,"href":"https:\/\/www.visit-ulcinj.com\/blog\/wp-json\/wp\/v2\/users\/1"}],"replies":[{"embeddable":true,"href":"https:\/\/www.visit-ulcinj.com\/blog\/wp-json\/wp\/v2\/comments?post=100066"}],"version-history":[{"count":1,"href":"https:\/\/www.visit-ulcinj.com\/blog\/wp-json\/wp\/v2\/posts\/100066\/revisions"}],"predecessor-version":[{"id":100068,"href":"https:\/\/www.visit-ulcinj.com\/blog\/wp-json\/wp\/v2\/posts\/100066\/revisions\/100068"}],"wp:attachment":[{"href":"https:\/\/www.visit-ulcinj.com\/blog\/wp-json\/wp\/v2\/media?parent=100066"}],"wp:term":[{"taxonomy":"category","embeddable":true,"href":"https:\/\/www.visit-ulcinj.com\/blog\/wp-json\/wp\/v2\/categories?post=100066"},{"taxonomy":"post_tag","embeddable":true,"href":"https:\/\/www.visit-ulcinj.com\/blog\/wp-json\/wp\/v2\/tags?post=100066"}],"curies":[{"name":"wp","href":"https:\/\/api.w.org\/{rel}","templated":true}]}}