{"id":100071,"date":"2016-09-30T14:17:37","date_gmt":"2016-09-30T13:17:37","guid":{"rendered":"http:\/\/www.visit-ulcinj.com\/blog\/?p=100071"},"modified":"2016-09-30T14:17:37","modified_gmt":"2016-09-30T13:17:37","slug":"nika-organizata-turistike-ne-sherbim-te-asimilimit-dhe-sllavizimit-shih-harten","status":"publish","type":"post","link":"https:\/\/www.visit-ulcinj.com\/blog\/2016\/09\/30\/nika-organizata-turistike-ne-sherbim-te-asimilimit-dhe-sllavizimit-shih-harten\/","title":{"rendered":"Nika: Organizata turistike n\u00eb sh\u00ebrbim t\u00eb asimilimit dhe sllavizimit &#8211; shih hart\u00ebn ?!!"},"content":{"rendered":"<p><strong><em>Shkruan Muhamet Nika <\/em><\/strong><\/p>\n<p>Kush do q\u00eb ka kaluar\u00a0 pran\u00eb \u00a0k\u00ebtij\u00a0 institucioni , ka\u00a0 v\u00ebn\u00eb re\u00a0 se n\u00eb hyrje t\u00eb tij \u00ebsht\u00eb\u00a0 vendosur nj\u00eb hart\u00eb muri \u2013 demek e shkruar shqip e serbisht \u00a0NJ\u00cbKOH\u00cbSISHT\u00a0 \u00a0, q\u00eb reflekton \u00a0mesazhe \u00a0analfabetizmi t\u00eb qart\u00eb\u00a0\u00a0 n\u00eb favor\u00a0 t\u00eb \u00a0asimilimit t\u00eb mikro toponimis\u00eb shqiptare( emrave t\u00eb vendeve) \u00a0\u00a0n\u00eb llogari t\u00eb gjuh\u00ebs serbe. ..?!!<\/p>\n<p>Mir\u00eb e tha dikush detajet \u00a0jan\u00eb \u00a0t\u00eb r\u00ebnd\u00ebsishme , nga detajet del tablloja- piktura&#8230;. , dhe ne\u00a0 p\u00ebr tu bindur n\u00eb k\u00ebt\u00eb , \u00a0po analizojm\u00eb disa detaje t\u00eb deformimeve\u00a0 t\u00eb shqipes me natyrshm\u00ebri t\u00eb serbishtes&#8230;?!Pra nuk po flasim \u00a0p\u00ebr gjith\u00eb hart\u00ebn (gabimet e saj q\u00eb jan\u00eb skajshm\u00ebrisht t\u00eb shumta), por \u00a0po ndalemi , te \u00a0shkrimi\u00a0 dhe p\u00ebrkthimi \u00a0i disa em\u00ebrtimeve , si\u00a0 p\u00ebr shembull &#8211; \u00a0mikro toponimit Kalaja , i cili serbisht na del si Stari grad( q\u00eb \u00ebsht\u00eb pun\u00eb e tyre se si e quajn\u00eb at\u00eb..), por ne, \u00a0n\u00eb se i rrim\u00eb besnik\u00eb\u00a0 natyrshm\u00ebris\u00eb\u00a0 shqipe , at\u00ebher\u00eb \u00ebsht\u00eb dashur ta shkruajm\u00eb ashtu \u00a0si e quajn\u00eb \u00a0vendasit, \u00a0Kalaja \u2013 e banor\u00ebt e saj t\u00eb quhen \u00a0KALALI\u00a0 dhe ase si ndryshe?!<\/p>\n<p>Pra kur p\u00ebrkthejm\u00eb prej serbishtes shqip, shqiptar\u00ebve duhet tu tregojm\u00eb se e\u00a0 dim\u00eb shqipen e jo serbishten( t\u00eb shkret\u00ebn , q\u00eb e thajm\u00eb..)?! \u2013 Kjo form\u00eb e p\u00ebrkthimit\u00a0 \u00a0n\u00eb gjuh\u00ebsi , ndryshe \u00a0quhet kalk dhe nuk vlen p\u00ebrkthim i drejt ..?!!<\/p>\n<p><a href=\"http:\/\/www.visit-ulcinj.com\/blog\/wp-content\/uploads\/2016\/09\/Asimilimi-dhe-sllavizmi-i-kartave-te-Ulqinit.jpg\"><img loading=\"lazy\" class=\"alignleft wp-image-100072\" src=\"http:\/\/www.visit-ulcinj.com\/blog\/wp-content\/uploads\/2016\/09\/Asimilimi-dhe-sllavizmi-i-kartave-te-Ulqinit.jpg\" alt=\"Asimilimi dhe sllavizmi i kartave te Ulqinit\" width=\"508\" height=\"441\" srcset=\"https:\/\/www.visit-ulcinj.com\/blog\/wp-content\/uploads\/2016\/09\/Asimilimi-dhe-sllavizmi-i-kartave-te-Ulqinit.jpg 351w, https:\/\/www.visit-ulcinj.com\/blog\/wp-content\/uploads\/2016\/09\/Asimilimi-dhe-sllavizmi-i-kartave-te-Ulqinit-300x261.jpg 300w\" sizes=\"(max-width: 508px) 100vw, 508px\" \/><\/a><\/p>\n<p>Ecim m\u00eb tej&#8230;., n\u00eb\u00a0 nj\u00eb vend \u00a0t\u00eb caktuar jepet\u00a0 titulli dhe adresa e institucionit\u00a0 q\u00eb i rri pas , \u00a0n\u00eb gjuh\u00ebn malazeze , q\u00eb ndoshta \u00ebsht\u00eb OKEJ&#8230;, p\u00ebr t\u00eb vazhduar me \u00a0nj\u00eb p\u00ebrkthim vaj halli &#8230;, dhe :\u00a0 <strong>\u201c O ku ku o n\u00ebna ime\u00a0 dhe n\u00ebna e bab\u00ebs&#8230;\u201d?!<\/strong> Ku del se \u00a0gjithashtu p\u00ebrkthimi \u00ebsht\u00eb b\u00ebr\u00eb sipas \u201c pravopisit- drejtshkrimit &#8211; \u00a0hala\u00a0 t\u00eb pa normuar t\u00eb\u00a0\u00a0 gjuh\u00ebs malazeze, pa nevoj\u00eb dhe n\u00eb kund\u00ebrshtim m standardin drejtshkrimor\u00a0 t\u00eb shqipes , n\u00eb aplikim qysh n\u00eb shekullin e kaluar (1974)?!!<\/p>\n<p>&nbsp;<\/p>\n<p>Shih p\u00ebr shembull \u00a0rastin \u2013 \u00a0e\u00a0 shkruar \u201c e bardh\u00eb\u00a0 mbi t\u00eb zez\u00eb \u201c si n\u00eb fotografi \u2013 \u00a0\u00a0emri serbisht karta, p\u00ebrkthehet\u00a0 nj\u00ebjt\u00eb karta dhe jo si e k\u00ebrkon shqipja harta&#8230; ?!<\/p>\n<p>Gjithashtu\u00a0 mbahet \u00a0leht\u00eb\u00a0 mend , n\u00eb gjuh\u00ebn shqipe \u201c ime i prezime \u2013 emri dhe mbiemri \u201c, \u00a0shkruhen \u00a0te dyja me shkronja t\u00eb m\u00ebdha \u00a0\u00a0dhe jo si n\u00eb serbisht \u201c Turisti\u010dka organizacija \u2013 Shqip\u00a0 do\u00a0 duhej t\u00eb shkruhej \u201c\u00a0 Organizata Turistike n\u00eb \u00a0Ulqin?! E jo k\u00ebshtu si na vjen \u00a0n\u00eb fotogrfin\u00eb m\u00eb posht\u00eb:<\/p>\n<p><a href=\"http:\/\/www.visit-ulcinj.com\/blog\/wp-content\/uploads\/2016\/09\/Asimilimi-dhe-sllavizmi-i-kartave-te-Ulqinit-1.jpg\"><img loading=\"lazy\" class=\"alignleft wp-image-100073\" src=\"http:\/\/www.visit-ulcinj.com\/blog\/wp-content\/uploads\/2016\/09\/Asimilimi-dhe-sllavizmi-i-kartave-te-Ulqinit-1.jpg\" alt=\"Asimilimi dhe sllavizmi i kartave te Ulqinit-1\" width=\"508\" height=\"381\" srcset=\"https:\/\/www.visit-ulcinj.com\/blog\/wp-content\/uploads\/2016\/09\/Asimilimi-dhe-sllavizmi-i-kartave-te-Ulqinit-1.jpg 623w, https:\/\/www.visit-ulcinj.com\/blog\/wp-content\/uploads\/2016\/09\/Asimilimi-dhe-sllavizmi-i-kartave-te-Ulqinit-1-300x225.jpg 300w\" sizes=\"(max-width: 508px) 100vw, 508px\" \/><\/a><\/p>\n<p>Pastaj edhe p\u00ebr\u00a0\u00a0 Bulevar- shqip duhet t\u00eb \u00a0thuhet\u00a0 \u00a0i shqiptuar \u00a0Bulevardi&#8230;?! Nga se shqipja , p\u00ebr dallim prej serbishtes\u00a0 q\u00eb\u00a0 njeh\u00a0 vet\u00ebm form\u00ebn e shquar t\u00eb emrave , kjo \u00a0njeh edhe \u00a0form\u00ebn e\u00a0 pa shquar \u00a0( bulevard) dhe t\u00eb shquar (bulevard i )<\/p>\n<p>\u201c <strong>O n\u00ebna \u00a0e n\u00ebn\u00ebs time dhe n\u00ebna e bab\u00ebs tim&#8230;&#8230;.,\u201d po ku din\u00eb k\u00ebta \u00a0more &#8211; \u00a0p\u00ebr\u00a0 drejtshkrim\u00a0 t\u00eb shqipes dhe\u00a0 Kongres Drejtshkrimor t\u00eb saj dhe kush mori pjes\u00eb si delegat\u00a0 p\u00ebr\u00a0 Ulqin e Tivar- \u00a0p.sh. \u00a0mr Ismail\u00a0 Doda&#8230;?<\/strong>!<\/p>\n<p><a href=\"http:\/\/www.visit-ulcinj.com\/blog\/wp-content\/uploads\/2016\/09\/Asimilimi-dhe-sllavizmi-i-kartave-te-Ulqinit-2.jpg\"><img loading=\"lazy\" class=\"alignleft wp-image-100074\" src=\"http:\/\/www.visit-ulcinj.com\/blog\/wp-content\/uploads\/2016\/09\/Asimilimi-dhe-sllavizmi-i-kartave-te-Ulqinit-2.jpg\" alt=\"Asimilimi dhe sllavizmi i kartave te Ulqinit-2\" width=\"508\" height=\"342\" srcset=\"https:\/\/www.visit-ulcinj.com\/blog\/wp-content\/uploads\/2016\/09\/Asimilimi-dhe-sllavizmi-i-kartave-te-Ulqinit-2.jpg 623w, https:\/\/www.visit-ulcinj.com\/blog\/wp-content\/uploads\/2016\/09\/Asimilimi-dhe-sllavizmi-i-kartave-te-Ulqinit-2-300x202.jpg 300w\" sizes=\"(max-width: 508px) 100vw, 508px\" \/><\/a><\/p>\n<p>Tjet\u00ebr, mos kujtoni se k\u00ebto pun\u00eb \u00a0b\u00ebhen \u00a0prej pa dijes , ashtu si mendova\u00a0 dhe \u00a0vet\u00eb, por \u00a0t\u00eb \u00a0gjitha k\u00ebta kan\u00eb nj\u00eb prapavij\u00eb t\u00eb caktuar.<\/p>\n<p>Shih deri ku shkojn\u00eb\u00a0 hijet\u00a0 e prapavij\u00ebs s\u00eb ndikimit, p.sh \u00a0edhe emri i qytetit\u00a0 i shkruar n\u00eb\u00a0 manifestimin folklorik t\u00eb para do dit\u00ebve D olcinium\u00a0, na\u00a0 del\u00a0 edhe si \u00a0firm\u00eb kafeje \u2013 shih n\u00eb fotografi, kuptohet po themi ( me \u00a0kusht&#8230;) sepse \u00a0\u00ebsht\u00eb e drejt\u00eb e gjith\u00eb kuajt \u00a0ta quaj si t\u00eb doj\u00eb&#8230;, por kur b\u00ebhet fjal\u00eb p\u00ebr \u00a0manifestime \u00a0publike dhe \u00a0me para t\u00eb taksa paguesve , at\u00eb her\u00eb\u00a0 \u00a0p\u00ebr\u00e7udnimet\u00a0\u00a0 asimiluese nuk mund t\u00eb\u00a0 propagandohen me para t\u00eb bashk\u00ebsis\u00eb\u00a0 s\u00eb qytetit e n\u00eb kund\u00ebrshtim\u00a0 me statut t\u00eb emrit Ulqin ?!<\/p>\n<p><a href=\"http:\/\/www.visit-ulcinj.com\/blog\/wp-content\/uploads\/2016\/09\/Asimilimi-dhe-sllavizmi-i-kartave-te-Ulqinit-3.jpg\"><img loading=\"lazy\" class=\"alignleft wp-image-100075\" src=\"http:\/\/www.visit-ulcinj.com\/blog\/wp-content\/uploads\/2016\/09\/Asimilimi-dhe-sllavizmi-i-kartave-te-Ulqinit-3.jpg\" alt=\"Asimilimi dhe sllavizmi i kartave te Ulqinit-3\" width=\"508\" height=\"381\" srcset=\"https:\/\/www.visit-ulcinj.com\/blog\/wp-content\/uploads\/2016\/09\/Asimilimi-dhe-sllavizmi-i-kartave-te-Ulqinit-3.jpg 623w, https:\/\/www.visit-ulcinj.com\/blog\/wp-content\/uploads\/2016\/09\/Asimilimi-dhe-sllavizmi-i-kartave-te-Ulqinit-3-300x225.jpg 300w\" sizes=\"(max-width: 508px) 100vw, 508px\" \/><\/a><\/p>\n<p>Inshalla\u00a0\u00a0 forma e emrit D \u00a0OLCINIUM, nuk\u00a0 dominon \u00a0edhe \u00a0nes\u00ebr \u00a0n\u00eb \u201c \u00a0simpoziumin shkencor\u201d \u00a0, me \u201c ekspertat e Ulqinit \u201c \u00e7ka ka tep\u00ebr mund\u00ebsi.<\/p>\n<p>Duke dashur \u00a0t\u2019i v\u00ebm\u00eb kulmin gjith\u00eb k\u00ebsaj pune , po e mbyllim\u00a0 me \u00a0konstatimin e drejtorit t\u00eb organizat\u00ebs turistike i cili duke folur p\u00ebr numrin e fjetjeve gjat\u00eb \u00a0ver\u00ebs n\u00eb Ulqin, tha se\u201d \u00a0n\u00eb Ulqin pati( kaq )\u00a0 turist t\u00eb fjetun..\u201d, o Zot sa \u00a0shum\u00eb po flem\u00eb e na p\u00eblqen\u00a0\u00a0 gjumi &#8230;?!!<\/p>\n<p>Nj\u00eb porosi: <strong>Harta \u201c karta\u201d\u00a0 kontestuese\u00a0 turistike duhet doemos t\u00eb hiqet&#8230;?!! \u00a0Nuk mundet t\u00eb shkruaj kushdo \u00e7ka t\u2019i\u00a0 bjer\u00eb nd\u00ebr mend , pa pyetur Kuvendin e Ulqinit p\u00ebr k\u00ebt\u00eb&#8230;?!<\/strong><\/p>\n<p><a href=\"http:\/\/www.visit-ulcinj.com\/blog\/wp-content\/uploads\/2014\/11\/Muhamet-Nika.jpg\"><img loading=\"lazy\" class=\"alignleft wp-image-86143 size-thumbnail\" src=\"http:\/\/www.visit-ulcinj.com\/blog\/wp-content\/uploads\/2014\/11\/Muhamet-Nika-150x150.jpg\" alt=\"Muhamet Nika\" width=\"150\" height=\"150\" \/><\/a><strong>Sudski tuma\u010d- P\u00ebrkthyes gjyq\u00ebsor \u201c MUHAMET NIKA \u201d Ulcinj- Ulqin<\/strong><\/p>\n<p><strong>Adresa:<\/strong> zgrada SO ULCINJ- nd\u00ebrtesa e KK Ulqin<\/p>\n<p><strong>Telefon-i: <\/strong> 068 264 122<\/p>\n<p><strong>Email-i <\/strong>: <strong><a href=\"mailto:muhamet-nika@hotmail.com\">muhamet-nika@hotmail.com<\/a><\/strong><\/p>\n<p>Albanski jezik- prof. Albanskog jezika<\/p>\n<p>Gjuh\u00eb shqipe- prof. I gjuh\u00ebs shqipe<\/p>\n<p><strong>Pik\u00ebpamjet e shprehura n\u00eb faqen \u201cOPINIONE\u201d nuk p\u00ebrfaq\u00ebsojn\u00eb domosdoshm\u00ebrisht politik\u00ebn redaksionale t\u00eb \u201eLajmeve nga Ulqini\u201e<\/strong><\/p>\n","protected":false},"excerpt":{"rendered":"<p>Shkruan Muhamet Nika Kush do q\u00eb ka kaluar\u00a0 pran\u00eb \u00a0k\u00ebtij\u00a0 institucioni , ka\u00a0 v\u00ebn\u00eb re\u00a0 se n\u00eb hyrje t\u00eb tij \u00ebsht\u00eb\u00a0 vendosur nj\u00eb hart\u00eb muri \u2013 demek e shkruar shqip e serbisht \u00a0NJ\u00cbKOH\u00cbSISHT\u00a0 \u00a0, q\u00eb reflekton \u00a0mesazhe \u00a0analfabetizmi t\u00eb qart\u00eb\u00a0\u00a0 n\u00eb favor\u00a0 t\u00eb \u00a0asimilimit t\u00eb mikro toponimis\u00eb shqiptare( emrave t\u00eb vendeve) \u00a0\u00a0n\u00eb llogari t\u00eb gjuh\u00ebs [&hellip;]<\/p>\n","protected":false},"author":1,"featured_media":0,"comment_status":"closed","ping_status":"closed","sticky":false,"template":"","format":"standard","meta":{"spay_email":"","jetpack_publicize_message":"","jetpack_is_tweetstorm":false,"jetpack_publicize_feature_enabled":true},"categories":[14249],"tags":[],"jetpack_publicize_connections":[],"yoast_head":"<!-- This site is optimized with the Yoast SEO plugin v19.1 - https:\/\/yoast.com\/wordpress\/plugins\/seo\/ -->\n<title>Nika: Organizata turistike n\u00eb sh\u00ebrbim t\u00eb asimilimit dhe sllavizimit - shih hart\u00ebn ?!! - Lajme nga Ulqini<\/title>\n<meta name=\"description\" content=\"Shkruan Muhamet Nika Kush do q\u00eb ka kaluar\u00a0 pran\u00eb \u00a0k\u00ebtij\u00a0 institucioni , ka\u00a0 v\u00ebn\u00eb re\u00a0 se n\u00eb hyrje t\u00eb tij \u00ebsht\u00eb\u00a0 vendosur nj\u00eb hart\u00eb muri \u2013 demek e shkruar\" \/>\n<meta name=\"robots\" content=\"index, follow, max-snippet:-1, max-image-preview:large, max-video-preview:-1\" \/>\n<link rel=\"canonical\" href=\"https:\/\/www.visit-ulcinj.com\/blog\/2016\/09\/30\/nika-organizata-turistike-ne-sherbim-te-asimilimit-dhe-sllavizimit-shih-harten\/\" \/>\n<meta property=\"og:locale\" content=\"en_US\" \/>\n<meta property=\"og:type\" content=\"article\" \/>\n<meta property=\"og:title\" content=\"Nika: Organizata turistike n\u00eb sh\u00ebrbim t\u00eb asimilimit dhe sllavizimit - shih hart\u00ebn ?!! - Lajme nga Ulqini\" \/>\n<meta property=\"og:description\" content=\"Shkruan Muhamet Nika Kush do q\u00eb ka kaluar\u00a0 pran\u00eb \u00a0k\u00ebtij\u00a0 institucioni , ka\u00a0 v\u00ebn\u00eb re\u00a0 se n\u00eb hyrje t\u00eb tij \u00ebsht\u00eb\u00a0 vendosur nj\u00eb hart\u00eb muri \u2013 demek e shkruar\" \/>\n<meta property=\"og:url\" content=\"https:\/\/www.visit-ulcinj.com\/blog\/2016\/09\/30\/nika-organizata-turistike-ne-sherbim-te-asimilimit-dhe-sllavizimit-shih-harten\/\" \/>\n<meta property=\"og:site_name\" content=\"Lajme nga Ulqini\" \/>\n<meta property=\"article:published_time\" content=\"2016-09-30T13:17:37+00:00\" \/>\n<meta property=\"og:image\" content=\"http:\/\/www.visit-ulcinj.com\/blog\/wp-content\/uploads\/2016\/09\/Asimilimi-dhe-sllavizmi-i-kartave-te-Ulqinit.jpg\" \/>\n<meta name=\"twitter:label1\" content=\"Written by\" \/>\n\t<meta name=\"twitter:data1\" content=\"ulqini\" \/>\n\t<meta name=\"twitter:label2\" content=\"Est. reading time\" \/>\n\t<meta name=\"twitter:data2\" content=\"4 minutes\" \/>\n<script type=\"application\/ld+json\" class=\"yoast-schema-graph\">{\"@context\":\"https:\/\/schema.org\",\"@graph\":[{\"@type\":\"WebSite\",\"@id\":\"https:\/\/www.visit-ulcinj.com\/blog\/#website\",\"url\":\"https:\/\/www.visit-ulcinj.com\/blog\/\",\"name\":\"Lajme nga Ulqini\",\"description\":\"Lajme,Vijesti,Ulqini,Ulqin,Crna Gora,Mali i Zi\",\"potentialAction\":[{\"@type\":\"SearchAction\",\"target\":{\"@type\":\"EntryPoint\",\"urlTemplate\":\"https:\/\/www.visit-ulcinj.com\/blog\/?s={search_term_string}\"},\"query-input\":\"required name=search_term_string\"}],\"inLanguage\":\"en-US\"},{\"@type\":\"ImageObject\",\"inLanguage\":\"en-US\",\"@id\":\"https:\/\/www.visit-ulcinj.com\/blog\/2016\/09\/30\/nika-organizata-turistike-ne-sherbim-te-asimilimit-dhe-sllavizimit-shih-harten\/#primaryimage\",\"url\":\"https:\/\/www.visit-ulcinj.com\/blog\/wp-content\/uploads\/2016\/09\/Asimilimi-dhe-sllavizmi-i-kartave-te-Ulqinit.jpg\",\"contentUrl\":\"https:\/\/www.visit-ulcinj.com\/blog\/wp-content\/uploads\/2016\/09\/Asimilimi-dhe-sllavizmi-i-kartave-te-Ulqinit.jpg\",\"width\":351,\"height\":305},{\"@type\":\"WebPage\",\"@id\":\"https:\/\/www.visit-ulcinj.com\/blog\/2016\/09\/30\/nika-organizata-turistike-ne-sherbim-te-asimilimit-dhe-sllavizimit-shih-harten\/#webpage\",\"url\":\"https:\/\/www.visit-ulcinj.com\/blog\/2016\/09\/30\/nika-organizata-turistike-ne-sherbim-te-asimilimit-dhe-sllavizimit-shih-harten\/\",\"name\":\"Nika: Organizata turistike n\u00eb sh\u00ebrbim t\u00eb asimilimit dhe sllavizimit - shih hart\u00ebn ?!! - Lajme nga Ulqini\",\"isPartOf\":{\"@id\":\"https:\/\/www.visit-ulcinj.com\/blog\/#website\"},\"primaryImageOfPage\":{\"@id\":\"https:\/\/www.visit-ulcinj.com\/blog\/2016\/09\/30\/nika-organizata-turistike-ne-sherbim-te-asimilimit-dhe-sllavizimit-shih-harten\/#primaryimage\"},\"datePublished\":\"2016-09-30T13:17:37+00:00\",\"dateModified\":\"2016-09-30T13:17:37+00:00\",\"author\":{\"@id\":\"https:\/\/www.visit-ulcinj.com\/blog\/#\/schema\/person\/dcab619c614d3038751c63bc2aadc06d\"},\"description\":\"Shkruan Muhamet Nika Kush do q\u00eb ka kaluar\u00a0 pran\u00eb \u00a0k\u00ebtij\u00a0 institucioni , ka\u00a0 v\u00ebn\u00eb re\u00a0 se n\u00eb hyrje t\u00eb tij \u00ebsht\u00eb\u00a0 vendosur nj\u00eb hart\u00eb muri \u2013 demek e shkruar\",\"breadcrumb\":{\"@id\":\"https:\/\/www.visit-ulcinj.com\/blog\/2016\/09\/30\/nika-organizata-turistike-ne-sherbim-te-asimilimit-dhe-sllavizimit-shih-harten\/#breadcrumb\"},\"inLanguage\":\"en-US\",\"potentialAction\":[{\"@type\":\"ReadAction\",\"target\":[\"https:\/\/www.visit-ulcinj.com\/blog\/2016\/09\/30\/nika-organizata-turistike-ne-sherbim-te-asimilimit-dhe-sllavizimit-shih-harten\/\"]}]},{\"@type\":\"BreadcrumbList\",\"@id\":\"https:\/\/www.visit-ulcinj.com\/blog\/2016\/09\/30\/nika-organizata-turistike-ne-sherbim-te-asimilimit-dhe-sllavizimit-shih-harten\/#breadcrumb\",\"itemListElement\":[{\"@type\":\"ListItem\",\"position\":1,\"name\":\"Nika: Organizata turistike n\u00eb sh\u00ebrbim t\u00eb asimilimit dhe sllavizimit &#8211; shih hart\u00ebn ?!!\"}]},{\"@type\":\"Person\",\"@id\":\"https:\/\/www.visit-ulcinj.com\/blog\/#\/schema\/person\/dcab619c614d3038751c63bc2aadc06d\",\"name\":\"ulqini\",\"sameAs\":[\"http:\/\/www.visit-ulcinj.com\"],\"url\":\"https:\/\/www.visit-ulcinj.com\/blog\/author\/admin\/\"}]}<\/script>\n<!-- \/ Yoast SEO plugin. -->","yoast_head_json":{"title":"Nika: Organizata turistike n\u00eb sh\u00ebrbim t\u00eb asimilimit dhe sllavizimit - shih hart\u00ebn ?!! - Lajme nga Ulqini","description":"Shkruan Muhamet Nika Kush do q\u00eb ka kaluar\u00a0 pran\u00eb \u00a0k\u00ebtij\u00a0 institucioni , ka\u00a0 v\u00ebn\u00eb re\u00a0 se n\u00eb hyrje t\u00eb tij \u00ebsht\u00eb\u00a0 vendosur nj\u00eb hart\u00eb muri \u2013 demek e shkruar","robots":{"index":"index","follow":"follow","max-snippet":"max-snippet:-1","max-image-preview":"max-image-preview:large","max-video-preview":"max-video-preview:-1"},"canonical":"https:\/\/www.visit-ulcinj.com\/blog\/2016\/09\/30\/nika-organizata-turistike-ne-sherbim-te-asimilimit-dhe-sllavizimit-shih-harten\/","og_locale":"en_US","og_type":"article","og_title":"Nika: Organizata turistike n\u00eb sh\u00ebrbim t\u00eb asimilimit dhe sllavizimit - shih hart\u00ebn ?!! - Lajme nga Ulqini","og_description":"Shkruan Muhamet Nika Kush do q\u00eb ka kaluar\u00a0 pran\u00eb \u00a0k\u00ebtij\u00a0 institucioni , ka\u00a0 v\u00ebn\u00eb re\u00a0 se n\u00eb hyrje t\u00eb tij \u00ebsht\u00eb\u00a0 vendosur nj\u00eb hart\u00eb muri \u2013 demek e shkruar","og_url":"https:\/\/www.visit-ulcinj.com\/blog\/2016\/09\/30\/nika-organizata-turistike-ne-sherbim-te-asimilimit-dhe-sllavizimit-shih-harten\/","og_site_name":"Lajme nga Ulqini","article_published_time":"2016-09-30T13:17:37+00:00","og_image":[{"url":"http:\/\/www.visit-ulcinj.com\/blog\/wp-content\/uploads\/2016\/09\/Asimilimi-dhe-sllavizmi-i-kartave-te-Ulqinit.jpg"}],"twitter_misc":{"Written by":"ulqini","Est. reading time":"4 minutes"},"schema":{"@context":"https:\/\/schema.org","@graph":[{"@type":"WebSite","@id":"https:\/\/www.visit-ulcinj.com\/blog\/#website","url":"https:\/\/www.visit-ulcinj.com\/blog\/","name":"Lajme nga Ulqini","description":"Lajme,Vijesti,Ulqini,Ulqin,Crna Gora,Mali i Zi","potentialAction":[{"@type":"SearchAction","target":{"@type":"EntryPoint","urlTemplate":"https:\/\/www.visit-ulcinj.com\/blog\/?s={search_term_string}"},"query-input":"required name=search_term_string"}],"inLanguage":"en-US"},{"@type":"ImageObject","inLanguage":"en-US","@id":"https:\/\/www.visit-ulcinj.com\/blog\/2016\/09\/30\/nika-organizata-turistike-ne-sherbim-te-asimilimit-dhe-sllavizimit-shih-harten\/#primaryimage","url":"https:\/\/www.visit-ulcinj.com\/blog\/wp-content\/uploads\/2016\/09\/Asimilimi-dhe-sllavizmi-i-kartave-te-Ulqinit.jpg","contentUrl":"https:\/\/www.visit-ulcinj.com\/blog\/wp-content\/uploads\/2016\/09\/Asimilimi-dhe-sllavizmi-i-kartave-te-Ulqinit.jpg","width":351,"height":305},{"@type":"WebPage","@id":"https:\/\/www.visit-ulcinj.com\/blog\/2016\/09\/30\/nika-organizata-turistike-ne-sherbim-te-asimilimit-dhe-sllavizimit-shih-harten\/#webpage","url":"https:\/\/www.visit-ulcinj.com\/blog\/2016\/09\/30\/nika-organizata-turistike-ne-sherbim-te-asimilimit-dhe-sllavizimit-shih-harten\/","name":"Nika: Organizata turistike n\u00eb sh\u00ebrbim t\u00eb asimilimit dhe sllavizimit - shih hart\u00ebn ?!! - Lajme nga Ulqini","isPartOf":{"@id":"https:\/\/www.visit-ulcinj.com\/blog\/#website"},"primaryImageOfPage":{"@id":"https:\/\/www.visit-ulcinj.com\/blog\/2016\/09\/30\/nika-organizata-turistike-ne-sherbim-te-asimilimit-dhe-sllavizimit-shih-harten\/#primaryimage"},"datePublished":"2016-09-30T13:17:37+00:00","dateModified":"2016-09-30T13:17:37+00:00","author":{"@id":"https:\/\/www.visit-ulcinj.com\/blog\/#\/schema\/person\/dcab619c614d3038751c63bc2aadc06d"},"description":"Shkruan Muhamet Nika Kush do q\u00eb ka kaluar\u00a0 pran\u00eb \u00a0k\u00ebtij\u00a0 institucioni , ka\u00a0 v\u00ebn\u00eb re\u00a0 se n\u00eb hyrje t\u00eb tij \u00ebsht\u00eb\u00a0 vendosur nj\u00eb hart\u00eb muri \u2013 demek e shkruar","breadcrumb":{"@id":"https:\/\/www.visit-ulcinj.com\/blog\/2016\/09\/30\/nika-organizata-turistike-ne-sherbim-te-asimilimit-dhe-sllavizimit-shih-harten\/#breadcrumb"},"inLanguage":"en-US","potentialAction":[{"@type":"ReadAction","target":["https:\/\/www.visit-ulcinj.com\/blog\/2016\/09\/30\/nika-organizata-turistike-ne-sherbim-te-asimilimit-dhe-sllavizimit-shih-harten\/"]}]},{"@type":"BreadcrumbList","@id":"https:\/\/www.visit-ulcinj.com\/blog\/2016\/09\/30\/nika-organizata-turistike-ne-sherbim-te-asimilimit-dhe-sllavizimit-shih-harten\/#breadcrumb","itemListElement":[{"@type":"ListItem","position":1,"name":"Nika: Organizata turistike n\u00eb sh\u00ebrbim t\u00eb asimilimit dhe sllavizimit &#8211; shih hart\u00ebn ?!!"}]},{"@type":"Person","@id":"https:\/\/www.visit-ulcinj.com\/blog\/#\/schema\/person\/dcab619c614d3038751c63bc2aadc06d","name":"ulqini","sameAs":["http:\/\/www.visit-ulcinj.com"],"url":"https:\/\/www.visit-ulcinj.com\/blog\/author\/admin\/"}]}},"jetpack_featured_media_url":"","jetpack_sharing_enabled":true,"jetpack_shortlink":"https:\/\/wp.me\/pe6lTn-q23","_links":{"self":[{"href":"https:\/\/www.visit-ulcinj.com\/blog\/wp-json\/wp\/v2\/posts\/100071"}],"collection":[{"href":"https:\/\/www.visit-ulcinj.com\/blog\/wp-json\/wp\/v2\/posts"}],"about":[{"href":"https:\/\/www.visit-ulcinj.com\/blog\/wp-json\/wp\/v2\/types\/post"}],"author":[{"embeddable":true,"href":"https:\/\/www.visit-ulcinj.com\/blog\/wp-json\/wp\/v2\/users\/1"}],"replies":[{"embeddable":true,"href":"https:\/\/www.visit-ulcinj.com\/blog\/wp-json\/wp\/v2\/comments?post=100071"}],"version-history":[{"count":1,"href":"https:\/\/www.visit-ulcinj.com\/blog\/wp-json\/wp\/v2\/posts\/100071\/revisions"}],"predecessor-version":[{"id":100076,"href":"https:\/\/www.visit-ulcinj.com\/blog\/wp-json\/wp\/v2\/posts\/100071\/revisions\/100076"}],"wp:attachment":[{"href":"https:\/\/www.visit-ulcinj.com\/blog\/wp-json\/wp\/v2\/media?parent=100071"}],"wp:term":[{"taxonomy":"category","embeddable":true,"href":"https:\/\/www.visit-ulcinj.com\/blog\/wp-json\/wp\/v2\/categories?post=100071"},{"taxonomy":"post_tag","embeddable":true,"href":"https:\/\/www.visit-ulcinj.com\/blog\/wp-json\/wp\/v2\/tags?post=100071"}],"curies":[{"name":"wp","href":"https:\/\/api.w.org\/{rel}","templated":true}]}}