{"id":100079,"date":"2016-09-30T16:54:55","date_gmt":"2016-09-30T15:54:55","guid":{"rendered":"http:\/\/www.visit-ulcinj.com\/blog\/?p=100079"},"modified":"2016-10-02T09:48:55","modified_gmt":"2016-10-02T08:48:55","slug":"gzim-hajdinaga-interviste-ne-televizionin-e-malit-te-zi-video","status":"publish","type":"post","link":"https:\/\/www.visit-ulcinj.com\/blog\/2016\/09\/30\/gzim-hajdinaga-interviste-ne-televizionin-e-malit-te-zi-video\/","title":{"rendered":"Gzim Hajdinaga &#8211; Intervist\u00eb n\u00eb televizionin e Malit t\u00eb Zi &#8211; Video"},"content":{"rendered":"<p><a href=\"http:\/\/www.visit-ulcinj.com\/blog\/wp-content\/uploads\/2016\/09\/Interviste-Gzim-Hajdinaga-TVCG-.jpg\"><img loading=\"lazy\" class=\"alignleft wp-image-100080\" src=\"http:\/\/www.visit-ulcinj.com\/blog\/wp-content\/uploads\/2016\/09\/Interviste-Gzim-Hajdinaga-TVCG-.jpg\" alt=\"Interviste-Gzim-Hajdinaga-TVCG-\" width=\"508\" height=\"394\" srcset=\"https:\/\/www.visit-ulcinj.com\/blog\/wp-content\/uploads\/2016\/09\/Interviste-Gzim-Hajdinaga-TVCG-.jpg 617w, https:\/\/www.visit-ulcinj.com\/blog\/wp-content\/uploads\/2016\/09\/Interviste-Gzim-Hajdinaga-TVCG--300x232.jpg 300w\" sizes=\"(max-width: 508px) 100vw, 508px\" \/><\/a>Mbr\u00ebm\u00eb ne televizionin publik t\u00eb RTMZ (TVCG), Kryesuesi i lis\u00ebt \u201cShqiptar\u00ebt- Me nj\u00eb q\u00ebllim\u201d, ishte i ftuar G\u00ebzim Hajdinaga nga moderatori Musa Gjoka.<\/p>\n<p>Gzim Hajdinaga tha p\u00ebr televizionin e Malit t\u00eb Zi, se bashkpunimi i tij me subjektet q\u00eb p\u00ebrb\u00ebjn\u00eb k\u00ebt\u00eb koalicion \u00ebsht\u00eb afatgjat\u00eb, dhe do t\u00eb vazhdoj\u00eb edhe pas zgjedhjeve parlamentare. Hajdinaga u shpreh se sipas mendimit t\u00eb tij, rezultati i mir\u00eb n\u00eb zgjedhje nuk do t\u00eb mungoj\u00eb, pasi puna e tyre n\u00eb t\u00eb kaluar\u00ebn tregon se ky bashk\u00ebpunim mund t\u00eb jet\u00eb shum\u00eb i frytsh\u00ebm.<\/p>\n<p>Ju ftojm\u00eb t\u00eb ndiqni videon e realizuar nga televizioni publik TVCG ( TVMZ).<\/p>\n<p>[flv]http:\/\/www.rtcg.me\/upload\/boxFileData\/2016\/09\/30\/196842\/intervjugzim29092016.mp4[\/flv]<\/p>\n<div id=\"stcpDiv\"><strong>Nga Esiona Konomi<\/strong><\/div>\n<div><\/div>\n<div id=\"stcpDiv\">G\u00ebzim Hajdinaga, nj\u00eb nd\u00ebr politikan\u00ebt shqiptar\u00eb me karrier\u00ebn m\u00eb t\u00eb spikatur n\u00eb Malin e Zi, do t\u00eb kryesoj\u00eb list\u00ebn zgjedhore t\u00eb koalicionit m\u00eb t\u00eb madh t\u00eb partive shqiptare atje. Rikthimi i tij pas nj\u00eb shk\u00ebputjeje 5 vje\u00e7are nga politika u cil\u00ebsua si nj\u00eb ogur i mir\u00eb i konsolidimit t\u00eb faktorit shqiptar, por vet\u00eb Hajdinaga, n\u00eb nj\u00eb intervist\u00eb p\u00ebr Shqiptarja.com, thot\u00eb se pritshm\u00ebria nuk \u00ebsht\u00eb shum\u00eb e lart\u00eb, dhe shqiptar\u00ebt mund t\u00eb d\u00ebrgojn\u00eb n\u00eb parlamentin malazez, n\u00eb rastin m\u00eb t\u00eb mir\u00eb tre deputet\u00eb. Shkak p\u00ebrs\u00ebri b\u00ebhet dalja e shqiptar\u00ebve n\u00eb tre koalicione, dhe fakti se shqiptar\u00ebt votojn\u00eb parti jo shqiptare. Megjith\u00ebk\u00ebt\u00eb, ish-kryebashkiaku i Ulqinit, dhe ish-ministri p\u00ebr t\u00eb Drejtat e Njeriut dhe t\u00eb Pakicave, b\u00ebn thirrje p\u00ebr unitet komb\u00ebtar dhe slogani q\u00eb ka zgjedhur p\u00ebr k\u00ebt\u00eb gar\u00eb \u00ebsht\u00eb nj\u00eb pjes\u00eb e himnit ton\u00eb komb\u00ebtar \u201cMe nj\u00eb q\u00ebllim\u201d.<\/p>\n<p><strong>Rikthimi juaj n\u00eb politik\u00eb u konsiderua si nj\u00eb lajm i mir\u00eb p\u00ebr komunitetin shqiptar n\u00eb Malin e Zi dhe p\u00ebrfaq\u00ebsimin shqiptar n\u00eb parlament. Ju do t\u00eb kryesoni list\u00ebn e Partis\u00eb Demokratike dhe koalicionit t\u00eb saj. Cilat jan\u00eb pikat e forta t\u00eb fushat\u00ebs suaj?<\/strong><br \/>\nUn\u00eb kam pasur nj\u00eb shk\u00ebputje relativisht t\u00eb gjat\u00eb pothuajse pes\u00eb vje\u00e7are, por edhe pse jo aktiv direkt partiakisht dhe n\u00eb funksion, kam qen\u00eb prezent dhe kam marr\u00eb pjes\u00eb n\u00eb shum\u00eb konferenca, takime e tryeza n\u00eb shum\u00eb adresa, si n\u00eb Mal t\u00eb Zi, Shqip\u00ebri, Kosov\u00eb por edhe n\u00eb rajon e Europ\u00eb.<\/p>\n<p>N\u00eb k\u00ebto takime kam vazhduar t\u00eb fuqizoj dhe t\u00eb mbroj lart\u00eb faktin se shqiptar\u00ebt n\u00eb Mal t\u00eb Zi duhet t\u00eb g\u00ebzojn\u00eb t\u00eb drejtat e tyre konform standardeve q\u00eb njeh Europa demokratike, e q\u00eb kan\u00eb t\u00eb b\u00ebjn\u00eb me t\u00eb drejtat e pakicave apo popujve pakic\u00eb n\u00eb nj\u00eb shtet. Po ashtu, kur ka t\u00eb b\u00ebj\u00eb edhe me Komun\u00ebn e Ulqinit, si ish kryetar i Bashkis\u00eb, kam vazhduar t\u00eb jem n\u00eb komunikim me shum\u00eb adresa relevante dhe kompani t\u00eb fuqishme p\u00ebr t\u2019i bindur se Ulqini \u00ebsht\u00eb nj\u00eb perl\u00eb e v\u00ebrtete e Adriatikut dhe q\u00eb ia vlen t\u00eb investohet n\u00eb k\u00ebt\u00eb vend.<\/p>\n<p>M\u00eb g\u00ebzon fakti q\u00eb rikthimi im n\u00eb sken\u00ebn politike t\u00eb Malit t\u00eb Zi ka g\u00ebzuar interesim e vler\u00ebsim t\u00eb lart\u00eb dhe \u00ebsht\u00eb mir\u00ebpritur, sidomos nga komuniteti shqiptar duke u quajtur nj\u00eb lajm i mir\u00eb p\u00ebr shqiptar\u00ebt n\u00eb Mal t\u00eb Zi dhe jo vet\u00ebm por edhe n\u00eb Kosov\u00eb, Shqip\u00ebri, Maqedoni por edhe kudo q\u00eb jetojn\u00eb shqiptar\u00ebt e sidomos ke diaspora jon\u00eb.<\/p>\n<p>Si\u00e7 \u00ebsht\u00eb b\u00ebre e ditur, un\u00eb do t\u00eb kryesoj list\u00ebn e Partis\u00eb Demokratike (PD) dhe koalicionit t\u00eb saj. N\u00eb k\u00ebt\u00eb koalicion q\u00eb tashm\u00eb e ka emrin Koalicioni Shqiptar \u201dMe nj\u00eb q\u00ebllim\u201d jan\u00eb t\u00eb p\u00ebrfshira kat\u00ebr parti nacionale shqiptare PD, LD n\u00eb MZ, IQ dhe Prespektiva. Ne ja kemi arritur q\u00ebllimit q\u00eb t\u2019i bashkojm\u00eb regjionet me shumic\u00eb shqiptare dhe p\u00ebrfaq\u00ebsuesit e tyre m\u00eb t\u00eb shquar gjenden n\u00eb list\u00ebn ton\u00eb zgjedhore.<\/p>\n<p>Un\u00eb jam mir\u00ebnjoh\u00ebs ndaj t\u00eb gjitha subjekteve q\u00eb m\u00eb kan\u00eb besuar dhe nderuar me vendin e kryesuesit t\u00eb list\u00ebs son\u00eb, por m\u00eb lejoni t\u00eb them me pak modesti se ata kan\u00eb vler\u00ebsuar kontributin tim shum\u00ebvje\u00e7ar n\u00eb sken\u00ebn politike, periudh\u00eb n\u00eb t\u00eb cil\u00ebn jan\u00eb t\u00eb realizuara shum\u00eb projekte q\u00eb kan\u00eb ndikuar q\u00eb shqiptar\u00ebt n\u00eb Mal t\u00eb Zi t\u00eb jetojn\u00eb m\u00eb mir\u00eb.<\/p>\n<p>Ju e dini q\u00eb un\u00eb p\u00ebr shum\u00eb vjet kam qen\u00eb an\u00ebtar i Qeveris\u00eb n\u00eb Mal t\u00eb Zi, sakt\u00ebsisht nga viti 1999 deri n\u00eb fund t\u00eb vitit 2000 kam qen\u00eb zv.Minist\u00ebr n\u00eb Ministrin\u00eb\u00a0 e Pakicave, nga viti 2000-2006 n\u00eb dy mandate kam qen\u00eb minist\u00ebr n\u00eb k\u00ebt\u00eb ministri dhe se n\u00eb vitin 2006 p\u00ebr her\u00eb t\u00eb par\u00eb n\u00eb Mal t\u00eb Zi jam zgjedhur me vot\u00ebn e lir\u00eb dhe t\u00eb drejtp\u00ebrdrejt\u00eb t\u00eb sovranit, pra qytetarit si kryetar\u00eb i komun\u00ebs s\u00eb Ulqinit.<\/p>\n<p>Pikat e forta t\u00eb fushat\u00ebs do t\u00eb jen\u00eb ato p\u00ebr t\u00eb rikujtuar votuesit se kush ka punuar dhe realizuar e kush ka premtuar dhe nuk ka realizuar. Q\u00ebllimi yn\u00eb dhe puna n\u00eb teren me votuesit tan\u00eb do t\u00eb jet\u00eb q\u00eb n\u00eb bashk\u00ebbisedim me ta, t\u2019i njoftojm\u00eb p\u00ebr pyetjet dhe projektet kryesore t\u00eb cilat do t\u2019i mund\u00ebsojm\u00eb q\u00eb nga dita e par\u00eb pas zgjedhjeve dhe do t\u2019i q\u00ebndrojm\u00eb besnik premtimeve t\u00eb dh\u00ebna e q\u00eb kan\u00eb t\u00eb b\u00ebjn\u00eb p\u00ebr nj\u00eb jet\u00eb m\u00eb t\u00eb mir\u00eb t\u00eb shqiptar\u00ebve n\u00eb Mal t\u00eb Zi, n\u00eb drejtim t\u00eb drejtave t\u00eb cilat i meritojm\u00eb dhe na takojn\u00eb si m\u00eb t\u00eb vjetrit dhe si autokton n\u00eb trojet tona mij\u00ebvje\u00e7are.<\/p>\n<p><strong>Sikund\u00ebrse n\u00eb Maqedoni, edhe n\u00eb Malin e Zi, partit\u00eb q\u00eb p\u00ebrfaq\u00ebsojn\u00eb shqiptar\u00ebt konfliktohen me nj\u00ebra-tjetr\u00ebn, duke d\u00ebmtuar k\u00ebshtu komunitetin shqiptar dhe nivelin e tyre t\u00eb p\u00ebrfaq\u00ebsimit parlamentar. N\u00eb k\u00ebto zgjedhje shqiptar\u00ebt shkojn\u00eb t\u00eb ndar\u00eb n\u00eb 3 pjes\u00eb, do t\u2019i mund\u00eb p\u00ebrs\u00ebri konflikti shqiptar\u00ebt? Pse nuk arrihet unitet?<\/strong><br \/>\nP\u00ebr fat t\u00eb keq realiteti \u00ebsht\u00eb ashtu si\u00e7 edhe ju e parashtruat n\u00eb pyetjen tuaj. Vet numri i partive shqiptare flet qart\u00eb p\u00ebr k\u00ebt\u00eb, un\u00eb do d\u00ebshiroja dhe p\u00ebr k\u00ebt\u00eb kam b\u00ebr\u00eb tentativa t\u00eb shumta, q\u00eb sa p\u00ebr konkurrenc\u00eb, n\u00eb Mal t\u00eb Zi t\u00eb kemi jo m\u00eb shum\u00eb se dy subjekte politike.<\/p>\n<p>Mir\u00ebpo ndodh e kund\u00ebrta dhe kjo na b\u00ebn\u00eb shum\u00eb problem sepse nuk mundemi t\u00eb unifikojm\u00eb, akordojm\u00eb idet\u00eb dhe mendimet n\u00eb drejtim t\u00eb projekteve t\u00eb\u00a0 p\u00ebrbashk\u00ebta t\u00eb cilat po t\u00eb ishin miratuar nj\u00eb z\u00ebri, besoj se do t\u00eb kishin gjetur realizimin n\u00eb adresat p\u00ebrgjegj\u00ebse t\u00eb Malit t\u00eb Zi dhe kishin gjetur p\u00ebrkrahje edhe n\u00eb adresa t\u00eb ndryshme nd\u00ebrkomb\u00ebtare.<\/p>\n<p>Ne si koalicion t\u00eb par\u00ebt kemi dal\u00eb para votuesve tan\u00eb p\u00ebr t\u00eb treguar se kemi arritur bashk\u00ebpunim dhe koordinim t\u00eb mendimeve tona me q\u00ebllim t\u00eb integrimit t\u00eb sa m\u00eb shum\u00eb subjekteve n\u00eb nj\u00eb list\u00eb. Nj\u00ebher\u00ebsh, kemi ftuar edhe t\u00eb tjer\u00ebt q\u00eb t\u00eb na bashkohen. P\u00ebr fat t\u00eb keq n\u00eb k\u00ebto zgjedhje shqiptar\u00ebt dalin n\u00eb tri lista, pra t\u00eb ndar\u00eb, dhe kjo nuk \u00ebsht\u00eb mir\u00eb sepse mund t\u00eb vij\u00eb deri tek derdhja apo humbja e nj\u00eb numri t\u00eb mir\u00eb t\u00eb votave.<\/p>\n<p><strong>N\u00eb 16 tetor shqiptar\u00ebt e Malit t\u00eb Zi do tu drejtohen kutive t\u00eb votimit. Sa mandate parlamentare mendoni q\u00eb shqiptar\u00ebt mund t\u00eb sigurojn\u00eb?<\/strong><br \/>\nMe 16 tetor t\u00eb k\u00ebtij viti mbahen zgjedhjet parlamentare dhe si\u00e7 thash\u00eb m\u00eb lart, shqiptar\u00ebt do t\u00eb garojn\u00eb n\u00eb tri lista, dhe duke pasur parasysh edhe se nj\u00eb num\u00ebr i konsideruar i shqiptar\u00ebve votojn\u00eb partit\u00eb jo shqiptare, at\u00ebher\u00eb mendoj se subjektet politike shqiptare mund t\u00eb fitojn\u00eb maksimalisht tre mandate. Se si do t\u00eb ndahen ato do ta dim\u00eb s\u00eb shpejti. Un\u00eb mendoj se lista\u00a0 jon\u00eb \u201cMe nj\u00eb q\u00ebllim\u201d do t\u00eb fitoj\u00eb numrin m\u00eb t\u00eb madh t\u00eb votave, pse jo dy mandate.<\/p>\n<p><strong>Ju keni qen\u00eb Minist\u00ebr p\u00ebr t\u00eb Drejtat e Njeriut dhe t\u00eb Pakicave, si dhe ish-kryebashkiak i Ulqinit. Sa mendoni se kan\u00eb p\u00ebrparuar shqiptar\u00ebt n\u00eb faktorizimin e tyre dhe n\u00eb fitimin e t\u00eb drejtave p\u00ebrball\u00eb diskriminimit?<\/strong><br \/>\nMendoj s\u00eb kan\u00eb p\u00ebrparuar dhe avancuar shum\u00eb edhe pse mendoj se ka ende p\u00ebr t\u00eb punuar. Por dihet mir\u00eb fakti se n\u00eb koh\u00ebn kur un\u00eb kam mbuluar k\u00ebto poste jan\u00eb realizuar shum\u00eb projekte si\u00e7 jan\u00eb:<br \/>\n-Hapja e pikave kufitare Sukobin\u00eb\u2013Muriqan dhe V\u00ebrmosh \u2013Plav\u00eb<\/p>\n<p>-Hapja e deg\u00ebs s\u00eb m\u00ebsuesis\u00eb n\u00eb gjuh\u00ebn shqipe n\u00eb Podgoric\u00eb ku numri m\u00eb i madh i profesor\u00ebve vjen nga Universiteti \u201cLuigj Gurakuqi\u201d i Shkodr\u00ebs.<\/p>\n<p>-Pranimi i diplomave nga universitetet e Shqip\u00ebris\u00eb dhe Kosov\u00ebs<\/p>\n<p>-Hapja e maternitetit n\u00eb Ulqin<\/p>\n<p>-Miratimi i ligjit p\u00ebr mbrojtjen e t\u00eb drejtave t\u00eb pakicave n\u00eb Mal t\u00eb Zi<\/p>\n<p>-Organizimi I panairit t\u00eb par\u00eb t\u00eb librit ku kan\u00eb marr\u00eb pjes\u00eb mbi pes\u00ebdhjet\u00eb sht\u00ebpi botuese nga Shqip\u00ebria ,Kosova ,Maqedonia dhe Mali I Zi<\/p>\n<p>-Manifestimi kulturor-shkencor kushtuar 600 vjetorit t\u00eb heroit ton\u00eb komb\u00ebtar\u00eb Gjergj Kastriot Sk\u00ebnderbeut<\/p>\n<p>Nd\u00ebrsa n\u00eb mandatin tim 5 vje\u00e7ar si kryetar\u00eb i bashkis\u00eb jan\u00eb realizuar projekte vitale dhe me r\u00ebnd\u00ebsi p\u00ebr komun\u00ebn e Ulqinit si\u00e7 jan\u00eb:<\/p>\n<p>-Nd\u00ebrtimi i ur\u00ebs mbi Porto Milen\u00eb n\u00eb plazhin e madh<\/p>\n<p>-Kalldr\u00ebmimi i \u00c7arshis\u00eb s\u00eb vjet\u00ebr n\u00eb qend\u00ebr t\u00eb qytetit<\/p>\n<p>-Rikthimi dhe ruajtja e trash\u00ebgimis\u00eb kulturore<\/p>\n<p>-Rind\u00ebrtimin e\u00a0 xhamis\u00eb s\u00eb marinar\u00ebve pas 77 viteve<\/p>\n<p>-Jan\u00eb asfaltuar pothuajse t\u00eb gjitha rrug\u00ebt n\u00eb qytet dhe fshat<\/p>\n<p>&#8211; Elektrifikimi i t\u00eb gjith\u00eb zonave<\/p>\n<p>&#8211; Marina e vog\u00ebl n\u00ebn muret e Kalas\u00eb<\/p>\n<p>&#8211; Hapja e qendr\u00ebs ditore p\u00ebr f\u00ebmij\u00ebt me nevoj\u00eb dhe t\u00eb aft\u00ebsi t\u00eb kufizuara<\/p>\n<p>&#8211; Festivali i par\u00eb i k\u00ebng\u00ebs p\u00ebr f\u00ebmij\u00eb si dhe projektet tjera<\/p>\n<p>Sidomos n\u00eb k\u00ebt\u00eb periudh\u00eb kohore komunikimi me Shqip\u00ebrin\u00eb ka qen\u00eb n\u00eb nivelin m\u00eb t\u00eb lart\u00eb, pra kam qen\u00eb dhe do t\u00eb vazhdoj\u00eb t\u00eb jem ura e bashk\u00ebpunimit n\u00eb k\u00ebto marr\u00ebdh\u00ebnie t\u00eb mira fqinj\u00ebsore.<\/p>\n<p><strong>S\u00eb fundmi, ju jeni pyetur mbi konceptin e Shqip\u00ebris\u00eb s\u00eb Madhe. Cili \u00ebsht\u00eb mendimi juaj? Duket se edhe pse nuk \u00ebsht\u00eb n\u00eb planet e Tiran\u00ebs zyrtare, fqinj\u00ebt e Shqip\u00ebris\u00eb i tremben hijes s\u00eb saj.<\/strong><br \/>\nPo jam pyetur, pyetje e pashmangshme nga disa qarqe, e sidomos n\u00eb prag t\u00eb zgjedhjeve. Fqinj\u00ebt nuk kan\u00eb pse t\u00eb frik\u00ebsohen, sepse si\u00e7 that\u00eb edhe ju n\u00eb pyetjen tuaj, as Tirana zyrtare nuk ka n\u00eb planet e veta di\u00e7ka t\u00eb till\u00eb. Dihet mir\u00eb se kush nd\u00ebr t\u00eb par\u00ebt ka pranuar pavar\u00ebsin\u00eb e Malit t\u00eb Zi dhe d\u00ebshiron t\u00eb ket\u00eb marr\u00ebdh\u00ebnie t\u00eb mira me t\u00eb gjith\u00eb fqinj\u00ebt.<\/p>\n<p><strong>Shqiptarja.com<\/strong><\/div>\n","protected":false},"excerpt":{"rendered":"<p>Mbr\u00ebm\u00eb ne televizionin publik t\u00eb RTMZ (TVCG), Kryesuesi i lis\u00ebt \u201cShqiptar\u00ebt- Me nj\u00eb q\u00ebllim\u201d, ishte i ftuar G\u00ebzim Hajdinaga nga moderatori Musa Gjoka. Gzim Hajdinaga tha p\u00ebr televizionin e Malit t\u00eb Zi, se bashkpunimi i tij me subjektet q\u00eb p\u00ebrb\u00ebjn\u00eb k\u00ebt\u00eb koalicion \u00ebsht\u00eb afatgjat\u00eb, dhe do t\u00eb vazhdoj\u00eb edhe pas zgjedhjeve parlamentare. Hajdinaga u shpreh [&hellip;]<\/p>\n","protected":false},"author":1,"featured_media":0,"comment_status":"closed","ping_status":"closed","sticky":false,"template":"","format":"standard","meta":{"spay_email":"","jetpack_publicize_message":"","jetpack_is_tweetstorm":false,"jetpack_publicize_feature_enabled":true},"categories":[1],"tags":[],"jetpack_publicize_connections":[],"yoast_head":"<!-- This site is optimized with the Yoast SEO plugin v19.1 - https:\/\/yoast.com\/wordpress\/plugins\/seo\/ -->\n<title>Gzim Hajdinaga - Intervist\u00eb n\u00eb televizionin e Malit t\u00eb Zi - Video - Lajme nga Ulqini<\/title>\n<meta name=\"description\" content=\"Mbr\u00ebm\u00eb ne televizionin publik t\u00eb RTMZ (TVCG), Kryesuesi i lis\u00ebt \u201cShqiptar\u00ebt- Me nj\u00eb q\u00ebllim\u201d, ishte i ftuar G\u00ebzim Hajdinaga nga moderatori Musa Gjoka. Gzim\" \/>\n<meta name=\"robots\" content=\"index, follow, max-snippet:-1, max-image-preview:large, max-video-preview:-1\" \/>\n<link rel=\"canonical\" href=\"https:\/\/www.visit-ulcinj.com\/blog\/2016\/09\/30\/gzim-hajdinaga-interviste-ne-televizionin-e-malit-te-zi-video\/\" \/>\n<meta property=\"og:locale\" content=\"en_US\" \/>\n<meta property=\"og:type\" content=\"article\" \/>\n<meta property=\"og:title\" content=\"Gzim Hajdinaga - Intervist\u00eb n\u00eb televizionin e Malit t\u00eb Zi - Video - Lajme nga Ulqini\" \/>\n<meta property=\"og:description\" content=\"Mbr\u00ebm\u00eb ne televizionin publik t\u00eb RTMZ (TVCG), Kryesuesi i lis\u00ebt \u201cShqiptar\u00ebt- Me nj\u00eb q\u00ebllim\u201d, ishte i ftuar G\u00ebzim Hajdinaga nga moderatori Musa Gjoka. Gzim\" \/>\n<meta property=\"og:url\" content=\"https:\/\/www.visit-ulcinj.com\/blog\/2016\/09\/30\/gzim-hajdinaga-interviste-ne-televizionin-e-malit-te-zi-video\/\" \/>\n<meta property=\"og:site_name\" content=\"Lajme nga Ulqini\" \/>\n<meta property=\"article:published_time\" content=\"2016-09-30T15:54:55+00:00\" \/>\n<meta property=\"article:modified_time\" content=\"2016-10-02T08:48:55+00:00\" \/>\n<meta property=\"og:image\" content=\"http:\/\/www.visit-ulcinj.com\/blog\/wp-content\/uploads\/2016\/09\/Interviste-Gzim-Hajdinaga-TVCG-.jpg\" \/>\n<meta name=\"twitter:label1\" content=\"Written by\" \/>\n\t<meta name=\"twitter:data1\" content=\"ulqini\" \/>\n\t<meta name=\"twitter:label2\" content=\"Est. reading time\" \/>\n\t<meta name=\"twitter:data2\" content=\"9 minutes\" \/>\n<script type=\"application\/ld+json\" class=\"yoast-schema-graph\">{\"@context\":\"https:\/\/schema.org\",\"@graph\":[{\"@type\":\"WebSite\",\"@id\":\"https:\/\/www.visit-ulcinj.com\/blog\/#website\",\"url\":\"https:\/\/www.visit-ulcinj.com\/blog\/\",\"name\":\"Lajme nga Ulqini\",\"description\":\"Lajme,Vijesti,Ulqini,Ulqin,Crna Gora,Mali i Zi\",\"potentialAction\":[{\"@type\":\"SearchAction\",\"target\":{\"@type\":\"EntryPoint\",\"urlTemplate\":\"https:\/\/www.visit-ulcinj.com\/blog\/?s={search_term_string}\"},\"query-input\":\"required name=search_term_string\"}],\"inLanguage\":\"en-US\"},{\"@type\":\"ImageObject\",\"inLanguage\":\"en-US\",\"@id\":\"https:\/\/www.visit-ulcinj.com\/blog\/2016\/09\/30\/gzim-hajdinaga-interviste-ne-televizionin-e-malit-te-zi-video\/#primaryimage\",\"url\":\"https:\/\/www.visit-ulcinj.com\/blog\/wp-content\/uploads\/2016\/09\/Interviste-Gzim-Hajdinaga-TVCG-.jpg\",\"contentUrl\":\"https:\/\/www.visit-ulcinj.com\/blog\/wp-content\/uploads\/2016\/09\/Interviste-Gzim-Hajdinaga-TVCG-.jpg\",\"width\":617,\"height\":478},{\"@type\":\"WebPage\",\"@id\":\"https:\/\/www.visit-ulcinj.com\/blog\/2016\/09\/30\/gzim-hajdinaga-interviste-ne-televizionin-e-malit-te-zi-video\/#webpage\",\"url\":\"https:\/\/www.visit-ulcinj.com\/blog\/2016\/09\/30\/gzim-hajdinaga-interviste-ne-televizionin-e-malit-te-zi-video\/\",\"name\":\"Gzim Hajdinaga - Intervist\u00eb n\u00eb televizionin e Malit t\u00eb Zi - Video - Lajme nga Ulqini\",\"isPartOf\":{\"@id\":\"https:\/\/www.visit-ulcinj.com\/blog\/#website\"},\"primaryImageOfPage\":{\"@id\":\"https:\/\/www.visit-ulcinj.com\/blog\/2016\/09\/30\/gzim-hajdinaga-interviste-ne-televizionin-e-malit-te-zi-video\/#primaryimage\"},\"datePublished\":\"2016-09-30T15:54:55+00:00\",\"dateModified\":\"2016-10-02T08:48:55+00:00\",\"author\":{\"@id\":\"https:\/\/www.visit-ulcinj.com\/blog\/#\/schema\/person\/dcab619c614d3038751c63bc2aadc06d\"},\"description\":\"Mbr\u00ebm\u00eb ne televizionin publik t\u00eb RTMZ (TVCG), Kryesuesi i lis\u00ebt \u201cShqiptar\u00ebt- Me nj\u00eb q\u00ebllim\u201d, ishte i ftuar G\u00ebzim Hajdinaga nga moderatori Musa Gjoka. Gzim\",\"breadcrumb\":{\"@id\":\"https:\/\/www.visit-ulcinj.com\/blog\/2016\/09\/30\/gzim-hajdinaga-interviste-ne-televizionin-e-malit-te-zi-video\/#breadcrumb\"},\"inLanguage\":\"en-US\",\"potentialAction\":[{\"@type\":\"ReadAction\",\"target\":[\"https:\/\/www.visit-ulcinj.com\/blog\/2016\/09\/30\/gzim-hajdinaga-interviste-ne-televizionin-e-malit-te-zi-video\/\"]}]},{\"@type\":\"BreadcrumbList\",\"@id\":\"https:\/\/www.visit-ulcinj.com\/blog\/2016\/09\/30\/gzim-hajdinaga-interviste-ne-televizionin-e-malit-te-zi-video\/#breadcrumb\",\"itemListElement\":[{\"@type\":\"ListItem\",\"position\":1,\"name\":\"Gzim Hajdinaga &#8211; Intervist\u00eb n\u00eb televizionin e Malit t\u00eb Zi &#8211; Video\"}]},{\"@type\":\"Person\",\"@id\":\"https:\/\/www.visit-ulcinj.com\/blog\/#\/schema\/person\/dcab619c614d3038751c63bc2aadc06d\",\"name\":\"ulqini\",\"sameAs\":[\"http:\/\/www.visit-ulcinj.com\"],\"url\":\"https:\/\/www.visit-ulcinj.com\/blog\/author\/admin\/\"}]}<\/script>\n<!-- \/ Yoast SEO plugin. -->","yoast_head_json":{"title":"Gzim Hajdinaga - Intervist\u00eb n\u00eb televizionin e Malit t\u00eb Zi - Video - Lajme nga Ulqini","description":"Mbr\u00ebm\u00eb ne televizionin publik t\u00eb RTMZ (TVCG), Kryesuesi i lis\u00ebt \u201cShqiptar\u00ebt- Me nj\u00eb q\u00ebllim\u201d, ishte i ftuar G\u00ebzim Hajdinaga nga moderatori Musa Gjoka. Gzim","robots":{"index":"index","follow":"follow","max-snippet":"max-snippet:-1","max-image-preview":"max-image-preview:large","max-video-preview":"max-video-preview:-1"},"canonical":"https:\/\/www.visit-ulcinj.com\/blog\/2016\/09\/30\/gzim-hajdinaga-interviste-ne-televizionin-e-malit-te-zi-video\/","og_locale":"en_US","og_type":"article","og_title":"Gzim Hajdinaga - Intervist\u00eb n\u00eb televizionin e Malit t\u00eb Zi - Video - Lajme nga Ulqini","og_description":"Mbr\u00ebm\u00eb ne televizionin publik t\u00eb RTMZ (TVCG), Kryesuesi i lis\u00ebt \u201cShqiptar\u00ebt- Me nj\u00eb q\u00ebllim\u201d, ishte i ftuar G\u00ebzim Hajdinaga nga moderatori Musa Gjoka. Gzim","og_url":"https:\/\/www.visit-ulcinj.com\/blog\/2016\/09\/30\/gzim-hajdinaga-interviste-ne-televizionin-e-malit-te-zi-video\/","og_site_name":"Lajme nga Ulqini","article_published_time":"2016-09-30T15:54:55+00:00","article_modified_time":"2016-10-02T08:48:55+00:00","og_image":[{"url":"http:\/\/www.visit-ulcinj.com\/blog\/wp-content\/uploads\/2016\/09\/Interviste-Gzim-Hajdinaga-TVCG-.jpg"}],"twitter_misc":{"Written by":"ulqini","Est. reading time":"9 minutes"},"schema":{"@context":"https:\/\/schema.org","@graph":[{"@type":"WebSite","@id":"https:\/\/www.visit-ulcinj.com\/blog\/#website","url":"https:\/\/www.visit-ulcinj.com\/blog\/","name":"Lajme nga Ulqini","description":"Lajme,Vijesti,Ulqini,Ulqin,Crna Gora,Mali i Zi","potentialAction":[{"@type":"SearchAction","target":{"@type":"EntryPoint","urlTemplate":"https:\/\/www.visit-ulcinj.com\/blog\/?s={search_term_string}"},"query-input":"required name=search_term_string"}],"inLanguage":"en-US"},{"@type":"ImageObject","inLanguage":"en-US","@id":"https:\/\/www.visit-ulcinj.com\/blog\/2016\/09\/30\/gzim-hajdinaga-interviste-ne-televizionin-e-malit-te-zi-video\/#primaryimage","url":"https:\/\/www.visit-ulcinj.com\/blog\/wp-content\/uploads\/2016\/09\/Interviste-Gzim-Hajdinaga-TVCG-.jpg","contentUrl":"https:\/\/www.visit-ulcinj.com\/blog\/wp-content\/uploads\/2016\/09\/Interviste-Gzim-Hajdinaga-TVCG-.jpg","width":617,"height":478},{"@type":"WebPage","@id":"https:\/\/www.visit-ulcinj.com\/blog\/2016\/09\/30\/gzim-hajdinaga-interviste-ne-televizionin-e-malit-te-zi-video\/#webpage","url":"https:\/\/www.visit-ulcinj.com\/blog\/2016\/09\/30\/gzim-hajdinaga-interviste-ne-televizionin-e-malit-te-zi-video\/","name":"Gzim Hajdinaga - Intervist\u00eb n\u00eb televizionin e Malit t\u00eb Zi - Video - Lajme nga Ulqini","isPartOf":{"@id":"https:\/\/www.visit-ulcinj.com\/blog\/#website"},"primaryImageOfPage":{"@id":"https:\/\/www.visit-ulcinj.com\/blog\/2016\/09\/30\/gzim-hajdinaga-interviste-ne-televizionin-e-malit-te-zi-video\/#primaryimage"},"datePublished":"2016-09-30T15:54:55+00:00","dateModified":"2016-10-02T08:48:55+00:00","author":{"@id":"https:\/\/www.visit-ulcinj.com\/blog\/#\/schema\/person\/dcab619c614d3038751c63bc2aadc06d"},"description":"Mbr\u00ebm\u00eb ne televizionin publik t\u00eb RTMZ (TVCG), Kryesuesi i lis\u00ebt \u201cShqiptar\u00ebt- Me nj\u00eb q\u00ebllim\u201d, ishte i ftuar G\u00ebzim Hajdinaga nga moderatori Musa Gjoka. Gzim","breadcrumb":{"@id":"https:\/\/www.visit-ulcinj.com\/blog\/2016\/09\/30\/gzim-hajdinaga-interviste-ne-televizionin-e-malit-te-zi-video\/#breadcrumb"},"inLanguage":"en-US","potentialAction":[{"@type":"ReadAction","target":["https:\/\/www.visit-ulcinj.com\/blog\/2016\/09\/30\/gzim-hajdinaga-interviste-ne-televizionin-e-malit-te-zi-video\/"]}]},{"@type":"BreadcrumbList","@id":"https:\/\/www.visit-ulcinj.com\/blog\/2016\/09\/30\/gzim-hajdinaga-interviste-ne-televizionin-e-malit-te-zi-video\/#breadcrumb","itemListElement":[{"@type":"ListItem","position":1,"name":"Gzim Hajdinaga &#8211; Intervist\u00eb n\u00eb televizionin e Malit t\u00eb Zi &#8211; Video"}]},{"@type":"Person","@id":"https:\/\/www.visit-ulcinj.com\/blog\/#\/schema\/person\/dcab619c614d3038751c63bc2aadc06d","name":"ulqini","sameAs":["http:\/\/www.visit-ulcinj.com"],"url":"https:\/\/www.visit-ulcinj.com\/blog\/author\/admin\/"}]}},"jetpack_featured_media_url":"","jetpack_sharing_enabled":true,"jetpack_shortlink":"https:\/\/wp.me\/pe6lTn-q2b","_links":{"self":[{"href":"https:\/\/www.visit-ulcinj.com\/blog\/wp-json\/wp\/v2\/posts\/100079"}],"collection":[{"href":"https:\/\/www.visit-ulcinj.com\/blog\/wp-json\/wp\/v2\/posts"}],"about":[{"href":"https:\/\/www.visit-ulcinj.com\/blog\/wp-json\/wp\/v2\/types\/post"}],"author":[{"embeddable":true,"href":"https:\/\/www.visit-ulcinj.com\/blog\/wp-json\/wp\/v2\/users\/1"}],"replies":[{"embeddable":true,"href":"https:\/\/www.visit-ulcinj.com\/blog\/wp-json\/wp\/v2\/comments?post=100079"}],"version-history":[{"count":3,"href":"https:\/\/www.visit-ulcinj.com\/blog\/wp-json\/wp\/v2\/posts\/100079\/revisions"}],"predecessor-version":[{"id":100134,"href":"https:\/\/www.visit-ulcinj.com\/blog\/wp-json\/wp\/v2\/posts\/100079\/revisions\/100134"}],"wp:attachment":[{"href":"https:\/\/www.visit-ulcinj.com\/blog\/wp-json\/wp\/v2\/media?parent=100079"}],"wp:term":[{"taxonomy":"category","embeddable":true,"href":"https:\/\/www.visit-ulcinj.com\/blog\/wp-json\/wp\/v2\/categories?post=100079"},{"taxonomy":"post_tag","embeddable":true,"href":"https:\/\/www.visit-ulcinj.com\/blog\/wp-json\/wp\/v2\/tags?post=100079"}],"curies":[{"name":"wp","href":"https:\/\/api.w.org\/{rel}","templated":true}]}}