{"id":100082,"date":"2016-09-30T21:11:28","date_gmt":"2016-09-30T20:11:28","guid":{"rendered":"http:\/\/www.visit-ulcinj.com\/blog\/?p=100082"},"modified":"2016-09-30T21:11:28","modified_gmt":"2016-09-30T20:11:28","slug":"rriten-presionet-ndaj-kreut-te-partise-pqshi-dr-jakupi","status":"publish","type":"post","link":"https:\/\/www.visit-ulcinj.com\/blog\/2016\/09\/30\/rriten-presionet-ndaj-kreut-te-partise-pqshi-dr-jakupi\/","title":{"rendered":"Rriten presionet ndaj kreut t\u00eb Partis\u00eb PQSHI &#8211; Dr.Jakupi"},"content":{"rendered":"<p><a href=\"http:\/\/www.visit-ulcinj.com\/blog\/wp-content\/uploads\/2016\/07\/Lideri-i-PQSHI-Dr-Isat-Jakupi-ju-uron\u00eb-BAJRAMIN.jpg\"><img loading=\"lazy\" class=\"alignleft wp-image-98112\" src=\"http:\/\/www.visit-ulcinj.com\/blog\/wp-content\/uploads\/2016\/07\/Lideri-i-PQSHI-Dr-Isat-Jakupi-ju-uron\u00eb-BAJRAMIN.jpg\" alt=\"Lideri i PQSHI, Dr Isat Jakupi ju uron\u00eb BAJRAMIN\" width=\"508\" height=\"282\" srcset=\"https:\/\/www.visit-ulcinj.com\/blog\/wp-content\/uploads\/2016\/07\/Lideri-i-PQSHI-Dr-Isat-Jakupi-ju-uron\u00eb-BAJRAMIN.jpg 820w, https:\/\/www.visit-ulcinj.com\/blog\/wp-content\/uploads\/2016\/07\/Lideri-i-PQSHI-Dr-Isat-Jakupi-ju-uron\u00eb-BAJRAMIN-300x167.jpg 300w, https:\/\/www.visit-ulcinj.com\/blog\/wp-content\/uploads\/2016\/07\/Lideri-i-PQSHI-Dr-Isat-Jakupi-ju-uron\u00eb-BAJRAMIN-768x427.jpg 768w\" sizes=\"(max-width: 508px) 100vw, 508px\" \/><\/a>Lideri i Partis\u00eb qendrore shqiptare p\u00ebr integrime dr. Isat Jakupi ka th\u00ebn\u00eb se prej fillimit t\u00eb fushat\u00ebs parazgjedhore jan\u00eb rritur presionet ndaj tij n\u00eb m\u00ebnyr\u00eb q\u00eb t\u00eb diskreditohet n\u00eb sy t\u00eb opinionit, raporton portali Ul.info.<\/p>\n<p>\u201cGati p\u00ebr \u00e7do dit\u00eb fitoj nj\u00ebfar\u00eb thirrjesh p\u00ebr gjyq dhe seanca d\u00ebgjimore, p\u00ebr raste t\u00eb vjetruara apo me lajm\u00ebrime anonime. Si\u00e7 duket i pengoj dikujt, ve\u00e7an\u00ebrisht mbasi q\u00eb njoftuam se n\u00eb zgjedhje do t\u00eb marrim pjes\u00eb n\u00eb list\u00ebn e Lidhjes demokratike t\u00eb Shqiptar\u00ebve\u201d, tha dr. Jakupi dhe theksoi se ai nuk trembet dhe k\u00ebto gj\u00ebra nuk e shkurajojn\u00eb.<\/p>\n<p>Jakupi tha se do ti drejtohet ministrave t\u00eb pun\u00ebve t\u00eb brendshme dhe t\u00eb pakicave dhe t\u00eb drejtave t\u00eb njeriut, sepse t\u00eb gjitha k\u00ebto i b\u00ebhen intelektualit, humanistit dhe liderit t\u00eb nj\u00eb partie politike t\u00eb regjistruar, i cili \u00ebsht\u00eb edhe kandidat p\u00ebr deputet n\u00eb Parlamentin shtet\u00ebror.<\/p>\n","protected":false},"excerpt":{"rendered":"<p>Lideri i Partis\u00eb qendrore shqiptare p\u00ebr integrime dr. Isat Jakupi ka th\u00ebn\u00eb se prej fillimit t\u00eb fushat\u00ebs parazgjedhore jan\u00eb rritur presionet ndaj tij n\u00eb m\u00ebnyr\u00eb q\u00eb t\u00eb diskreditohet n\u00eb sy t\u00eb opinionit, raporton portali Ul.info. \u201cGati p\u00ebr \u00e7do dit\u00eb fitoj nj\u00ebfar\u00eb thirrjesh p\u00ebr gjyq dhe seanca d\u00ebgjimore, p\u00ebr raste t\u00eb vjetruara apo me lajm\u00ebrime anonime. [&hellip;]<\/p>\n","protected":false},"author":1,"featured_media":0,"comment_status":"closed","ping_status":"closed","sticky":false,"template":"","format":"standard","meta":{"spay_email":"","jetpack_publicize_message":"","jetpack_is_tweetstorm":false,"jetpack_publicize_feature_enabled":true},"categories":[6950],"tags":[],"jetpack_publicize_connections":[],"yoast_head":"<!-- This site is optimized with the Yoast SEO plugin v19.1 - https:\/\/yoast.com\/wordpress\/plugins\/seo\/ -->\n<title>Rriten presionet ndaj kreut t\u00eb Partis\u00eb PQSHI - Dr.Jakupi - Lajme nga Ulqini<\/title>\n<meta name=\"description\" content=\"Lideri i Partis\u00eb qendrore shqiptare p\u00ebr integrime dr. Isat Jakupi ka th\u00ebn\u00eb se prej fillimit t\u00eb fushat\u00ebs parazgjedhore jan\u00eb rritur presionet ndaj tij n\u00eb\" \/>\n<meta name=\"robots\" content=\"index, follow, max-snippet:-1, max-image-preview:large, max-video-preview:-1\" \/>\n<link rel=\"canonical\" href=\"https:\/\/www.visit-ulcinj.com\/blog\/2016\/09\/30\/rriten-presionet-ndaj-kreut-te-partise-pqshi-dr-jakupi\/\" \/>\n<meta property=\"og:locale\" content=\"en_US\" \/>\n<meta property=\"og:type\" content=\"article\" \/>\n<meta property=\"og:title\" content=\"Rriten presionet ndaj kreut t\u00eb Partis\u00eb PQSHI - Dr.Jakupi - Lajme nga Ulqini\" \/>\n<meta property=\"og:description\" content=\"Lideri i Partis\u00eb qendrore shqiptare p\u00ebr integrime dr. Isat Jakupi ka th\u00ebn\u00eb se prej fillimit t\u00eb fushat\u00ebs parazgjedhore jan\u00eb rritur presionet ndaj tij n\u00eb\" \/>\n<meta property=\"og:url\" content=\"https:\/\/www.visit-ulcinj.com\/blog\/2016\/09\/30\/rriten-presionet-ndaj-kreut-te-partise-pqshi-dr-jakupi\/\" \/>\n<meta property=\"og:site_name\" content=\"Lajme nga Ulqini\" \/>\n<meta property=\"article:published_time\" content=\"2016-09-30T20:11:28+00:00\" \/>\n<meta name=\"twitter:label1\" content=\"Written by\" \/>\n\t<meta name=\"twitter:data1\" content=\"ulqini\" \/>\n\t<meta name=\"twitter:label2\" content=\"Est. reading time\" \/>\n\t<meta name=\"twitter:data2\" content=\"1 minute\" \/>\n<script type=\"application\/ld+json\" class=\"yoast-schema-graph\">{\"@context\":\"https:\/\/schema.org\",\"@graph\":[{\"@type\":\"WebSite\",\"@id\":\"https:\/\/www.visit-ulcinj.com\/blog\/#website\",\"url\":\"https:\/\/www.visit-ulcinj.com\/blog\/\",\"name\":\"Lajme nga Ulqini\",\"description\":\"Lajme,Vijesti,Ulqini,Ulqin,Crna Gora,Mali i Zi\",\"potentialAction\":[{\"@type\":\"SearchAction\",\"target\":{\"@type\":\"EntryPoint\",\"urlTemplate\":\"https:\/\/www.visit-ulcinj.com\/blog\/?s={search_term_string}\"},\"query-input\":\"required name=search_term_string\"}],\"inLanguage\":\"en-US\"},{\"@type\":\"WebPage\",\"@id\":\"https:\/\/www.visit-ulcinj.com\/blog\/2016\/09\/30\/rriten-presionet-ndaj-kreut-te-partise-pqshi-dr-jakupi\/#webpage\",\"url\":\"https:\/\/www.visit-ulcinj.com\/blog\/2016\/09\/30\/rriten-presionet-ndaj-kreut-te-partise-pqshi-dr-jakupi\/\",\"name\":\"Rriten presionet ndaj kreut t\u00eb Partis\u00eb PQSHI - Dr.Jakupi - Lajme nga Ulqini\",\"isPartOf\":{\"@id\":\"https:\/\/www.visit-ulcinj.com\/blog\/#website\"},\"datePublished\":\"2016-09-30T20:11:28+00:00\",\"dateModified\":\"2016-09-30T20:11:28+00:00\",\"author\":{\"@id\":\"https:\/\/www.visit-ulcinj.com\/blog\/#\/schema\/person\/dcab619c614d3038751c63bc2aadc06d\"},\"description\":\"Lideri i Partis\u00eb qendrore shqiptare p\u00ebr integrime dr. Isat Jakupi ka th\u00ebn\u00eb se prej fillimit t\u00eb fushat\u00ebs parazgjedhore jan\u00eb rritur presionet ndaj tij n\u00eb\",\"breadcrumb\":{\"@id\":\"https:\/\/www.visit-ulcinj.com\/blog\/2016\/09\/30\/rriten-presionet-ndaj-kreut-te-partise-pqshi-dr-jakupi\/#breadcrumb\"},\"inLanguage\":\"en-US\",\"potentialAction\":[{\"@type\":\"ReadAction\",\"target\":[\"https:\/\/www.visit-ulcinj.com\/blog\/2016\/09\/30\/rriten-presionet-ndaj-kreut-te-partise-pqshi-dr-jakupi\/\"]}]},{\"@type\":\"BreadcrumbList\",\"@id\":\"https:\/\/www.visit-ulcinj.com\/blog\/2016\/09\/30\/rriten-presionet-ndaj-kreut-te-partise-pqshi-dr-jakupi\/#breadcrumb\",\"itemListElement\":[{\"@type\":\"ListItem\",\"position\":1,\"name\":\"Rriten presionet ndaj kreut t\u00eb Partis\u00eb PQSHI &#8211; Dr.Jakupi\"}]},{\"@type\":\"Person\",\"@id\":\"https:\/\/www.visit-ulcinj.com\/blog\/#\/schema\/person\/dcab619c614d3038751c63bc2aadc06d\",\"name\":\"ulqini\",\"sameAs\":[\"http:\/\/www.visit-ulcinj.com\"],\"url\":\"https:\/\/www.visit-ulcinj.com\/blog\/author\/admin\/\"}]}<\/script>\n<!-- \/ Yoast SEO plugin. -->","yoast_head_json":{"title":"Rriten presionet ndaj kreut t\u00eb Partis\u00eb PQSHI - Dr.Jakupi - Lajme nga Ulqini","description":"Lideri i Partis\u00eb qendrore shqiptare p\u00ebr integrime dr. Isat Jakupi ka th\u00ebn\u00eb se prej fillimit t\u00eb fushat\u00ebs parazgjedhore jan\u00eb rritur presionet ndaj tij n\u00eb","robots":{"index":"index","follow":"follow","max-snippet":"max-snippet:-1","max-image-preview":"max-image-preview:large","max-video-preview":"max-video-preview:-1"},"canonical":"https:\/\/www.visit-ulcinj.com\/blog\/2016\/09\/30\/rriten-presionet-ndaj-kreut-te-partise-pqshi-dr-jakupi\/","og_locale":"en_US","og_type":"article","og_title":"Rriten presionet ndaj kreut t\u00eb Partis\u00eb PQSHI - Dr.Jakupi - Lajme nga Ulqini","og_description":"Lideri i Partis\u00eb qendrore shqiptare p\u00ebr integrime dr. Isat Jakupi ka th\u00ebn\u00eb se prej fillimit t\u00eb fushat\u00ebs parazgjedhore jan\u00eb rritur presionet ndaj tij n\u00eb","og_url":"https:\/\/www.visit-ulcinj.com\/blog\/2016\/09\/30\/rriten-presionet-ndaj-kreut-te-partise-pqshi-dr-jakupi\/","og_site_name":"Lajme nga Ulqini","article_published_time":"2016-09-30T20:11:28+00:00","twitter_misc":{"Written by":"ulqini","Est. reading time":"1 minute"},"schema":{"@context":"https:\/\/schema.org","@graph":[{"@type":"WebSite","@id":"https:\/\/www.visit-ulcinj.com\/blog\/#website","url":"https:\/\/www.visit-ulcinj.com\/blog\/","name":"Lajme nga Ulqini","description":"Lajme,Vijesti,Ulqini,Ulqin,Crna Gora,Mali i Zi","potentialAction":[{"@type":"SearchAction","target":{"@type":"EntryPoint","urlTemplate":"https:\/\/www.visit-ulcinj.com\/blog\/?s={search_term_string}"},"query-input":"required name=search_term_string"}],"inLanguage":"en-US"},{"@type":"WebPage","@id":"https:\/\/www.visit-ulcinj.com\/blog\/2016\/09\/30\/rriten-presionet-ndaj-kreut-te-partise-pqshi-dr-jakupi\/#webpage","url":"https:\/\/www.visit-ulcinj.com\/blog\/2016\/09\/30\/rriten-presionet-ndaj-kreut-te-partise-pqshi-dr-jakupi\/","name":"Rriten presionet ndaj kreut t\u00eb Partis\u00eb PQSHI - Dr.Jakupi - Lajme nga Ulqini","isPartOf":{"@id":"https:\/\/www.visit-ulcinj.com\/blog\/#website"},"datePublished":"2016-09-30T20:11:28+00:00","dateModified":"2016-09-30T20:11:28+00:00","author":{"@id":"https:\/\/www.visit-ulcinj.com\/blog\/#\/schema\/person\/dcab619c614d3038751c63bc2aadc06d"},"description":"Lideri i Partis\u00eb qendrore shqiptare p\u00ebr integrime dr. Isat Jakupi ka th\u00ebn\u00eb se prej fillimit t\u00eb fushat\u00ebs parazgjedhore jan\u00eb rritur presionet ndaj tij n\u00eb","breadcrumb":{"@id":"https:\/\/www.visit-ulcinj.com\/blog\/2016\/09\/30\/rriten-presionet-ndaj-kreut-te-partise-pqshi-dr-jakupi\/#breadcrumb"},"inLanguage":"en-US","potentialAction":[{"@type":"ReadAction","target":["https:\/\/www.visit-ulcinj.com\/blog\/2016\/09\/30\/rriten-presionet-ndaj-kreut-te-partise-pqshi-dr-jakupi\/"]}]},{"@type":"BreadcrumbList","@id":"https:\/\/www.visit-ulcinj.com\/blog\/2016\/09\/30\/rriten-presionet-ndaj-kreut-te-partise-pqshi-dr-jakupi\/#breadcrumb","itemListElement":[{"@type":"ListItem","position":1,"name":"Rriten presionet ndaj kreut t\u00eb Partis\u00eb PQSHI &#8211; Dr.Jakupi"}]},{"@type":"Person","@id":"https:\/\/www.visit-ulcinj.com\/blog\/#\/schema\/person\/dcab619c614d3038751c63bc2aadc06d","name":"ulqini","sameAs":["http:\/\/www.visit-ulcinj.com"],"url":"https:\/\/www.visit-ulcinj.com\/blog\/author\/admin\/"}]}},"jetpack_featured_media_url":"","jetpack_sharing_enabled":true,"jetpack_shortlink":"https:\/\/wp.me\/pe6lTn-q2e","_links":{"self":[{"href":"https:\/\/www.visit-ulcinj.com\/blog\/wp-json\/wp\/v2\/posts\/100082"}],"collection":[{"href":"https:\/\/www.visit-ulcinj.com\/blog\/wp-json\/wp\/v2\/posts"}],"about":[{"href":"https:\/\/www.visit-ulcinj.com\/blog\/wp-json\/wp\/v2\/types\/post"}],"author":[{"embeddable":true,"href":"https:\/\/www.visit-ulcinj.com\/blog\/wp-json\/wp\/v2\/users\/1"}],"replies":[{"embeddable":true,"href":"https:\/\/www.visit-ulcinj.com\/blog\/wp-json\/wp\/v2\/comments?post=100082"}],"version-history":[{"count":1,"href":"https:\/\/www.visit-ulcinj.com\/blog\/wp-json\/wp\/v2\/posts\/100082\/revisions"}],"predecessor-version":[{"id":100083,"href":"https:\/\/www.visit-ulcinj.com\/blog\/wp-json\/wp\/v2\/posts\/100082\/revisions\/100083"}],"wp:attachment":[{"href":"https:\/\/www.visit-ulcinj.com\/blog\/wp-json\/wp\/v2\/media?parent=100082"}],"wp:term":[{"taxonomy":"category","embeddable":true,"href":"https:\/\/www.visit-ulcinj.com\/blog\/wp-json\/wp\/v2\/categories?post=100082"},{"taxonomy":"post_tag","embeddable":true,"href":"https:\/\/www.visit-ulcinj.com\/blog\/wp-json\/wp\/v2\/tags?post=100082"}],"curies":[{"name":"wp","href":"https:\/\/api.w.org\/{rel}","templated":true}]}}