{"id":100084,"date":"2016-09-30T21:19:18","date_gmt":"2016-09-30T20:19:18","guid":{"rendered":"http:\/\/www.visit-ulcinj.com\/blog\/?p=100084"},"modified":"2016-10-01T22:19:37","modified_gmt":"2016-10-01T21:19:37","slug":"u-ulcinj-obiljezili-evropski-dan-saradnje","status":"publish","type":"post","link":"https:\/\/www.visit-ulcinj.com\/blog\/2016\/09\/30\/u-ulcinj-obiljezili-evropski-dan-saradnje\/","title":{"rendered":"U Ulcinj obilje\u017eili &#8220;Evropski dan saradnje&#8221;"},"content":{"rendered":"<p><strong><a href=\"http:\/\/www.visit-ulcinj.com\/blog\/wp-content\/uploads\/2016\/09\/Cungu-Dan-Evrope-Ulcinj.jpg\"><img loading=\"lazy\" class=\"alignleft wp-image-100085\" src=\"http:\/\/www.visit-ulcinj.com\/blog\/wp-content\/uploads\/2016\/09\/Cungu-Dan-Evrope-Ulcinj.jpg\" alt=\"Cungu-Dan-Evrope-Ulcinj\" width=\"508\" height=\"339\" srcset=\"https:\/\/www.visit-ulcinj.com\/blog\/wp-content\/uploads\/2016\/09\/Cungu-Dan-Evrope-Ulcinj.jpg 450w, https:\/\/www.visit-ulcinj.com\/blog\/wp-content\/uploads\/2016\/09\/Cungu-Dan-Evrope-Ulcinj-300x200.jpg 300w\" sizes=\"(max-width: 508px) 100vw, 508px\" \/><\/a>U organizaciji Ministarstva vanjskih poslova i evropskih integracija i Op\u0161tine Ulcinj, danas je sve\u010dano obilje\u017een Evropski dan saradnje.<\/strong><\/p>\n<p>Tim povodom je, kako je saop\u0161teno iz Ministarstva vanjskih poslova i evropskih integracija, u Ulcinju organizovan javni skup na kojem su predstavljeni rezultati ostvareni u okviru prekograni\u010dnih i transnacionalnih programa u periodu 2007-2013, kao i mogu\u0107nosti za realizaciju projekata u okviru finansijske perspektive 2014-2020.<\/p>\n<p>Predsjednik Op\u0161tine Nazif Cungu je istakao da je Ulcinj prepoznao zna\u010daj Ipa fondova, te da su 2012. osnovali poseban biro koji se bavi pripremom i realizacijom projekata. S tim u vezi je podsjetio da su dosad realizovali sedam projekata, u vrijednosti od 1,7 miliona eura.<\/p>\n<p>Vr\u0161ilac du\u017enosti generalne direktorice za koordinaciju programa pomo\u0107i EU Ivana Gli\u0161evi\u0107-\u0110urovi\u0107 je podsjetila da je Crna Gora u prethodnom sedmogodi\u0161njem periodu imala priliku da u\u010destvuje u pet programa bilateralne saradnje, Jadranskom prekograni\u010dnom programu i dva transnacionalna programa Jugoisto\u010dna Evropa i Mediteranski program.<\/p>\n<p>Ona je istakla je da je, u okviru ovih programa ugovoren 221 projekat ukupne vrijednosti 37,6 miliona eura u oblastima ekonomske saradnje, za\u0161tite \u017eivotne sredine, turizma, poljoprivrede, kulture, obrazovanja, zapo\u0161ljavanja, socijalne kohezije, kao i odre\u0111eni broj manjih infrastrukturnih projekata.<\/p>\n<div class=\"box-right box450\">\n<div class=\"boxImage\"><a href=\"http:\/\/www.visit-ulcinj.com\/blog\/wp-content\/uploads\/2016\/09\/Glisevic-Djurovic-Ulcinj.jpg\"><img loading=\"lazy\" class=\"alignleft wp-image-100086\" src=\"http:\/\/www.visit-ulcinj.com\/blog\/wp-content\/uploads\/2016\/09\/Glisevic-Djurovic-Ulcinj.jpg\" alt=\"Glisevic-Djurovic-Ulcinj\" width=\"508\" height=\"339\" srcset=\"https:\/\/www.visit-ulcinj.com\/blog\/wp-content\/uploads\/2016\/09\/Glisevic-Djurovic-Ulcinj.jpg 450w, https:\/\/www.visit-ulcinj.com\/blog\/wp-content\/uploads\/2016\/09\/Glisevic-Djurovic-Ulcinj-300x200.jpg 300w\" sizes=\"(max-width: 508px) 100vw, 508px\" \/><\/a><span class=\"boxImageCaption\"><br \/>\n<\/span><\/div>\n<\/div>\n<p>Gli\u0161evi\u0107-\u0110urovi\u0107 je ukazala da programi prekograni\u010dne i transnacionalne saradnje doprinose dobrosusjedskim odnosima kroz zajedni\u010dke lokalne i regionalne inicijative, promovisanje ekonomskog i socijalnog razvoja pograni\u010dnih podru\u010dja i podsticanje me\u0111uljudskih kontakata, i razvijanje mre\u017ee izme\u0111u lokalnih zajednica.<\/p>\n<p>\u201eU tom kontekstu je predstavila mogu\u0107nosti koje su na raspolaganju u okviru \u010detiri bilateralna programa sa Albanijom, Bosnom i Hercegovinom, Kosovom i Srbijom, dva trilateralna programa Hrvatska \u2013 Bosna i Hercegovina \u2013 Crna Gora i Italija \u2013 Albanija \u2013 Crna Gora i tri transnacionalna programa Dunavski, Mediteranski i Jadransko-jonski program koji se sprovode u periodu 2014-2020\u201c, navodi se u saop\u0161tenju.<\/p>\n<p><strong>Izvor: RTCG<\/strong><\/p>\n<p><strong><a href=\"http:\/\/www.visit-ulcinj.com\/blog\/wp-content\/uploads\/2016\/10\/Cungu_dita_bashkpunimit_eu-komuna-ulqinit.jpg\"><img loading=\"lazy\" class=\"alignleft wp-image-100119\" src=\"http:\/\/www.visit-ulcinj.com\/blog\/wp-content\/uploads\/2016\/10\/Cungu_dita_bashkpunimit_eu-komuna-ulqinit.jpg\" alt=\"Cungu_dita_bashkpunimit_eu-komuna-ulqinit\" width=\"508\" height=\"289\" srcset=\"https:\/\/www.visit-ulcinj.com\/blog\/wp-content\/uploads\/2016\/10\/Cungu_dita_bashkpunimit_eu-komuna-ulqinit.jpg 984w, https:\/\/www.visit-ulcinj.com\/blog\/wp-content\/uploads\/2016\/10\/Cungu_dita_bashkpunimit_eu-komuna-ulqinit-300x171.jpg 300w, https:\/\/www.visit-ulcinj.com\/blog\/wp-content\/uploads\/2016\/10\/Cungu_dita_bashkpunimit_eu-komuna-ulqinit-768x437.jpg 768w\" sizes=\"(max-width: 508px) 100vw, 508px\" \/><\/a><\/strong><\/p>\n<p><strong>Dan Evropske saradnje, Cungu: U prvoj fazi IPA-1 Fondova, Op\u0161tina je dobila 7 projekata sa iznosom od 1.6 miliona eura<\/strong><\/p>\n<p>Povodom Dana Evropske Saradnje, u saradnji sa Ministarstvom Vanjskih poslova i Evropskih Integracija Crne Gore, predsjednik Op\u0161tine Ulcinj Nazif Cungu je u prostorijama op\u0161tine do\u010dekao mlade studente i gimnazijalce iz Ulcinja.<\/p>\n<p>Tokom njegovog izlaganja, predsjednik Cungu je ukratko predstavio i dosada\u0161nji rad op\u0161tine i njihovo institucionalno anga\u017eovanje za dobijanje \u0161to vi\u0161e IPA projekata Evropske Unije, koje su od velikog\u00a0 zna\u010daja za grad Ulcinj.<\/p>\n<p>Predsjednik Cungu se li\u010dno zahvalio radnicima Op\u0161tine, a posebno Kancelariji za Me\u0111unarodnu Saradnju i Projekte, za njihove ostvarene rezultate tokom 2013.godine, kada je ova kancelarija progla\u0161ena\u00a0 najboljom\u00a0 u Crnoj Gori.<\/p>\n<p>Sa aplikacijama ove kancelarije, dobijeno je sedam projekata ukupne vrijednosti\u00a0 oko 1.6 miliona eura.<\/p>\n<p>U zavr\u0161nom dijelu izlaganja, predsjednik Cungu se zahvalio mladima na prisustvu i pozvao ih da budu dio ovih projekata,\u00a0 jer je to njihova budu\u0107nost za profesionalni i akademski razvoj.<\/p>\n<p>U nastavku mo\u017eete pro\u010ditati u potpunosti izlaganje PredsjednikaOp\u0161tine Ulcinj, g.Nazifa Cungu:<\/p>\n<p>Po\u0161tovani prisutni, predstavnici medija, dragi u\u010denici,<\/p>\n<p>Pozdravljam generalnu direktoricu za koordinaciju programa pomo\u0107i EU\u00a0Ivanu Gli\u0161evi\u0107 &#8211; \u0110urovi\u0107,<\/p>\n<p>Dobro do\u0161li na ovaj skup koji organizujemo u saradnji sa Ministarstvom\u00a0vanjskih poslova i evropskih integracija u \u010dast Evropskog dana saradnje.\u00a0Na\u0161a Op\u0161tina je dobro svjesna mogu\u0107nosti koje nude evropskih fondovi i\u00a0evropska pretpristupna pomo\u0107 &#8211; popularna IPA. Tokom prvog\u00a0programskog perioda IPA 1, bili smo najuspje\u0161nija op\u0161tina u Crnoj Gori\u00a0po broju dobijenih projekata i ugovorenih sredstava. Zahvalju\u0107i\u00a0anga\u017emanu na\u0161e mlade ekipe dobili smo 7 projekata ukupne rijednosti\u00a0oko 1,6 miliona eura.\u00a0U ovom periodu uspje\u0161no su realizovani sljede\u0107i projekti:<\/p>\n<p>1. Nabavka mehanizacije za \u010di\u0161\u0107enje i odr\u017eavanja pla\u017ea 240.000 euro,\u00a0fond iz prve komponente IPA<\/p>\n<p>2. Centar za obuku za \u017eene, 300.000 euro, IPA Adriatic fond<\/p>\n<p>3. M2RES, 87.000 euro, fond South East Europe<\/p>\n<p>4. Cross Border Pact, 60.000 euro, fond CBC Crna Gora &#8211; Albanija<\/p>\n<p>5. Projekat Marubi, 194.000 euro, fond CBC Crna Gora &#8211; Albanija<\/p>\n<p>6. Adriatic Welfare Mix, 100.000 euro fond IPA Adriatic<\/p>\n<p>7. Me\u0111uop\u0161tinski projekat za enegetsku efikasnost 670.000 euro<\/p>\n<p>Gore pomenuti rezultati su kandidovali Kancelariju za me\u0111unarodnu\u00a0saradnju i projekte op\u0161tine Ulcinj da bude progla\u0161ena za najbolju\u00a0kancelariju u 2013. Godini.\u00a0Veoma nam je drago kad \u010dujemo da i u teku\u0107em programskom periodu\u00a0tzv. IPA 2, ima puno programa i mogu\u0107nosti za dobijanje novih projekata i\u00a0grantova.\u00a0Zato \u0107u iskoristiti priliku da vas pozovem, posebno vas mlade ovdje\u00a0prisutne, da se \u0161to aktivnije uklju\u010dite u ovu pri\u010du, jer pisanje i\u00a0implementacija EU projekata je osao budu\u0107nosti za koji postoji potra\u017enja.\u00a0Pozivam vas da iskoristite iskustva koje je Op\u0161tina akumulirala u ovoj\u00a0oblasti jer je to posao kroz koji razvijate predu\u017eetni\u010dke vje\u0161tine, nau\u010dite da\u00a0upravljate projektima i projektnim ciklusima, to je posao koji nudi\u00a0mogu\u0107nosti da putuje i da se dalje usavr\u0161avate.<\/p>\n<p>Po\u0161tovani prisutni,<\/p>\n<p>Osnovni princip na kome je EU osnovana je princip saradnje. Proces\u00a0evropskih integracija Crne Gore ve\u0107 je zna\u010dajno podstakao saradnju preko\u00a0njenih granica. Prekograni\u010dna saradnja je su\u0161tina ideje evropskih\u00a0integracija. Integracija u Evropsku uniju je imprerativ na\u0161eg vremena zato\u00a0smo svi du\u017eni da se \u0161to aktivnije uklju\u010dimo u programe Evropske unije.<\/p>\n<p>Hvala na pa\u017enji!<\/p>\n","protected":false},"excerpt":{"rendered":"<p>U organizaciji Ministarstva vanjskih poslova i evropskih integracija i Op\u0161tine Ulcinj, danas je sve\u010dano obilje\u017een Evropski dan saradnje. Tim povodom je, kako je saop\u0161teno iz Ministarstva vanjskih poslova i evropskih integracija, u Ulcinju organizovan javni skup na kojem su predstavljeni rezultati ostvareni u okviru prekograni\u010dnih i transnacionalnih programa u periodu 2007-2013, kao i mogu\u0107nosti za [&hellip;]<\/p>\n","protected":false},"author":1,"featured_media":0,"comment_status":"closed","ping_status":"closed","sticky":false,"template":"","format":"standard","meta":{"spay_email":"","jetpack_publicize_message":"","jetpack_is_tweetstorm":false,"jetpack_publicize_feature_enabled":true},"categories":[8337],"tags":[],"jetpack_publicize_connections":[],"yoast_head":"<!-- This site is optimized with the Yoast SEO plugin v19.1 - https:\/\/yoast.com\/wordpress\/plugins\/seo\/ -->\n<title>U Ulcinj obilje\u017eili &quot;Evropski dan saradnje&quot; - Lajme nga Ulqini<\/title>\n<meta name=\"description\" content=\"U organizaciji Ministarstva vanjskih poslova i evropskih integracija i Op\u0161tine Ulcinj, danas je sve\u010dano obilje\u017een Evropski dan saradnje. Tim povodom je,\" \/>\n<meta name=\"robots\" content=\"index, follow, max-snippet:-1, max-image-preview:large, max-video-preview:-1\" \/>\n<link rel=\"canonical\" href=\"https:\/\/www.visit-ulcinj.com\/blog\/2016\/09\/30\/u-ulcinj-obiljezili-evropski-dan-saradnje\/\" \/>\n<meta property=\"og:locale\" content=\"en_US\" \/>\n<meta property=\"og:type\" content=\"article\" \/>\n<meta property=\"og:title\" content=\"U Ulcinj obilje\u017eili &quot;Evropski dan saradnje&quot; - Lajme nga Ulqini\" \/>\n<meta property=\"og:description\" content=\"U organizaciji Ministarstva vanjskih poslova i evropskih integracija i Op\u0161tine Ulcinj, danas je sve\u010dano obilje\u017een Evropski dan saradnje. Tim povodom je,\" \/>\n<meta property=\"og:url\" content=\"https:\/\/www.visit-ulcinj.com\/blog\/2016\/09\/30\/u-ulcinj-obiljezili-evropski-dan-saradnje\/\" \/>\n<meta property=\"og:site_name\" content=\"Lajme nga Ulqini\" \/>\n<meta property=\"article:published_time\" content=\"2016-09-30T20:19:18+00:00\" \/>\n<meta property=\"article:modified_time\" content=\"2016-10-01T21:19:37+00:00\" \/>\n<meta property=\"og:image\" content=\"http:\/\/www.visit-ulcinj.com\/blog\/wp-content\/uploads\/2016\/09\/Cungu-Dan-Evrope-Ulcinj.jpg\" \/>\n<meta name=\"twitter:label1\" content=\"Written by\" \/>\n\t<meta name=\"twitter:data1\" content=\"ulqini\" \/>\n\t<meta name=\"twitter:label2\" content=\"Est. reading time\" \/>\n\t<meta name=\"twitter:data2\" content=\"4 minutes\" \/>\n<script type=\"application\/ld+json\" class=\"yoast-schema-graph\">{\"@context\":\"https:\/\/schema.org\",\"@graph\":[{\"@type\":\"WebSite\",\"@id\":\"https:\/\/www.visit-ulcinj.com\/blog\/#website\",\"url\":\"https:\/\/www.visit-ulcinj.com\/blog\/\",\"name\":\"Lajme nga Ulqini\",\"description\":\"Lajme,Vijesti,Ulqini,Ulqin,Crna Gora,Mali i Zi\",\"potentialAction\":[{\"@type\":\"SearchAction\",\"target\":{\"@type\":\"EntryPoint\",\"urlTemplate\":\"https:\/\/www.visit-ulcinj.com\/blog\/?s={search_term_string}\"},\"query-input\":\"required name=search_term_string\"}],\"inLanguage\":\"en-US\"},{\"@type\":\"ImageObject\",\"inLanguage\":\"en-US\",\"@id\":\"https:\/\/www.visit-ulcinj.com\/blog\/2016\/09\/30\/u-ulcinj-obiljezili-evropski-dan-saradnje\/#primaryimage\",\"url\":\"https:\/\/www.visit-ulcinj.com\/blog\/wp-content\/uploads\/2016\/09\/Cungu-Dan-Evrope-Ulcinj.jpg\",\"contentUrl\":\"https:\/\/www.visit-ulcinj.com\/blog\/wp-content\/uploads\/2016\/09\/Cungu-Dan-Evrope-Ulcinj.jpg\",\"width\":450,\"height\":300},{\"@type\":\"WebPage\",\"@id\":\"https:\/\/www.visit-ulcinj.com\/blog\/2016\/09\/30\/u-ulcinj-obiljezili-evropski-dan-saradnje\/#webpage\",\"url\":\"https:\/\/www.visit-ulcinj.com\/blog\/2016\/09\/30\/u-ulcinj-obiljezili-evropski-dan-saradnje\/\",\"name\":\"U Ulcinj obilje\u017eili \\\"Evropski dan saradnje\\\" - Lajme nga Ulqini\",\"isPartOf\":{\"@id\":\"https:\/\/www.visit-ulcinj.com\/blog\/#website\"},\"primaryImageOfPage\":{\"@id\":\"https:\/\/www.visit-ulcinj.com\/blog\/2016\/09\/30\/u-ulcinj-obiljezili-evropski-dan-saradnje\/#primaryimage\"},\"datePublished\":\"2016-09-30T20:19:18+00:00\",\"dateModified\":\"2016-10-01T21:19:37+00:00\",\"author\":{\"@id\":\"https:\/\/www.visit-ulcinj.com\/blog\/#\/schema\/person\/dcab619c614d3038751c63bc2aadc06d\"},\"description\":\"U organizaciji Ministarstva vanjskih poslova i evropskih integracija i Op\u0161tine Ulcinj, danas je sve\u010dano obilje\u017een Evropski dan saradnje. Tim povodom je,\",\"breadcrumb\":{\"@id\":\"https:\/\/www.visit-ulcinj.com\/blog\/2016\/09\/30\/u-ulcinj-obiljezili-evropski-dan-saradnje\/#breadcrumb\"},\"inLanguage\":\"en-US\",\"potentialAction\":[{\"@type\":\"ReadAction\",\"target\":[\"https:\/\/www.visit-ulcinj.com\/blog\/2016\/09\/30\/u-ulcinj-obiljezili-evropski-dan-saradnje\/\"]}]},{\"@type\":\"BreadcrumbList\",\"@id\":\"https:\/\/www.visit-ulcinj.com\/blog\/2016\/09\/30\/u-ulcinj-obiljezili-evropski-dan-saradnje\/#breadcrumb\",\"itemListElement\":[{\"@type\":\"ListItem\",\"position\":1,\"name\":\"U Ulcinj obilje\u017eili &#8220;Evropski dan saradnje&#8221;\"}]},{\"@type\":\"Person\",\"@id\":\"https:\/\/www.visit-ulcinj.com\/blog\/#\/schema\/person\/dcab619c614d3038751c63bc2aadc06d\",\"name\":\"ulqini\",\"sameAs\":[\"http:\/\/www.visit-ulcinj.com\"],\"url\":\"https:\/\/www.visit-ulcinj.com\/blog\/author\/admin\/\"}]}<\/script>\n<!-- \/ Yoast SEO plugin. -->","yoast_head_json":{"title":"U Ulcinj obilje\u017eili \"Evropski dan saradnje\" - Lajme nga Ulqini","description":"U organizaciji Ministarstva vanjskih poslova i evropskih integracija i Op\u0161tine Ulcinj, danas je sve\u010dano obilje\u017een Evropski dan saradnje. Tim povodom je,","robots":{"index":"index","follow":"follow","max-snippet":"max-snippet:-1","max-image-preview":"max-image-preview:large","max-video-preview":"max-video-preview:-1"},"canonical":"https:\/\/www.visit-ulcinj.com\/blog\/2016\/09\/30\/u-ulcinj-obiljezili-evropski-dan-saradnje\/","og_locale":"en_US","og_type":"article","og_title":"U Ulcinj obilje\u017eili \"Evropski dan saradnje\" - Lajme nga Ulqini","og_description":"U organizaciji Ministarstva vanjskih poslova i evropskih integracija i Op\u0161tine Ulcinj, danas je sve\u010dano obilje\u017een Evropski dan saradnje. Tim povodom je,","og_url":"https:\/\/www.visit-ulcinj.com\/blog\/2016\/09\/30\/u-ulcinj-obiljezili-evropski-dan-saradnje\/","og_site_name":"Lajme nga Ulqini","article_published_time":"2016-09-30T20:19:18+00:00","article_modified_time":"2016-10-01T21:19:37+00:00","og_image":[{"url":"http:\/\/www.visit-ulcinj.com\/blog\/wp-content\/uploads\/2016\/09\/Cungu-Dan-Evrope-Ulcinj.jpg"}],"twitter_misc":{"Written by":"ulqini","Est. reading time":"4 minutes"},"schema":{"@context":"https:\/\/schema.org","@graph":[{"@type":"WebSite","@id":"https:\/\/www.visit-ulcinj.com\/blog\/#website","url":"https:\/\/www.visit-ulcinj.com\/blog\/","name":"Lajme nga Ulqini","description":"Lajme,Vijesti,Ulqini,Ulqin,Crna Gora,Mali i Zi","potentialAction":[{"@type":"SearchAction","target":{"@type":"EntryPoint","urlTemplate":"https:\/\/www.visit-ulcinj.com\/blog\/?s={search_term_string}"},"query-input":"required name=search_term_string"}],"inLanguage":"en-US"},{"@type":"ImageObject","inLanguage":"en-US","@id":"https:\/\/www.visit-ulcinj.com\/blog\/2016\/09\/30\/u-ulcinj-obiljezili-evropski-dan-saradnje\/#primaryimage","url":"https:\/\/www.visit-ulcinj.com\/blog\/wp-content\/uploads\/2016\/09\/Cungu-Dan-Evrope-Ulcinj.jpg","contentUrl":"https:\/\/www.visit-ulcinj.com\/blog\/wp-content\/uploads\/2016\/09\/Cungu-Dan-Evrope-Ulcinj.jpg","width":450,"height":300},{"@type":"WebPage","@id":"https:\/\/www.visit-ulcinj.com\/blog\/2016\/09\/30\/u-ulcinj-obiljezili-evropski-dan-saradnje\/#webpage","url":"https:\/\/www.visit-ulcinj.com\/blog\/2016\/09\/30\/u-ulcinj-obiljezili-evropski-dan-saradnje\/","name":"U Ulcinj obilje\u017eili \"Evropski dan saradnje\" - Lajme nga Ulqini","isPartOf":{"@id":"https:\/\/www.visit-ulcinj.com\/blog\/#website"},"primaryImageOfPage":{"@id":"https:\/\/www.visit-ulcinj.com\/blog\/2016\/09\/30\/u-ulcinj-obiljezili-evropski-dan-saradnje\/#primaryimage"},"datePublished":"2016-09-30T20:19:18+00:00","dateModified":"2016-10-01T21:19:37+00:00","author":{"@id":"https:\/\/www.visit-ulcinj.com\/blog\/#\/schema\/person\/dcab619c614d3038751c63bc2aadc06d"},"description":"U organizaciji Ministarstva vanjskih poslova i evropskih integracija i Op\u0161tine Ulcinj, danas je sve\u010dano obilje\u017een Evropski dan saradnje. Tim povodom je,","breadcrumb":{"@id":"https:\/\/www.visit-ulcinj.com\/blog\/2016\/09\/30\/u-ulcinj-obiljezili-evropski-dan-saradnje\/#breadcrumb"},"inLanguage":"en-US","potentialAction":[{"@type":"ReadAction","target":["https:\/\/www.visit-ulcinj.com\/blog\/2016\/09\/30\/u-ulcinj-obiljezili-evropski-dan-saradnje\/"]}]},{"@type":"BreadcrumbList","@id":"https:\/\/www.visit-ulcinj.com\/blog\/2016\/09\/30\/u-ulcinj-obiljezili-evropski-dan-saradnje\/#breadcrumb","itemListElement":[{"@type":"ListItem","position":1,"name":"U Ulcinj obilje\u017eili &#8220;Evropski dan saradnje&#8221;"}]},{"@type":"Person","@id":"https:\/\/www.visit-ulcinj.com\/blog\/#\/schema\/person\/dcab619c614d3038751c63bc2aadc06d","name":"ulqini","sameAs":["http:\/\/www.visit-ulcinj.com"],"url":"https:\/\/www.visit-ulcinj.com\/blog\/author\/admin\/"}]}},"jetpack_featured_media_url":"","jetpack_sharing_enabled":true,"jetpack_shortlink":"https:\/\/wp.me\/pe6lTn-q2g","_links":{"self":[{"href":"https:\/\/www.visit-ulcinj.com\/blog\/wp-json\/wp\/v2\/posts\/100084"}],"collection":[{"href":"https:\/\/www.visit-ulcinj.com\/blog\/wp-json\/wp\/v2\/posts"}],"about":[{"href":"https:\/\/www.visit-ulcinj.com\/blog\/wp-json\/wp\/v2\/types\/post"}],"author":[{"embeddable":true,"href":"https:\/\/www.visit-ulcinj.com\/blog\/wp-json\/wp\/v2\/users\/1"}],"replies":[{"embeddable":true,"href":"https:\/\/www.visit-ulcinj.com\/blog\/wp-json\/wp\/v2\/comments?post=100084"}],"version-history":[{"count":3,"href":"https:\/\/www.visit-ulcinj.com\/blog\/wp-json\/wp\/v2\/posts\/100084\/revisions"}],"predecessor-version":[{"id":100122,"href":"https:\/\/www.visit-ulcinj.com\/blog\/wp-json\/wp\/v2\/posts\/100084\/revisions\/100122"}],"wp:attachment":[{"href":"https:\/\/www.visit-ulcinj.com\/blog\/wp-json\/wp\/v2\/media?parent=100084"}],"wp:term":[{"taxonomy":"category","embeddable":true,"href":"https:\/\/www.visit-ulcinj.com\/blog\/wp-json\/wp\/v2\/categories?post=100084"},{"taxonomy":"post_tag","embeddable":true,"href":"https:\/\/www.visit-ulcinj.com\/blog\/wp-json\/wp\/v2\/tags?post=100084"}],"curies":[{"name":"wp","href":"https:\/\/api.w.org\/{rel}","templated":true}]}}