{"id":100088,"date":"2016-10-01T09:09:57","date_gmt":"2016-10-01T08:09:57","guid":{"rendered":"http:\/\/www.visit-ulcinj.com\/blog\/?p=100088"},"modified":"2016-10-01T09:14:42","modified_gmt":"2016-10-01T08:14:42","slug":"interviste-me-veteranin-e-arsimit-mark-shkreli-ne-emisionin-portreti","status":"publish","type":"post","link":"https:\/\/www.visit-ulcinj.com\/blog\/2016\/10\/01\/interviste-me-veteranin-e-arsimit-mark-shkreli-ne-emisionin-portreti\/","title":{"rendered":"Intervist\u00eb me veteranin e arsimit Mark Shkreli n\u00eb emisionin Portreti"},"content":{"rendered":"<p><a href=\"http:\/\/www.visit-ulcinj.com\/blog\/wp-content\/uploads\/2016\/10\/Intervist-Mark-Shkreli-Emisioni-Portreti-Hatixhe-Nelaj-Ulqin.jpg\"><img loading=\"lazy\" class=\"alignleft wp-image-100089\" src=\"http:\/\/www.visit-ulcinj.com\/blog\/wp-content\/uploads\/2016\/10\/Intervist-Mark-Shkreli-Emisioni-Portreti-Hatixhe-Nelaj-Ulqin.jpg\" alt=\"Intervist-Mark-Shkreli-Emisioni-Portreti-Hatixhe-Nelaj-Ulqin\" width=\"508\" height=\"283\" srcset=\"https:\/\/www.visit-ulcinj.com\/blog\/wp-content\/uploads\/2016\/10\/Intervist-Mark-Shkreli-Emisioni-Portreti-Hatixhe-Nelaj-Ulqin.jpg 731w, https:\/\/www.visit-ulcinj.com\/blog\/wp-content\/uploads\/2016\/10\/Intervist-Mark-Shkreli-Emisioni-Portreti-Hatixhe-Nelaj-Ulqin-300x167.jpg 300w\" sizes=\"(max-width: 508px) 100vw, 508px\" \/><\/a>Mund t\u00eb ndiqni emisionin\u201cPortreti\u201d i cili emitohet \u00e7do te hene ne oren 21.00 n\u00eb Televizionin Teuta.<br \/>\nModeratorja e emisonit <strong>Hatixhe Nelaj<\/strong> na mundson t\u00eb ndjekim emisionin \u201cPortreti\u201d q\u00eb transmetohet n\u00eb TV Teuta.<br \/>\nNdiqni emisionin ku protagonist i emisionit \u00ebsht\u00eb <strong>Mark Shkreli<\/strong>.<\/p>\n<p><iframe loading=\"lazy\" frameborder=\"0\" width=\"508\" height=\"340\" src=\"\/\/www.dailymotion.com\/embed\/video\/x4t8lpc?autoPlay=1\" allowfullscreen><\/iframe><br \/>\n<strong><br \/>\nM\u00ebsuesit e shqipes q\u00eb 70 vjet m\u00eb par\u00eb nis\u00ebn profesionin n\u00eb krahin\u00ebn e Ulqinit<\/strong><\/p>\n<p>Shum\u00eb data t\u00eb sh\u00ebnuara t\u00eb historis\u00eb son\u00eb t\u00eb lavdishme n\u00eb vete bartin dometh\u00ebnje e simbolika t\u00eb shum\u00ebfishta.<br \/>\nMark K Shkreli nga Shengjergji i Ulqinit ku sot e k\u00ebsaj dite jeton dhe punon n\u00eb New York na d\u00ebrgoj\u00eb k\u00ebt artikull\u00eb,ku sot me rastin e di\u00ebs t\u00eb m\u00ebsuesit do ta publikojm.<\/p>\n<p>M\u00ebsuesit e shqipes q\u00eb 70 vjet m\u00eb par\u00eb nis\u00ebn profesionin n\u00eb krahin\u00ebn e Ulqinit<\/p>\n<p>Nga Pertefe Leka<\/p>\n<p>N\u00eb vitin shkollor 1941-1942, Ministria e Arsimit n\u00ebn drejtimin e Ernest Koliqit, em\u00ebroi shum\u00eb m\u00ebsues n\u00eb Kosov\u00eb dhe n\u00eb pjes\u00ebn veriore t\u00eb Shqip\u00ebris\u00eb q\u00eb kishte mbetur jasht\u00eb kufijve t\u00eb 1913.<\/p>\n<p>M\u00ebsuesi Jahja Domnori, nga Shkodra, u em\u00ebrua p\u00ebr zon\u00ebn e Ulqinit. I pajisur me nj\u00eb kultur\u00eb t\u00eb gjer\u00eb pedagogjike dhe me nj\u00eb p\u00ebrvoj\u00eb t\u00eb mir\u00eb pune n\u00eb hapjen e shkollave t\u00eb reja, si n\u00eb Dib\u00ebr, Vlor\u00eb, Durr\u00ebs e n\u00eb Shkod\u00ebr, iu besua nj\u00eb detyr\u00eb me r\u00ebnd\u00ebsi. N\u00eb Ulqin, ai do t\u00eb kryente detyr\u00ebn e Drejtorit dhe Inspektorit t\u00eb zon\u00ebs. Duke pasur n\u00eb var\u00ebsi t\u00eb gjitha rrethinat e Ulqinit, kishte nevoj\u00eb p\u00ebr m\u00ebsues t\u00eb p\u00ebrgatitur dhe t\u00eb nd\u00ebrgjegjsh\u00ebm, pasi njer\u00ebzit atje ishin t\u00eb etur p\u00ebr shkoll\u00ebn shqipe e cila deri at\u00ebher\u00eb ishte e ndaluar. K\u00ebt\u00eb detyr\u00eb e mori p\u00ebrsip\u00ebr vet\u00eb inspektori i zon\u00ebs, m\u00ebsuesi Jahja Domnori, q\u00eb t\u00eb zgjidhte m\u00ebsues\u00eb nga familje t\u00eb nderuara intelektuale, duke shfyt\u00ebzuar njohjet q\u00eb kishte me ta.<\/p>\n<p>M\u00ebsuesi J. Domnori, ishte njohur me baban\u00eb e Prenk\u00eb Jakov\u00ebs, Kol\u00ebn, kur ishin bashk\u00eb n\u00eb luft\u00ebn e Koplikut, m\u00eb 1920. Kola, me origjin\u00eb nga Gjakova, ishte nd\u00ebr organizator\u00ebt e mbrojtjes s\u00eb kufijve komb\u00ebtar\u00eb nga agresioni sllav. Dy familjet kishin ruajtur nj\u00eb miq\u00ebsi t\u00eb sinqert\u00eb. P\u00ebr k\u00ebt\u00eb, trokiti n\u00eb der\u00ebn e gjakovar\u00ebve, p\u00ebr t\u00eb inkuadruar djalin e tyre, Prenk\u00ebn, n\u00eb k\u00ebt\u00eb detyr\u00eb fisnike. M\u00eb mir\u00eb e p\u00ebrshkruan vet\u00eb Prenka k\u00ebt\u00eb lidhje n\u00eb kujtimet e tij. Ai kishte respektin m\u00eb t\u00eb madh p\u00ebr zotni Jahon (k\u00ebshtu e th\u00ebrriste Prenka). Ke andje t\u2019i lexosh ato sh\u00ebnime, me nj\u00eb gjuh\u00eb t\u00eb bukur shkodrane, ku Prenka u ka dh\u00ebn\u00eb melodin\u00eb e shpirtit. \u201cNji dit\u00eb, tek po lexojshe di\u00e7ka n\u00eb revisten \u201cHylli i Drites\u201d, n\u00eb oden e vog\u00ebl u fut nana Roz\u00eb, me duert e saja tan\u00eb shkum\u00eb sapunit e tan\u00eb preokupim, e m\u00eb thot\u00eb se ka ardhe nji mik i shtepis\u00eb ton\u00eb, Jaho Domnori, q\u00eb ishte drejtor i shkoll\u00ebs fillore t\u00eb Ulqinit. Une tue e njoft\u00eb mir\u00eb Jahon, lash\u00eb librin e dola menj\u00ebher\u00eb n\u00eb oborrin ton\u00eb t\u00eb vog\u00ebl, ku nana Roz\u00eb e kishte vendue ne nji karrike thuprash. Pasi u falme me njeni-tjetrin, ai me propozoj q\u00eb t\u00eb shkojshe si m\u00ebsues n\u00eb katundin e Kat\u00ebrkollit, n\u00eb An\u00eb t\u00eb Malit, se n\u00eb ate zon\u00eb kishte marr\u00eb edhe m\u00ebsues t\u00eb tjer\u00eb prej Shkodret, si Viktor Kicin, Prenke Shiroken, Shuk Shllakun, Ramadan Millen, Zef Berishen e shum\u00eb t\u00eb tjer\u00eb.<\/p>\n<p>Un\u00eb si me marifet ja hodha fjal\u00ebn, p\u00ebr me m\u00eb marr\u00eb n\u00eb Ulqin, e aj plot deshir\u00eb, me premtoj, se do ta realizonte k\u00ebte deshir\u00eb, por n\u00eb t\u00eb ardhmen. Meq\u00eb t\u00eb gjith\u00eb m\u00ebsuesit q\u00eb m\u00eb p\u00ebrmendi Zotni Jahoja i njifshe mir\u00eb, pranova pa ma t\u00eb voglin hezitim. Nana tuj i prue nji kafe tarnake, e tuj fluturue prej gzimit, e falnderonte zotni Jahon p\u00ebr interesimin e tij. Ajo ju lut edhe p\u00ebr vllaun tem, \u00c7eskun, p\u00ebr me i gjet\u00eb nji vend edhe atij, se i pelqente natyra dhe puna si m\u00ebsues\u201d (nga kujtimet e P.Jakoves).<\/p>\n<p>Pa urdhra nga lart, por me nj\u00eb bised\u00eb t\u00eb hapur e t\u00eb sinqert\u00eb drejtori i shkoll\u00ebs e zgjodhi personelin me m\u00ebsues\u00eb q\u00eb e donin Atdheun, e donin gjuh\u00ebn shqipe dhe p\u00ebrparimin e Kombit. \u00cbsht\u00eb historik fjalimi q\u00eb mbajti drejtori i shkoll\u00ebs Jahja Domnori dit\u00ebn e hapjes s\u00eb shkoll\u00ebs shqipe n\u00eb Ulqin, me prind\u00ebr, m\u00ebsues dhe autoritetet vendore.<\/p>\n<p>Nj\u00eb fragment i shk\u00ebputur: \u201cArsyja e mbledhjes sotme s\u2019asht tjet\u00ebr vetem se dishroj me pas\u00eb nji marrdhanie me ju, me qellim qe t\u2019u japim edukaten e duhun fmijve tuaj.<\/p>\n<p>Andrra qi keni pas\u00eb pam\u00eb tash sa koh\u00eb, se nji popull qi ruen gjuh\u00ebn e vet, aj ka ruejt \u00e7ilsin e rrug\u00ebs s\u00eb indipendenc\u00ebs u shfaq sot si drita e syve. Kjo gjuh\u00eb e ruejtun prej jush, si prushi n\u00eb gji duhet punue, e k\u00ebte pun\u00eb e ban shkolla\u2026 Shkolla p\u00ebrpiqet me pregatit\u00eb qytetar\u00eb e qytetare t\u00eb respektueshem ndaj ligjeve, me dasht\u00eb tek s\u2019ban Atdheun, e krejt\u00eb t\u00eb gadshem me ba \u00e7do sakrific\u00eb p\u00ebr te\u201d (nga shenimet e J.Domnorit).<\/p>\n<p>Ky ishte motivi kryesor i t\u00eb gjith\u00eb atyre q\u00eb punuan pa u ndalur p\u00ebr t\u00eb p\u00ebrhapur dijet me gjuh\u00ebn e bukur shqipe. K\u00ebshtu veproi edhe Prenka, djal\u00eb i ri.<\/p>\n<p>Ai shpesh ndeshej me prind\u00ebr t\u00eb cil\u00ebt ia drejtonin pyetjet n\u00eb gjuh\u00ebn sllave (ashtu ishin m\u00ebsuar t\u2019u drejtoheshin m\u00ebsuesve sllavisht) por Prenka me dashuri dhe admirim p\u00ebr ata njer\u00ebz t\u00eb mrekullueshem, u thoshte: \u201cO vllazen, kjo asht shkoll\u00eb shqipe, mos ma permendni ma pjevanjen por me thoni: A..din..me . .k\u00ebndue . .mir\u00eb . .shqip\u201d. Meq\u00eb ishin f\u00ebmij\u00eb, tep\u00ebr patriot\u00eb, \u2013 shkruante Prenka, \u2013 u mundojshe me ju msue Fishten, Ndre Mjeden, Hymnin e Shqipnis\u00eb, e shum\u00eb histori t\u00eb patriotave shqiptar\u00eb. Prenka kishte di\u00e7ka m\u00eb tep\u00ebr se m\u00ebsuesit e tjer\u00eb, ai ishte muzikant dhe k\u00ebt\u00eb mrekulli t\u00eb talentit do ta ndante me t\u00eb tjer\u00ebt. Ai vet\u00eb shkruante: \u201cMe vete pata marr\u00eb edhe nji fizarmonik\u00eb t\u00eb vog\u00ebl t\u00eb cil\u00ebn e hidhshe n\u00eb krah e shkojshe p\u00ebr me i ra, muzik\u00eb t\u00eb koh\u00ebs edhe popullore shkodrane, krajan\u00ebt e kishin p\u00ebr zem\u00ebr kang\u00ebn e Shkodr\u00ebs \u2026Shum\u00eb nxan\u00ebs filluen me i ra bukur nd\u00ebr ta edhe djali i hoxh\u00ebs s\u00eb Kraj\u00ebs, por aj kishte edhe nji za fenomenal prej tenori. Ata kishin nji vesh apsolut\u201d (P. Jakova).<\/p>\n<p>Nuk ishte hera e par\u00eb q\u00eb Prenka e kishte shkelur k\u00ebte vend. Ai sjell nd\u00ebr mend kujtimet e f\u00ebmij\u00ebris\u00eb, kur kishte lundruar me bark\u00ebn \u201cScanderbeg\u201d p\u00ebr t\u00eb vizituar Kalan\u00eb e Ulqinit me shok\u00ebt e klas\u00ebs. Mbante mend edhe fjal\u00ebt e At\u00eb Martinit, i cili gjat\u00eb lundrimit ju thoshte f\u00ebmij\u00ebve se sa her\u00eb do ta kujtoni k\u00ebt\u00eb bark\u00eb do t\u00eb kujtoni Gjergj Kastriotin, Skenderbeun ton\u00eb legjendar: \u201cMundem me than\u00eb se n\u00eb Ulqin filluen me m\u00eb ardh\u00eb frym\u00ebzimet e para p\u00ebr historin\u00eb e Skenderbeut\u201d \u2013 shkruan Prenka.<\/p>\n<p>E p\u00ebr rrjedhoj\u00eb, nuk qe e papritur p\u00ebr Prenk\u00ebn kompozitor, kryevepra, Opera \u201cSkenderbeu\u201d sepse ishte nj\u00eb l\u00ebnd\u00eb e akumuluar nd\u00ebr vite, e cila priste t\u00eb shp\u00ebrthente. K\u00ebta m\u00ebsues me p\u00ebrkat\u00ebsi fetare t\u00eb ndryshme, punuan p\u00ebr arsimin laik, duke respektuar besimet e zon\u00ebs. Ata punuan n\u00eb harmoni me nj\u00eb qellim t\u00eb p\u00ebrbashk\u00ebt, duke i sh\u00ebnuar n\u00eb ditar\u00ebt e tyre si vitet m\u00eb t\u00eb bukura t\u00eb jet\u00ebs tyre. Prenka shkruan: \u201cK\u00ebtu u njoha me shum\u00eb krijime t\u00eb mrekullueshme t\u00eb folklorit t\u00eb pap\u00ebrs\u00ebritsh\u00ebm t\u00eb Kraj\u00ebs, ku aj i Ostrenit ishte i ve\u00e7ant\u00eb. K\u00ebtu m\u00eb bante p\u00ebrshtypje edukata tolerante e myslimanve t\u00eb Kraj\u00ebs t\u00eb cil\u00ebt i ruanin me plot p\u00ebrkujdesje objektet e kultit kristian, si kish\u00ebn, Ublen e Vjet\u00ebr, qel\u00ebn n\u00eb Prift-naj e shum\u00eb toponime e vende t\u00eb tjera t\u00eb shenjta kristiane, ku riti n\u00eb malin e Rumijes, ishte nji brilant shum\u00eb i shejt\u00eb si p\u00ebr katolik\u00ebt ashtu edhe p\u00ebr mysliman\u00ebt, t\u00eb cil\u00ebt ishin shum\u00eb fanatik\u00eb, n\u00eb zbatimin e k\u00ebtyne riteve\u201d. Me m\u00ebsues t\u00eb nd\u00ebrgjegjsh\u00ebm si k\u00ebta, t\u00eb cil\u00ebt kishin si pik\u00ebsynim bashkimin pa dallim shtrese shoq\u00ebrore a fetare, ishte nj\u00eb kontribut p\u00ebr ardhm\u00ebrin\u00eb e kombit shqiptar.<\/p>\n<p>E nj\u00ebjta gj\u00eb \u00ebsht\u00eb shkruar edhe n\u00eb ditarin e drejtorit t\u00eb shkoll\u00ebs s\u00eb Ulqinit J. Domnori: \u201cN\u00eb shkoll\u00eb, ku pa dyshim rrin e m\u00ebson si i vobekti, si pasaniku, p\u00ebrpjeket e afrohet ma tep\u00ebr gjaja shoqnore, k\u00ebtu fillon pra me ja dijt\u00eb pasaniku t\u00eb vobektit, zengjini fukaras\u00eb. K\u00ebtu m\u00ebson f\u00ebmija \u00e7\u2019asht zeqati, sadakaja, buka e Shndandout\u2026. Dhima p\u00ebr t\u00eb vobektin e drejt\u00ebsia p\u00ebr t\u00eb gjith\u00eb, jan\u00eb bazat esenciale t\u00eb shkoll\u00ebs s\u00eb sotshme\u201d (J.Domnori).<\/p>\n<p>Sh\u00ebnimet e k\u00ebtyre m\u00ebsuesve flasin shum\u00eb dhe kan\u00eb vlera bashk\u00ebkohore. Ata vun\u00eb n\u00eb jet\u00eb idet\u00eb pedagogjike m\u00eb t\u00eb p\u00ebrparuara t\u00eb koh\u00ebs, duke luftuar padijen dhe pasivitetin dhe duke nxitur lirin\u00eb e mendimit me modelet m\u00eb t\u00eb mira dhe m\u00eb t\u00eb p\u00ebrshtatshme t\u00eb arsimit p\u00ebrparimtar evropian. K\u00ebta m\u00ebsues\u00eb t\u00eb devotsh\u00ebm, hyn\u00eb n\u00eb historin\u00eb e Arsimit Komb\u00ebtar, me vlera t\u00eb patjet\u00ebrsueshme. Duke shk\u00ebputur nj\u00eb fragment nga fjalimi i drejtorit t\u00eb shkoll\u00ebs s\u00eb Ulqinit, Jahja Domnori, njohim pik\u00ebpamjet e tyre p\u00ebr t\u00eb ardhmen e brezit t\u00eb ri.<\/p>\n<p>\u201cShkolla jon\u00eb, vegon me formue qenie t\u00eb plot\u00ebsueme, d.m.th. burra e gra me trup t\u00eb sh\u00ebndosh\u00eb, me zem\u00ebr trime, me vullnet t\u00eb fort\u00eb, me nji shpirt t\u00eb drejt\u00eb, por edhe njers q\u00eb t\u00eb jen\u00eb t\u00eb zot\u00ebt me mprojt\u00eb t\u00eb drejtat e veta. Prandaj, djelmve dhe varzave te cil\u00ebve do t\u2019u jepet edukata, do t\u00eb jen\u00eb f\u00ebmit\u00eb tuej, f\u00ebmi shqiptar\u00ebsh t\u00eb shekullit XX\u201d (Ulqin, 1942).<\/p>\n","protected":false},"excerpt":{"rendered":"<p>Mund t\u00eb ndiqni emisionin\u201cPortreti\u201d i cili emitohet \u00e7do te hene ne oren 21.00 n\u00eb Televizionin Teuta. Moderatorja e emisonit Hatixhe Nelaj na mundson t\u00eb ndjekim emisionin \u201cPortreti\u201d q\u00eb transmetohet n\u00eb TV Teuta. Ndiqni emisionin ku protagonist i emisionit \u00ebsht\u00eb Mark Shkreli. M\u00ebsuesit e shqipes q\u00eb 70 vjet m\u00eb par\u00eb nis\u00ebn profesionin n\u00eb krahin\u00ebn e Ulqinit [&hellip;]<\/p>\n","protected":false},"author":1,"featured_media":0,"comment_status":"closed","ping_status":"closed","sticky":false,"template":"","format":"standard","meta":{"spay_email":"","jetpack_publicize_message":"","jetpack_is_tweetstorm":false,"jetpack_publicize_feature_enabled":true},"categories":[5],"tags":[],"jetpack_publicize_connections":[],"yoast_head":"<!-- This site is optimized with the Yoast SEO plugin v19.1 - https:\/\/yoast.com\/wordpress\/plugins\/seo\/ -->\n<title>Intervist\u00eb me veteranin e arsimit Mark Shkreli n\u00eb emisionin Portreti - Lajme nga Ulqini<\/title>\n<meta name=\"description\" content=\"Mund t\u00eb ndiqni emisionin\u201cPortreti\u201d i cili emitohet \u00e7do te hene ne oren 21.00 n\u00eb Televizionin Teuta. Moderatorja e emisonit Hatixhe Nelaj na mundson t\u00eb\" \/>\n<meta name=\"robots\" content=\"index, follow, max-snippet:-1, max-image-preview:large, max-video-preview:-1\" \/>\n<link rel=\"canonical\" href=\"https:\/\/www.visit-ulcinj.com\/blog\/2016\/10\/01\/interviste-me-veteranin-e-arsimit-mark-shkreli-ne-emisionin-portreti\/\" \/>\n<meta property=\"og:locale\" content=\"en_US\" \/>\n<meta property=\"og:type\" content=\"article\" \/>\n<meta property=\"og:title\" content=\"Intervist\u00eb me veteranin e arsimit Mark Shkreli n\u00eb emisionin Portreti - Lajme nga Ulqini\" \/>\n<meta property=\"og:description\" content=\"Mund t\u00eb ndiqni emisionin\u201cPortreti\u201d i cili emitohet \u00e7do te hene ne oren 21.00 n\u00eb Televizionin Teuta. Moderatorja e emisonit Hatixhe Nelaj na mundson t\u00eb\" \/>\n<meta property=\"og:url\" content=\"https:\/\/www.visit-ulcinj.com\/blog\/2016\/10\/01\/interviste-me-veteranin-e-arsimit-mark-shkreli-ne-emisionin-portreti\/\" \/>\n<meta property=\"og:site_name\" content=\"Lajme nga Ulqini\" \/>\n<meta property=\"article:published_time\" content=\"2016-10-01T08:09:57+00:00\" \/>\n<meta property=\"article:modified_time\" content=\"2016-10-01T08:14:42+00:00\" \/>\n<meta property=\"og:image\" content=\"http:\/\/www.visit-ulcinj.com\/blog\/wp-content\/uploads\/2016\/10\/Intervist-Mark-Shkreli-Emisioni-Portreti-Hatixhe-Nelaj-Ulqin.jpg\" \/>\n<meta name=\"twitter:label1\" content=\"Written by\" \/>\n\t<meta name=\"twitter:data1\" content=\"ulqini\" \/>\n\t<meta name=\"twitter:label2\" content=\"Est. reading time\" \/>\n\t<meta name=\"twitter:data2\" content=\"8 minutes\" \/>\n<script type=\"application\/ld+json\" class=\"yoast-schema-graph\">{\"@context\":\"https:\/\/schema.org\",\"@graph\":[{\"@type\":\"WebSite\",\"@id\":\"https:\/\/www.visit-ulcinj.com\/blog\/#website\",\"url\":\"https:\/\/www.visit-ulcinj.com\/blog\/\",\"name\":\"Lajme nga Ulqini\",\"description\":\"Lajme,Vijesti,Ulqini,Ulqin,Crna Gora,Mali i Zi\",\"potentialAction\":[{\"@type\":\"SearchAction\",\"target\":{\"@type\":\"EntryPoint\",\"urlTemplate\":\"https:\/\/www.visit-ulcinj.com\/blog\/?s={search_term_string}\"},\"query-input\":\"required name=search_term_string\"}],\"inLanguage\":\"en-US\"},{\"@type\":\"ImageObject\",\"inLanguage\":\"en-US\",\"@id\":\"https:\/\/www.visit-ulcinj.com\/blog\/2016\/10\/01\/interviste-me-veteranin-e-arsimit-mark-shkreli-ne-emisionin-portreti\/#primaryimage\",\"url\":\"https:\/\/www.visit-ulcinj.com\/blog\/wp-content\/uploads\/2016\/10\/Intervist-Mark-Shkreli-Emisioni-Portreti-Hatixhe-Nelaj-Ulqin.jpg\",\"contentUrl\":\"https:\/\/www.visit-ulcinj.com\/blog\/wp-content\/uploads\/2016\/10\/Intervist-Mark-Shkreli-Emisioni-Portreti-Hatixhe-Nelaj-Ulqin.jpg\",\"width\":731,\"height\":407},{\"@type\":\"WebPage\",\"@id\":\"https:\/\/www.visit-ulcinj.com\/blog\/2016\/10\/01\/interviste-me-veteranin-e-arsimit-mark-shkreli-ne-emisionin-portreti\/#webpage\",\"url\":\"https:\/\/www.visit-ulcinj.com\/blog\/2016\/10\/01\/interviste-me-veteranin-e-arsimit-mark-shkreli-ne-emisionin-portreti\/\",\"name\":\"Intervist\u00eb me veteranin e arsimit Mark Shkreli n\u00eb emisionin Portreti - Lajme nga Ulqini\",\"isPartOf\":{\"@id\":\"https:\/\/www.visit-ulcinj.com\/blog\/#website\"},\"primaryImageOfPage\":{\"@id\":\"https:\/\/www.visit-ulcinj.com\/blog\/2016\/10\/01\/interviste-me-veteranin-e-arsimit-mark-shkreli-ne-emisionin-portreti\/#primaryimage\"},\"datePublished\":\"2016-10-01T08:09:57+00:00\",\"dateModified\":\"2016-10-01T08:14:42+00:00\",\"author\":{\"@id\":\"https:\/\/www.visit-ulcinj.com\/blog\/#\/schema\/person\/dcab619c614d3038751c63bc2aadc06d\"},\"description\":\"Mund t\u00eb ndiqni emisionin\u201cPortreti\u201d i cili emitohet \u00e7do te hene ne oren 21.00 n\u00eb Televizionin Teuta. Moderatorja e emisonit Hatixhe Nelaj na mundson t\u00eb\",\"breadcrumb\":{\"@id\":\"https:\/\/www.visit-ulcinj.com\/blog\/2016\/10\/01\/interviste-me-veteranin-e-arsimit-mark-shkreli-ne-emisionin-portreti\/#breadcrumb\"},\"inLanguage\":\"en-US\",\"potentialAction\":[{\"@type\":\"ReadAction\",\"target\":[\"https:\/\/www.visit-ulcinj.com\/blog\/2016\/10\/01\/interviste-me-veteranin-e-arsimit-mark-shkreli-ne-emisionin-portreti\/\"]}]},{\"@type\":\"BreadcrumbList\",\"@id\":\"https:\/\/www.visit-ulcinj.com\/blog\/2016\/10\/01\/interviste-me-veteranin-e-arsimit-mark-shkreli-ne-emisionin-portreti\/#breadcrumb\",\"itemListElement\":[{\"@type\":\"ListItem\",\"position\":1,\"name\":\"Intervist\u00eb me veteranin e arsimit Mark Shkreli n\u00eb emisionin Portreti\"}]},{\"@type\":\"Person\",\"@id\":\"https:\/\/www.visit-ulcinj.com\/blog\/#\/schema\/person\/dcab619c614d3038751c63bc2aadc06d\",\"name\":\"ulqini\",\"sameAs\":[\"http:\/\/www.visit-ulcinj.com\"],\"url\":\"https:\/\/www.visit-ulcinj.com\/blog\/author\/admin\/\"}]}<\/script>\n<!-- \/ Yoast SEO plugin. -->","yoast_head_json":{"title":"Intervist\u00eb me veteranin e arsimit Mark Shkreli n\u00eb emisionin Portreti - Lajme nga Ulqini","description":"Mund t\u00eb ndiqni emisionin\u201cPortreti\u201d i cili emitohet \u00e7do te hene ne oren 21.00 n\u00eb Televizionin Teuta. Moderatorja e emisonit Hatixhe Nelaj na mundson t\u00eb","robots":{"index":"index","follow":"follow","max-snippet":"max-snippet:-1","max-image-preview":"max-image-preview:large","max-video-preview":"max-video-preview:-1"},"canonical":"https:\/\/www.visit-ulcinj.com\/blog\/2016\/10\/01\/interviste-me-veteranin-e-arsimit-mark-shkreli-ne-emisionin-portreti\/","og_locale":"en_US","og_type":"article","og_title":"Intervist\u00eb me veteranin e arsimit Mark Shkreli n\u00eb emisionin Portreti - Lajme nga Ulqini","og_description":"Mund t\u00eb ndiqni emisionin\u201cPortreti\u201d i cili emitohet \u00e7do te hene ne oren 21.00 n\u00eb Televizionin Teuta. Moderatorja e emisonit Hatixhe Nelaj na mundson t\u00eb","og_url":"https:\/\/www.visit-ulcinj.com\/blog\/2016\/10\/01\/interviste-me-veteranin-e-arsimit-mark-shkreli-ne-emisionin-portreti\/","og_site_name":"Lajme nga Ulqini","article_published_time":"2016-10-01T08:09:57+00:00","article_modified_time":"2016-10-01T08:14:42+00:00","og_image":[{"url":"http:\/\/www.visit-ulcinj.com\/blog\/wp-content\/uploads\/2016\/10\/Intervist-Mark-Shkreli-Emisioni-Portreti-Hatixhe-Nelaj-Ulqin.jpg"}],"twitter_misc":{"Written by":"ulqini","Est. reading time":"8 minutes"},"schema":{"@context":"https:\/\/schema.org","@graph":[{"@type":"WebSite","@id":"https:\/\/www.visit-ulcinj.com\/blog\/#website","url":"https:\/\/www.visit-ulcinj.com\/blog\/","name":"Lajme nga Ulqini","description":"Lajme,Vijesti,Ulqini,Ulqin,Crna Gora,Mali i Zi","potentialAction":[{"@type":"SearchAction","target":{"@type":"EntryPoint","urlTemplate":"https:\/\/www.visit-ulcinj.com\/blog\/?s={search_term_string}"},"query-input":"required name=search_term_string"}],"inLanguage":"en-US"},{"@type":"ImageObject","inLanguage":"en-US","@id":"https:\/\/www.visit-ulcinj.com\/blog\/2016\/10\/01\/interviste-me-veteranin-e-arsimit-mark-shkreli-ne-emisionin-portreti\/#primaryimage","url":"https:\/\/www.visit-ulcinj.com\/blog\/wp-content\/uploads\/2016\/10\/Intervist-Mark-Shkreli-Emisioni-Portreti-Hatixhe-Nelaj-Ulqin.jpg","contentUrl":"https:\/\/www.visit-ulcinj.com\/blog\/wp-content\/uploads\/2016\/10\/Intervist-Mark-Shkreli-Emisioni-Portreti-Hatixhe-Nelaj-Ulqin.jpg","width":731,"height":407},{"@type":"WebPage","@id":"https:\/\/www.visit-ulcinj.com\/blog\/2016\/10\/01\/interviste-me-veteranin-e-arsimit-mark-shkreli-ne-emisionin-portreti\/#webpage","url":"https:\/\/www.visit-ulcinj.com\/blog\/2016\/10\/01\/interviste-me-veteranin-e-arsimit-mark-shkreli-ne-emisionin-portreti\/","name":"Intervist\u00eb me veteranin e arsimit Mark Shkreli n\u00eb emisionin Portreti - Lajme nga Ulqini","isPartOf":{"@id":"https:\/\/www.visit-ulcinj.com\/blog\/#website"},"primaryImageOfPage":{"@id":"https:\/\/www.visit-ulcinj.com\/blog\/2016\/10\/01\/interviste-me-veteranin-e-arsimit-mark-shkreli-ne-emisionin-portreti\/#primaryimage"},"datePublished":"2016-10-01T08:09:57+00:00","dateModified":"2016-10-01T08:14:42+00:00","author":{"@id":"https:\/\/www.visit-ulcinj.com\/blog\/#\/schema\/person\/dcab619c614d3038751c63bc2aadc06d"},"description":"Mund t\u00eb ndiqni emisionin\u201cPortreti\u201d i cili emitohet \u00e7do te hene ne oren 21.00 n\u00eb Televizionin Teuta. Moderatorja e emisonit Hatixhe Nelaj na mundson t\u00eb","breadcrumb":{"@id":"https:\/\/www.visit-ulcinj.com\/blog\/2016\/10\/01\/interviste-me-veteranin-e-arsimit-mark-shkreli-ne-emisionin-portreti\/#breadcrumb"},"inLanguage":"en-US","potentialAction":[{"@type":"ReadAction","target":["https:\/\/www.visit-ulcinj.com\/blog\/2016\/10\/01\/interviste-me-veteranin-e-arsimit-mark-shkreli-ne-emisionin-portreti\/"]}]},{"@type":"BreadcrumbList","@id":"https:\/\/www.visit-ulcinj.com\/blog\/2016\/10\/01\/interviste-me-veteranin-e-arsimit-mark-shkreli-ne-emisionin-portreti\/#breadcrumb","itemListElement":[{"@type":"ListItem","position":1,"name":"Intervist\u00eb me veteranin e arsimit Mark Shkreli n\u00eb emisionin Portreti"}]},{"@type":"Person","@id":"https:\/\/www.visit-ulcinj.com\/blog\/#\/schema\/person\/dcab619c614d3038751c63bc2aadc06d","name":"ulqini","sameAs":["http:\/\/www.visit-ulcinj.com"],"url":"https:\/\/www.visit-ulcinj.com\/blog\/author\/admin\/"}]}},"jetpack_featured_media_url":"","jetpack_sharing_enabled":true,"jetpack_shortlink":"https:\/\/wp.me\/pe6lTn-q2k","_links":{"self":[{"href":"https:\/\/www.visit-ulcinj.com\/blog\/wp-json\/wp\/v2\/posts\/100088"}],"collection":[{"href":"https:\/\/www.visit-ulcinj.com\/blog\/wp-json\/wp\/v2\/posts"}],"about":[{"href":"https:\/\/www.visit-ulcinj.com\/blog\/wp-json\/wp\/v2\/types\/post"}],"author":[{"embeddable":true,"href":"https:\/\/www.visit-ulcinj.com\/blog\/wp-json\/wp\/v2\/users\/1"}],"replies":[{"embeddable":true,"href":"https:\/\/www.visit-ulcinj.com\/blog\/wp-json\/wp\/v2\/comments?post=100088"}],"version-history":[{"count":4,"href":"https:\/\/www.visit-ulcinj.com\/blog\/wp-json\/wp\/v2\/posts\/100088\/revisions"}],"predecessor-version":[{"id":100093,"href":"https:\/\/www.visit-ulcinj.com\/blog\/wp-json\/wp\/v2\/posts\/100088\/revisions\/100093"}],"wp:attachment":[{"href":"https:\/\/www.visit-ulcinj.com\/blog\/wp-json\/wp\/v2\/media?parent=100088"}],"wp:term":[{"taxonomy":"category","embeddable":true,"href":"https:\/\/www.visit-ulcinj.com\/blog\/wp-json\/wp\/v2\/categories?post=100088"},{"taxonomy":"post_tag","embeddable":true,"href":"https:\/\/www.visit-ulcinj.com\/blog\/wp-json\/wp\/v2\/tags?post=100088"}],"curies":[{"name":"wp","href":"https:\/\/api.w.org\/{rel}","templated":true}]}}