{"id":100094,"date":"2016-10-01T17:21:31","date_gmt":"2016-10-01T16:21:31","guid":{"rendered":"http:\/\/www.visit-ulcinj.com\/blog\/?p=100094"},"modified":"2016-10-01T17:21:31","modified_gmt":"2016-10-01T16:21:31","slug":"cafo-boga-ne-mbrojtje-te-kalase-se-ulqinit-video","status":"publish","type":"post","link":"https:\/\/www.visit-ulcinj.com\/blog\/2016\/10\/01\/cafo-boga-ne-mbrojtje-te-kalase-se-ulqinit-video\/","title":{"rendered":"Cafo Boga n\u00eb mbrojtje t\u00eb Kalas\u00eb s\u00eb Ulqinit &#8211; Video"},"content":{"rendered":"<p><span class=\"arial14 \"><strong><a href=\"http:\/\/www.visit-ulcinj.com\/blog\/wp-content\/uploads\/2016\/10\/Cafo-Boga-Ismet-Karamanaga-ulqin.jpg\"><img loading=\"lazy\" class=\"alignleft wp-image-100095\" src=\"http:\/\/www.visit-ulcinj.com\/blog\/wp-content\/uploads\/2016\/10\/Cafo-Boga-Ismet-Karamanaga-ulqin.jpg\" alt=\"Cafo-Boga-Ismet-Karamanaga-ulqin\" width=\"508\" height=\"381\" srcset=\"https:\/\/www.visit-ulcinj.com\/blog\/wp-content\/uploads\/2016\/10\/Cafo-Boga-Ismet-Karamanaga-ulqin.jpg 960w, https:\/\/www.visit-ulcinj.com\/blog\/wp-content\/uploads\/2016\/10\/Cafo-Boga-Ismet-Karamanaga-ulqin-300x225.jpg 300w, https:\/\/www.visit-ulcinj.com\/blog\/wp-content\/uploads\/2016\/10\/Cafo-Boga-Ismet-Karamanaga-ulqin-768x576.jpg 768w\" sizes=\"(max-width: 508px) 100vw, 508px\" \/><\/a>N\u00eb qytetin e Ulqinit\u00a0 \u00ebsht\u00eb duke u zhvilluar\u00a0 Simpoziumi Nd\u00ebrkomb\u00ebtar Shkencor &#8220;Ruatja e Q\u00ebndrueshme dhe Historia e Kalas\u00eb s\u00eb Ulqinit\u201d.<\/strong><\/span><\/p>\n<p><span class=\"arial14 linkszi \">\u00cbsht\u00eb hera e par\u00eb q\u00eb zhvillohet nj\u00eb event i till\u00eb dhe i k\u00ebtyre\u00a0 p\u00ebrmasave\u00a0 p\u00ebr Kalan\u00eb e Ulqinit, ku\u00a0 rreth 30\u00a0 historian\u00eb, ekspert\u00eb e studiues nga Shtete e Bashkuara t\u00eb Amerik\u00ebs, Europ\u00ebs, Shqip\u00ebria e Kosova\u00a0 do referojn\u00eb p\u00ebr dy dit\u00eb me radh\u00eb mbi vlerat historike dhe prespektiv\u00ebn e zhvillimit t\u00eb Kala\u00eb s\u00eb Ulqinit si nj\u00eb aset i trashigimis\u00eb kulturore.<\/p>\n<p>Organizatori dhe kryetari i k\u00ebtij simpoziumi, Cafo Boga, q\u00eb \u00ebsht\u00eb dhe Kryetari i Fondacionit Kulturor Shqiptaro- Amerikan shprehet se q\u00ebllimi\u00a0 \u00ebsht\u00eb t\u00eb\u00a0 mbrojm\u00eb kalan nga degradimi dhe p\u00ebrve\u00e7se nj\u00eb aset historik\u00a0 ky monument kaq i bukur t\u00eb kthehet e n\u00eb nj\u00eb aset ekonomik.<\/p>\n<p>&#8220;Q\u00ebllimi \u00ebsht\u00eb t\u00eb zgjojm\u00eb v\u00ebmendjen e atyre q\u00eb jan\u00eb p\u00ebrgjegjes p\u00ebr k\u00ebt\u00eb kala se \u00ebsht\u00eb koha t\u00eb b\u00ebhen permisime q\u00eb t\u00eb mos degradohet nj\u00eb monument kaq i bukur historik e kulturor por t\u00eb kthehet n\u00eb nj\u00eb aset ekonomik q\u00eb t\u00eb p\u00ebrfitojn\u00eb\u00a0 jo vet\u00ebm banor\u00ebt e kalas por gjith\u00eb qyteti .Mesazhi \u00ebsht\u00eb t\u00eb zgjohemi e t\u00eb shikojm\u00eb \u00e7far\u00eb trash\u00ebgojm\u00eb e p\u00ebrgjegj\u00ebsin\u00eb q\u00eb kemi ndaj k\u00ebtyre monumenteve q\u00eb s\u00eb paku duhet t\u00eb mbrohen e nese nuk jemi n\u00eb gjendje q\u00eb ti ngrisim lart s\u00ebpaku duhet ti mrojm\u00eb q\u00eb ashtu sic na e lan\u00eb t\u00eb par\u00ebt t\u2019u l\u00ebm\u00eb e ne brezave&#8221;, thot\u00eb ai.<\/p>\n<p>Nd\u00ebrsa n\u00ebnkryetaria e k\u00ebtij simpoziumi, Gjejlane Hoxha nga Kosova, shprehet se p\u00ebrve\u00e7 mbrotjes e rritjes s\u00eb vlerave historike kulturore dhe ekonomike q\u00eb ka Kalaja e Ulqinit nj\u00eb prespektiv e k\u00ebtij simpoziumi shkencor\u00eb \u00ebsht\u00eb q\u00eb pse jo Ulqini dhe Kalaja t\u00eb vlersohen si asete t\u00eb trashigimis kulturore e historike bot\u00ebrore duke u b\u00ebr\u00eb n\u00eb t\u00eb ardhmen pjes\u00eb e UNESC-os sinkron\u00a0 prof.Gjejlane Hoxha<\/p>\n<p>Simpoziumi do vazhdoj\u00eb deri m\u00eb dat\u00ebn 2 tetor dhe m\u00eb pas gjitha k\u00ebrkimet dhe referimet shkencore t\u00eb studiuesve q\u00eb kan\u00eb referuar do botohen n\u00eb nj\u00eb lib\u00ebr si\u00a0 gjurme e nj\u00eb pasurie kulturore .<\/p>\n<p>\/ Top Channel <\/span><\/p>\n<!--YouTube Error: bad URL entered-->\n","protected":false},"excerpt":{"rendered":"<p>N\u00eb qytetin e Ulqinit\u00a0 \u00ebsht\u00eb duke u zhvilluar\u00a0 Simpoziumi Nd\u00ebrkomb\u00ebtar Shkencor &#8220;Ruatja e Q\u00ebndrueshme dhe Historia e Kalas\u00eb s\u00eb Ulqinit\u201d. \u00cbsht\u00eb hera e par\u00eb q\u00eb zhvillohet nj\u00eb event i till\u00eb dhe i k\u00ebtyre\u00a0 p\u00ebrmasave\u00a0 p\u00ebr Kalan\u00eb e Ulqinit, ku\u00a0 rreth 30\u00a0 historian\u00eb, ekspert\u00eb e studiues nga Shtete e Bashkuara t\u00eb Amerik\u00ebs, Europ\u00ebs, Shqip\u00ebria e Kosova\u00a0 [&hellip;]<\/p>\n","protected":false},"author":1,"featured_media":0,"comment_status":"closed","ping_status":"closed","sticky":false,"template":"","format":"standard","meta":{"spay_email":"","jetpack_publicize_message":"","jetpack_is_tweetstorm":false,"jetpack_publicize_feature_enabled":true},"categories":[1],"tags":[],"jetpack_publicize_connections":[],"yoast_head":"<!-- This site is optimized with the Yoast SEO plugin v19.1 - https:\/\/yoast.com\/wordpress\/plugins\/seo\/ -->\n<title>Cafo Boga n\u00eb mbrojtje t\u00eb Kalas\u00eb s\u00eb Ulqinit - Video - Lajme nga Ulqini<\/title>\n<meta name=\"description\" content=\"N\u00eb qytetin e Ulqinit\u00a0 \u00ebsht\u00eb duke u zhvilluar\u00a0 Simpoziumi Nd\u00ebrkomb\u00ebtar Shkencor &quot;Ruatja e Q\u00ebndrueshme dhe Historia e Kalas\u00eb s\u00eb Ulqinit\u201d. \u00cbsht\u00eb hera e par\u00eb\" \/>\n<meta name=\"robots\" content=\"index, follow, max-snippet:-1, max-image-preview:large, max-video-preview:-1\" \/>\n<link rel=\"canonical\" href=\"https:\/\/www.visit-ulcinj.com\/blog\/2016\/10\/01\/cafo-boga-ne-mbrojtje-te-kalase-se-ulqinit-video\/\" \/>\n<meta property=\"og:locale\" content=\"en_US\" \/>\n<meta property=\"og:type\" content=\"article\" \/>\n<meta property=\"og:title\" content=\"Cafo Boga n\u00eb mbrojtje t\u00eb Kalas\u00eb s\u00eb Ulqinit - Video - Lajme nga Ulqini\" \/>\n<meta property=\"og:description\" content=\"N\u00eb qytetin e Ulqinit\u00a0 \u00ebsht\u00eb duke u zhvilluar\u00a0 Simpoziumi Nd\u00ebrkomb\u00ebtar Shkencor &quot;Ruatja e Q\u00ebndrueshme dhe Historia e Kalas\u00eb s\u00eb Ulqinit\u201d. \u00cbsht\u00eb hera e par\u00eb\" \/>\n<meta property=\"og:url\" content=\"https:\/\/www.visit-ulcinj.com\/blog\/2016\/10\/01\/cafo-boga-ne-mbrojtje-te-kalase-se-ulqinit-video\/\" \/>\n<meta property=\"og:site_name\" content=\"Lajme nga Ulqini\" \/>\n<meta property=\"article:published_time\" content=\"2016-10-01T16:21:31+00:00\" \/>\n<meta property=\"og:image\" content=\"http:\/\/www.visit-ulcinj.com\/blog\/wp-content\/uploads\/2016\/10\/Cafo-Boga-Ismet-Karamanaga-ulqin.jpg\" \/>\n<meta name=\"twitter:label1\" content=\"Written by\" \/>\n\t<meta name=\"twitter:data1\" content=\"ulqini\" \/>\n\t<meta name=\"twitter:label2\" content=\"Est. reading time\" \/>\n\t<meta name=\"twitter:data2\" content=\"2 minutes\" \/>\n<script type=\"application\/ld+json\" class=\"yoast-schema-graph\">{\"@context\":\"https:\/\/schema.org\",\"@graph\":[{\"@type\":\"WebSite\",\"@id\":\"https:\/\/www.visit-ulcinj.com\/blog\/#website\",\"url\":\"https:\/\/www.visit-ulcinj.com\/blog\/\",\"name\":\"Lajme nga Ulqini\",\"description\":\"Lajme,Vijesti,Ulqini,Ulqin,Crna Gora,Mali i Zi\",\"potentialAction\":[{\"@type\":\"SearchAction\",\"target\":{\"@type\":\"EntryPoint\",\"urlTemplate\":\"https:\/\/www.visit-ulcinj.com\/blog\/?s={search_term_string}\"},\"query-input\":\"required name=search_term_string\"}],\"inLanguage\":\"en-US\"},{\"@type\":\"ImageObject\",\"inLanguage\":\"en-US\",\"@id\":\"https:\/\/www.visit-ulcinj.com\/blog\/2016\/10\/01\/cafo-boga-ne-mbrojtje-te-kalase-se-ulqinit-video\/#primaryimage\",\"url\":\"https:\/\/www.visit-ulcinj.com\/blog\/wp-content\/uploads\/2016\/10\/Cafo-Boga-Ismet-Karamanaga-ulqin.jpg\",\"contentUrl\":\"https:\/\/www.visit-ulcinj.com\/blog\/wp-content\/uploads\/2016\/10\/Cafo-Boga-Ismet-Karamanaga-ulqin.jpg\",\"width\":960,\"height\":720},{\"@type\":\"WebPage\",\"@id\":\"https:\/\/www.visit-ulcinj.com\/blog\/2016\/10\/01\/cafo-boga-ne-mbrojtje-te-kalase-se-ulqinit-video\/#webpage\",\"url\":\"https:\/\/www.visit-ulcinj.com\/blog\/2016\/10\/01\/cafo-boga-ne-mbrojtje-te-kalase-se-ulqinit-video\/\",\"name\":\"Cafo Boga n\u00eb mbrojtje t\u00eb Kalas\u00eb s\u00eb Ulqinit - Video - Lajme nga Ulqini\",\"isPartOf\":{\"@id\":\"https:\/\/www.visit-ulcinj.com\/blog\/#website\"},\"primaryImageOfPage\":{\"@id\":\"https:\/\/www.visit-ulcinj.com\/blog\/2016\/10\/01\/cafo-boga-ne-mbrojtje-te-kalase-se-ulqinit-video\/#primaryimage\"},\"datePublished\":\"2016-10-01T16:21:31+00:00\",\"dateModified\":\"2016-10-01T16:21:31+00:00\",\"author\":{\"@id\":\"https:\/\/www.visit-ulcinj.com\/blog\/#\/schema\/person\/dcab619c614d3038751c63bc2aadc06d\"},\"description\":\"N\u00eb qytetin e Ulqinit\u00a0 \u00ebsht\u00eb duke u zhvilluar\u00a0 Simpoziumi Nd\u00ebrkomb\u00ebtar Shkencor \\\"Ruatja e Q\u00ebndrueshme dhe Historia e Kalas\u00eb s\u00eb Ulqinit\u201d. \u00cbsht\u00eb hera e par\u00eb\",\"breadcrumb\":{\"@id\":\"https:\/\/www.visit-ulcinj.com\/blog\/2016\/10\/01\/cafo-boga-ne-mbrojtje-te-kalase-se-ulqinit-video\/#breadcrumb\"},\"inLanguage\":\"en-US\",\"potentialAction\":[{\"@type\":\"ReadAction\",\"target\":[\"https:\/\/www.visit-ulcinj.com\/blog\/2016\/10\/01\/cafo-boga-ne-mbrojtje-te-kalase-se-ulqinit-video\/\"]}]},{\"@type\":\"BreadcrumbList\",\"@id\":\"https:\/\/www.visit-ulcinj.com\/blog\/2016\/10\/01\/cafo-boga-ne-mbrojtje-te-kalase-se-ulqinit-video\/#breadcrumb\",\"itemListElement\":[{\"@type\":\"ListItem\",\"position\":1,\"name\":\"Cafo Boga n\u00eb mbrojtje t\u00eb Kalas\u00eb s\u00eb Ulqinit &#8211; Video\"}]},{\"@type\":\"Person\",\"@id\":\"https:\/\/www.visit-ulcinj.com\/blog\/#\/schema\/person\/dcab619c614d3038751c63bc2aadc06d\",\"name\":\"ulqini\",\"sameAs\":[\"http:\/\/www.visit-ulcinj.com\"],\"url\":\"https:\/\/www.visit-ulcinj.com\/blog\/author\/admin\/\"}]}<\/script>\n<!-- \/ Yoast SEO plugin. -->","yoast_head_json":{"title":"Cafo Boga n\u00eb mbrojtje t\u00eb Kalas\u00eb s\u00eb Ulqinit - Video - Lajme nga Ulqini","description":"N\u00eb qytetin e Ulqinit\u00a0 \u00ebsht\u00eb duke u zhvilluar\u00a0 Simpoziumi Nd\u00ebrkomb\u00ebtar Shkencor \"Ruatja e Q\u00ebndrueshme dhe Historia e Kalas\u00eb s\u00eb Ulqinit\u201d. \u00cbsht\u00eb hera e par\u00eb","robots":{"index":"index","follow":"follow","max-snippet":"max-snippet:-1","max-image-preview":"max-image-preview:large","max-video-preview":"max-video-preview:-1"},"canonical":"https:\/\/www.visit-ulcinj.com\/blog\/2016\/10\/01\/cafo-boga-ne-mbrojtje-te-kalase-se-ulqinit-video\/","og_locale":"en_US","og_type":"article","og_title":"Cafo Boga n\u00eb mbrojtje t\u00eb Kalas\u00eb s\u00eb Ulqinit - Video - Lajme nga Ulqini","og_description":"N\u00eb qytetin e Ulqinit\u00a0 \u00ebsht\u00eb duke u zhvilluar\u00a0 Simpoziumi Nd\u00ebrkomb\u00ebtar Shkencor \"Ruatja e Q\u00ebndrueshme dhe Historia e Kalas\u00eb s\u00eb Ulqinit\u201d. \u00cbsht\u00eb hera e par\u00eb","og_url":"https:\/\/www.visit-ulcinj.com\/blog\/2016\/10\/01\/cafo-boga-ne-mbrojtje-te-kalase-se-ulqinit-video\/","og_site_name":"Lajme nga Ulqini","article_published_time":"2016-10-01T16:21:31+00:00","og_image":[{"url":"http:\/\/www.visit-ulcinj.com\/blog\/wp-content\/uploads\/2016\/10\/Cafo-Boga-Ismet-Karamanaga-ulqin.jpg"}],"twitter_misc":{"Written by":"ulqini","Est. reading time":"2 minutes"},"schema":{"@context":"https:\/\/schema.org","@graph":[{"@type":"WebSite","@id":"https:\/\/www.visit-ulcinj.com\/blog\/#website","url":"https:\/\/www.visit-ulcinj.com\/blog\/","name":"Lajme nga Ulqini","description":"Lajme,Vijesti,Ulqini,Ulqin,Crna Gora,Mali i Zi","potentialAction":[{"@type":"SearchAction","target":{"@type":"EntryPoint","urlTemplate":"https:\/\/www.visit-ulcinj.com\/blog\/?s={search_term_string}"},"query-input":"required name=search_term_string"}],"inLanguage":"en-US"},{"@type":"ImageObject","inLanguage":"en-US","@id":"https:\/\/www.visit-ulcinj.com\/blog\/2016\/10\/01\/cafo-boga-ne-mbrojtje-te-kalase-se-ulqinit-video\/#primaryimage","url":"https:\/\/www.visit-ulcinj.com\/blog\/wp-content\/uploads\/2016\/10\/Cafo-Boga-Ismet-Karamanaga-ulqin.jpg","contentUrl":"https:\/\/www.visit-ulcinj.com\/blog\/wp-content\/uploads\/2016\/10\/Cafo-Boga-Ismet-Karamanaga-ulqin.jpg","width":960,"height":720},{"@type":"WebPage","@id":"https:\/\/www.visit-ulcinj.com\/blog\/2016\/10\/01\/cafo-boga-ne-mbrojtje-te-kalase-se-ulqinit-video\/#webpage","url":"https:\/\/www.visit-ulcinj.com\/blog\/2016\/10\/01\/cafo-boga-ne-mbrojtje-te-kalase-se-ulqinit-video\/","name":"Cafo Boga n\u00eb mbrojtje t\u00eb Kalas\u00eb s\u00eb Ulqinit - Video - Lajme nga Ulqini","isPartOf":{"@id":"https:\/\/www.visit-ulcinj.com\/blog\/#website"},"primaryImageOfPage":{"@id":"https:\/\/www.visit-ulcinj.com\/blog\/2016\/10\/01\/cafo-boga-ne-mbrojtje-te-kalase-se-ulqinit-video\/#primaryimage"},"datePublished":"2016-10-01T16:21:31+00:00","dateModified":"2016-10-01T16:21:31+00:00","author":{"@id":"https:\/\/www.visit-ulcinj.com\/blog\/#\/schema\/person\/dcab619c614d3038751c63bc2aadc06d"},"description":"N\u00eb qytetin e Ulqinit\u00a0 \u00ebsht\u00eb duke u zhvilluar\u00a0 Simpoziumi Nd\u00ebrkomb\u00ebtar Shkencor \"Ruatja e Q\u00ebndrueshme dhe Historia e Kalas\u00eb s\u00eb Ulqinit\u201d. \u00cbsht\u00eb hera e par\u00eb","breadcrumb":{"@id":"https:\/\/www.visit-ulcinj.com\/blog\/2016\/10\/01\/cafo-boga-ne-mbrojtje-te-kalase-se-ulqinit-video\/#breadcrumb"},"inLanguage":"en-US","potentialAction":[{"@type":"ReadAction","target":["https:\/\/www.visit-ulcinj.com\/blog\/2016\/10\/01\/cafo-boga-ne-mbrojtje-te-kalase-se-ulqinit-video\/"]}]},{"@type":"BreadcrumbList","@id":"https:\/\/www.visit-ulcinj.com\/blog\/2016\/10\/01\/cafo-boga-ne-mbrojtje-te-kalase-se-ulqinit-video\/#breadcrumb","itemListElement":[{"@type":"ListItem","position":1,"name":"Cafo Boga n\u00eb mbrojtje t\u00eb Kalas\u00eb s\u00eb Ulqinit &#8211; Video"}]},{"@type":"Person","@id":"https:\/\/www.visit-ulcinj.com\/blog\/#\/schema\/person\/dcab619c614d3038751c63bc2aadc06d","name":"ulqini","sameAs":["http:\/\/www.visit-ulcinj.com"],"url":"https:\/\/www.visit-ulcinj.com\/blog\/author\/admin\/"}]}},"jetpack_featured_media_url":"","jetpack_sharing_enabled":true,"jetpack_shortlink":"https:\/\/wp.me\/pe6lTn-q2q","_links":{"self":[{"href":"https:\/\/www.visit-ulcinj.com\/blog\/wp-json\/wp\/v2\/posts\/100094"}],"collection":[{"href":"https:\/\/www.visit-ulcinj.com\/blog\/wp-json\/wp\/v2\/posts"}],"about":[{"href":"https:\/\/www.visit-ulcinj.com\/blog\/wp-json\/wp\/v2\/types\/post"}],"author":[{"embeddable":true,"href":"https:\/\/www.visit-ulcinj.com\/blog\/wp-json\/wp\/v2\/users\/1"}],"replies":[{"embeddable":true,"href":"https:\/\/www.visit-ulcinj.com\/blog\/wp-json\/wp\/v2\/comments?post=100094"}],"version-history":[{"count":1,"href":"https:\/\/www.visit-ulcinj.com\/blog\/wp-json\/wp\/v2\/posts\/100094\/revisions"}],"predecessor-version":[{"id":100096,"href":"https:\/\/www.visit-ulcinj.com\/blog\/wp-json\/wp\/v2\/posts\/100094\/revisions\/100096"}],"wp:attachment":[{"href":"https:\/\/www.visit-ulcinj.com\/blog\/wp-json\/wp\/v2\/media?parent=100094"}],"wp:term":[{"taxonomy":"category","embeddable":true,"href":"https:\/\/www.visit-ulcinj.com\/blog\/wp-json\/wp\/v2\/categories?post=100094"},{"taxonomy":"post_tag","embeddable":true,"href":"https:\/\/www.visit-ulcinj.com\/blog\/wp-json\/wp\/v2\/tags?post=100094"}],"curies":[{"name":"wp","href":"https:\/\/api.w.org\/{rel}","templated":true}]}}