{"id":100097,"date":"2016-10-01T21:24:52","date_gmt":"2016-10-01T20:24:52","guid":{"rendered":"http:\/\/www.visit-ulcinj.com\/blog\/?p=100097"},"modified":"2016-10-01T21:24:52","modified_gmt":"2016-10-01T20:24:52","slug":"ceremonia-e-varrimit-te-piktorit-dhe-akademikut-gjelosh-gjekaj","status":"publish","type":"post","link":"https:\/\/www.visit-ulcinj.com\/blog\/2016\/10\/01\/ceremonia-e-varrimit-te-piktorit-dhe-akademikut-gjelosh-gjekaj\/","title":{"rendered":"Ceremonia e varrimit t\u00eb piktorit dhe akademikut Gjelosh Gjekaj"},"content":{"rendered":"<p><a href=\"http:\/\/www.visit-ulcinj.com\/blog\/wp-content\/uploads\/2016\/10\/Ceremonia-e-varrimit-t\u00eb-piktorit-dhe-akademikut-Gjelosh-Gjekaj.jpg\"><img loading=\"lazy\" class=\"alignleft wp-image-100098\" src=\"http:\/\/www.visit-ulcinj.com\/blog\/wp-content\/uploads\/2016\/10\/Ceremonia-e-varrimit-t\u00eb-piktorit-dhe-akademikut-Gjelosh-Gjekaj.jpg\" alt=\"Ceremonia e varrimit t\u00eb piktorit dhe akademikut Gjelosh Gjekaj\" width=\"508\" height=\"278\" srcset=\"https:\/\/www.visit-ulcinj.com\/blog\/wp-content\/uploads\/2016\/10\/Ceremonia-e-varrimit-t\u00eb-piktorit-dhe-akademikut-Gjelosh-Gjekaj.jpg 622w, https:\/\/www.visit-ulcinj.com\/blog\/wp-content\/uploads\/2016\/10\/Ceremonia-e-varrimit-t\u00eb-piktorit-dhe-akademikut-Gjelosh-Gjekaj-300x164.jpg 300w\" sizes=\"(max-width: 508px) 100vw, 508px\" \/><\/a>N\u00eb Milesh t\u00eb Mal\u00ebsis\u00eb n\u00eb Mal t\u00eb Zi, sot u varros piktori dhe akademiku Gjelosh Gjokaj, ku mor\u00ebn pjes\u00eb qytetar\u00eb nga t\u00eb gjitha hap\u00ebsirat e rajonit.<\/p>\n<p>Nd\u00ebrkoh\u00eb n\u00eb Qendr\u00ebn e Kultur\u00ebs n\u00eb Tuz u mbajt ora p\u00ebrkujtimore me rastin e vdekjes s\u00eb piktorit Gjelosh Gjokaj, ku u fol p\u00ebr jet\u00ebn dhe pun\u00ebn e tij.<\/p>\n<p>Korrespondenti i Z\u00ebrit t\u00eb Amerik\u00ebs Ali Salaj\u00a0 p\u00ebrgatiti kronik\u00ebn.<\/p>\n<!--YouTube Error: bad URL entered-->\n","protected":false},"excerpt":{"rendered":"<p>N\u00eb Milesh t\u00eb Mal\u00ebsis\u00eb n\u00eb Mal t\u00eb Zi, sot u varros piktori dhe akademiku Gjelosh Gjokaj, ku mor\u00ebn pjes\u00eb qytetar\u00eb nga t\u00eb gjitha hap\u00ebsirat e rajonit. Nd\u00ebrkoh\u00eb n\u00eb Qendr\u00ebn e Kultur\u00ebs n\u00eb Tuz u mbajt ora p\u00ebrkujtimore me rastin e vdekjes s\u00eb piktorit Gjelosh Gjokaj, ku u fol p\u00ebr jet\u00ebn dhe pun\u00ebn e tij. Korrespondenti [&hellip;]<\/p>\n","protected":false},"author":1,"featured_media":0,"comment_status":"closed","ping_status":"closed","sticky":false,"template":"","format":"standard","meta":{"spay_email":"","jetpack_publicize_message":"","jetpack_is_tweetstorm":false,"jetpack_publicize_feature_enabled":true},"categories":[14],"tags":[],"jetpack_publicize_connections":[],"yoast_head":"<!-- This site is optimized with the Yoast SEO plugin v19.1 - https:\/\/yoast.com\/wordpress\/plugins\/seo\/ -->\n<title>Ceremonia e varrimit t\u00eb piktorit dhe akademikut Gjelosh Gjekaj - Lajme nga Ulqini<\/title>\n<meta name=\"description\" content=\"N\u00eb Milesh t\u00eb Mal\u00ebsis\u00eb n\u00eb Mal t\u00eb Zi, sot u varros piktori dhe akademiku Gjelosh Gjokaj, ku mor\u00ebn pjes\u00eb qytetar\u00eb nga t\u00eb gjitha hap\u00ebsirat e rajonit. Nd\u00ebrkoh\u00eb\" \/>\n<meta name=\"robots\" content=\"index, follow, max-snippet:-1, max-image-preview:large, max-video-preview:-1\" \/>\n<link rel=\"canonical\" href=\"https:\/\/www.visit-ulcinj.com\/blog\/2016\/10\/01\/ceremonia-e-varrimit-te-piktorit-dhe-akademikut-gjelosh-gjekaj\/\" \/>\n<meta property=\"og:locale\" content=\"en_US\" \/>\n<meta property=\"og:type\" content=\"article\" \/>\n<meta property=\"og:title\" content=\"Ceremonia e varrimit t\u00eb piktorit dhe akademikut Gjelosh Gjekaj - Lajme nga Ulqini\" \/>\n<meta property=\"og:description\" content=\"N\u00eb Milesh t\u00eb Mal\u00ebsis\u00eb n\u00eb Mal t\u00eb Zi, sot u varros piktori dhe akademiku Gjelosh Gjokaj, ku mor\u00ebn pjes\u00eb qytetar\u00eb nga t\u00eb gjitha hap\u00ebsirat e rajonit. Nd\u00ebrkoh\u00eb\" \/>\n<meta property=\"og:url\" content=\"https:\/\/www.visit-ulcinj.com\/blog\/2016\/10\/01\/ceremonia-e-varrimit-te-piktorit-dhe-akademikut-gjelosh-gjekaj\/\" \/>\n<meta property=\"og:site_name\" content=\"Lajme nga Ulqini\" \/>\n<meta property=\"article:published_time\" content=\"2016-10-01T20:24:52+00:00\" \/>\n<meta name=\"twitter:label1\" content=\"Written by\" \/>\n\t<meta name=\"twitter:data1\" content=\"ulqini\" \/>\n<script type=\"application\/ld+json\" class=\"yoast-schema-graph\">{\"@context\":\"https:\/\/schema.org\",\"@graph\":[{\"@type\":\"WebSite\",\"@id\":\"https:\/\/www.visit-ulcinj.com\/blog\/#website\",\"url\":\"https:\/\/www.visit-ulcinj.com\/blog\/\",\"name\":\"Lajme nga Ulqini\",\"description\":\"Lajme,Vijesti,Ulqini,Ulqin,Crna Gora,Mali i Zi\",\"potentialAction\":[{\"@type\":\"SearchAction\",\"target\":{\"@type\":\"EntryPoint\",\"urlTemplate\":\"https:\/\/www.visit-ulcinj.com\/blog\/?s={search_term_string}\"},\"query-input\":\"required name=search_term_string\"}],\"inLanguage\":\"en-US\"},{\"@type\":\"WebPage\",\"@id\":\"https:\/\/www.visit-ulcinj.com\/blog\/2016\/10\/01\/ceremonia-e-varrimit-te-piktorit-dhe-akademikut-gjelosh-gjekaj\/#webpage\",\"url\":\"https:\/\/www.visit-ulcinj.com\/blog\/2016\/10\/01\/ceremonia-e-varrimit-te-piktorit-dhe-akademikut-gjelosh-gjekaj\/\",\"name\":\"Ceremonia e varrimit t\u00eb piktorit dhe akademikut Gjelosh Gjekaj - Lajme nga Ulqini\",\"isPartOf\":{\"@id\":\"https:\/\/www.visit-ulcinj.com\/blog\/#website\"},\"datePublished\":\"2016-10-01T20:24:52+00:00\",\"dateModified\":\"2016-10-01T20:24:52+00:00\",\"author\":{\"@id\":\"https:\/\/www.visit-ulcinj.com\/blog\/#\/schema\/person\/dcab619c614d3038751c63bc2aadc06d\"},\"description\":\"N\u00eb Milesh t\u00eb Mal\u00ebsis\u00eb n\u00eb Mal t\u00eb Zi, sot u varros piktori dhe akademiku Gjelosh Gjokaj, ku mor\u00ebn pjes\u00eb qytetar\u00eb nga t\u00eb gjitha hap\u00ebsirat e rajonit. Nd\u00ebrkoh\u00eb\",\"breadcrumb\":{\"@id\":\"https:\/\/www.visit-ulcinj.com\/blog\/2016\/10\/01\/ceremonia-e-varrimit-te-piktorit-dhe-akademikut-gjelosh-gjekaj\/#breadcrumb\"},\"inLanguage\":\"en-US\",\"potentialAction\":[{\"@type\":\"ReadAction\",\"target\":[\"https:\/\/www.visit-ulcinj.com\/blog\/2016\/10\/01\/ceremonia-e-varrimit-te-piktorit-dhe-akademikut-gjelosh-gjekaj\/\"]}]},{\"@type\":\"BreadcrumbList\",\"@id\":\"https:\/\/www.visit-ulcinj.com\/blog\/2016\/10\/01\/ceremonia-e-varrimit-te-piktorit-dhe-akademikut-gjelosh-gjekaj\/#breadcrumb\",\"itemListElement\":[{\"@type\":\"ListItem\",\"position\":1,\"name\":\"Ceremonia e varrimit t\u00eb piktorit dhe akademikut Gjelosh Gjekaj\"}]},{\"@type\":\"Person\",\"@id\":\"https:\/\/www.visit-ulcinj.com\/blog\/#\/schema\/person\/dcab619c614d3038751c63bc2aadc06d\",\"name\":\"ulqini\",\"sameAs\":[\"http:\/\/www.visit-ulcinj.com\"],\"url\":\"https:\/\/www.visit-ulcinj.com\/blog\/author\/admin\/\"}]}<\/script>\n<!-- \/ Yoast SEO plugin. -->","yoast_head_json":{"title":"Ceremonia e varrimit t\u00eb piktorit dhe akademikut Gjelosh Gjekaj - Lajme nga Ulqini","description":"N\u00eb Milesh t\u00eb Mal\u00ebsis\u00eb n\u00eb Mal t\u00eb Zi, sot u varros piktori dhe akademiku Gjelosh Gjokaj, ku mor\u00ebn pjes\u00eb qytetar\u00eb nga t\u00eb gjitha hap\u00ebsirat e rajonit. Nd\u00ebrkoh\u00eb","robots":{"index":"index","follow":"follow","max-snippet":"max-snippet:-1","max-image-preview":"max-image-preview:large","max-video-preview":"max-video-preview:-1"},"canonical":"https:\/\/www.visit-ulcinj.com\/blog\/2016\/10\/01\/ceremonia-e-varrimit-te-piktorit-dhe-akademikut-gjelosh-gjekaj\/","og_locale":"en_US","og_type":"article","og_title":"Ceremonia e varrimit t\u00eb piktorit dhe akademikut Gjelosh Gjekaj - Lajme nga Ulqini","og_description":"N\u00eb Milesh t\u00eb Mal\u00ebsis\u00eb n\u00eb Mal t\u00eb Zi, sot u varros piktori dhe akademiku Gjelosh Gjokaj, ku mor\u00ebn pjes\u00eb qytetar\u00eb nga t\u00eb gjitha hap\u00ebsirat e rajonit. Nd\u00ebrkoh\u00eb","og_url":"https:\/\/www.visit-ulcinj.com\/blog\/2016\/10\/01\/ceremonia-e-varrimit-te-piktorit-dhe-akademikut-gjelosh-gjekaj\/","og_site_name":"Lajme nga Ulqini","article_published_time":"2016-10-01T20:24:52+00:00","twitter_misc":{"Written by":"ulqini"},"schema":{"@context":"https:\/\/schema.org","@graph":[{"@type":"WebSite","@id":"https:\/\/www.visit-ulcinj.com\/blog\/#website","url":"https:\/\/www.visit-ulcinj.com\/blog\/","name":"Lajme nga Ulqini","description":"Lajme,Vijesti,Ulqini,Ulqin,Crna Gora,Mali i Zi","potentialAction":[{"@type":"SearchAction","target":{"@type":"EntryPoint","urlTemplate":"https:\/\/www.visit-ulcinj.com\/blog\/?s={search_term_string}"},"query-input":"required name=search_term_string"}],"inLanguage":"en-US"},{"@type":"WebPage","@id":"https:\/\/www.visit-ulcinj.com\/blog\/2016\/10\/01\/ceremonia-e-varrimit-te-piktorit-dhe-akademikut-gjelosh-gjekaj\/#webpage","url":"https:\/\/www.visit-ulcinj.com\/blog\/2016\/10\/01\/ceremonia-e-varrimit-te-piktorit-dhe-akademikut-gjelosh-gjekaj\/","name":"Ceremonia e varrimit t\u00eb piktorit dhe akademikut Gjelosh Gjekaj - Lajme nga Ulqini","isPartOf":{"@id":"https:\/\/www.visit-ulcinj.com\/blog\/#website"},"datePublished":"2016-10-01T20:24:52+00:00","dateModified":"2016-10-01T20:24:52+00:00","author":{"@id":"https:\/\/www.visit-ulcinj.com\/blog\/#\/schema\/person\/dcab619c614d3038751c63bc2aadc06d"},"description":"N\u00eb Milesh t\u00eb Mal\u00ebsis\u00eb n\u00eb Mal t\u00eb Zi, sot u varros piktori dhe akademiku Gjelosh Gjokaj, ku mor\u00ebn pjes\u00eb qytetar\u00eb nga t\u00eb gjitha hap\u00ebsirat e rajonit. Nd\u00ebrkoh\u00eb","breadcrumb":{"@id":"https:\/\/www.visit-ulcinj.com\/blog\/2016\/10\/01\/ceremonia-e-varrimit-te-piktorit-dhe-akademikut-gjelosh-gjekaj\/#breadcrumb"},"inLanguage":"en-US","potentialAction":[{"@type":"ReadAction","target":["https:\/\/www.visit-ulcinj.com\/blog\/2016\/10\/01\/ceremonia-e-varrimit-te-piktorit-dhe-akademikut-gjelosh-gjekaj\/"]}]},{"@type":"BreadcrumbList","@id":"https:\/\/www.visit-ulcinj.com\/blog\/2016\/10\/01\/ceremonia-e-varrimit-te-piktorit-dhe-akademikut-gjelosh-gjekaj\/#breadcrumb","itemListElement":[{"@type":"ListItem","position":1,"name":"Ceremonia e varrimit t\u00eb piktorit dhe akademikut Gjelosh Gjekaj"}]},{"@type":"Person","@id":"https:\/\/www.visit-ulcinj.com\/blog\/#\/schema\/person\/dcab619c614d3038751c63bc2aadc06d","name":"ulqini","sameAs":["http:\/\/www.visit-ulcinj.com"],"url":"https:\/\/www.visit-ulcinj.com\/blog\/author\/admin\/"}]}},"jetpack_featured_media_url":"","jetpack_sharing_enabled":true,"jetpack_shortlink":"https:\/\/wp.me\/pe6lTn-q2t","_links":{"self":[{"href":"https:\/\/www.visit-ulcinj.com\/blog\/wp-json\/wp\/v2\/posts\/100097"}],"collection":[{"href":"https:\/\/www.visit-ulcinj.com\/blog\/wp-json\/wp\/v2\/posts"}],"about":[{"href":"https:\/\/www.visit-ulcinj.com\/blog\/wp-json\/wp\/v2\/types\/post"}],"author":[{"embeddable":true,"href":"https:\/\/www.visit-ulcinj.com\/blog\/wp-json\/wp\/v2\/users\/1"}],"replies":[{"embeddable":true,"href":"https:\/\/www.visit-ulcinj.com\/blog\/wp-json\/wp\/v2\/comments?post=100097"}],"version-history":[{"count":1,"href":"https:\/\/www.visit-ulcinj.com\/blog\/wp-json\/wp\/v2\/posts\/100097\/revisions"}],"predecessor-version":[{"id":100099,"href":"https:\/\/www.visit-ulcinj.com\/blog\/wp-json\/wp\/v2\/posts\/100097\/revisions\/100099"}],"wp:attachment":[{"href":"https:\/\/www.visit-ulcinj.com\/blog\/wp-json\/wp\/v2\/media?parent=100097"}],"wp:term":[{"taxonomy":"category","embeddable":true,"href":"https:\/\/www.visit-ulcinj.com\/blog\/wp-json\/wp\/v2\/categories?post=100097"},{"taxonomy":"post_tag","embeddable":true,"href":"https:\/\/www.visit-ulcinj.com\/blog\/wp-json\/wp\/v2\/tags?post=100097"}],"curies":[{"name":"wp","href":"https:\/\/api.w.org\/{rel}","templated":true}]}}