{"id":100111,"date":"2016-10-01T22:04:08","date_gmt":"2016-10-01T21:04:08","guid":{"rendered":"http:\/\/www.visit-ulcinj.com\/blog\/?p=100111"},"modified":"2016-10-02T09:57:42","modified_gmt":"2016-10-02T08:57:42","slug":"genci-nimanbegu-interviste-ne-televizionin-e-malit-te-zi-video","status":"publish","type":"post","link":"https:\/\/www.visit-ulcinj.com\/blog\/2016\/10\/01\/genci-nimanbegu-interviste-ne-televizionin-e-malit-te-zi-video\/","title":{"rendered":"Genci Nimanbegu &#8211; Intervist\u00eb n\u00eb televizionin e Malit t\u00eb Zi \u2013 Video"},"content":{"rendered":"<p><a href=\"http:\/\/www.visit-ulcinj.com\/blog\/wp-content\/uploads\/2016\/10\/Genci-Nimanbegu-Musa-Gjoka-Intervist\u00eb-n\u00eb-televizionin-e-Malit-t\u00eb-Zi.jpg\"><img loading=\"lazy\" class=\"alignleft wp-image-100113\" src=\"http:\/\/www.visit-ulcinj.com\/blog\/wp-content\/uploads\/2016\/10\/Genci-Nimanbegu-Musa-Gjoka-Intervist\u00eb-n\u00eb-televizionin-e-Malit-t\u00eb-Zi.jpg\" alt=\"Genci-Nimanbegu-Musa-Gjoka- Intervist\u00eb n\u00eb televizionin e Malit t\u00eb Zi\" width=\"508\" height=\"297\" srcset=\"https:\/\/www.visit-ulcinj.com\/blog\/wp-content\/uploads\/2016\/10\/Genci-Nimanbegu-Musa-Gjoka-Intervist\u00eb-n\u00eb-televizionin-e-Malit-t\u00eb-Zi.jpg 960w, https:\/\/www.visit-ulcinj.com\/blog\/wp-content\/uploads\/2016\/10\/Genci-Nimanbegu-Musa-Gjoka-Intervist\u00eb-n\u00eb-televizionin-e-Malit-t\u00eb-Zi-300x175.jpg 300w, https:\/\/www.visit-ulcinj.com\/blog\/wp-content\/uploads\/2016\/10\/Genci-Nimanbegu-Musa-Gjoka-Intervist\u00eb-n\u00eb-televizionin-e-Malit-t\u00eb-Zi-768x449.jpg 768w\" sizes=\"(max-width: 508px) 100vw, 508px\" \/><\/a>M\u00eb 27.09.2016 ne televizionin publik t\u00eb RTMZ (TVCG), Kryesuesi i list\u00ebs \u201cShqiptar\u00ebt-<span class=\"_5afx\"><span class=\"_58cm\">T\u00eb Vendosur<\/span><\/span>\u201d, ishte i ftuar Genci Nimanbegu nga moderatori Musa Gjoka.<\/p>\n<p>Genci Nimanbegu siguroj\u00eb se koalicioni\u00a0 \u00ebsht\u00eb i vendosur t\u00eb \u00e7ojn\u00eb p\u00ebrpara zhvillimin <span class=\"text_exposed_show\">ekonomik-social t\u00eb shqiptar\u00ebve\u00a0 kudo tjet\u00ebr q\u00eb ata ndodhen n\u00eb Mal t\u00eb Zi, dhe se do t\u00eb b\u00ebjm\u00eb gjith\u00e7ka q\u00eb nevojitet q\u00eb identiteti yn\u00eb komb\u00ebtar dhe kulturor t\u00eb mos n\u00ebp\u00ebrk\u00ebmbet. Forca \u00ebsht\u00eb e vetmja Parti e cila q\u00eb n\u00eb fillimet e saj nuk i ndryshoj synimet programore, dhe se \u00ebsht\u00eb e vetmja Parti e cila ka ruajtur parimet e saj politike me q\u00ebllim q\u00eb populli shqiptar t\u00eb ket\u00eb nj\u00eb Parti me vizion t\u00eb qart\u00eb.<\/span><\/p>\n<p><a href=\"http:\/\/www.visit-ulcinj.com\/blog\/wp-content\/uploads\/2016\/10\/Genci-Nimanbegu-Musa-Gjoka-Intervist\u00eb-n\u00eb-televizionin-e-Malit-t\u00eb-Zi-1.jpg\"><img loading=\"lazy\" class=\"alignleft wp-image-100114\" src=\"http:\/\/www.visit-ulcinj.com\/blog\/wp-content\/uploads\/2016\/10\/Genci-Nimanbegu-Musa-Gjoka-Intervist\u00eb-n\u00eb-televizionin-e-Malit-t\u00eb-Zi-1.jpg\" alt=\"Genci-Nimanbegu-Musa-Gjoka- Intervist\u00eb n\u00eb televizionin e Malit t\u00eb Zi-1\" width=\"508\" height=\"306\" srcset=\"https:\/\/www.visit-ulcinj.com\/blog\/wp-content\/uploads\/2016\/10\/Genci-Nimanbegu-Musa-Gjoka-Intervist\u00eb-n\u00eb-televizionin-e-Malit-t\u00eb-Zi-1.jpg 960w, https:\/\/www.visit-ulcinj.com\/blog\/wp-content\/uploads\/2016\/10\/Genci-Nimanbegu-Musa-Gjoka-Intervist\u00eb-n\u00eb-televizionin-e-Malit-t\u00eb-Zi-1-300x181.jpg 300w, https:\/\/www.visit-ulcinj.com\/blog\/wp-content\/uploads\/2016\/10\/Genci-Nimanbegu-Musa-Gjoka-Intervist\u00eb-n\u00eb-televizionin-e-Malit-t\u00eb-Zi-1-768x463.jpg 768w\" sizes=\"(max-width: 508px) 100vw, 508px\" \/><\/a><\/p>\n<p>Ai u shpreh se ne shqiptar\u00ebt e Malit t\u00eb Zi, jemi Zot\u00ebr t\u00eb trojeve tona shekullore, jemi sot m\u00eb t\u00eb bashkuar se kurr\u00eb p\u00ebr t\u00eb fuqizuar pesh\u00ebn ton\u00eb politike n\u00eb vend, zhvillimin ton\u00eb ekonomik e social, me q\u00ebllim p\u00ebrmir\u00ebsimin e jetes\u00ebs son\u00eb, frenimin e emigracionit dhe ruajtjen me dinjitet t\u00eb gjuh\u00ebs dhe vlerave tona komb\u00ebtare.<\/p>\n<p>Nimanbegu ju fton t\u00eb ndiqni vizionin ton\u00eb p\u00ebr politik\u00ebn e brendshme dhe t\u00eb jashtme, zhvillimin ekonomik, investimet n\u00eb turiz\u00ebm e bujq\u00ebsi, p\u00ebrmir\u00ebsimin e kushteve sh\u00ebndet\u00ebsore dhe politikat sociale, si dhe sigurimin e cil\u00ebsis\u00eb n\u00eb arsim. N\u00eb fund nj\u00eb mesazh p\u00ebr t\u00eb gjith\u00eb ne q\u00eb duam ta shohim t\u00eb begat\u00eb ardhm\u00ebrin\u00eb ton\u00eb komb\u00ebtare.<\/p>\n<p>[flv]http:\/\/rtcg.me\/upload\/boxFileData\/2016\/09\/28\/196481\/intervju1.mp4[\/flv]<\/p>\n","protected":false},"excerpt":{"rendered":"<p>M\u00eb 27.09.2016 ne televizionin publik t\u00eb RTMZ (TVCG), Kryesuesi i list\u00ebs \u201cShqiptar\u00ebt-T\u00eb Vendosur\u201d, ishte i ftuar Genci Nimanbegu nga moderatori Musa Gjoka. Genci Nimanbegu siguroj\u00eb se koalicioni\u00a0 \u00ebsht\u00eb i vendosur t\u00eb \u00e7ojn\u00eb p\u00ebrpara zhvillimin ekonomik-social t\u00eb shqiptar\u00ebve\u00a0 kudo tjet\u00ebr q\u00eb ata ndodhen n\u00eb Mal t\u00eb Zi, dhe se do t\u00eb b\u00ebjm\u00eb gjith\u00e7ka q\u00eb nevojitet q\u00eb [&hellip;]<\/p>\n","protected":false},"author":1,"featured_media":0,"comment_status":"closed","ping_status":"closed","sticky":false,"template":"","format":"standard","meta":{"spay_email":"","jetpack_publicize_message":"","jetpack_is_tweetstorm":false,"jetpack_publicize_feature_enabled":true},"categories":[1],"tags":[],"jetpack_publicize_connections":[],"yoast_head":"<!-- This site is optimized with the Yoast SEO plugin v19.1 - https:\/\/yoast.com\/wordpress\/plugins\/seo\/ -->\n<title>Genci Nimanbegu - Intervist\u00eb n\u00eb televizionin e Malit t\u00eb Zi \u2013 Video - Lajme nga Ulqini<\/title>\n<meta name=\"description\" content=\"M\u00eb 27.09.2016 ne televizionin publik t\u00eb RTMZ (TVCG), Kryesuesi i list\u00ebs \u201cShqiptar\u00ebt-T\u00eb Vendosur\u201d, ishte i ftuar Genci Nimanbegu nga moderatori Musa Gjoka.\" \/>\n<meta name=\"robots\" content=\"index, follow, max-snippet:-1, max-image-preview:large, max-video-preview:-1\" \/>\n<link rel=\"canonical\" href=\"https:\/\/www.visit-ulcinj.com\/blog\/2016\/10\/01\/genci-nimanbegu-interviste-ne-televizionin-e-malit-te-zi-video\/\" \/>\n<meta property=\"og:locale\" content=\"en_US\" \/>\n<meta property=\"og:type\" content=\"article\" \/>\n<meta property=\"og:title\" content=\"Genci Nimanbegu - Intervist\u00eb n\u00eb televizionin e Malit t\u00eb Zi \u2013 Video - Lajme nga Ulqini\" \/>\n<meta property=\"og:description\" content=\"M\u00eb 27.09.2016 ne televizionin publik t\u00eb RTMZ (TVCG), Kryesuesi i list\u00ebs \u201cShqiptar\u00ebt-T\u00eb Vendosur\u201d, ishte i ftuar Genci Nimanbegu nga moderatori Musa Gjoka.\" \/>\n<meta property=\"og:url\" content=\"https:\/\/www.visit-ulcinj.com\/blog\/2016\/10\/01\/genci-nimanbegu-interviste-ne-televizionin-e-malit-te-zi-video\/\" \/>\n<meta property=\"og:site_name\" content=\"Lajme nga Ulqini\" \/>\n<meta property=\"article:published_time\" content=\"2016-10-01T21:04:08+00:00\" \/>\n<meta property=\"article:modified_time\" content=\"2016-10-02T08:57:42+00:00\" \/>\n<meta name=\"twitter:label1\" content=\"Written by\" \/>\n\t<meta name=\"twitter:data1\" content=\"ulqini\" \/>\n\t<meta name=\"twitter:label2\" content=\"Est. reading time\" \/>\n\t<meta name=\"twitter:data2\" content=\"1 minute\" \/>\n<script type=\"application\/ld+json\" class=\"yoast-schema-graph\">{\"@context\":\"https:\/\/schema.org\",\"@graph\":[{\"@type\":\"WebSite\",\"@id\":\"https:\/\/www.visit-ulcinj.com\/blog\/#website\",\"url\":\"https:\/\/www.visit-ulcinj.com\/blog\/\",\"name\":\"Lajme nga Ulqini\",\"description\":\"Lajme,Vijesti,Ulqini,Ulqin,Crna Gora,Mali i Zi\",\"potentialAction\":[{\"@type\":\"SearchAction\",\"target\":{\"@type\":\"EntryPoint\",\"urlTemplate\":\"https:\/\/www.visit-ulcinj.com\/blog\/?s={search_term_string}\"},\"query-input\":\"required name=search_term_string\"}],\"inLanguage\":\"en-US\"},{\"@type\":\"WebPage\",\"@id\":\"https:\/\/www.visit-ulcinj.com\/blog\/2016\/10\/01\/genci-nimanbegu-interviste-ne-televizionin-e-malit-te-zi-video\/#webpage\",\"url\":\"https:\/\/www.visit-ulcinj.com\/blog\/2016\/10\/01\/genci-nimanbegu-interviste-ne-televizionin-e-malit-te-zi-video\/\",\"name\":\"Genci Nimanbegu - Intervist\u00eb n\u00eb televizionin e Malit t\u00eb Zi \u2013 Video - Lajme nga Ulqini\",\"isPartOf\":{\"@id\":\"https:\/\/www.visit-ulcinj.com\/blog\/#website\"},\"datePublished\":\"2016-10-01T21:04:08+00:00\",\"dateModified\":\"2016-10-02T08:57:42+00:00\",\"author\":{\"@id\":\"https:\/\/www.visit-ulcinj.com\/blog\/#\/schema\/person\/dcab619c614d3038751c63bc2aadc06d\"},\"description\":\"M\u00eb 27.09.2016 ne televizionin publik t\u00eb RTMZ (TVCG), Kryesuesi i list\u00ebs \u201cShqiptar\u00ebt-T\u00eb Vendosur\u201d, ishte i ftuar Genci Nimanbegu nga moderatori Musa Gjoka.\",\"breadcrumb\":{\"@id\":\"https:\/\/www.visit-ulcinj.com\/blog\/2016\/10\/01\/genci-nimanbegu-interviste-ne-televizionin-e-malit-te-zi-video\/#breadcrumb\"},\"inLanguage\":\"en-US\",\"potentialAction\":[{\"@type\":\"ReadAction\",\"target\":[\"https:\/\/www.visit-ulcinj.com\/blog\/2016\/10\/01\/genci-nimanbegu-interviste-ne-televizionin-e-malit-te-zi-video\/\"]}]},{\"@type\":\"BreadcrumbList\",\"@id\":\"https:\/\/www.visit-ulcinj.com\/blog\/2016\/10\/01\/genci-nimanbegu-interviste-ne-televizionin-e-malit-te-zi-video\/#breadcrumb\",\"itemListElement\":[{\"@type\":\"ListItem\",\"position\":1,\"name\":\"Genci Nimanbegu &#8211; Intervist\u00eb n\u00eb televizionin e Malit t\u00eb Zi \u2013 Video\"}]},{\"@type\":\"Person\",\"@id\":\"https:\/\/www.visit-ulcinj.com\/blog\/#\/schema\/person\/dcab619c614d3038751c63bc2aadc06d\",\"name\":\"ulqini\",\"sameAs\":[\"http:\/\/www.visit-ulcinj.com\"],\"url\":\"https:\/\/www.visit-ulcinj.com\/blog\/author\/admin\/\"}]}<\/script>\n<!-- \/ Yoast SEO plugin. -->","yoast_head_json":{"title":"Genci Nimanbegu - Intervist\u00eb n\u00eb televizionin e Malit t\u00eb Zi \u2013 Video - Lajme nga Ulqini","description":"M\u00eb 27.09.2016 ne televizionin publik t\u00eb RTMZ (TVCG), Kryesuesi i list\u00ebs \u201cShqiptar\u00ebt-T\u00eb Vendosur\u201d, ishte i ftuar Genci Nimanbegu nga moderatori Musa Gjoka.","robots":{"index":"index","follow":"follow","max-snippet":"max-snippet:-1","max-image-preview":"max-image-preview:large","max-video-preview":"max-video-preview:-1"},"canonical":"https:\/\/www.visit-ulcinj.com\/blog\/2016\/10\/01\/genci-nimanbegu-interviste-ne-televizionin-e-malit-te-zi-video\/","og_locale":"en_US","og_type":"article","og_title":"Genci Nimanbegu - Intervist\u00eb n\u00eb televizionin e Malit t\u00eb Zi \u2013 Video - Lajme nga Ulqini","og_description":"M\u00eb 27.09.2016 ne televizionin publik t\u00eb RTMZ (TVCG), Kryesuesi i list\u00ebs \u201cShqiptar\u00ebt-T\u00eb Vendosur\u201d, ishte i ftuar Genci Nimanbegu nga moderatori Musa Gjoka.","og_url":"https:\/\/www.visit-ulcinj.com\/blog\/2016\/10\/01\/genci-nimanbegu-interviste-ne-televizionin-e-malit-te-zi-video\/","og_site_name":"Lajme nga Ulqini","article_published_time":"2016-10-01T21:04:08+00:00","article_modified_time":"2016-10-02T08:57:42+00:00","twitter_misc":{"Written by":"ulqini","Est. reading time":"1 minute"},"schema":{"@context":"https:\/\/schema.org","@graph":[{"@type":"WebSite","@id":"https:\/\/www.visit-ulcinj.com\/blog\/#website","url":"https:\/\/www.visit-ulcinj.com\/blog\/","name":"Lajme nga Ulqini","description":"Lajme,Vijesti,Ulqini,Ulqin,Crna Gora,Mali i Zi","potentialAction":[{"@type":"SearchAction","target":{"@type":"EntryPoint","urlTemplate":"https:\/\/www.visit-ulcinj.com\/blog\/?s={search_term_string}"},"query-input":"required name=search_term_string"}],"inLanguage":"en-US"},{"@type":"WebPage","@id":"https:\/\/www.visit-ulcinj.com\/blog\/2016\/10\/01\/genci-nimanbegu-interviste-ne-televizionin-e-malit-te-zi-video\/#webpage","url":"https:\/\/www.visit-ulcinj.com\/blog\/2016\/10\/01\/genci-nimanbegu-interviste-ne-televizionin-e-malit-te-zi-video\/","name":"Genci Nimanbegu - Intervist\u00eb n\u00eb televizionin e Malit t\u00eb Zi \u2013 Video - Lajme nga Ulqini","isPartOf":{"@id":"https:\/\/www.visit-ulcinj.com\/blog\/#website"},"datePublished":"2016-10-01T21:04:08+00:00","dateModified":"2016-10-02T08:57:42+00:00","author":{"@id":"https:\/\/www.visit-ulcinj.com\/blog\/#\/schema\/person\/dcab619c614d3038751c63bc2aadc06d"},"description":"M\u00eb 27.09.2016 ne televizionin publik t\u00eb RTMZ (TVCG), Kryesuesi i list\u00ebs \u201cShqiptar\u00ebt-T\u00eb Vendosur\u201d, ishte i ftuar Genci Nimanbegu nga moderatori Musa Gjoka.","breadcrumb":{"@id":"https:\/\/www.visit-ulcinj.com\/blog\/2016\/10\/01\/genci-nimanbegu-interviste-ne-televizionin-e-malit-te-zi-video\/#breadcrumb"},"inLanguage":"en-US","potentialAction":[{"@type":"ReadAction","target":["https:\/\/www.visit-ulcinj.com\/blog\/2016\/10\/01\/genci-nimanbegu-interviste-ne-televizionin-e-malit-te-zi-video\/"]}]},{"@type":"BreadcrumbList","@id":"https:\/\/www.visit-ulcinj.com\/blog\/2016\/10\/01\/genci-nimanbegu-interviste-ne-televizionin-e-malit-te-zi-video\/#breadcrumb","itemListElement":[{"@type":"ListItem","position":1,"name":"Genci Nimanbegu &#8211; Intervist\u00eb n\u00eb televizionin e Malit t\u00eb Zi \u2013 Video"}]},{"@type":"Person","@id":"https:\/\/www.visit-ulcinj.com\/blog\/#\/schema\/person\/dcab619c614d3038751c63bc2aadc06d","name":"ulqini","sameAs":["http:\/\/www.visit-ulcinj.com"],"url":"https:\/\/www.visit-ulcinj.com\/blog\/author\/admin\/"}]}},"jetpack_featured_media_url":"","jetpack_sharing_enabled":true,"jetpack_shortlink":"https:\/\/wp.me\/pe6lTn-q2H","_links":{"self":[{"href":"https:\/\/www.visit-ulcinj.com\/blog\/wp-json\/wp\/v2\/posts\/100111"}],"collection":[{"href":"https:\/\/www.visit-ulcinj.com\/blog\/wp-json\/wp\/v2\/posts"}],"about":[{"href":"https:\/\/www.visit-ulcinj.com\/blog\/wp-json\/wp\/v2\/types\/post"}],"author":[{"embeddable":true,"href":"https:\/\/www.visit-ulcinj.com\/blog\/wp-json\/wp\/v2\/users\/1"}],"replies":[{"embeddable":true,"href":"https:\/\/www.visit-ulcinj.com\/blog\/wp-json\/wp\/v2\/comments?post=100111"}],"version-history":[{"count":3,"href":"https:\/\/www.visit-ulcinj.com\/blog\/wp-json\/wp\/v2\/posts\/100111\/revisions"}],"predecessor-version":[{"id":100129,"href":"https:\/\/www.visit-ulcinj.com\/blog\/wp-json\/wp\/v2\/posts\/100111\/revisions\/100129"}],"wp:attachment":[{"href":"https:\/\/www.visit-ulcinj.com\/blog\/wp-json\/wp\/v2\/media?parent=100111"}],"wp:term":[{"taxonomy":"category","embeddable":true,"href":"https:\/\/www.visit-ulcinj.com\/blog\/wp-json\/wp\/v2\/categories?post=100111"},{"taxonomy":"post_tag","embeddable":true,"href":"https:\/\/www.visit-ulcinj.com\/blog\/wp-json\/wp\/v2\/tags?post=100111"}],"curies":[{"name":"wp","href":"https:\/\/api.w.org\/{rel}","templated":true}]}}