{"id":100131,"date":"2016-10-02T09:54:13","date_gmt":"2016-10-02T08:54:13","guid":{"rendered":"http:\/\/www.visit-ulcinj.com\/blog\/?p=100131"},"modified":"2016-10-03T14:10:20","modified_gmt":"2016-10-03T13:10:20","slug":"kandidatet-e-koalicionit-shqiptaret-nje-qellim-zhvillojne-debat-televiziv","status":"publish","type":"post","link":"https:\/\/www.visit-ulcinj.com\/blog\/2016\/10\/02\/kandidatet-e-koalicionit-shqiptaret-nje-qellim-zhvillojne-debat-televiziv\/","title":{"rendered":"Kandidat\u00ebt e koalicionit \u201cShqiptar\u00ebt- Me nj\u00eb q\u00ebllim\u201d  zhvillojn\u00eb debat televiziv"},"content":{"rendered":"<p><a href=\"http:\/\/www.visit-ulcinj.com\/blog\/wp-content\/uploads\/2016\/10\/Fushat\u00eb-Zgjedhore-pa-debat-politik-n\u00eb-Mal-t\u00eb-Zi.jpg\"><img loading=\"lazy\" class=\"alignleft wp-image-100132\" src=\"http:\/\/www.visit-ulcinj.com\/blog\/wp-content\/uploads\/2016\/10\/Fushat\u00eb-Zgjedhore-pa-debat-politik-n\u00eb-Mal-t\u00eb-Zi.jpg\" alt=\"Fushat\u00eb Zgjedhore pa debat politik n\u00eb Mal t\u00eb Zi!\" width=\"508\" height=\"360\" srcset=\"https:\/\/www.visit-ulcinj.com\/blog\/wp-content\/uploads\/2016\/10\/Fushat\u00eb-Zgjedhore-pa-debat-politik-n\u00eb-Mal-t\u00eb-Zi.jpg 602w, https:\/\/www.visit-ulcinj.com\/blog\/wp-content\/uploads\/2016\/10\/Fushat\u00eb-Zgjedhore-pa-debat-politik-n\u00eb-Mal-t\u00eb-Zi-300x213.jpg 300w\" sizes=\"(max-width: 508px) 100vw, 508px\" \/><\/a>\u201cShqiptar\u00ebt- Me nj\u00eb q\u00ebllim\u201d, ishin t\u00eb ftuar nga moderatori i televizionit publik t\u00eb Malit t\u00eb Zi Musa Gjoka. T\u00eb ftuarit jan: Zana Hollaj Sarvan nga L\u00ebvizja qytetare Perspektiva, Marash Dedvukaj nga LDn\u00ebMZ, dhe Haxhi Sulejmani nga Partia Demokratike.<\/p>\n<p>Ju ftojm t\u00eb ndiqni videon e radh\u00ebs.<\/p>\n<p>[flv]http:\/\/www.rtcg.me\/upload\/boxFileData\/2016\/09\/29\/196741\/29%20929%2009%20DEBATA%20ALBANSKA%20KOALICIJA%20SA%20JEDNIM%20CILJEM_001.mp4[\/flv]<\/p>\n<p>&nbsp;<\/p>\n","protected":false},"excerpt":{"rendered":"<p>\u201cShqiptar\u00ebt- Me nj\u00eb q\u00ebllim\u201d, ishin t\u00eb ftuar nga moderatori i televizionit publik t\u00eb Malit t\u00eb Zi Musa Gjoka. T\u00eb ftuarit jan: Zana Hollaj Sarvan nga L\u00ebvizja qytetare Perspektiva, Marash Dedvukaj nga LDn\u00ebMZ, dhe Haxhi Sulejmani nga Partia Demokratike. Ju ftojm t\u00eb ndiqni videon e radh\u00ebs. [flv]http:\/\/www.rtcg.me\/upload\/boxFileData\/2016\/09\/29\/196741\/29%20929%2009%20DEBATA%20ALBANSKA%20KOALICIJA%20SA%20JEDNIM%20CILJEM_001.mp4[\/flv] &nbsp;<\/p>\n","protected":false},"author":1,"featured_media":0,"comment_status":"closed","ping_status":"closed","sticky":false,"template":"","format":"standard","meta":{"spay_email":"","jetpack_publicize_message":"","jetpack_is_tweetstorm":false,"jetpack_publicize_feature_enabled":true},"categories":[1],"tags":[],"jetpack_publicize_connections":[],"yoast_head":"<!-- This site is optimized with the Yoast SEO plugin v19.1 - https:\/\/yoast.com\/wordpress\/plugins\/seo\/ -->\n<title>Kandidat\u00ebt e koalicionit \u201cShqiptar\u00ebt- Me nj\u00eb q\u00ebllim\u201d zhvillojn\u00eb debat televiziv - Lajme nga Ulqini<\/title>\n<meta name=\"description\" content=\"\u201cShqiptar\u00ebt- Me nj\u00eb q\u00ebllim\u201d, ishin t\u00eb ftuar nga moderatori i televizionit publik t\u00eb Malit t\u00eb Zi Musa Gjoka. T\u00eb ftuarit jan: Zana Hollaj Sarvan nga L\u00ebvizja\" \/>\n<meta name=\"robots\" content=\"index, follow, max-snippet:-1, max-image-preview:large, max-video-preview:-1\" \/>\n<link rel=\"canonical\" href=\"https:\/\/www.visit-ulcinj.com\/blog\/2016\/10\/02\/kandidatet-e-koalicionit-shqiptaret-nje-qellim-zhvillojne-debat-televiziv\/\" \/>\n<meta property=\"og:locale\" content=\"en_US\" \/>\n<meta property=\"og:type\" content=\"article\" \/>\n<meta property=\"og:title\" content=\"Kandidat\u00ebt e koalicionit \u201cShqiptar\u00ebt- Me nj\u00eb q\u00ebllim\u201d zhvillojn\u00eb debat televiziv - Lajme nga Ulqini\" \/>\n<meta property=\"og:description\" content=\"\u201cShqiptar\u00ebt- Me nj\u00eb q\u00ebllim\u201d, ishin t\u00eb ftuar nga moderatori i televizionit publik t\u00eb Malit t\u00eb Zi Musa Gjoka. T\u00eb ftuarit jan: Zana Hollaj Sarvan nga L\u00ebvizja\" \/>\n<meta property=\"og:url\" content=\"https:\/\/www.visit-ulcinj.com\/blog\/2016\/10\/02\/kandidatet-e-koalicionit-shqiptaret-nje-qellim-zhvillojne-debat-televiziv\/\" \/>\n<meta property=\"og:site_name\" content=\"Lajme nga Ulqini\" \/>\n<meta property=\"article:published_time\" content=\"2016-10-02T08:54:13+00:00\" \/>\n<meta property=\"article:modified_time\" content=\"2016-10-03T13:10:20+00:00\" \/>\n<meta name=\"twitter:label1\" content=\"Written by\" \/>\n\t<meta name=\"twitter:data1\" content=\"ulqini\" \/>\n<script type=\"application\/ld+json\" class=\"yoast-schema-graph\">{\"@context\":\"https:\/\/schema.org\",\"@graph\":[{\"@type\":\"WebSite\",\"@id\":\"https:\/\/www.visit-ulcinj.com\/blog\/#website\",\"url\":\"https:\/\/www.visit-ulcinj.com\/blog\/\",\"name\":\"Lajme nga Ulqini\",\"description\":\"Lajme,Vijesti,Ulqini,Ulqin,Crna Gora,Mali i Zi\",\"potentialAction\":[{\"@type\":\"SearchAction\",\"target\":{\"@type\":\"EntryPoint\",\"urlTemplate\":\"https:\/\/www.visit-ulcinj.com\/blog\/?s={search_term_string}\"},\"query-input\":\"required name=search_term_string\"}],\"inLanguage\":\"en-US\"},{\"@type\":\"WebPage\",\"@id\":\"https:\/\/www.visit-ulcinj.com\/blog\/2016\/10\/02\/kandidatet-e-koalicionit-shqiptaret-nje-qellim-zhvillojne-debat-televiziv\/#webpage\",\"url\":\"https:\/\/www.visit-ulcinj.com\/blog\/2016\/10\/02\/kandidatet-e-koalicionit-shqiptaret-nje-qellim-zhvillojne-debat-televiziv\/\",\"name\":\"Kandidat\u00ebt e koalicionit \u201cShqiptar\u00ebt- Me nj\u00eb q\u00ebllim\u201d zhvillojn\u00eb debat televiziv - Lajme nga Ulqini\",\"isPartOf\":{\"@id\":\"https:\/\/www.visit-ulcinj.com\/blog\/#website\"},\"datePublished\":\"2016-10-02T08:54:13+00:00\",\"dateModified\":\"2016-10-03T13:10:20+00:00\",\"author\":{\"@id\":\"https:\/\/www.visit-ulcinj.com\/blog\/#\/schema\/person\/dcab619c614d3038751c63bc2aadc06d\"},\"description\":\"\u201cShqiptar\u00ebt- Me nj\u00eb q\u00ebllim\u201d, ishin t\u00eb ftuar nga moderatori i televizionit publik t\u00eb Malit t\u00eb Zi Musa Gjoka. T\u00eb ftuarit jan: Zana Hollaj Sarvan nga L\u00ebvizja\",\"breadcrumb\":{\"@id\":\"https:\/\/www.visit-ulcinj.com\/blog\/2016\/10\/02\/kandidatet-e-koalicionit-shqiptaret-nje-qellim-zhvillojne-debat-televiziv\/#breadcrumb\"},\"inLanguage\":\"en-US\",\"potentialAction\":[{\"@type\":\"ReadAction\",\"target\":[\"https:\/\/www.visit-ulcinj.com\/blog\/2016\/10\/02\/kandidatet-e-koalicionit-shqiptaret-nje-qellim-zhvillojne-debat-televiziv\/\"]}]},{\"@type\":\"BreadcrumbList\",\"@id\":\"https:\/\/www.visit-ulcinj.com\/blog\/2016\/10\/02\/kandidatet-e-koalicionit-shqiptaret-nje-qellim-zhvillojne-debat-televiziv\/#breadcrumb\",\"itemListElement\":[{\"@type\":\"ListItem\",\"position\":1,\"name\":\"Kandidat\u00ebt e koalicionit \u201cShqiptar\u00ebt- Me nj\u00eb q\u00ebllim\u201d zhvillojn\u00eb debat televiziv\"}]},{\"@type\":\"Person\",\"@id\":\"https:\/\/www.visit-ulcinj.com\/blog\/#\/schema\/person\/dcab619c614d3038751c63bc2aadc06d\",\"name\":\"ulqini\",\"sameAs\":[\"http:\/\/www.visit-ulcinj.com\"],\"url\":\"https:\/\/www.visit-ulcinj.com\/blog\/author\/admin\/\"}]}<\/script>\n<!-- \/ Yoast SEO plugin. -->","yoast_head_json":{"title":"Kandidat\u00ebt e koalicionit \u201cShqiptar\u00ebt- Me nj\u00eb q\u00ebllim\u201d zhvillojn\u00eb debat televiziv - Lajme nga Ulqini","description":"\u201cShqiptar\u00ebt- Me nj\u00eb q\u00ebllim\u201d, ishin t\u00eb ftuar nga moderatori i televizionit publik t\u00eb Malit t\u00eb Zi Musa Gjoka. T\u00eb ftuarit jan: Zana Hollaj Sarvan nga L\u00ebvizja","robots":{"index":"index","follow":"follow","max-snippet":"max-snippet:-1","max-image-preview":"max-image-preview:large","max-video-preview":"max-video-preview:-1"},"canonical":"https:\/\/www.visit-ulcinj.com\/blog\/2016\/10\/02\/kandidatet-e-koalicionit-shqiptaret-nje-qellim-zhvillojne-debat-televiziv\/","og_locale":"en_US","og_type":"article","og_title":"Kandidat\u00ebt e koalicionit \u201cShqiptar\u00ebt- Me nj\u00eb q\u00ebllim\u201d zhvillojn\u00eb debat televiziv - Lajme nga Ulqini","og_description":"\u201cShqiptar\u00ebt- Me nj\u00eb q\u00ebllim\u201d, ishin t\u00eb ftuar nga moderatori i televizionit publik t\u00eb Malit t\u00eb Zi Musa Gjoka. T\u00eb ftuarit jan: Zana Hollaj Sarvan nga L\u00ebvizja","og_url":"https:\/\/www.visit-ulcinj.com\/blog\/2016\/10\/02\/kandidatet-e-koalicionit-shqiptaret-nje-qellim-zhvillojne-debat-televiziv\/","og_site_name":"Lajme nga Ulqini","article_published_time":"2016-10-02T08:54:13+00:00","article_modified_time":"2016-10-03T13:10:20+00:00","twitter_misc":{"Written by":"ulqini"},"schema":{"@context":"https:\/\/schema.org","@graph":[{"@type":"WebSite","@id":"https:\/\/www.visit-ulcinj.com\/blog\/#website","url":"https:\/\/www.visit-ulcinj.com\/blog\/","name":"Lajme nga Ulqini","description":"Lajme,Vijesti,Ulqini,Ulqin,Crna Gora,Mali i Zi","potentialAction":[{"@type":"SearchAction","target":{"@type":"EntryPoint","urlTemplate":"https:\/\/www.visit-ulcinj.com\/blog\/?s={search_term_string}"},"query-input":"required name=search_term_string"}],"inLanguage":"en-US"},{"@type":"WebPage","@id":"https:\/\/www.visit-ulcinj.com\/blog\/2016\/10\/02\/kandidatet-e-koalicionit-shqiptaret-nje-qellim-zhvillojne-debat-televiziv\/#webpage","url":"https:\/\/www.visit-ulcinj.com\/blog\/2016\/10\/02\/kandidatet-e-koalicionit-shqiptaret-nje-qellim-zhvillojne-debat-televiziv\/","name":"Kandidat\u00ebt e koalicionit \u201cShqiptar\u00ebt- Me nj\u00eb q\u00ebllim\u201d zhvillojn\u00eb debat televiziv - Lajme nga Ulqini","isPartOf":{"@id":"https:\/\/www.visit-ulcinj.com\/blog\/#website"},"datePublished":"2016-10-02T08:54:13+00:00","dateModified":"2016-10-03T13:10:20+00:00","author":{"@id":"https:\/\/www.visit-ulcinj.com\/blog\/#\/schema\/person\/dcab619c614d3038751c63bc2aadc06d"},"description":"\u201cShqiptar\u00ebt- Me nj\u00eb q\u00ebllim\u201d, ishin t\u00eb ftuar nga moderatori i televizionit publik t\u00eb Malit t\u00eb Zi Musa Gjoka. T\u00eb ftuarit jan: Zana Hollaj Sarvan nga L\u00ebvizja","breadcrumb":{"@id":"https:\/\/www.visit-ulcinj.com\/blog\/2016\/10\/02\/kandidatet-e-koalicionit-shqiptaret-nje-qellim-zhvillojne-debat-televiziv\/#breadcrumb"},"inLanguage":"en-US","potentialAction":[{"@type":"ReadAction","target":["https:\/\/www.visit-ulcinj.com\/blog\/2016\/10\/02\/kandidatet-e-koalicionit-shqiptaret-nje-qellim-zhvillojne-debat-televiziv\/"]}]},{"@type":"BreadcrumbList","@id":"https:\/\/www.visit-ulcinj.com\/blog\/2016\/10\/02\/kandidatet-e-koalicionit-shqiptaret-nje-qellim-zhvillojne-debat-televiziv\/#breadcrumb","itemListElement":[{"@type":"ListItem","position":1,"name":"Kandidat\u00ebt e koalicionit \u201cShqiptar\u00ebt- Me nj\u00eb q\u00ebllim\u201d zhvillojn\u00eb debat televiziv"}]},{"@type":"Person","@id":"https:\/\/www.visit-ulcinj.com\/blog\/#\/schema\/person\/dcab619c614d3038751c63bc2aadc06d","name":"ulqini","sameAs":["http:\/\/www.visit-ulcinj.com"],"url":"https:\/\/www.visit-ulcinj.com\/blog\/author\/admin\/"}]}},"jetpack_featured_media_url":"","jetpack_sharing_enabled":true,"jetpack_shortlink":"https:\/\/wp.me\/pe6lTn-q31","_links":{"self":[{"href":"https:\/\/www.visit-ulcinj.com\/blog\/wp-json\/wp\/v2\/posts\/100131"}],"collection":[{"href":"https:\/\/www.visit-ulcinj.com\/blog\/wp-json\/wp\/v2\/posts"}],"about":[{"href":"https:\/\/www.visit-ulcinj.com\/blog\/wp-json\/wp\/v2\/types\/post"}],"author":[{"embeddable":true,"href":"https:\/\/www.visit-ulcinj.com\/blog\/wp-json\/wp\/v2\/users\/1"}],"replies":[{"embeddable":true,"href":"https:\/\/www.visit-ulcinj.com\/blog\/wp-json\/wp\/v2\/comments?post=100131"}],"version-history":[{"count":2,"href":"https:\/\/www.visit-ulcinj.com\/blog\/wp-json\/wp\/v2\/posts\/100131\/revisions"}],"predecessor-version":[{"id":100139,"href":"https:\/\/www.visit-ulcinj.com\/blog\/wp-json\/wp\/v2\/posts\/100131\/revisions\/100139"}],"wp:attachment":[{"href":"https:\/\/www.visit-ulcinj.com\/blog\/wp-json\/wp\/v2\/media?parent=100131"}],"wp:term":[{"taxonomy":"category","embeddable":true,"href":"https:\/\/www.visit-ulcinj.com\/blog\/wp-json\/wp\/v2\/categories?post=100131"},{"taxonomy":"post_tag","embeddable":true,"href":"https:\/\/www.visit-ulcinj.com\/blog\/wp-json\/wp\/v2\/tags?post=100131"}],"curies":[{"name":"wp","href":"https:\/\/api.w.org\/{rel}","templated":true}]}}