{"id":100147,"date":"2016-10-03T16:46:09","date_gmt":"2016-10-03T15:46:09","guid":{"rendered":"http:\/\/www.visit-ulcinj.com\/blog\/?p=100147"},"modified":"2016-10-03T16:46:09","modified_gmt":"2016-10-03T15:46:09","slug":"kumtese-nga-socijaldemokratet-te-malit-te-zi","status":"publish","type":"post","link":"https:\/\/www.visit-ulcinj.com\/blog\/2016\/10\/03\/kumtese-nga-socijaldemokratet-te-malit-te-zi\/","title":{"rendered":"Kumtese nga Socijaldemokrat\u00ebt t\u00eb Malit t\u00eb Zi"},"content":{"rendered":"<p><strong><a href=\"http:\/\/www.visit-ulcinj.com\/blog\/wp-content\/uploads\/2016\/09\/Socijaldemokrate-Ulcinj.jpg\"><img loading=\"lazy\" class=\"alignleft wp-image-99973\" src=\"http:\/\/www.visit-ulcinj.com\/blog\/wp-content\/uploads\/2016\/09\/Socijaldemokrate-Ulcinj.jpg\" alt=\"Socijaldemokrate Ulcinj\" width=\"508\" height=\"428\" srcset=\"https:\/\/www.visit-ulcinj.com\/blog\/wp-content\/uploads\/2016\/09\/Socijaldemokrate-Ulcinj.jpg 652w, https:\/\/www.visit-ulcinj.com\/blog\/wp-content\/uploads\/2016\/09\/Socijaldemokrate-Ulcinj-300x253.jpg 300w\" sizes=\"(max-width: 508px) 100vw, 508px\" \/><\/a>Socijaldemokrat\u00ebt t\u00eb Malit t\u00eb Zi<\/strong><\/p>\n<p><strong>Ulqin, 03.10.2016<\/strong>.<\/p>\n<p>&nbsp;<\/p>\n<p style=\"text-align: center;\">\u00a0\u00a0\u00a0\u00a0\u00a0\u00a0\u00a0\u00a0\u00a0\u00a0\u00a0\u00a0\u00a0\u00a0\u00a0\u00a0\u00a0\u00a0\u00a0\u00a0\u00a0\u00a0\u00a0\u00a0\u00a0\u00a0\u00a0\u00a0\u00a0\u00a0\u00a0\u00a0\u00a0\u00a0\u00a0\u00a0\u00a0\u00a0\u00a0\u00a0\u00a0\u00a0\u00a0\u00a0\u00a0\u00a0 <strong>\u00a0\u00a0\u00a0\u00a0 \u00a0\u00a0\u00a0Kumtese<\/strong><\/p>\n<p><strong>\u00a0<\/strong><\/p>\n<p>P\u00ebr k\u00ebnaq\u00ebsin\u00eb e ulqinak\u00ebve dhe respektuesve t\u00eb historis\u00eb s\u00eb pasur t\u00eb k\u00ebtij vendi, natyr\u00ebs s\u00eb tij t\u00eb begatshme dhe burimeve bujq\u00ebsore dhe ekonomike, Ulqini po kthehet n\u00eb hart\u00ebn e destinacioneve m\u00eb t\u00eb r\u00ebnd\u00ebsishme n\u00eb bot\u00eb. Po e ze ngadal\u00eb vendin prestigjoz q\u00eb e ka patur deri n\u00eb fillim t\u00eb viteve n\u00ebnt\u00ebdhjet\u00eb t\u00eb shekullit t\u00eb kaluar, kur rrethanat politike dhe kolapsi ekonomik e devalvuan vler\u00ebn e nj\u00eb prej nxit\u00ebsve m\u00eb t\u00eb r\u00ebnd\u00ebsish\u00ebm t\u00eb Malit t\u00eb Zi, t\u00eb athersh\u00ebm dhe t\u00eb sot\u00ebm.<\/p>\n<p>&nbsp;<\/p>\n<p>N\u00eb dekad\u00ebn e fundit, punonj\u00ebsit dhe afarist\u00ebt turistik me angazhimin e vet e kan\u00eb ngritur nivelin e sh\u00ebrbimit p\u00ebr vizitor\u00ebt dhe turist\u00ebt. Me k\u00ebt\u00eb \u00ebsht\u00eb rritur periudha e q\u00ebndrimit t\u00eb tyre, kurse struktura e turist\u00ebve ka ndryshuar duksh\u00ebm. Sot kemi shum\u00eb m\u00eb tep\u00ebr mysafir t\u00eb huaj t\u00eb cil\u00ebt turren n\u00eb Ulqin, e t\u00eb cil\u00ebt i marrin informatat n\u00eb m\u00ebnyra t\u00eb ndryshme. Prej rekomandimeve nga mediat e huaja, t\u00eb cil\u00ebt m\u00eb shpesh dhe goxha n\u00eb m\u00ebnyr\u00eb pompeze shkruajn\u00eb p\u00ebr bukurit\u00eb e Ulqinit, por edhe manifestimet\u00a0 t\u00eb cil\u00ebt sjellin n\u00eb plazhet tona yjet bot\u00ebrore dhe emra t\u00eb njohur nga bota e muzik\u00ebs dhe biznesit.<\/p>\n<p>&nbsp;<\/p>\n<p>Nj\u00ebrin nga projektet e r\u00ebnd\u00ebsishme &#8211;\u00a0 Southern Soul Festival e kemi filluar para 5 viteve n\u00eb plazhin e kite surf &#8220;D&#8217;olcinium&#8221;. Me entuziaz\u00ebm dhe ndihm\u00ebn e miqve n\u00eb vitet e para, ky festival e ka fituar vendin e vet n\u00eb hart\u00ebn e destinacioneve muzikore m\u00eb t\u00eb r\u00ebnd\u00ebsishme dhe m\u00eb t\u00eb respektuar. Ia kemi arritur q\u00eb t\u00eb sjellim emrat m\u00eb t\u00eb m\u00ebdhenj t\u00eb atij zhanri muzikor, kurse dhjet\u00ebra mij\u00ebra mysafir kan\u00eb ardhur \u00e7do vit pothuaj nga \u00e7do an\u00eb e bot\u00ebs.<\/p>\n<p>Teksti i fundit i shkruar n\u00eb faqet e revist\u00ebs m\u00eb t\u00eb njohur bot\u00ebrore dedikuar muzik\u00ebs dance &#8220;Mixmag&#8221; na jep t\u00eb drejt\u00ebn t\u00eb jemi shum\u00eb krenar n\u00eb rezultatet e angazhimit ton\u00eb q\u00eb Ulqini, n\u00ebp\u00ebrmjet kite surfit, t\u00eb kthej\u00eb reputacionin dhe vizituesit q\u00eb ka patur dikur. \u2029\u2029Por pavar\u00ebsisht nga kjo, \u00ebsht\u00eb fakt i friksh\u00ebm q\u00eb t\u00eb huajt e kuptojn\u00eb m\u00eb mir\u00eb se ne, n\u00eb nivel lokal dhe shtet\u00ebror, r\u00ebnd\u00ebsin\u00eb e k\u00ebtyre eventeve, si dhe potencialin q\u00eb ka Ulqini. I gjith\u00eb mundi jon\u00eb individual n\u00ebp\u00ebrmjet projekteve t\u00eb vogla, n\u00eb m\u00ebnyr\u00eb definitive duhet t\u00eb ket\u00eb mb\u00ebshtetje institucionale dhe valorizim t\u00eb denj\u00eb t\u00eb nj\u00eb\u00a0 prej cop\u00ebzave m\u00eb t\u00eb bukura t\u00eb Mesdheut.<\/p>\n<p>&nbsp;<\/p>\n<p>Kjo \u00ebsht\u00eb rruga e vetme e zhvillimit t\u00eb k\u00ebtij qyteti, i cili me vite me radh\u00eb po i kthen shoq\u00ebrise m\u00eb tep\u00ebr se sa investohet n\u00eb t\u00eb, edhe pse \u00e7do burim, qoft\u00eb edhe i Ulqinit, \u00ebsht\u00eb i harxhuesh\u00ebm, n\u00ebse nuk pasurohet me politik\u00eb strategjike dhe t\u00eb organizuar.<\/p>\n<p>&nbsp;<\/p>\n<p>Sa i p\u00ebrket v\u00ebrejtjes rreth mushkonjave, \u00ebsht\u00eb nj\u00eb problem aq i vog\u00ebl dhe i zgjidhsh\u00ebm, por i cili \u00e7do her\u00eb lihet pas dore. Me sp\u00ebrkatjen e tyre n\u00eb koh\u00ebn e duhur, asnj\u00eb mysafir nuk do t\u00eb kishte\u00a0 pap\u00eblqime t\u00eb cilat hasen gjat\u00eb q\u00ebndrimit t\u00eb tyre n\u00eb rivier\u00ebn e Ulqinit.<\/p>\n<p>&nbsp;<\/p>\n<p><strong>Kryetar i KK SD Ulqin<\/strong><\/p>\n<p><strong>Qazim Hoxhiq<\/strong><\/p>\n","protected":false},"excerpt":{"rendered":"<p>Socijaldemokrat\u00ebt t\u00eb Malit t\u00eb Zi Ulqin, 03.10.2016. &nbsp; \u00a0\u00a0\u00a0\u00a0\u00a0\u00a0\u00a0\u00a0\u00a0\u00a0\u00a0\u00a0\u00a0\u00a0\u00a0\u00a0\u00a0\u00a0\u00a0\u00a0\u00a0\u00a0\u00a0\u00a0\u00a0\u00a0\u00a0\u00a0\u00a0\u00a0\u00a0\u00a0\u00a0\u00a0\u00a0\u00a0\u00a0\u00a0\u00a0\u00a0\u00a0\u00a0\u00a0\u00a0\u00a0\u00a0 \u00a0\u00a0\u00a0\u00a0 \u00a0\u00a0\u00a0Kumtese \u00a0 P\u00ebr k\u00ebnaq\u00ebsin\u00eb e ulqinak\u00ebve dhe respektuesve t\u00eb historis\u00eb s\u00eb pasur t\u00eb k\u00ebtij vendi, natyr\u00ebs s\u00eb tij t\u00eb begatshme dhe burimeve bujq\u00ebsore dhe ekonomike, Ulqini po kthehet n\u00eb hart\u00ebn e destinacioneve m\u00eb t\u00eb r\u00ebnd\u00ebsishme n\u00eb bot\u00eb. Po e ze ngadal\u00eb vendin prestigjoz q\u00eb e [&hellip;]<\/p>\n","protected":false},"author":1,"featured_media":0,"comment_status":"closed","ping_status":"closed","sticky":false,"template":"","format":"standard","meta":{"spay_email":"","jetpack_publicize_message":"","jetpack_is_tweetstorm":false,"jetpack_publicize_feature_enabled":true},"categories":[12],"tags":[],"jetpack_publicize_connections":[],"yoast_head":"<!-- This site is optimized with the Yoast SEO plugin v19.1 - https:\/\/yoast.com\/wordpress\/plugins\/seo\/ -->\n<title>Kumtese nga Socijaldemokrat\u00ebt t\u00eb Malit t\u00eb Zi - Lajme nga Ulqini<\/title>\n<meta name=\"description\" content=\"Socijaldemokrat\u00ebt t\u00eb Malit t\u00eb Zi Ulqin, 03.10.2016. &nbsp; \u00a0\u00a0\u00a0\u00a0\u00a0\u00a0\u00a0\u00a0\u00a0\u00a0\u00a0\u00a0\u00a0\u00a0\u00a0\u00a0\u00a0\u00a0\u00a0\u00a0\u00a0\u00a0\u00a0\u00a0\u00a0\u00a0\u00a0\u00a0\u00a0\u00a0\u00a0\u00a0\u00a0\u00a0\u00a0\u00a0\u00a0\u00a0\u00a0\u00a0\u00a0\u00a0\u00a0\u00a0\u00a0\u00a0 \u00a0\u00a0\u00a0\u00a0 \u00a0\u00a0\u00a0Kumtese \u00a0 P\u00ebr k\u00ebnaq\u00ebsin\u00eb e ulqinak\u00ebve\" \/>\n<meta name=\"robots\" content=\"index, follow, max-snippet:-1, max-image-preview:large, max-video-preview:-1\" \/>\n<link rel=\"canonical\" href=\"https:\/\/www.visit-ulcinj.com\/blog\/2016\/10\/03\/kumtese-nga-socijaldemokratet-te-malit-te-zi\/\" \/>\n<meta property=\"og:locale\" content=\"en_US\" \/>\n<meta property=\"og:type\" content=\"article\" \/>\n<meta property=\"og:title\" content=\"Kumtese nga Socijaldemokrat\u00ebt t\u00eb Malit t\u00eb Zi - Lajme nga Ulqini\" \/>\n<meta property=\"og:description\" content=\"Socijaldemokrat\u00ebt t\u00eb Malit t\u00eb Zi Ulqin, 03.10.2016. &nbsp; \u00a0\u00a0\u00a0\u00a0\u00a0\u00a0\u00a0\u00a0\u00a0\u00a0\u00a0\u00a0\u00a0\u00a0\u00a0\u00a0\u00a0\u00a0\u00a0\u00a0\u00a0\u00a0\u00a0\u00a0\u00a0\u00a0\u00a0\u00a0\u00a0\u00a0\u00a0\u00a0\u00a0\u00a0\u00a0\u00a0\u00a0\u00a0\u00a0\u00a0\u00a0\u00a0\u00a0\u00a0\u00a0\u00a0 \u00a0\u00a0\u00a0\u00a0 \u00a0\u00a0\u00a0Kumtese \u00a0 P\u00ebr k\u00ebnaq\u00ebsin\u00eb e ulqinak\u00ebve\" \/>\n<meta property=\"og:url\" content=\"https:\/\/www.visit-ulcinj.com\/blog\/2016\/10\/03\/kumtese-nga-socijaldemokratet-te-malit-te-zi\/\" \/>\n<meta property=\"og:site_name\" content=\"Lajme nga Ulqini\" \/>\n<meta property=\"article:published_time\" content=\"2016-10-03T15:46:09+00:00\" \/>\n<meta property=\"og:image\" content=\"http:\/\/www.visit-ulcinj.com\/blog\/wp-content\/uploads\/2016\/09\/Socijaldemokrate-Ulcinj.jpg\" \/>\n<meta name=\"twitter:label1\" content=\"Written by\" \/>\n\t<meta name=\"twitter:data1\" content=\"ulqini\" \/>\n\t<meta name=\"twitter:label2\" content=\"Est. reading time\" \/>\n\t<meta name=\"twitter:data2\" content=\"3 minutes\" \/>\n<script type=\"application\/ld+json\" class=\"yoast-schema-graph\">{\"@context\":\"https:\/\/schema.org\",\"@graph\":[{\"@type\":\"WebSite\",\"@id\":\"https:\/\/www.visit-ulcinj.com\/blog\/#website\",\"url\":\"https:\/\/www.visit-ulcinj.com\/blog\/\",\"name\":\"Lajme nga Ulqini\",\"description\":\"Lajme,Vijesti,Ulqini,Ulqin,Crna Gora,Mali i Zi\",\"potentialAction\":[{\"@type\":\"SearchAction\",\"target\":{\"@type\":\"EntryPoint\",\"urlTemplate\":\"https:\/\/www.visit-ulcinj.com\/blog\/?s={search_term_string}\"},\"query-input\":\"required name=search_term_string\"}],\"inLanguage\":\"en-US\"},{\"@type\":\"ImageObject\",\"inLanguage\":\"en-US\",\"@id\":\"https:\/\/www.visit-ulcinj.com\/blog\/2016\/10\/03\/kumtese-nga-socijaldemokratet-te-malit-te-zi\/#primaryimage\",\"url\":\"https:\/\/www.visit-ulcinj.com\/blog\/wp-content\/uploads\/2016\/09\/Socijaldemokrate-Ulcinj.jpg\",\"contentUrl\":\"https:\/\/www.visit-ulcinj.com\/blog\/wp-content\/uploads\/2016\/09\/Socijaldemokrate-Ulcinj.jpg\",\"width\":652,\"height\":549},{\"@type\":\"WebPage\",\"@id\":\"https:\/\/www.visit-ulcinj.com\/blog\/2016\/10\/03\/kumtese-nga-socijaldemokratet-te-malit-te-zi\/#webpage\",\"url\":\"https:\/\/www.visit-ulcinj.com\/blog\/2016\/10\/03\/kumtese-nga-socijaldemokratet-te-malit-te-zi\/\",\"name\":\"Kumtese nga Socijaldemokrat\u00ebt t\u00eb Malit t\u00eb Zi - Lajme nga Ulqini\",\"isPartOf\":{\"@id\":\"https:\/\/www.visit-ulcinj.com\/blog\/#website\"},\"primaryImageOfPage\":{\"@id\":\"https:\/\/www.visit-ulcinj.com\/blog\/2016\/10\/03\/kumtese-nga-socijaldemokratet-te-malit-te-zi\/#primaryimage\"},\"datePublished\":\"2016-10-03T15:46:09+00:00\",\"dateModified\":\"2016-10-03T15:46:09+00:00\",\"author\":{\"@id\":\"https:\/\/www.visit-ulcinj.com\/blog\/#\/schema\/person\/dcab619c614d3038751c63bc2aadc06d\"},\"description\":\"Socijaldemokrat\u00ebt t\u00eb Malit t\u00eb Zi Ulqin, 03.10.2016. &nbsp; \u00a0\u00a0\u00a0\u00a0\u00a0\u00a0\u00a0\u00a0\u00a0\u00a0\u00a0\u00a0\u00a0\u00a0\u00a0\u00a0\u00a0\u00a0\u00a0\u00a0\u00a0\u00a0\u00a0\u00a0\u00a0\u00a0\u00a0\u00a0\u00a0\u00a0\u00a0\u00a0\u00a0\u00a0\u00a0\u00a0\u00a0\u00a0\u00a0\u00a0\u00a0\u00a0\u00a0\u00a0\u00a0\u00a0 \u00a0\u00a0\u00a0\u00a0 \u00a0\u00a0\u00a0Kumtese \u00a0 P\u00ebr k\u00ebnaq\u00ebsin\u00eb e ulqinak\u00ebve\",\"breadcrumb\":{\"@id\":\"https:\/\/www.visit-ulcinj.com\/blog\/2016\/10\/03\/kumtese-nga-socijaldemokratet-te-malit-te-zi\/#breadcrumb\"},\"inLanguage\":\"en-US\",\"potentialAction\":[{\"@type\":\"ReadAction\",\"target\":[\"https:\/\/www.visit-ulcinj.com\/blog\/2016\/10\/03\/kumtese-nga-socijaldemokratet-te-malit-te-zi\/\"]}]},{\"@type\":\"BreadcrumbList\",\"@id\":\"https:\/\/www.visit-ulcinj.com\/blog\/2016\/10\/03\/kumtese-nga-socijaldemokratet-te-malit-te-zi\/#breadcrumb\",\"itemListElement\":[{\"@type\":\"ListItem\",\"position\":1,\"name\":\"Kumtese nga Socijaldemokrat\u00ebt t\u00eb Malit t\u00eb Zi\"}]},{\"@type\":\"Person\",\"@id\":\"https:\/\/www.visit-ulcinj.com\/blog\/#\/schema\/person\/dcab619c614d3038751c63bc2aadc06d\",\"name\":\"ulqini\",\"sameAs\":[\"http:\/\/www.visit-ulcinj.com\"],\"url\":\"https:\/\/www.visit-ulcinj.com\/blog\/author\/admin\/\"}]}<\/script>\n<!-- \/ Yoast SEO plugin. -->","yoast_head_json":{"title":"Kumtese nga Socijaldemokrat\u00ebt t\u00eb Malit t\u00eb Zi - Lajme nga Ulqini","description":"Socijaldemokrat\u00ebt t\u00eb Malit t\u00eb Zi Ulqin, 03.10.2016. &nbsp; \u00a0\u00a0\u00a0\u00a0\u00a0\u00a0\u00a0\u00a0\u00a0\u00a0\u00a0\u00a0\u00a0\u00a0\u00a0\u00a0\u00a0\u00a0\u00a0\u00a0\u00a0\u00a0\u00a0\u00a0\u00a0\u00a0\u00a0\u00a0\u00a0\u00a0\u00a0\u00a0\u00a0\u00a0\u00a0\u00a0\u00a0\u00a0\u00a0\u00a0\u00a0\u00a0\u00a0\u00a0\u00a0\u00a0 \u00a0\u00a0\u00a0\u00a0 \u00a0\u00a0\u00a0Kumtese \u00a0 P\u00ebr k\u00ebnaq\u00ebsin\u00eb e ulqinak\u00ebve","robots":{"index":"index","follow":"follow","max-snippet":"max-snippet:-1","max-image-preview":"max-image-preview:large","max-video-preview":"max-video-preview:-1"},"canonical":"https:\/\/www.visit-ulcinj.com\/blog\/2016\/10\/03\/kumtese-nga-socijaldemokratet-te-malit-te-zi\/","og_locale":"en_US","og_type":"article","og_title":"Kumtese nga Socijaldemokrat\u00ebt t\u00eb Malit t\u00eb Zi - Lajme nga Ulqini","og_description":"Socijaldemokrat\u00ebt t\u00eb Malit t\u00eb Zi Ulqin, 03.10.2016. &nbsp; \u00a0\u00a0\u00a0\u00a0\u00a0\u00a0\u00a0\u00a0\u00a0\u00a0\u00a0\u00a0\u00a0\u00a0\u00a0\u00a0\u00a0\u00a0\u00a0\u00a0\u00a0\u00a0\u00a0\u00a0\u00a0\u00a0\u00a0\u00a0\u00a0\u00a0\u00a0\u00a0\u00a0\u00a0\u00a0\u00a0\u00a0\u00a0\u00a0\u00a0\u00a0\u00a0\u00a0\u00a0\u00a0\u00a0 \u00a0\u00a0\u00a0\u00a0 \u00a0\u00a0\u00a0Kumtese \u00a0 P\u00ebr k\u00ebnaq\u00ebsin\u00eb e ulqinak\u00ebve","og_url":"https:\/\/www.visit-ulcinj.com\/blog\/2016\/10\/03\/kumtese-nga-socijaldemokratet-te-malit-te-zi\/","og_site_name":"Lajme nga Ulqini","article_published_time":"2016-10-03T15:46:09+00:00","og_image":[{"url":"http:\/\/www.visit-ulcinj.com\/blog\/wp-content\/uploads\/2016\/09\/Socijaldemokrate-Ulcinj.jpg"}],"twitter_misc":{"Written by":"ulqini","Est. reading time":"3 minutes"},"schema":{"@context":"https:\/\/schema.org","@graph":[{"@type":"WebSite","@id":"https:\/\/www.visit-ulcinj.com\/blog\/#website","url":"https:\/\/www.visit-ulcinj.com\/blog\/","name":"Lajme nga Ulqini","description":"Lajme,Vijesti,Ulqini,Ulqin,Crna Gora,Mali i Zi","potentialAction":[{"@type":"SearchAction","target":{"@type":"EntryPoint","urlTemplate":"https:\/\/www.visit-ulcinj.com\/blog\/?s={search_term_string}"},"query-input":"required name=search_term_string"}],"inLanguage":"en-US"},{"@type":"ImageObject","inLanguage":"en-US","@id":"https:\/\/www.visit-ulcinj.com\/blog\/2016\/10\/03\/kumtese-nga-socijaldemokratet-te-malit-te-zi\/#primaryimage","url":"https:\/\/www.visit-ulcinj.com\/blog\/wp-content\/uploads\/2016\/09\/Socijaldemokrate-Ulcinj.jpg","contentUrl":"https:\/\/www.visit-ulcinj.com\/blog\/wp-content\/uploads\/2016\/09\/Socijaldemokrate-Ulcinj.jpg","width":652,"height":549},{"@type":"WebPage","@id":"https:\/\/www.visit-ulcinj.com\/blog\/2016\/10\/03\/kumtese-nga-socijaldemokratet-te-malit-te-zi\/#webpage","url":"https:\/\/www.visit-ulcinj.com\/blog\/2016\/10\/03\/kumtese-nga-socijaldemokratet-te-malit-te-zi\/","name":"Kumtese nga Socijaldemokrat\u00ebt t\u00eb Malit t\u00eb Zi - Lajme nga Ulqini","isPartOf":{"@id":"https:\/\/www.visit-ulcinj.com\/blog\/#website"},"primaryImageOfPage":{"@id":"https:\/\/www.visit-ulcinj.com\/blog\/2016\/10\/03\/kumtese-nga-socijaldemokratet-te-malit-te-zi\/#primaryimage"},"datePublished":"2016-10-03T15:46:09+00:00","dateModified":"2016-10-03T15:46:09+00:00","author":{"@id":"https:\/\/www.visit-ulcinj.com\/blog\/#\/schema\/person\/dcab619c614d3038751c63bc2aadc06d"},"description":"Socijaldemokrat\u00ebt t\u00eb Malit t\u00eb Zi Ulqin, 03.10.2016. &nbsp; \u00a0\u00a0\u00a0\u00a0\u00a0\u00a0\u00a0\u00a0\u00a0\u00a0\u00a0\u00a0\u00a0\u00a0\u00a0\u00a0\u00a0\u00a0\u00a0\u00a0\u00a0\u00a0\u00a0\u00a0\u00a0\u00a0\u00a0\u00a0\u00a0\u00a0\u00a0\u00a0\u00a0\u00a0\u00a0\u00a0\u00a0\u00a0\u00a0\u00a0\u00a0\u00a0\u00a0\u00a0\u00a0\u00a0 \u00a0\u00a0\u00a0\u00a0 \u00a0\u00a0\u00a0Kumtese \u00a0 P\u00ebr k\u00ebnaq\u00ebsin\u00eb e ulqinak\u00ebve","breadcrumb":{"@id":"https:\/\/www.visit-ulcinj.com\/blog\/2016\/10\/03\/kumtese-nga-socijaldemokratet-te-malit-te-zi\/#breadcrumb"},"inLanguage":"en-US","potentialAction":[{"@type":"ReadAction","target":["https:\/\/www.visit-ulcinj.com\/blog\/2016\/10\/03\/kumtese-nga-socijaldemokratet-te-malit-te-zi\/"]}]},{"@type":"BreadcrumbList","@id":"https:\/\/www.visit-ulcinj.com\/blog\/2016\/10\/03\/kumtese-nga-socijaldemokratet-te-malit-te-zi\/#breadcrumb","itemListElement":[{"@type":"ListItem","position":1,"name":"Kumtese nga Socijaldemokrat\u00ebt t\u00eb Malit t\u00eb Zi"}]},{"@type":"Person","@id":"https:\/\/www.visit-ulcinj.com\/blog\/#\/schema\/person\/dcab619c614d3038751c63bc2aadc06d","name":"ulqini","sameAs":["http:\/\/www.visit-ulcinj.com"],"url":"https:\/\/www.visit-ulcinj.com\/blog\/author\/admin\/"}]}},"jetpack_featured_media_url":"","jetpack_sharing_enabled":true,"jetpack_shortlink":"https:\/\/wp.me\/pe6lTn-q3h","_links":{"self":[{"href":"https:\/\/www.visit-ulcinj.com\/blog\/wp-json\/wp\/v2\/posts\/100147"}],"collection":[{"href":"https:\/\/www.visit-ulcinj.com\/blog\/wp-json\/wp\/v2\/posts"}],"about":[{"href":"https:\/\/www.visit-ulcinj.com\/blog\/wp-json\/wp\/v2\/types\/post"}],"author":[{"embeddable":true,"href":"https:\/\/www.visit-ulcinj.com\/blog\/wp-json\/wp\/v2\/users\/1"}],"replies":[{"embeddable":true,"href":"https:\/\/www.visit-ulcinj.com\/blog\/wp-json\/wp\/v2\/comments?post=100147"}],"version-history":[{"count":1,"href":"https:\/\/www.visit-ulcinj.com\/blog\/wp-json\/wp\/v2\/posts\/100147\/revisions"}],"predecessor-version":[{"id":100148,"href":"https:\/\/www.visit-ulcinj.com\/blog\/wp-json\/wp\/v2\/posts\/100147\/revisions\/100148"}],"wp:attachment":[{"href":"https:\/\/www.visit-ulcinj.com\/blog\/wp-json\/wp\/v2\/media?parent=100147"}],"wp:term":[{"taxonomy":"category","embeddable":true,"href":"https:\/\/www.visit-ulcinj.com\/blog\/wp-json\/wp\/v2\/categories?post=100147"},{"taxonomy":"post_tag","embeddable":true,"href":"https:\/\/www.visit-ulcinj.com\/blog\/wp-json\/wp\/v2\/tags?post=100147"}],"curies":[{"name":"wp","href":"https:\/\/api.w.org\/{rel}","templated":true}]}}