{"id":100149,"date":"2016-10-03T16:50:54","date_gmt":"2016-10-03T15:50:54","guid":{"rendered":"http:\/\/www.visit-ulcinj.com\/blog\/?p=100149"},"modified":"2016-10-03T16:51:43","modified_gmt":"2016-10-03T15:51:43","slug":"saopstenje-socijaldemokrate-crne-gore","status":"publish","type":"post","link":"https:\/\/www.visit-ulcinj.com\/blog\/2016\/10\/03\/saopstenje-socijaldemokrate-crne-gore\/","title":{"rendered":"Saop\u0161tenje Socijaldemokrate Crne Gore"},"content":{"rendered":"<p><strong><a href=\"http:\/\/www.visit-ulcinj.com\/blog\/wp-content\/uploads\/2016\/09\/Socijaldemokrate-Ulcinj.jpg\"><img loading=\"lazy\" class=\"alignleft wp-image-99973\" src=\"http:\/\/www.visit-ulcinj.com\/blog\/wp-content\/uploads\/2016\/09\/Socijaldemokrate-Ulcinj.jpg\" alt=\"Socijaldemokrate Ulcinj\" width=\"508\" height=\"428\" srcset=\"https:\/\/www.visit-ulcinj.com\/blog\/wp-content\/uploads\/2016\/09\/Socijaldemokrate-Ulcinj.jpg 652w, https:\/\/www.visit-ulcinj.com\/blog\/wp-content\/uploads\/2016\/09\/Socijaldemokrate-Ulcinj-300x253.jpg 300w\" sizes=\"(max-width: 508px) 100vw, 508px\" \/><\/a>Socijaldemokrate Crne Gore<\/strong><\/p>\n<p><strong>Ulcinj, 03.10.2016.godine<\/strong><\/p>\n<p>&nbsp;<\/p>\n<p style=\"text-align: center;\">\u00a0\u00a0\u00a0\u00a0\u00a0\u00a0\u00a0\u00a0\u00a0\u00a0\u00a0\u00a0\u00a0\u00a0\u00a0\u00a0\u00a0\u00a0\u00a0\u00a0\u00a0\u00a0\u00a0\u00a0\u00a0\u00a0\u00a0\u00a0\u00a0\u00a0\u00a0\u00a0\u00a0\u00a0\u00a0\u00a0\u00a0\u00a0\u00a0\u00a0\u00a0\u00a0\u00a0\u00a0\u00a0\u00a0 <strong>\u00a0 \u00a0\u00a0\u00a0\u00a0\u00a0\u00a0Saop\u0161tenje<\/strong><\/p>\n<p><strong>\u00a0<\/strong><\/p>\n<p>Na radost nas Ulcinjana i po\u0161tovalaca bogate istorije ovog grada, njegove rasko\u0161ne prirode i ovda\u0161njih poljoprivrednih i privrednih resursa, Ulcinj se vra\u0107a na mapu najzna\u010dajnih svjetskih destinacija. Zauzima polako ono presti\u017eno mjesto koje je imao do po\u010detka devedesetih godina pro\u0161log vijeka kada su politi\u010dke prilike i ekonomski sunovrat devalvirali vrijednost jednog od najzna\u010dajnih pokreta\u010da onda\u0161nje i dana\u0161nje Crne Gore.<\/p>\n<p>U posljednjoj deceniji, turisti\u010dki radnici i privrednici li\u010dnim anga\u017eovanjem podizali su permanentno nivo usluge i servisa za posjetioce i turiste. Time se period boravka pove\u0107avao, a struktura turista bitno godinama mijenjala. Danas imamo sve vi\u0161e inostranih gostiju koji hrle u Ulcinj, dobijaju\u0107i informacije na razli\u010dite na\u010dine. Od preporuka do inostranih medija, koji sve \u010de\u0161\u0107e i prili\u010dno pompezno pi\u0161u o ljepotama Ulcinja, ali i manifestacijama koje dovode na na\u0161e pla\u017ee ugledne svjetske zvijezde i imena iz svijeta muzike i biznisa.<\/p>\n<p>Jedan od zna\u010dajnih projekata \u2013 Southern Soul Festival pokrenuli smo prije pet godina na kite surf pla\u017ei \u201eD&#8217;olcinium\u201c. Uz entuzijazam i pomo\u0107 prijatelja u prvim godinama, ovaj festival je dobio svoje mjesto na mapama najzna\u010dajnijih i najrespektabilnijih svjetskih muzi\u010dkih destinacija. Uspjeli smo da dovedemo najve\u0107a imena u tom muzi\u010dkom fahu, a desetine hiljada gostiju posljednjih godina dolazili su gotovo iz cijelog svijeta.<\/p>\n<p>Posljednji text na stranicama najpoznatijeg svjetskog magazina posve\u0107enih plesnoj muzici \u201eMixmag\u201c daje nam za pravo da budemo vrlo ponosni na rezultate na\u0161ih zalaganja da Ulcinj , uz kite surf, vrati ugled i posje\u0107enost kakvu je nekada imao. http:\/\/mne.ul-info.com\/mixmag-ulcinj-je-jedan-od-najzivopisnijih-krajeva-evrope\/?utm_source=Viber&amp;utm_medium=Chat&amp;utm_campaign=Private<\/p>\n<p>&nbsp;<\/p>\n<p>Me\u0111utim, uprkos tome, zastra\u0161uju\u0107a je \u010dinjenica da\u00a0 stranci prepoznaju bolje od nas, na lokalnom i dr\u017eavnom nivou, va\u017enost ovakvih doga\u0111aja, ali i potencijal koji Ulcinj ima. Svi na\u0161i napori na individualnoj ravni i kroz manje projekte definitivno u perspektivi moraju imati institucionalnu podr\u0161ku i dostojnu valorizaciju jednog od najljep\u0161eg komada Mediterana.<\/p>\n<p>To je jedini put razvoja ovog grada, koji godinama vra\u0107a dru\u0161tvu mnogo vi\u0161e nego \u0161to se u njega ula\u017ee iako je svaki, pa i ulcinjski resurs potro\u0161iv ukoliko se ne oboga\u0107uje organizovanom i strate\u0161kom politikom.<\/p>\n<p>\u0160to se ti\u010de primjedbe oko najezde komaraca, to je \u00a0toliko minoran i lako rje\u0161iv problem, koji je stalno zanemarivan. Blagovremenim zapra\u0161ivanjem nijedan gost ne bi imao neprijatnosti s\u2019kojim se susre\u0107u u toku boravka na ulcinjskoj rivijeri.<\/p>\n<p>&nbsp;<\/p>\n<p>&nbsp;<\/p>\n<p><strong>Predsjednik OO SD Ulcinj<\/strong><\/p>\n<p><strong>\u0106azim Hod\u017ei\u0107<\/strong><\/p>\n<p>&nbsp;<\/p>\n","protected":false},"excerpt":{"rendered":"<p>Socijaldemokrate Crne Gore Ulcinj, 03.10.2016.godine &nbsp; \u00a0\u00a0\u00a0\u00a0\u00a0\u00a0\u00a0\u00a0\u00a0\u00a0\u00a0\u00a0\u00a0\u00a0\u00a0\u00a0\u00a0\u00a0\u00a0\u00a0\u00a0\u00a0\u00a0\u00a0\u00a0\u00a0\u00a0\u00a0\u00a0\u00a0\u00a0\u00a0\u00a0\u00a0\u00a0\u00a0\u00a0\u00a0\u00a0\u00a0\u00a0\u00a0\u00a0\u00a0\u00a0\u00a0 \u00a0 \u00a0\u00a0\u00a0\u00a0\u00a0\u00a0Saop\u0161tenje \u00a0 Na radost nas Ulcinjana i po\u0161tovalaca bogate istorije ovog grada, njegove rasko\u0161ne prirode i ovda\u0161njih poljoprivrednih i privrednih resursa, Ulcinj se vra\u0107a na mapu najzna\u010dajnih svjetskih destinacija. Zauzima polako ono presti\u017eno mjesto koje je imao do po\u010detka devedesetih godina pro\u0161log vijeka kada su politi\u010dke prilike [&hellip;]<\/p>\n","protected":false},"author":1,"featured_media":0,"comment_status":"closed","ping_status":"closed","sticky":false,"template":"","format":"standard","meta":{"spay_email":"","jetpack_publicize_message":"","jetpack_is_tweetstorm":false,"jetpack_publicize_feature_enabled":true},"categories":[8337],"tags":[],"jetpack_publicize_connections":[],"yoast_head":"<!-- This site is optimized with the Yoast SEO plugin v19.1 - https:\/\/yoast.com\/wordpress\/plugins\/seo\/ -->\n<title>Saop\u0161tenje Socijaldemokrate Crne Gore - Lajme nga Ulqini<\/title>\n<meta name=\"description\" content=\"Socijaldemokrate Crne Gore Ulcinj, 03.10.2016.godine &nbsp; \u00a0\u00a0\u00a0\u00a0\u00a0\u00a0\u00a0\u00a0\u00a0\u00a0\u00a0\u00a0\u00a0\u00a0\u00a0\u00a0\u00a0\u00a0\u00a0\u00a0\u00a0\u00a0\u00a0\u00a0\u00a0\u00a0\u00a0\u00a0\u00a0\u00a0\u00a0\u00a0\u00a0\u00a0\u00a0\u00a0\u00a0\u00a0\u00a0\u00a0\u00a0\u00a0\u00a0\u00a0\u00a0\u00a0 \u00a0 \u00a0\u00a0\u00a0\u00a0\u00a0\u00a0Saop\u0161tenje \u00a0 Na radost nas Ulcinjana i\" \/>\n<meta name=\"robots\" content=\"index, follow, max-snippet:-1, max-image-preview:large, max-video-preview:-1\" \/>\n<link rel=\"canonical\" href=\"https:\/\/www.visit-ulcinj.com\/blog\/2016\/10\/03\/saopstenje-socijaldemokrate-crne-gore\/\" \/>\n<meta property=\"og:locale\" content=\"en_US\" \/>\n<meta property=\"og:type\" content=\"article\" \/>\n<meta property=\"og:title\" content=\"Saop\u0161tenje Socijaldemokrate Crne Gore - Lajme nga Ulqini\" \/>\n<meta property=\"og:description\" content=\"Socijaldemokrate Crne Gore Ulcinj, 03.10.2016.godine &nbsp; \u00a0\u00a0\u00a0\u00a0\u00a0\u00a0\u00a0\u00a0\u00a0\u00a0\u00a0\u00a0\u00a0\u00a0\u00a0\u00a0\u00a0\u00a0\u00a0\u00a0\u00a0\u00a0\u00a0\u00a0\u00a0\u00a0\u00a0\u00a0\u00a0\u00a0\u00a0\u00a0\u00a0\u00a0\u00a0\u00a0\u00a0\u00a0\u00a0\u00a0\u00a0\u00a0\u00a0\u00a0\u00a0\u00a0 \u00a0 \u00a0\u00a0\u00a0\u00a0\u00a0\u00a0Saop\u0161tenje \u00a0 Na radost nas Ulcinjana i\" \/>\n<meta property=\"og:url\" content=\"https:\/\/www.visit-ulcinj.com\/blog\/2016\/10\/03\/saopstenje-socijaldemokrate-crne-gore\/\" \/>\n<meta property=\"og:site_name\" content=\"Lajme nga Ulqini\" \/>\n<meta property=\"article:published_time\" content=\"2016-10-03T15:50:54+00:00\" \/>\n<meta property=\"article:modified_time\" content=\"2016-10-03T15:51:43+00:00\" \/>\n<meta property=\"og:image\" content=\"http:\/\/www.visit-ulcinj.com\/blog\/wp-content\/uploads\/2016\/09\/Socijaldemokrate-Ulcinj.jpg\" \/>\n<meta name=\"twitter:label1\" content=\"Written by\" \/>\n\t<meta name=\"twitter:data1\" content=\"ulqini\" \/>\n\t<meta name=\"twitter:label2\" content=\"Est. reading time\" \/>\n\t<meta name=\"twitter:data2\" content=\"2 minutes\" \/>\n<script type=\"application\/ld+json\" class=\"yoast-schema-graph\">{\"@context\":\"https:\/\/schema.org\",\"@graph\":[{\"@type\":\"WebSite\",\"@id\":\"https:\/\/www.visit-ulcinj.com\/blog\/#website\",\"url\":\"https:\/\/www.visit-ulcinj.com\/blog\/\",\"name\":\"Lajme nga Ulqini\",\"description\":\"Lajme,Vijesti,Ulqini,Ulqin,Crna Gora,Mali i Zi\",\"potentialAction\":[{\"@type\":\"SearchAction\",\"target\":{\"@type\":\"EntryPoint\",\"urlTemplate\":\"https:\/\/www.visit-ulcinj.com\/blog\/?s={search_term_string}\"},\"query-input\":\"required name=search_term_string\"}],\"inLanguage\":\"en-US\"},{\"@type\":\"ImageObject\",\"inLanguage\":\"en-US\",\"@id\":\"https:\/\/www.visit-ulcinj.com\/blog\/2016\/10\/03\/saopstenje-socijaldemokrate-crne-gore\/#primaryimage\",\"url\":\"https:\/\/www.visit-ulcinj.com\/blog\/wp-content\/uploads\/2016\/09\/Socijaldemokrate-Ulcinj.jpg\",\"contentUrl\":\"https:\/\/www.visit-ulcinj.com\/blog\/wp-content\/uploads\/2016\/09\/Socijaldemokrate-Ulcinj.jpg\",\"width\":652,\"height\":549},{\"@type\":\"WebPage\",\"@id\":\"https:\/\/www.visit-ulcinj.com\/blog\/2016\/10\/03\/saopstenje-socijaldemokrate-crne-gore\/#webpage\",\"url\":\"https:\/\/www.visit-ulcinj.com\/blog\/2016\/10\/03\/saopstenje-socijaldemokrate-crne-gore\/\",\"name\":\"Saop\u0161tenje Socijaldemokrate Crne Gore - Lajme nga Ulqini\",\"isPartOf\":{\"@id\":\"https:\/\/www.visit-ulcinj.com\/blog\/#website\"},\"primaryImageOfPage\":{\"@id\":\"https:\/\/www.visit-ulcinj.com\/blog\/2016\/10\/03\/saopstenje-socijaldemokrate-crne-gore\/#primaryimage\"},\"datePublished\":\"2016-10-03T15:50:54+00:00\",\"dateModified\":\"2016-10-03T15:51:43+00:00\",\"author\":{\"@id\":\"https:\/\/www.visit-ulcinj.com\/blog\/#\/schema\/person\/dcab619c614d3038751c63bc2aadc06d\"},\"description\":\"Socijaldemokrate Crne Gore Ulcinj, 03.10.2016.godine &nbsp; \u00a0\u00a0\u00a0\u00a0\u00a0\u00a0\u00a0\u00a0\u00a0\u00a0\u00a0\u00a0\u00a0\u00a0\u00a0\u00a0\u00a0\u00a0\u00a0\u00a0\u00a0\u00a0\u00a0\u00a0\u00a0\u00a0\u00a0\u00a0\u00a0\u00a0\u00a0\u00a0\u00a0\u00a0\u00a0\u00a0\u00a0\u00a0\u00a0\u00a0\u00a0\u00a0\u00a0\u00a0\u00a0\u00a0 \u00a0 \u00a0\u00a0\u00a0\u00a0\u00a0\u00a0Saop\u0161tenje \u00a0 Na radost nas Ulcinjana i\",\"breadcrumb\":{\"@id\":\"https:\/\/www.visit-ulcinj.com\/blog\/2016\/10\/03\/saopstenje-socijaldemokrate-crne-gore\/#breadcrumb\"},\"inLanguage\":\"en-US\",\"potentialAction\":[{\"@type\":\"ReadAction\",\"target\":[\"https:\/\/www.visit-ulcinj.com\/blog\/2016\/10\/03\/saopstenje-socijaldemokrate-crne-gore\/\"]}]},{\"@type\":\"BreadcrumbList\",\"@id\":\"https:\/\/www.visit-ulcinj.com\/blog\/2016\/10\/03\/saopstenje-socijaldemokrate-crne-gore\/#breadcrumb\",\"itemListElement\":[{\"@type\":\"ListItem\",\"position\":1,\"name\":\"Saop\u0161tenje Socijaldemokrate Crne Gore\"}]},{\"@type\":\"Person\",\"@id\":\"https:\/\/www.visit-ulcinj.com\/blog\/#\/schema\/person\/dcab619c614d3038751c63bc2aadc06d\",\"name\":\"ulqini\",\"sameAs\":[\"http:\/\/www.visit-ulcinj.com\"],\"url\":\"https:\/\/www.visit-ulcinj.com\/blog\/author\/admin\/\"}]}<\/script>\n<!-- \/ Yoast SEO plugin. -->","yoast_head_json":{"title":"Saop\u0161tenje Socijaldemokrate Crne Gore - Lajme nga Ulqini","description":"Socijaldemokrate Crne Gore Ulcinj, 03.10.2016.godine &nbsp; \u00a0\u00a0\u00a0\u00a0\u00a0\u00a0\u00a0\u00a0\u00a0\u00a0\u00a0\u00a0\u00a0\u00a0\u00a0\u00a0\u00a0\u00a0\u00a0\u00a0\u00a0\u00a0\u00a0\u00a0\u00a0\u00a0\u00a0\u00a0\u00a0\u00a0\u00a0\u00a0\u00a0\u00a0\u00a0\u00a0\u00a0\u00a0\u00a0\u00a0\u00a0\u00a0\u00a0\u00a0\u00a0\u00a0 \u00a0 \u00a0\u00a0\u00a0\u00a0\u00a0\u00a0Saop\u0161tenje \u00a0 Na radost nas Ulcinjana i","robots":{"index":"index","follow":"follow","max-snippet":"max-snippet:-1","max-image-preview":"max-image-preview:large","max-video-preview":"max-video-preview:-1"},"canonical":"https:\/\/www.visit-ulcinj.com\/blog\/2016\/10\/03\/saopstenje-socijaldemokrate-crne-gore\/","og_locale":"en_US","og_type":"article","og_title":"Saop\u0161tenje Socijaldemokrate Crne Gore - Lajme nga Ulqini","og_description":"Socijaldemokrate Crne Gore Ulcinj, 03.10.2016.godine &nbsp; \u00a0\u00a0\u00a0\u00a0\u00a0\u00a0\u00a0\u00a0\u00a0\u00a0\u00a0\u00a0\u00a0\u00a0\u00a0\u00a0\u00a0\u00a0\u00a0\u00a0\u00a0\u00a0\u00a0\u00a0\u00a0\u00a0\u00a0\u00a0\u00a0\u00a0\u00a0\u00a0\u00a0\u00a0\u00a0\u00a0\u00a0\u00a0\u00a0\u00a0\u00a0\u00a0\u00a0\u00a0\u00a0\u00a0 \u00a0 \u00a0\u00a0\u00a0\u00a0\u00a0\u00a0Saop\u0161tenje \u00a0 Na radost nas Ulcinjana i","og_url":"https:\/\/www.visit-ulcinj.com\/blog\/2016\/10\/03\/saopstenje-socijaldemokrate-crne-gore\/","og_site_name":"Lajme nga Ulqini","article_published_time":"2016-10-03T15:50:54+00:00","article_modified_time":"2016-10-03T15:51:43+00:00","og_image":[{"url":"http:\/\/www.visit-ulcinj.com\/blog\/wp-content\/uploads\/2016\/09\/Socijaldemokrate-Ulcinj.jpg"}],"twitter_misc":{"Written by":"ulqini","Est. reading time":"2 minutes"},"schema":{"@context":"https:\/\/schema.org","@graph":[{"@type":"WebSite","@id":"https:\/\/www.visit-ulcinj.com\/blog\/#website","url":"https:\/\/www.visit-ulcinj.com\/blog\/","name":"Lajme nga Ulqini","description":"Lajme,Vijesti,Ulqini,Ulqin,Crna Gora,Mali i Zi","potentialAction":[{"@type":"SearchAction","target":{"@type":"EntryPoint","urlTemplate":"https:\/\/www.visit-ulcinj.com\/blog\/?s={search_term_string}"},"query-input":"required name=search_term_string"}],"inLanguage":"en-US"},{"@type":"ImageObject","inLanguage":"en-US","@id":"https:\/\/www.visit-ulcinj.com\/blog\/2016\/10\/03\/saopstenje-socijaldemokrate-crne-gore\/#primaryimage","url":"https:\/\/www.visit-ulcinj.com\/blog\/wp-content\/uploads\/2016\/09\/Socijaldemokrate-Ulcinj.jpg","contentUrl":"https:\/\/www.visit-ulcinj.com\/blog\/wp-content\/uploads\/2016\/09\/Socijaldemokrate-Ulcinj.jpg","width":652,"height":549},{"@type":"WebPage","@id":"https:\/\/www.visit-ulcinj.com\/blog\/2016\/10\/03\/saopstenje-socijaldemokrate-crne-gore\/#webpage","url":"https:\/\/www.visit-ulcinj.com\/blog\/2016\/10\/03\/saopstenje-socijaldemokrate-crne-gore\/","name":"Saop\u0161tenje Socijaldemokrate Crne Gore - Lajme nga Ulqini","isPartOf":{"@id":"https:\/\/www.visit-ulcinj.com\/blog\/#website"},"primaryImageOfPage":{"@id":"https:\/\/www.visit-ulcinj.com\/blog\/2016\/10\/03\/saopstenje-socijaldemokrate-crne-gore\/#primaryimage"},"datePublished":"2016-10-03T15:50:54+00:00","dateModified":"2016-10-03T15:51:43+00:00","author":{"@id":"https:\/\/www.visit-ulcinj.com\/blog\/#\/schema\/person\/dcab619c614d3038751c63bc2aadc06d"},"description":"Socijaldemokrate Crne Gore Ulcinj, 03.10.2016.godine &nbsp; \u00a0\u00a0\u00a0\u00a0\u00a0\u00a0\u00a0\u00a0\u00a0\u00a0\u00a0\u00a0\u00a0\u00a0\u00a0\u00a0\u00a0\u00a0\u00a0\u00a0\u00a0\u00a0\u00a0\u00a0\u00a0\u00a0\u00a0\u00a0\u00a0\u00a0\u00a0\u00a0\u00a0\u00a0\u00a0\u00a0\u00a0\u00a0\u00a0\u00a0\u00a0\u00a0\u00a0\u00a0\u00a0\u00a0 \u00a0 \u00a0\u00a0\u00a0\u00a0\u00a0\u00a0Saop\u0161tenje \u00a0 Na radost nas Ulcinjana i","breadcrumb":{"@id":"https:\/\/www.visit-ulcinj.com\/blog\/2016\/10\/03\/saopstenje-socijaldemokrate-crne-gore\/#breadcrumb"},"inLanguage":"en-US","potentialAction":[{"@type":"ReadAction","target":["https:\/\/www.visit-ulcinj.com\/blog\/2016\/10\/03\/saopstenje-socijaldemokrate-crne-gore\/"]}]},{"@type":"BreadcrumbList","@id":"https:\/\/www.visit-ulcinj.com\/blog\/2016\/10\/03\/saopstenje-socijaldemokrate-crne-gore\/#breadcrumb","itemListElement":[{"@type":"ListItem","position":1,"name":"Saop\u0161tenje Socijaldemokrate Crne Gore"}]},{"@type":"Person","@id":"https:\/\/www.visit-ulcinj.com\/blog\/#\/schema\/person\/dcab619c614d3038751c63bc2aadc06d","name":"ulqini","sameAs":["http:\/\/www.visit-ulcinj.com"],"url":"https:\/\/www.visit-ulcinj.com\/blog\/author\/admin\/"}]}},"jetpack_featured_media_url":"","jetpack_sharing_enabled":true,"jetpack_shortlink":"https:\/\/wp.me\/pe6lTn-q3j","_links":{"self":[{"href":"https:\/\/www.visit-ulcinj.com\/blog\/wp-json\/wp\/v2\/posts\/100149"}],"collection":[{"href":"https:\/\/www.visit-ulcinj.com\/blog\/wp-json\/wp\/v2\/posts"}],"about":[{"href":"https:\/\/www.visit-ulcinj.com\/blog\/wp-json\/wp\/v2\/types\/post"}],"author":[{"embeddable":true,"href":"https:\/\/www.visit-ulcinj.com\/blog\/wp-json\/wp\/v2\/users\/1"}],"replies":[{"embeddable":true,"href":"https:\/\/www.visit-ulcinj.com\/blog\/wp-json\/wp\/v2\/comments?post=100149"}],"version-history":[{"count":2,"href":"https:\/\/www.visit-ulcinj.com\/blog\/wp-json\/wp\/v2\/posts\/100149\/revisions"}],"predecessor-version":[{"id":100151,"href":"https:\/\/www.visit-ulcinj.com\/blog\/wp-json\/wp\/v2\/posts\/100149\/revisions\/100151"}],"wp:attachment":[{"href":"https:\/\/www.visit-ulcinj.com\/blog\/wp-json\/wp\/v2\/media?parent=100149"}],"wp:term":[{"taxonomy":"category","embeddable":true,"href":"https:\/\/www.visit-ulcinj.com\/blog\/wp-json\/wp\/v2\/categories?post=100149"},{"taxonomy":"post_tag","embeddable":true,"href":"https:\/\/www.visit-ulcinj.com\/blog\/wp-json\/wp\/v2\/tags?post=100149"}],"curies":[{"name":"wp","href":"https:\/\/api.w.org\/{rel}","templated":true}]}}