{"id":100152,"date":"2016-10-04T07:07:08","date_gmt":"2016-10-04T06:07:08","guid":{"rendered":"http:\/\/www.visit-ulcinj.com\/blog\/?p=100152"},"modified":"2016-10-04T07:07:08","modified_gmt":"2016-10-04T06:07:08","slug":"bajraktari-nevoja-per-ndryshim-te-thelle-ne-jeten-politike-te-vendit","status":"publish","type":"post","link":"https:\/\/www.visit-ulcinj.com\/blog\/2016\/10\/04\/bajraktari-nevoja-per-ndryshim-te-thelle-ne-jeten-politike-te-vendit\/","title":{"rendered":"Bajraktari: Nevoja p\u00ebr ndryshim t\u00eb thell\u00eb n\u00eb jet\u00ebn politike t\u00eb vendit"},"content":{"rendered":"<p><a href=\"http:\/\/www.visit-ulcinj.com\/blog\/wp-content\/uploads\/2014\/06\/Omer-Bajraktari.jpg\"><img loading=\"lazy\" class=\"alignleft wp-image-83416\" src=\"http:\/\/www.visit-ulcinj.com\/blog\/wp-content\/uploads\/2014\/06\/Omer-Bajraktari.jpg\" alt=\"Omer Bajraktari\" width=\"508\" height=\"338\" srcset=\"https:\/\/www.visit-ulcinj.com\/blog\/wp-content\/uploads\/2014\/06\/Omer-Bajraktari.jpg 1000w, https:\/\/www.visit-ulcinj.com\/blog\/wp-content\/uploads\/2014\/06\/Omer-Bajraktari-300x199.jpg 300w\" sizes=\"(max-width: 508px) 100vw, 508px\" \/><\/a>Jemi mbledhur sot k\u00ebtu q\u00eb t\u00eb flasim p\u00ebr Ulqinin ton\u00eb q\u00eb vuan tash 26 vite, por poashtu p\u00ebr Ulqinin ton\u00eb q\u00eb shpreson. Jemi mbledhur t\u00eb flasim p\u00ebr Malin e Zi sot, por edhe p\u00ebr Malin e Zi nes\u00ebr, faqe e cila fillon t\u00eb shkruhet me 16 tetor e q\u00eb do t\u00eb jet\u00eb n\u00ebn kornizat euroatlantike, raporton portali Ul.info.<\/p>\n<p>Secili individ, qytetare dhe qytetar\u00eb, k\u00ebtu n\u00eb sall\u00eb apo jasht\u00eb, ka historin\u00eb personale, identitetin e vet\u00eb, rrug\u00ebn e vet\u00eb, zgjedhjen e vet\u00eb. Por t\u00eb gjith\u00eb ne i p\u00ebrkasim nj\u00eb q\u00ebllimi: t\u00eb gjith\u00eb ne d\u00ebshirojm\u00eb nj\u00eb t\u00eb ardhme m\u00eb t\u00eb mir\u00eb.<\/p>\n<p>Shqiptar\u00ebt q\u00eb jetojn\u00eb n\u00eb Ulqin, si dhe ato q\u00eb jetojn\u00eb n\u00eb viset tjera t\u00eb Malit t\u00eb Zi, por dhe diaspora jon\u00eb, bujarisht kan\u00eb mb\u00ebshtetur pavar\u00ebsin\u00eb e Malit t\u00eb Zi dhe jan\u00eb krenar me at\u00eb veprim t\u00eb cilin e kishim p\u00ebrs\u00ebritur edhe sot.<\/p>\n<p>Por, t\u00eb nderuar qytetar\u00eb, Ulqini dhe shqiptar\u00ebt kan\u00eb nevoj\u00eb p\u00ebr hapin tjet\u00ebr t\u00eb natyrsh\u00ebm e demokratik, e ai \u00ebsht\u00eb nd\u00ebrrimi i pushtetit qendror\u00eb. Ulqini ndoshta m\u00eb shum\u00eb se asnj\u00eb komun\u00eb tjet\u00ebr ka nevoj\u00eb p\u00ebr nd\u00ebrrim t\u00eb pushtetit. P\u00ebr k\u00ebt\u00eb arsye ne edhe jemi k\u00ebtu sonte, ta nd\u00ebrrojm\u00eb fatin e k\u00ebtij vendi. Jemi t\u00eb gatsh\u00ebm t\u00eb marrim p\u00ebrgjegj\u00ebsin\u00eb e plot\u00eb p\u00ebr k\u00ebt\u00eb hap dhe jemi t\u00eb gatsh\u00ebm plot\u00ebsisht t\u2019i p\u00ebrkushtohemi interesit t\u00eb p\u00ebrgjithsh\u00ebm.<\/p>\n<p>Ulqini pik s\u2019pari ka nevoj\u00eb p\u00ebr nj\u00eb impuls t\u00eb ri dhe t\u00eb fuqish\u00ebm n\u00eb sfer\u00ebn e zhvillimit ekonomik t\u00eb bazuar n\u00eb turiz\u00ebm, bujq\u00ebsi dhe n\u00eb prodhim. Impuls q\u00eb duhet t\u00eb jet\u00eb i p\u00ebrqendruar n\u00eb rritjen e standardit t\u00eb t\u00eb gjith\u00eb qytetar\u00ebve. P\u00ebr k\u00ebt\u00eb, synimi yn\u00eb kryesor \u00ebsht\u00eb zhvillimi ekonomik dhe shtirja e resurseve tona, qoft\u00eb ata natyrore apo edhe njer\u00ebzore, n\u00eb funksionin e krijimit t\u00eb nj\u00eb ambienti jet\u00ebsor\u00eb m\u00eb t\u00eb mir\u00eb p\u00ebr secilin qytetar.<\/p>\n<p>T\u00eb nderuar qytetar\u00eb,<\/p>\n<p>T\u00eb gjith\u00eb jemi d\u00ebshmitar\u00eb q\u00eb k\u00ebtyre dit\u00ebve, n\u00eb Ulqin apo kudo tjet\u00ebr b\u00ebhen premtime t\u00eb llojllojshme, t\u00eb p\u00ebrs\u00ebritura me qindra her\u00eb dhe me p\u00ebrmasa populliste. Por, nj\u00eb problem t\u00eb madh kan\u00eb ato: kan\u00eb problem me koh\u00ebn e koha ato vazhdimisht i demanton. Nuk munden t\u00eb b\u00ebjn\u00eb premtime ato t\u00eb cil\u00ebt kan\u00eb pas gjith\u00eb koh\u00ebn e k\u00ebsaj bote q\u00eb t\u2019i realizojn\u00eb ato premtime.<\/p>\n<p>Nuk munden ato t\u00eb cil\u00ebt kan\u00eb qen\u00eb arkitekt\u00eb dhe artist\u00eb t\u00eb shkat\u00ebrrimit t\u00eb hoteleris\u00eb s\u00eb Ulqinit, t\u00eb nd\u00ebrtojn\u00eb asnj\u00eb hotel n\u00eb Ulqin.<\/p>\n<p>Nuk munden ato t\u00eb cil\u00ebt kan\u00eb shkat\u00ebrrua Kriporen, t\u00eb b\u00ebjn\u00eb rip\u00ebrtrimin e saj.<\/p>\n<p>Nuk munden ato t\u00eb cil\u00ebt e kan\u00eb pruar p\u00ebrqindjen e papun\u00ebsis\u00eb n\u00eb 25%, t\u00eb \u00e7elin vende t\u00eb reja pune. Ato munden dhe din\u00eb vet\u00ebm t\u00eb vazhdojn\u00eb k\u00ebshtu si deri tani, e ajo \u00ebsht\u00eb shitja e mashtrimeve dhe manipulimeve.<\/p>\n<p>Poashtu, edhe ato patriot\u00ebt e vet\u00ebshpallur, dita dit\u00ebs po e d\u00ebshmojn\u00eb se as nuk i prek aspak gjendja ekonomike e shqiptar\u00ebve n\u00eb Mal t\u00eb Zi. Nuk i duhen k\u00ebtij qytet k\u00ebto lloj patriot\u00ebsh, t\u00eb cil\u00ebve iu bie nd\u00ebrmend p\u00ebr problemet tona vet\u00ebm kur \u00ebsht\u00eb koha q\u00eb dikush t\u00eb b\u00ebhet deputet apo kryetar komune. Patriotizmin e tyre e keni k\u00ebto dit\u00eb n\u00eb letra apo n\u00eb planin hap\u00ebsinor, n\u00eb t\u00eb cilin \u00e7do gj\u00eb ka nd\u00ebrsa vet\u00ebm patriotiz\u00ebm p\u00ebr Ulqin nuk ka.<\/p>\n<p>Prandaj, t\u00eb nderuar qytetar\u00eb, opsione p\u00ebr t\u00eb vazhduar k\u00ebshtu keni shum\u00eb, e vet\u00ebm nj\u00eb keni p\u00ebr nd\u00ebrrime, e ai opsion jemi ne.<\/p>\n<p>&nbsp;<\/p>\n<p><strong>(Fjalimi i mbajtur n\u00eb tubimin parazgjedhor t\u00eb Koalicionit t\u00eb madh \u201c\u00c7el\u00ebsi\u201d, Ulqin, 30.09.2016)<\/strong><\/p>\n","protected":false},"excerpt":{"rendered":"<p>Jemi mbledhur sot k\u00ebtu q\u00eb t\u00eb flasim p\u00ebr Ulqinin ton\u00eb q\u00eb vuan tash 26 vite, por poashtu p\u00ebr Ulqinin ton\u00eb q\u00eb shpreson. Jemi mbledhur t\u00eb flasim p\u00ebr Malin e Zi sot, por edhe p\u00ebr Malin e Zi nes\u00ebr, faqe e cila fillon t\u00eb shkruhet me 16 tetor e q\u00eb do t\u00eb jet\u00eb n\u00ebn kornizat euroatlantike, [&hellip;]<\/p>\n","protected":false},"author":1,"featured_media":0,"comment_status":"closed","ping_status":"closed","sticky":false,"template":"","format":"standard","meta":{"spay_email":"","jetpack_publicize_message":"","jetpack_is_tweetstorm":false,"jetpack_publicize_feature_enabled":true},"categories":[11],"tags":[],"jetpack_publicize_connections":[],"yoast_head":"<!-- This site is optimized with the Yoast SEO plugin v19.1 - https:\/\/yoast.com\/wordpress\/plugins\/seo\/ -->\n<title>Bajraktari: Nevoja p\u00ebr ndryshim t\u00eb thell\u00eb n\u00eb jet\u00ebn politike t\u00eb vendit - Lajme nga Ulqini<\/title>\n<meta name=\"description\" content=\"Jemi mbledhur sot k\u00ebtu q\u00eb t\u00eb flasim p\u00ebr Ulqinin ton\u00eb q\u00eb vuan tash 26 vite, por poashtu p\u00ebr Ulqinin ton\u00eb q\u00eb shpreson. Jemi mbledhur t\u00eb flasim p\u00ebr Malin e\" \/>\n<meta name=\"robots\" content=\"index, follow, max-snippet:-1, max-image-preview:large, max-video-preview:-1\" \/>\n<link rel=\"canonical\" href=\"https:\/\/www.visit-ulcinj.com\/blog\/2016\/10\/04\/bajraktari-nevoja-per-ndryshim-te-thelle-ne-jeten-politike-te-vendit\/\" \/>\n<meta property=\"og:locale\" content=\"en_US\" \/>\n<meta property=\"og:type\" content=\"article\" \/>\n<meta property=\"og:title\" content=\"Bajraktari: Nevoja p\u00ebr ndryshim t\u00eb thell\u00eb n\u00eb jet\u00ebn politike t\u00eb vendit - Lajme nga Ulqini\" \/>\n<meta property=\"og:description\" content=\"Jemi mbledhur sot k\u00ebtu q\u00eb t\u00eb flasim p\u00ebr Ulqinin ton\u00eb q\u00eb vuan tash 26 vite, por poashtu p\u00ebr Ulqinin ton\u00eb q\u00eb shpreson. Jemi mbledhur t\u00eb flasim p\u00ebr Malin e\" \/>\n<meta property=\"og:url\" content=\"https:\/\/www.visit-ulcinj.com\/blog\/2016\/10\/04\/bajraktari-nevoja-per-ndryshim-te-thelle-ne-jeten-politike-te-vendit\/\" \/>\n<meta property=\"og:site_name\" content=\"Lajme nga Ulqini\" \/>\n<meta property=\"article:published_time\" content=\"2016-10-04T06:07:08+00:00\" \/>\n<meta property=\"og:image\" content=\"http:\/\/www.visit-ulcinj.com\/blog\/wp-content\/uploads\/2014\/06\/Omer-Bajraktari.jpg\" \/>\n<meta name=\"twitter:label1\" content=\"Written by\" \/>\n\t<meta name=\"twitter:data1\" content=\"ulqini\" \/>\n\t<meta name=\"twitter:label2\" content=\"Est. reading time\" \/>\n\t<meta name=\"twitter:data2\" content=\"3 minutes\" \/>\n<script type=\"application\/ld+json\" class=\"yoast-schema-graph\">{\"@context\":\"https:\/\/schema.org\",\"@graph\":[{\"@type\":\"WebSite\",\"@id\":\"https:\/\/www.visit-ulcinj.com\/blog\/#website\",\"url\":\"https:\/\/www.visit-ulcinj.com\/blog\/\",\"name\":\"Lajme nga Ulqini\",\"description\":\"Lajme,Vijesti,Ulqini,Ulqin,Crna Gora,Mali i Zi\",\"potentialAction\":[{\"@type\":\"SearchAction\",\"target\":{\"@type\":\"EntryPoint\",\"urlTemplate\":\"https:\/\/www.visit-ulcinj.com\/blog\/?s={search_term_string}\"},\"query-input\":\"required name=search_term_string\"}],\"inLanguage\":\"en-US\"},{\"@type\":\"ImageObject\",\"inLanguage\":\"en-US\",\"@id\":\"https:\/\/www.visit-ulcinj.com\/blog\/2016\/10\/04\/bajraktari-nevoja-per-ndryshim-te-thelle-ne-jeten-politike-te-vendit\/#primaryimage\",\"url\":\"https:\/\/www.visit-ulcinj.com\/blog\/wp-content\/uploads\/2014\/06\/Omer-Bajraktari.jpg\",\"contentUrl\":\"https:\/\/www.visit-ulcinj.com\/blog\/wp-content\/uploads\/2014\/06\/Omer-Bajraktari.jpg\",\"width\":1000,\"height\":666},{\"@type\":\"WebPage\",\"@id\":\"https:\/\/www.visit-ulcinj.com\/blog\/2016\/10\/04\/bajraktari-nevoja-per-ndryshim-te-thelle-ne-jeten-politike-te-vendit\/#webpage\",\"url\":\"https:\/\/www.visit-ulcinj.com\/blog\/2016\/10\/04\/bajraktari-nevoja-per-ndryshim-te-thelle-ne-jeten-politike-te-vendit\/\",\"name\":\"Bajraktari: Nevoja p\u00ebr ndryshim t\u00eb thell\u00eb n\u00eb jet\u00ebn politike t\u00eb vendit - Lajme nga Ulqini\",\"isPartOf\":{\"@id\":\"https:\/\/www.visit-ulcinj.com\/blog\/#website\"},\"primaryImageOfPage\":{\"@id\":\"https:\/\/www.visit-ulcinj.com\/blog\/2016\/10\/04\/bajraktari-nevoja-per-ndryshim-te-thelle-ne-jeten-politike-te-vendit\/#primaryimage\"},\"datePublished\":\"2016-10-04T06:07:08+00:00\",\"dateModified\":\"2016-10-04T06:07:08+00:00\",\"author\":{\"@id\":\"https:\/\/www.visit-ulcinj.com\/blog\/#\/schema\/person\/dcab619c614d3038751c63bc2aadc06d\"},\"description\":\"Jemi mbledhur sot k\u00ebtu q\u00eb t\u00eb flasim p\u00ebr Ulqinin ton\u00eb q\u00eb vuan tash 26 vite, por poashtu p\u00ebr Ulqinin ton\u00eb q\u00eb shpreson. Jemi mbledhur t\u00eb flasim p\u00ebr Malin e\",\"breadcrumb\":{\"@id\":\"https:\/\/www.visit-ulcinj.com\/blog\/2016\/10\/04\/bajraktari-nevoja-per-ndryshim-te-thelle-ne-jeten-politike-te-vendit\/#breadcrumb\"},\"inLanguage\":\"en-US\",\"potentialAction\":[{\"@type\":\"ReadAction\",\"target\":[\"https:\/\/www.visit-ulcinj.com\/blog\/2016\/10\/04\/bajraktari-nevoja-per-ndryshim-te-thelle-ne-jeten-politike-te-vendit\/\"]}]},{\"@type\":\"BreadcrumbList\",\"@id\":\"https:\/\/www.visit-ulcinj.com\/blog\/2016\/10\/04\/bajraktari-nevoja-per-ndryshim-te-thelle-ne-jeten-politike-te-vendit\/#breadcrumb\",\"itemListElement\":[{\"@type\":\"ListItem\",\"position\":1,\"name\":\"Bajraktari: Nevoja p\u00ebr ndryshim t\u00eb thell\u00eb n\u00eb jet\u00ebn politike t\u00eb vendit\"}]},{\"@type\":\"Person\",\"@id\":\"https:\/\/www.visit-ulcinj.com\/blog\/#\/schema\/person\/dcab619c614d3038751c63bc2aadc06d\",\"name\":\"ulqini\",\"sameAs\":[\"http:\/\/www.visit-ulcinj.com\"],\"url\":\"https:\/\/www.visit-ulcinj.com\/blog\/author\/admin\/\"}]}<\/script>\n<!-- \/ Yoast SEO plugin. -->","yoast_head_json":{"title":"Bajraktari: Nevoja p\u00ebr ndryshim t\u00eb thell\u00eb n\u00eb jet\u00ebn politike t\u00eb vendit - Lajme nga Ulqini","description":"Jemi mbledhur sot k\u00ebtu q\u00eb t\u00eb flasim p\u00ebr Ulqinin ton\u00eb q\u00eb vuan tash 26 vite, por poashtu p\u00ebr Ulqinin ton\u00eb q\u00eb shpreson. Jemi mbledhur t\u00eb flasim p\u00ebr Malin e","robots":{"index":"index","follow":"follow","max-snippet":"max-snippet:-1","max-image-preview":"max-image-preview:large","max-video-preview":"max-video-preview:-1"},"canonical":"https:\/\/www.visit-ulcinj.com\/blog\/2016\/10\/04\/bajraktari-nevoja-per-ndryshim-te-thelle-ne-jeten-politike-te-vendit\/","og_locale":"en_US","og_type":"article","og_title":"Bajraktari: Nevoja p\u00ebr ndryshim t\u00eb thell\u00eb n\u00eb jet\u00ebn politike t\u00eb vendit - Lajme nga Ulqini","og_description":"Jemi mbledhur sot k\u00ebtu q\u00eb t\u00eb flasim p\u00ebr Ulqinin ton\u00eb q\u00eb vuan tash 26 vite, por poashtu p\u00ebr Ulqinin ton\u00eb q\u00eb shpreson. Jemi mbledhur t\u00eb flasim p\u00ebr Malin e","og_url":"https:\/\/www.visit-ulcinj.com\/blog\/2016\/10\/04\/bajraktari-nevoja-per-ndryshim-te-thelle-ne-jeten-politike-te-vendit\/","og_site_name":"Lajme nga Ulqini","article_published_time":"2016-10-04T06:07:08+00:00","og_image":[{"url":"http:\/\/www.visit-ulcinj.com\/blog\/wp-content\/uploads\/2014\/06\/Omer-Bajraktari.jpg"}],"twitter_misc":{"Written by":"ulqini","Est. reading time":"3 minutes"},"schema":{"@context":"https:\/\/schema.org","@graph":[{"@type":"WebSite","@id":"https:\/\/www.visit-ulcinj.com\/blog\/#website","url":"https:\/\/www.visit-ulcinj.com\/blog\/","name":"Lajme nga Ulqini","description":"Lajme,Vijesti,Ulqini,Ulqin,Crna Gora,Mali i Zi","potentialAction":[{"@type":"SearchAction","target":{"@type":"EntryPoint","urlTemplate":"https:\/\/www.visit-ulcinj.com\/blog\/?s={search_term_string}"},"query-input":"required name=search_term_string"}],"inLanguage":"en-US"},{"@type":"ImageObject","inLanguage":"en-US","@id":"https:\/\/www.visit-ulcinj.com\/blog\/2016\/10\/04\/bajraktari-nevoja-per-ndryshim-te-thelle-ne-jeten-politike-te-vendit\/#primaryimage","url":"https:\/\/www.visit-ulcinj.com\/blog\/wp-content\/uploads\/2014\/06\/Omer-Bajraktari.jpg","contentUrl":"https:\/\/www.visit-ulcinj.com\/blog\/wp-content\/uploads\/2014\/06\/Omer-Bajraktari.jpg","width":1000,"height":666},{"@type":"WebPage","@id":"https:\/\/www.visit-ulcinj.com\/blog\/2016\/10\/04\/bajraktari-nevoja-per-ndryshim-te-thelle-ne-jeten-politike-te-vendit\/#webpage","url":"https:\/\/www.visit-ulcinj.com\/blog\/2016\/10\/04\/bajraktari-nevoja-per-ndryshim-te-thelle-ne-jeten-politike-te-vendit\/","name":"Bajraktari: Nevoja p\u00ebr ndryshim t\u00eb thell\u00eb n\u00eb jet\u00ebn politike t\u00eb vendit - Lajme nga Ulqini","isPartOf":{"@id":"https:\/\/www.visit-ulcinj.com\/blog\/#website"},"primaryImageOfPage":{"@id":"https:\/\/www.visit-ulcinj.com\/blog\/2016\/10\/04\/bajraktari-nevoja-per-ndryshim-te-thelle-ne-jeten-politike-te-vendit\/#primaryimage"},"datePublished":"2016-10-04T06:07:08+00:00","dateModified":"2016-10-04T06:07:08+00:00","author":{"@id":"https:\/\/www.visit-ulcinj.com\/blog\/#\/schema\/person\/dcab619c614d3038751c63bc2aadc06d"},"description":"Jemi mbledhur sot k\u00ebtu q\u00eb t\u00eb flasim p\u00ebr Ulqinin ton\u00eb q\u00eb vuan tash 26 vite, por poashtu p\u00ebr Ulqinin ton\u00eb q\u00eb shpreson. Jemi mbledhur t\u00eb flasim p\u00ebr Malin e","breadcrumb":{"@id":"https:\/\/www.visit-ulcinj.com\/blog\/2016\/10\/04\/bajraktari-nevoja-per-ndryshim-te-thelle-ne-jeten-politike-te-vendit\/#breadcrumb"},"inLanguage":"en-US","potentialAction":[{"@type":"ReadAction","target":["https:\/\/www.visit-ulcinj.com\/blog\/2016\/10\/04\/bajraktari-nevoja-per-ndryshim-te-thelle-ne-jeten-politike-te-vendit\/"]}]},{"@type":"BreadcrumbList","@id":"https:\/\/www.visit-ulcinj.com\/blog\/2016\/10\/04\/bajraktari-nevoja-per-ndryshim-te-thelle-ne-jeten-politike-te-vendit\/#breadcrumb","itemListElement":[{"@type":"ListItem","position":1,"name":"Bajraktari: Nevoja p\u00ebr ndryshim t\u00eb thell\u00eb n\u00eb jet\u00ebn politike t\u00eb vendit"}]},{"@type":"Person","@id":"https:\/\/www.visit-ulcinj.com\/blog\/#\/schema\/person\/dcab619c614d3038751c63bc2aadc06d","name":"ulqini","sameAs":["http:\/\/www.visit-ulcinj.com"],"url":"https:\/\/www.visit-ulcinj.com\/blog\/author\/admin\/"}]}},"jetpack_featured_media_url":"","jetpack_sharing_enabled":true,"jetpack_shortlink":"https:\/\/wp.me\/pe6lTn-q3m","_links":{"self":[{"href":"https:\/\/www.visit-ulcinj.com\/blog\/wp-json\/wp\/v2\/posts\/100152"}],"collection":[{"href":"https:\/\/www.visit-ulcinj.com\/blog\/wp-json\/wp\/v2\/posts"}],"about":[{"href":"https:\/\/www.visit-ulcinj.com\/blog\/wp-json\/wp\/v2\/types\/post"}],"author":[{"embeddable":true,"href":"https:\/\/www.visit-ulcinj.com\/blog\/wp-json\/wp\/v2\/users\/1"}],"replies":[{"embeddable":true,"href":"https:\/\/www.visit-ulcinj.com\/blog\/wp-json\/wp\/v2\/comments?post=100152"}],"version-history":[{"count":1,"href":"https:\/\/www.visit-ulcinj.com\/blog\/wp-json\/wp\/v2\/posts\/100152\/revisions"}],"predecessor-version":[{"id":100153,"href":"https:\/\/www.visit-ulcinj.com\/blog\/wp-json\/wp\/v2\/posts\/100152\/revisions\/100153"}],"wp:attachment":[{"href":"https:\/\/www.visit-ulcinj.com\/blog\/wp-json\/wp\/v2\/media?parent=100152"}],"wp:term":[{"taxonomy":"category","embeddable":true,"href":"https:\/\/www.visit-ulcinj.com\/blog\/wp-json\/wp\/v2\/categories?post=100152"},{"taxonomy":"post_tag","embeddable":true,"href":"https:\/\/www.visit-ulcinj.com\/blog\/wp-json\/wp\/v2\/tags?post=100152"}],"curies":[{"name":"wp","href":"https:\/\/api.w.org\/{rel}","templated":true}]}}