{"id":100154,"date":"2016-10-04T13:09:07","date_gmt":"2016-10-04T12:09:07","guid":{"rendered":"http:\/\/www.visit-ulcinj.com\/blog\/?p=100154"},"modified":"2016-10-04T17:45:22","modified_gmt":"2016-10-04T16:45:22","slug":"mentor-llunji-agjerimi","status":"publish","type":"post","link":"https:\/\/www.visit-ulcinj.com\/blog\/2016\/10\/04\/mentor-llunji-agjerimi\/","title":{"rendered":"Mentor Llunji: Agj\u00ebrimi"},"content":{"rendered":"<p><strong><a href=\"http:\/\/www.visit-ulcinj.com\/blog\/wp-content\/uploads\/2016\/10\/Mentor-Llunji.jpg\"><img loading=\"lazy\" class=\"alignleft wp-image-100155 size-medium\" src=\"http:\/\/www.visit-ulcinj.com\/blog\/wp-content\/uploads\/2016\/10\/Mentor-Llunji-300x300.jpg\" alt=\"Mentor Llunji\" width=\"300\" height=\"300\" srcset=\"https:\/\/www.visit-ulcinj.com\/blog\/wp-content\/uploads\/2016\/10\/Mentor-Llunji-300x300.jpg 300w, https:\/\/www.visit-ulcinj.com\/blog\/wp-content\/uploads\/2016\/10\/Mentor-Llunji-150x150.jpg 150w, https:\/\/www.visit-ulcinj.com\/blog\/wp-content\/uploads\/2016\/10\/Mentor-Llunji-768x768.jpg 768w, https:\/\/www.visit-ulcinj.com\/blog\/wp-content\/uploads\/2016\/10\/Mentor-Llunji.jpg 960w\" sizes=\"(max-width: 300px) 100vw, 300px\" \/><\/a><\/strong><\/p>\n<h6><strong>\u00a0<\/strong><\/h6>\n<p style=\"text-align: center;\"><strong>AGJERIMI<\/strong><\/p>\n<p>&nbsp;<\/p>\n<p><strong>Mentor Llunji<\/strong><\/p>\n<p>Agjerimi si akt filozofik, shpirt\u00ebror dhe fetar, si p\u00ebrgjigje p\u00ebr ngopje t\u00eb t\u00eb gjitha lloj\u00ebve, \u00ebsht\u00eb \u00a0nj\u00eb akt \u00a0reflektimi mbi vehten dhe veset. Mbi t\u00eb gjitha, \u00ebsht\u00eb nj\u00eb akt abstenimi dhe \u00a0pastrimi.<\/p>\n<p>&nbsp;<\/p>\n<p>Pik\u00ebrisht kjo i duhet politik\u00ebs se shqiptar\u00ebve n\u00eb Mal t\u00eb Zi. Abstenim dhe pastrim. Kjo i duhet n\u00eb rend t\u00eb par\u00eb votuesit, q\u00eb tashm\u00eb \u00ebsht\u00eb i ngopur dhe bile i dehur. Votuesit t\u00eb lodhur shqiptar\u00a0 i duhet urgjentisht nj\u00eb agjerim nga politika e lodhur shqiptare. Politik\u00eb e cila tash 25 vite tund flamurin dhe i bie \u00e7iftelis\u00eb si adutin e vet\u00ebm politik, dhe megjithat\u00eb nga flamuri\u00a0 kemi ende vet\u00ebm shkopin. Te vijm\u00eb deri te peca kuqe dhe shqiponja, me k\u00ebt\u00eb tempo, do duhet edhe shum\u00eb koh\u00eb.<\/p>\n<p>&nbsp;<\/p>\n<p>Votuesit i duhet abstenim nga politika q\u00eb premton &#8220;zhvillim-in, bashkim-in, pun\u00ebsim-in&#8221; dhe t\u00eb gjith\u00eb in-nat tjer\u00eb. Politik\u00eb e cila p\u00ebr pak dit\u00eb\u00a0 t\u00eb \u00e7on n\u00eb qiell dhe pas zgjedhjeve t\u00eb gjuan n\u00eb Port Milen. I duhet si akt pastrimi dhe distancimi. Si akt kunder ofendimi me t\u00eb njejtat skema dhe premtime t\u00eb pa-ricikluara tash dy dekada e gjys\u00ebm.<\/p>\n<p>&nbsp;<\/p>\n<p>Agjerim do t\u00eb thot\u00eb edhe t\u00eb p\u00ebrmbahesh. T\u00eb p\u00ebrmbahesh nga politika pa p\u00ebrmbajtje.Pa ide dhe ofert\u00eb. Do t\u00eb thot\u00eb t\u00eb jap\u00ebsh nj\u00eb p\u00ebrgjigje politike, politik\u00ebs q\u00eb ska p\u00ebrgjigje n\u00eb asnje problem ky\u00e7. \u00cbsht\u00eb akt vet\u00ebdije ndaj munges\u00ebs s\u00eb vet\u00ebdijes politike kundrejt m\u00ebrgimit, asimilimit, pazhvillimit. Fatkeq\u00ebsisht, \u00ebsht\u00eb strategji e vetme e mbetur p\u00ebr t\u00eb sh\u00ebruar dhe ringjallur politik\u00ebn e rr\u00ebnuar shqiptare.<\/p>\n<p>&nbsp;<\/p>\n<p>Agjerimi si mjet mbrojt\u00ebs kunder uris\u00eb dhe ngopjes i duhet votuesit shqiptar i cili \u00ebsht\u00eb i ngopur por i pa ngim..\u00cbsht\u00eb i dehur por i\u00a0 pa pim.<\/p>\n<p>I st\u00ebrngopur me Jadran, Galeb, Valdanos, Krypore, Plazh te Madh, Komune t\u00eb Tuzit, t\u00eb Mirat Detare dhe \u00e7ka mos&#8230; Por i pa ngim me po t\u00eb nj\u00ebjtat dhe i dehur nga po t\u00eb nj\u00ebjtat.<\/p>\n<p>&nbsp;<\/p>\n<p>Koalicionet shqiptare n\u00eb munges\u00eb t\u00eb ides\u00eb s\u00eb qart\u00eb politike, jan\u00eb l\u00ebshuar n\u00eb k\u00ebto zgjedhje \u00a0&#8220;m\u00eb nj\u00eb q\u00ebllim dhe t\u00eb vendosur&#8221; q\u00eb s\u00ebrisht ti mb\u00ebshteten Qeveris\u00eb s\u00eb ardhshme, pa \u00e7ka se e nj\u00ebjta mbi dy dekada ia refuzon Ulqinit \u00e7do zhvillim. Ia refuzon duke mbajtur n\u00eb krah nj\u00ebr\u00ebn apo tjetr\u00ebn parti shqiptare. Dhe n\u00eb vend q\u00eb kampanja zgjedhore t\u00eb filloj me k\u00ebrkim-falje p\u00ebr t\u00eb gjitha t\u00eb pa-b\u00ebrat,..p\u00ebr migrimin, pa zhvillimin, izolimin, pa-investimin dhe \u00a0mos-inkuadrimin, ato ende vazhdojn aty ku kan filluar 25 vite m\u00eb par\u00eb.. Ende luhet letra e votimit shqip, duke\u00a0 menduar q\u00eb kaq mjafton&#8230;K\u00ebshtu veprohet tash dy dekada e gjys\u00ebm, pa i shtuar ofert\u00ebs politike edhe nj\u00eb presje, pa llogaridh\u00ebnje dhe pa b\u00ebr\u00eb ndonj\u00ebher\u00eb bilancin e mossuksesit t\u00eb vet. Vota e garantuar shqiptare e ka krijuar vet k\u00ebt\u00eb klas\u00eb politike. Komode p\u00ebr t\u00eb paarriturat dhe dor\u00ebl\u00ebshuar n\u00eb premtime. P\u00ebr at\u00eb, nga p\u00ebrgjumja e nj\u00eb \u00e7erek shekulli partit shqiptare nuk do t\u00eb zgjohen duke i shp\u00ebrblyer ato edhe nj\u00eb her\u00eb p\u00ebr pun\u00ebn e pa-b\u00ebr\u00eb. K\u00ebt\u00eb radh\u00eb, nga kjo p\u00ebrgjumje mund ti zgjoj\u00eb jo &#8216;zhurma&#8217;, por vetem &#8216;heshtja&#8217; e votuesit.<\/p>\n","protected":false},"excerpt":{"rendered":"<p>\u00a0 AGJERIMI &nbsp; Mentor Llunji Agjerimi si akt filozofik, shpirt\u00ebror dhe fetar, si p\u00ebrgjigje p\u00ebr ngopje t\u00eb t\u00eb gjitha lloj\u00ebve, \u00ebsht\u00eb \u00a0nj\u00eb akt \u00a0reflektimi mbi vehten dhe veset. Mbi t\u00eb gjitha, \u00ebsht\u00eb nj\u00eb akt abstenimi dhe \u00a0pastrimi. &nbsp; Pik\u00ebrisht kjo i duhet politik\u00ebs se shqiptar\u00ebve n\u00eb Mal t\u00eb Zi. Abstenim dhe pastrim. Kjo i duhet [&hellip;]<\/p>\n","protected":false},"author":1,"featured_media":0,"comment_status":"closed","ping_status":"closed","sticky":false,"template":"","format":"standard","meta":{"spay_email":"","jetpack_publicize_message":"","jetpack_is_tweetstorm":false,"jetpack_publicize_feature_enabled":true},"categories":[1,14249],"tags":[],"jetpack_publicize_connections":[],"yoast_head":"<!-- This site is optimized with the Yoast SEO plugin v19.1 - https:\/\/yoast.com\/wordpress\/plugins\/seo\/ -->\n<title>Mentor Llunji: Agj\u00ebrimi - Lajme nga Ulqini<\/title>\n<meta name=\"description\" content=\"\u00a0 AGJERIMI &nbsp; Mentor Llunji Agjerimi si akt filozofik, shpirt\u00ebror dhe fetar, si p\u00ebrgjigje p\u00ebr ngopje t\u00eb t\u00eb gjitha lloj\u00ebve, \u00ebsht\u00eb \u00a0nj\u00eb akt \u00a0reflektimi\" \/>\n<meta name=\"robots\" content=\"index, follow, max-snippet:-1, max-image-preview:large, max-video-preview:-1\" \/>\n<link rel=\"canonical\" href=\"https:\/\/www.visit-ulcinj.com\/blog\/2016\/10\/04\/mentor-llunji-agjerimi\/\" \/>\n<meta property=\"og:locale\" content=\"en_US\" \/>\n<meta property=\"og:type\" content=\"article\" \/>\n<meta property=\"og:title\" content=\"Mentor Llunji: Agj\u00ebrimi - Lajme nga Ulqini\" \/>\n<meta property=\"og:description\" content=\"\u00a0 AGJERIMI &nbsp; Mentor Llunji Agjerimi si akt filozofik, shpirt\u00ebror dhe fetar, si p\u00ebrgjigje p\u00ebr ngopje t\u00eb t\u00eb gjitha lloj\u00ebve, \u00ebsht\u00eb \u00a0nj\u00eb akt \u00a0reflektimi\" \/>\n<meta property=\"og:url\" content=\"https:\/\/www.visit-ulcinj.com\/blog\/2016\/10\/04\/mentor-llunji-agjerimi\/\" \/>\n<meta property=\"og:site_name\" content=\"Lajme nga Ulqini\" \/>\n<meta property=\"article:published_time\" content=\"2016-10-04T12:09:07+00:00\" \/>\n<meta property=\"article:modified_time\" content=\"2016-10-04T16:45:22+00:00\" \/>\n<meta property=\"og:image\" content=\"http:\/\/www.visit-ulcinj.com\/blog\/wp-content\/uploads\/2016\/10\/Mentor-Llunji-300x300.jpg\" \/>\n<meta name=\"twitter:label1\" content=\"Written by\" \/>\n\t<meta name=\"twitter:data1\" content=\"ulqini\" \/>\n\t<meta name=\"twitter:label2\" content=\"Est. reading time\" \/>\n\t<meta name=\"twitter:data2\" content=\"3 minutes\" \/>\n<script type=\"application\/ld+json\" class=\"yoast-schema-graph\">{\"@context\":\"https:\/\/schema.org\",\"@graph\":[{\"@type\":\"WebSite\",\"@id\":\"https:\/\/www.visit-ulcinj.com\/blog\/#website\",\"url\":\"https:\/\/www.visit-ulcinj.com\/blog\/\",\"name\":\"Lajme nga Ulqini\",\"description\":\"Lajme,Vijesti,Ulqini,Ulqin,Crna Gora,Mali i Zi\",\"potentialAction\":[{\"@type\":\"SearchAction\",\"target\":{\"@type\":\"EntryPoint\",\"urlTemplate\":\"https:\/\/www.visit-ulcinj.com\/blog\/?s={search_term_string}\"},\"query-input\":\"required name=search_term_string\"}],\"inLanguage\":\"en-US\"},{\"@type\":\"ImageObject\",\"inLanguage\":\"en-US\",\"@id\":\"https:\/\/www.visit-ulcinj.com\/blog\/2016\/10\/04\/mentor-llunji-agjerimi\/#primaryimage\",\"url\":\"https:\/\/www.visit-ulcinj.com\/blog\/wp-content\/uploads\/2016\/10\/Mentor-Llunji.jpg\",\"contentUrl\":\"https:\/\/www.visit-ulcinj.com\/blog\/wp-content\/uploads\/2016\/10\/Mentor-Llunji.jpg\",\"width\":960,\"height\":960},{\"@type\":\"WebPage\",\"@id\":\"https:\/\/www.visit-ulcinj.com\/blog\/2016\/10\/04\/mentor-llunji-agjerimi\/#webpage\",\"url\":\"https:\/\/www.visit-ulcinj.com\/blog\/2016\/10\/04\/mentor-llunji-agjerimi\/\",\"name\":\"Mentor Llunji: Agj\u00ebrimi - Lajme nga Ulqini\",\"isPartOf\":{\"@id\":\"https:\/\/www.visit-ulcinj.com\/blog\/#website\"},\"primaryImageOfPage\":{\"@id\":\"https:\/\/www.visit-ulcinj.com\/blog\/2016\/10\/04\/mentor-llunji-agjerimi\/#primaryimage\"},\"datePublished\":\"2016-10-04T12:09:07+00:00\",\"dateModified\":\"2016-10-04T16:45:22+00:00\",\"author\":{\"@id\":\"https:\/\/www.visit-ulcinj.com\/blog\/#\/schema\/person\/dcab619c614d3038751c63bc2aadc06d\"},\"description\":\"\u00a0 AGJERIMI &nbsp; Mentor Llunji Agjerimi si akt filozofik, shpirt\u00ebror dhe fetar, si p\u00ebrgjigje p\u00ebr ngopje t\u00eb t\u00eb gjitha lloj\u00ebve, \u00ebsht\u00eb \u00a0nj\u00eb akt \u00a0reflektimi\",\"breadcrumb\":{\"@id\":\"https:\/\/www.visit-ulcinj.com\/blog\/2016\/10\/04\/mentor-llunji-agjerimi\/#breadcrumb\"},\"inLanguage\":\"en-US\",\"potentialAction\":[{\"@type\":\"ReadAction\",\"target\":[\"https:\/\/www.visit-ulcinj.com\/blog\/2016\/10\/04\/mentor-llunji-agjerimi\/\"]}]},{\"@type\":\"BreadcrumbList\",\"@id\":\"https:\/\/www.visit-ulcinj.com\/blog\/2016\/10\/04\/mentor-llunji-agjerimi\/#breadcrumb\",\"itemListElement\":[{\"@type\":\"ListItem\",\"position\":1,\"name\":\"Mentor Llunji: Agj\u00ebrimi\"}]},{\"@type\":\"Person\",\"@id\":\"https:\/\/www.visit-ulcinj.com\/blog\/#\/schema\/person\/dcab619c614d3038751c63bc2aadc06d\",\"name\":\"ulqini\",\"sameAs\":[\"http:\/\/www.visit-ulcinj.com\"],\"url\":\"https:\/\/www.visit-ulcinj.com\/blog\/author\/admin\/\"}]}<\/script>\n<!-- \/ Yoast SEO plugin. -->","yoast_head_json":{"title":"Mentor Llunji: Agj\u00ebrimi - Lajme nga Ulqini","description":"\u00a0 AGJERIMI &nbsp; Mentor Llunji Agjerimi si akt filozofik, shpirt\u00ebror dhe fetar, si p\u00ebrgjigje p\u00ebr ngopje t\u00eb t\u00eb gjitha lloj\u00ebve, \u00ebsht\u00eb \u00a0nj\u00eb akt \u00a0reflektimi","robots":{"index":"index","follow":"follow","max-snippet":"max-snippet:-1","max-image-preview":"max-image-preview:large","max-video-preview":"max-video-preview:-1"},"canonical":"https:\/\/www.visit-ulcinj.com\/blog\/2016\/10\/04\/mentor-llunji-agjerimi\/","og_locale":"en_US","og_type":"article","og_title":"Mentor Llunji: Agj\u00ebrimi - Lajme nga Ulqini","og_description":"\u00a0 AGJERIMI &nbsp; Mentor Llunji Agjerimi si akt filozofik, shpirt\u00ebror dhe fetar, si p\u00ebrgjigje p\u00ebr ngopje t\u00eb t\u00eb gjitha lloj\u00ebve, \u00ebsht\u00eb \u00a0nj\u00eb akt \u00a0reflektimi","og_url":"https:\/\/www.visit-ulcinj.com\/blog\/2016\/10\/04\/mentor-llunji-agjerimi\/","og_site_name":"Lajme nga Ulqini","article_published_time":"2016-10-04T12:09:07+00:00","article_modified_time":"2016-10-04T16:45:22+00:00","og_image":[{"url":"http:\/\/www.visit-ulcinj.com\/blog\/wp-content\/uploads\/2016\/10\/Mentor-Llunji-300x300.jpg"}],"twitter_misc":{"Written by":"ulqini","Est. reading time":"3 minutes"},"schema":{"@context":"https:\/\/schema.org","@graph":[{"@type":"WebSite","@id":"https:\/\/www.visit-ulcinj.com\/blog\/#website","url":"https:\/\/www.visit-ulcinj.com\/blog\/","name":"Lajme nga Ulqini","description":"Lajme,Vijesti,Ulqini,Ulqin,Crna Gora,Mali i Zi","potentialAction":[{"@type":"SearchAction","target":{"@type":"EntryPoint","urlTemplate":"https:\/\/www.visit-ulcinj.com\/blog\/?s={search_term_string}"},"query-input":"required name=search_term_string"}],"inLanguage":"en-US"},{"@type":"ImageObject","inLanguage":"en-US","@id":"https:\/\/www.visit-ulcinj.com\/blog\/2016\/10\/04\/mentor-llunji-agjerimi\/#primaryimage","url":"https:\/\/www.visit-ulcinj.com\/blog\/wp-content\/uploads\/2016\/10\/Mentor-Llunji.jpg","contentUrl":"https:\/\/www.visit-ulcinj.com\/blog\/wp-content\/uploads\/2016\/10\/Mentor-Llunji.jpg","width":960,"height":960},{"@type":"WebPage","@id":"https:\/\/www.visit-ulcinj.com\/blog\/2016\/10\/04\/mentor-llunji-agjerimi\/#webpage","url":"https:\/\/www.visit-ulcinj.com\/blog\/2016\/10\/04\/mentor-llunji-agjerimi\/","name":"Mentor Llunji: Agj\u00ebrimi - Lajme nga Ulqini","isPartOf":{"@id":"https:\/\/www.visit-ulcinj.com\/blog\/#website"},"primaryImageOfPage":{"@id":"https:\/\/www.visit-ulcinj.com\/blog\/2016\/10\/04\/mentor-llunji-agjerimi\/#primaryimage"},"datePublished":"2016-10-04T12:09:07+00:00","dateModified":"2016-10-04T16:45:22+00:00","author":{"@id":"https:\/\/www.visit-ulcinj.com\/blog\/#\/schema\/person\/dcab619c614d3038751c63bc2aadc06d"},"description":"\u00a0 AGJERIMI &nbsp; Mentor Llunji Agjerimi si akt filozofik, shpirt\u00ebror dhe fetar, si p\u00ebrgjigje p\u00ebr ngopje t\u00eb t\u00eb gjitha lloj\u00ebve, \u00ebsht\u00eb \u00a0nj\u00eb akt \u00a0reflektimi","breadcrumb":{"@id":"https:\/\/www.visit-ulcinj.com\/blog\/2016\/10\/04\/mentor-llunji-agjerimi\/#breadcrumb"},"inLanguage":"en-US","potentialAction":[{"@type":"ReadAction","target":["https:\/\/www.visit-ulcinj.com\/blog\/2016\/10\/04\/mentor-llunji-agjerimi\/"]}]},{"@type":"BreadcrumbList","@id":"https:\/\/www.visit-ulcinj.com\/blog\/2016\/10\/04\/mentor-llunji-agjerimi\/#breadcrumb","itemListElement":[{"@type":"ListItem","position":1,"name":"Mentor Llunji: Agj\u00ebrimi"}]},{"@type":"Person","@id":"https:\/\/www.visit-ulcinj.com\/blog\/#\/schema\/person\/dcab619c614d3038751c63bc2aadc06d","name":"ulqini","sameAs":["http:\/\/www.visit-ulcinj.com"],"url":"https:\/\/www.visit-ulcinj.com\/blog\/author\/admin\/"}]}},"jetpack_featured_media_url":"","jetpack_sharing_enabled":true,"jetpack_shortlink":"https:\/\/wp.me\/pe6lTn-q3o","_links":{"self":[{"href":"https:\/\/www.visit-ulcinj.com\/blog\/wp-json\/wp\/v2\/posts\/100154"}],"collection":[{"href":"https:\/\/www.visit-ulcinj.com\/blog\/wp-json\/wp\/v2\/posts"}],"about":[{"href":"https:\/\/www.visit-ulcinj.com\/blog\/wp-json\/wp\/v2\/types\/post"}],"author":[{"embeddable":true,"href":"https:\/\/www.visit-ulcinj.com\/blog\/wp-json\/wp\/v2\/users\/1"}],"replies":[{"embeddable":true,"href":"https:\/\/www.visit-ulcinj.com\/blog\/wp-json\/wp\/v2\/comments?post=100154"}],"version-history":[{"count":2,"href":"https:\/\/www.visit-ulcinj.com\/blog\/wp-json\/wp\/v2\/posts\/100154\/revisions"}],"predecessor-version":[{"id":100160,"href":"https:\/\/www.visit-ulcinj.com\/blog\/wp-json\/wp\/v2\/posts\/100154\/revisions\/100160"}],"wp:attachment":[{"href":"https:\/\/www.visit-ulcinj.com\/blog\/wp-json\/wp\/v2\/media?parent=100154"}],"wp:term":[{"taxonomy":"category","embeddable":true,"href":"https:\/\/www.visit-ulcinj.com\/blog\/wp-json\/wp\/v2\/categories?post=100154"},{"taxonomy":"post_tag","embeddable":true,"href":"https:\/\/www.visit-ulcinj.com\/blog\/wp-json\/wp\/v2\/tags?post=100154"}],"curies":[{"name":"wp","href":"https:\/\/api.w.org\/{rel}","templated":true}]}}