{"id":100157,"date":"2016-10-04T13:37:49","date_gmt":"2016-10-04T12:37:49","guid":{"rendered":"http:\/\/www.visit-ulcinj.com\/blog\/?p=100157"},"modified":"2016-10-04T13:37:49","modified_gmt":"2016-10-04T12:37:49","slug":"konferenca-e-tivarit-dhe-islami-tony-blair-ne-kosove","status":"publish","type":"post","link":"https:\/\/www.visit-ulcinj.com\/blog\/2016\/10\/04\/konferenca-e-tivarit-dhe-islami-tony-blair-ne-kosove\/","title":{"rendered":"Konferenca e Tivarit dhe Islami i Tony Blair-it n\u00eb Kosov\u00eb"},"content":{"rendered":"<p><a href=\"http:\/\/www.visit-ulcinj.com\/blog\/wp-content\/uploads\/2016\/10\/Konferenca-e-Tivarit-dhe-Islami-i-Tony-Blair-it-n\u00eb-Kosov\u00eb-.jpg\"><img loading=\"lazy\" class=\"alignleft wp-image-100158\" src=\"http:\/\/www.visit-ulcinj.com\/blog\/wp-content\/uploads\/2016\/10\/Konferenca-e-Tivarit-dhe-Islami-i-Tony-Blair-it-n\u00eb-Kosov\u00eb-.jpg\" alt=\"Konferenca e Tivarit dhe Islami i Tony Blair-it n\u00eb Kosov\u00eb-\" width=\"508\" height=\"286\" srcset=\"https:\/\/www.visit-ulcinj.com\/blog\/wp-content\/uploads\/2016\/10\/Konferenca-e-Tivarit-dhe-Islami-i-Tony-Blair-it-n\u00eb-Kosov\u00eb-.jpg 960w, https:\/\/www.visit-ulcinj.com\/blog\/wp-content\/uploads\/2016\/10\/Konferenca-e-Tivarit-dhe-Islami-i-Tony-Blair-it-n\u00eb-Kosov\u00eb--300x169.jpg 300w, https:\/\/www.visit-ulcinj.com\/blog\/wp-content\/uploads\/2016\/10\/Konferenca-e-Tivarit-dhe-Islami-i-Tony-Blair-it-n\u00eb-Kosov\u00eb--768x432.jpg 768w\" sizes=\"(max-width: 508px) 100vw, 508px\" \/><\/a>Olsi Jazexhi<\/p>\n<p>N\u00eb dat\u00ebn 1-2 tetor, Instituti Nd\u00ebrkomb\u00ebtar i Mendimit dhe Qytet\u00ebrimit Islam (IIIT), AIITC nga Tirana dhe disa organizata t\u00eb tjera nga Mali i Zi dhe Bosnja organizuan n\u00eb Tivar t\u00eb Malit t\u00eb Zi konferenc\u00ebn me titull \u201cEdukimi Islam mes shqiptar\u00ebsh: Sfidat dhe perspektivat\u201d. N\u00eb k\u00ebt\u00eb konferenc\u00eb un\u00eb mora pjes\u00eb si d\u00ebgjues. T\u00eb ftuarit ishin p\u00ebrgjith\u00ebsisht hoxhallar\u00eb, m\u00ebsues medresesh\u00eb dhe pedagog\u00eb l\u00ebnd\u00ebsh fetare nga Shqip\u00ebria, Kosova, Maqedonia, Mali i Zi dhe Serbia. Temat q\u00eb u trajtuan varionin q\u00eb nga dijet islame, Islami n\u00eb shkollat publike, institucionet m\u00ebsimdh\u00ebn\u00ebse islame (dmth medreset\u00eb dhe fakultetet islame) dhe \u00e7\u00ebshtje e kurrikulave m\u00ebsimore islame.<\/p>\n<p>Temat q\u00eb u prezantuan ishin p\u00ebrgjith\u00ebsisht t\u00eb thjeshta. Prezantuesit tregonin psh. se \u00e7far\u00eb \u00ebsht\u00eb vak\u00ebfi, \u00e7far\u00eb \u00ebsht\u00eb medreseja X, roli i medreses\u00eb Y dhe n\u00ebse n\u00eb vendin K, M apo S jepet m\u00ebsim besimi n\u00ebp\u00ebr shkolla apo jo. Gjat\u00eb k\u00ebtyre prezantimesh gj\u00ebja q\u00eb t\u00eb binte n\u00eb sy ishte gjendja e d\u00ebshp\u00ebruar e hoxhallar\u00ebve n\u00eb Shqip\u00ebri dhe Kosov\u00eb n\u00eb lidhje me \u00e7\u00ebshtjen e edukimit islam n\u00eb shkollat publike. P\u00ebrndryshe nga Serbia dhe Maqedonia, ku shqiptar\u00ebt musliman\u00eb kan\u00eb t\u00eb drejta fetare dhe fen\u00eb ua m\u00ebsojn\u00eb f\u00ebmij\u00ebve n\u00ebp\u00ebrmjet arsimit publik (n\u00eb Maqedoni ajo tanim\u00eb quhej etika e religjioneve), n\u00eb dy shtetet shqiptare \u2013 Shqip\u00ebri dhe Kosov\u00eb \u2013 militantizmi laik-katolik i p\u00ebrjashton shqiptar\u00ebt musliman\u00eb nga e drejta e tyre bazike q\u00eb \u00ebsht\u00eb m\u00ebsimi i fes\u00eb n\u00eb shkollat shtet\u00ebrore.<\/p>\n<p>N\u00eb nj\u00eb nga k\u00ebto sesione kur po d\u00ebgjoja prezantuesit nga Maqedonia dhe Serbia, dhe keqardhjen e kosovar\u00ebve q\u00eb nuk i lejonin t\u00eb m\u00ebsonin fen\u00eb e tyre n\u00eb shtetin e tyre, un\u00eb b\u00ebra nj\u00eb nd\u00ebrhyrje, duke u v\u00ebn\u00eb n\u00eb pah miqve t\u00eb mi kosovar\u00eb faktin q\u00eb shqiptar\u00ebt kan\u00eb m\u00eb shum\u00eb t\u00eb drejta fetare n\u00eb Serbi sesa n\u00eb Kosov\u00eb dhe Shqip\u00ebri. Fajtor p\u00ebr k\u00ebt\u00eb theksova un\u00eb, \u00ebsht\u00eb natyra anti-islamike e nacionalizmit shqiptar dhe vura n\u00eb pah q\u00eb n\u00eb viset ku ka penetruar m\u00eb shum\u00eb nacionalizmi dhe modernizmi shqiptar n\u00eb ish-Jugosllavi \u2013 qytete sikur Gjakova, Dibra etj, niveli i de-islamizimit ka qen\u00eb m\u00eb i madh. Miqt\u00eb e mi kosovar\u00eb, m\u2019u hodh\u00ebn n\u00eb fyt p\u00ebr k\u00ebt\u00eb konstatim, pasi si\u00e7 dihet, kosovar\u00ebve n\u00ebse u kritikon fen\u00eb dhe Zotin nuk e kan\u00eb shum\u00eb problem, por po u preke kombin \u201cs\u2019e ke kollaj valla\u201d. Hoxhallar\u00ebt kosovar\u00eb kur Dom Lush Gjergji dhe Shan Zefi ua shan Allahun dhe profetin z\u00ebri u ndihet pak dhe m\u00eb shum\u00eb rrin\u00eb urt\u00eb \u2013 por kur ndonj\u00eb hoxh\u00eb sikur Irfan Salihu ua prek mitet komb\u00ebtare dhe thot\u00eb q\u00eb Kosov\u00ebn e shqiptarizuan turqit, ata b\u00ebhen m\u00eb intolerant\u00eb sesa ISIS-i, e heqin nga puna dhe e denoncojn\u00eb si armik. Sulmeve q\u00eb m\u00eb b\u00ebn\u00eb si anti-nacionalist me teza t\u00eb \u00e7uditshme, un\u00eb iu p\u00ebrgjigja si historian profesionist q\u00eb jam, duke u th\u00ebn\u00eb q\u00eb t\u00eb mos ken\u00eb frik\u00eb nga e v\u00ebrteta dhe t\u00eb pranojn\u00eb faktet shkencore dhe historike dhe q\u00eb nacionalizmi anti-islamik shqiptar i krijuar nga Per\u00ebndimi \u00ebsht\u00eb problemi kryesor me shqiptar\u00ebt sot, dhe se krimet q\u00eb qeverit\u00eb shqiptare q\u00eb nga Enver Hoxha e deri t\u00eb Enver Hoxhaj dhe Hashim Tha\u00e7i kan\u00eb b\u00ebr\u00eb kund\u00ebr Islamit institucional, nuk ua kan\u00eb b\u00ebr\u00eb as serb\u00ebt dot shqiptar\u00ebve.<\/p>\n<p>Si p\u00ebr t\u00eb ilustruar k\u00ebt\u00eb fakt, dikush mjaftonte t\u00eb d\u00ebgjonte n\u00eb k\u00ebt\u00eb konferenc\u00eb prezantimin e Ajni Sinanit me titull \u201cRregullimi i gjyqeve t\u00eb sheriatit dhe e drejta e sheriatit\u201d n\u00eb Kosov\u00eb p\u00ebr t\u00eb kuptuar toleranc\u00ebn q\u00eb Jugosllavia ka patur ndaj Islamit n\u00eb krahasim me Shqip\u00ebrin\u00eb. Edhe pse Ajni Sinani e sulmoi si nacionalist ish-Jugosllavin\u00eb si shtet jo-natyral p\u00ebr kosovar\u00ebt dhe d\u00ebnoi faktin q\u00eb Bashk\u00ebsia Islame e Kosov\u00ebs ka qen\u00eb n\u00ebn Bashk\u00ebsin\u00eb Islame t\u00eb Serbis\u00eb (thua se Islami t\u00eb jet\u00eb fe nacionaliste), faktet q\u00eb ai prezantoi flisnin t\u00eb kund\u00ebrt\u00ebn. Nga viti 1918 deri n\u00eb 1946 Jugosllavia i njohu dhe respektoi gjyqet e sheriatit n\u00eb Kosov\u00eb, e njohu t\u00eb drejt\u00ebn islame, dhe me Ligjin e vitit 1929 u njohu kosovar\u00ebve t\u00eb nj\u00ebjtat t\u00eb drejta q\u00eb u kishte njohur edhe boshnjak\u00ebve, pra t\u00eb administrimit t\u00eb jet\u00ebs s\u00eb tyre sipas Kuranit dhe synetit t\u00eb profetit Muhamed. Ajniu nuk p\u00ebrmendi n\u00eb k\u00ebt\u00eb prezantim q\u00eb nj\u00eb vit m\u00eb par\u00eb, pra n\u00eb 1928 shteti laik i Ahmet Zogut n\u00eb Tiran\u00eb i dha fund nj\u00ebher\u00eb e mir\u00eb sheriatit n\u00eb mesin e shqiptar\u00ebve, dhe kur kryemufti Vehbi Dibra protestoi p\u00ebr k\u00ebt\u00eb sulm shtet\u00ebror kund\u00ebr Islamit, Mehdi Frash\u00ebri e k\u00ebrc\u00ebnoi hapur n\u00eb gazet\u00ebn Koha duke i th\u00ebn\u00eb q\u00eb ose do pranosh heqjen e sheriatit, mbylljen e medreseve dhe shum\u00eb xhamive, ose do t\u00eb b\u00ebjm\u00eb ne ta pranosh me s\u00ebpat\u00eb dhe shpat\u00eb. Prezantimi i Ajni Sinanit mbaronte me ish-Jugosllavin\u00eb dhe nuk merrej me Kosov\u00ebn e pas-luft\u00ebs, ku si\u00e7 edhe un\u00eb theksova n\u00eb komentet e mia, shteti kosovar me n\u00eb krye ministrin e saj t\u00eb jasht\u00ebm Enver Hoxhaj i ka deklaruar bot\u00ebrisht luft\u00ebn ideologjike dhe politike q\u00eb regjimi NATO-ist i Prishtin\u00ebs i b\u00ebn Islamit.<\/p>\n<p>N\u00eb intervist\u00ebn q\u00eb Enver Hoxhaj i dha gazetares islamofobe Arbana Xharra n\u00eb portalin Zeri.info n\u00eb 3 janar 2014 me titull \u201cHoxhaj: S\u2019na duhet islami i importuar\u201d, Hoxhaj i ka shpallur qart\u00eb dhe shqeto planet q\u00eb udh\u00ebheq\u00ebsia kosovare ka kund\u00ebr Islamit sot. Hoxhaj deklaronte qart\u00eb n\u00eb k\u00ebt\u00eb intervist\u00eb kur pyetej p\u00ebr Islamin dhe lidhjen me bot\u00ebn Islame q\u00eb:<\/p>\n<p>\u201cKosova dhe qytetar\u00ebt e saj n\u00eb kuptimin e historis\u00eb, gjeografis\u00eb, n\u00eb kuptimin e kultur\u00ebs ne jemi evropian\u00eb dhe agjenda jon\u00eb evropiane \u00ebsht\u00eb rikthim n\u00eb Evrop\u00eb.\u201d<\/p>\n<p>Dhe kur pyetej p\u00ebr prezenc\u00ebn e OJQ-v\u00eb Islame n\u00eb Kosov\u00eb, Hoxhaj tregonte q\u00eb qeveria e tij s\u00ebbashku me pranin\u00eb nd\u00ebrkomb\u00ebtare apo m\u00eb sakt\u00eb organizatat per\u00ebndimore po kryejn\u00eb nj\u00eb inxhinieri sociale apo m\u00eb sakt\u00eb kryq\u00ebzat\u00eb kulturore apo nj\u00eb \u201ckulturskampf\u201d sipas modelit t\u00eb Bismarkut, e cila synon t\u00eb de-islamizoj\u00eb Kosov\u00ebn dhe tjet\u00ebrsoj\u00eb banor\u00ebt e saj. Ja sesi e shpjegonte k\u00ebt\u00eb ministri Hoxhaj:<\/p>\n<p>\u201cNe kemi pasur nj\u00eb prani t\u00eb madhe nd\u00ebrkomb\u00ebtare n\u00eb Kosov\u00eb dhe kjo prani nd\u00ebrkomb\u00ebtare, qoft\u00eb p\u00ebrmes projekteve politike, qoft\u00eb p\u00ebrmes mediave t\u00eb cilat i kemi shum\u00eb profesionale, qoft\u00eb p\u00ebrmes shoq\u00ebris\u00eb civile, qoft\u00eb p\u00ebrmes investimeve realisht ka krijuar nj\u00eb situat\u00eb ku n\u00eb Republik\u00ebn e Kosov\u00ebs ka ndodhur nj\u00eb inxhiniering social.\u201d<\/p>\n<p>Dhe si p\u00ebr ta p\u00ebrmbledhur mendimin e tij n\u00eb lidhje me solucionin final kund\u00ebr Islamit t\u00eb kosovar\u00ebve, Hoxhaj deklaronte qart\u00ebsisht q\u00eb Kosova nuk ka nevoj\u00eb p\u00ebr Islam duke th\u00ebn\u00eb:<\/p>\n<p>\u201c\u2026 un\u00eb nuk kam ndonj\u00eb informat\u00eb por n\u00eb planin afatgjat\u00eb ftoj \u00e7dok\u00ebnd q\u00eb t\u00eb ket\u00eb nj\u00eb vigjilenc\u00eb, t\u00eb mos p\u00ebrcillet me naivitet sa i p\u00ebrket p\u00ebrpjekjeve q\u00eb t\u00eb eksportohet islam n\u00eb Republik\u00ebn e Kosov\u00ebs. Un\u00eb mendoj q\u00eb Kosova nuk ka nevoj\u00eb as t\u00eb eksportoj\u00eb e as t\u00eb importoj\u00eb islamin.\u201d<\/p>\n<p>Titulli q\u00eb Arbana Xharra dhe Artan Haraqija i vun\u00eb k\u00ebtij shkrimi bomb\u00eb ishte mjaft i qart\u00eb: \u201cHoxhaj: S\u2019na duhet islami i importuar.\u201d<a href=\"https:\/\/olsijazexhi.wordpress.com\/2016\/10\/03\/konferenca-e-tivarit-dhe-islami-i-tony-blair-it-ne-kosove\/#_ftn1\" name=\"_ftnref1\">[1]<\/a><\/p>\n<p>K\u00ebto deklarata t\u00eb frikshme t\u00eb ministrit Hoxhaj ku ai tregonte q\u00eb Kosova nuk do Islam dhe do t\u00eb shkat\u00ebrroj\u00eb Islamin institucional n\u00eb vend, u finalizuan 9 muaj pas k\u00ebsaj deklarate. N\u00ebn pretekstin e luft\u00ebs kund\u00ebr terrorizmit, qeveria kosovare arrestoi me dhjetra hoxhallar\u00eb, politikan\u00eb, mbylli dhjetra OJQ synite t\u00eb sponsorizuara nga Turqia, Kuvajti, Arabia Saudite etj. Dy vite m\u00eb von\u00eb n\u00eb korrik 2016 qeveria kosovare mbylli edhe OJQ-t\u00eb q\u00eb sponsorizoheshin nga Irani, duke i dh\u00ebn\u00eb fund nj\u00ebher\u00eb e mir\u00eb shoq\u00ebris\u00eb civile islame n\u00eb Kosov\u00eb, duke l\u00ebn\u00eb k\u00ebshtu vet\u00ebm OJQ-t\u00eb per\u00ebndimore dhe misionar\u00ebt e krishter\u00eb q\u00eb t\u00eb merren me inxhinierin\u00eb sociale t\u00eb shoq\u00ebris\u00eb kosovare.<\/p>\n<p>K\u00ebto fakte nuk u p\u00ebrmend\u00ebn aspak n\u00eb konferenc\u00ebn e Tivarit. Pjes\u00ebmarr\u00ebsit kosovar\u00eb qaheshin pse qeveria nuk pranon t\u00eb fus\u00eb m\u00ebsim-besimin n\u00eb shkollat e tyre por pa patur guximin q\u00eb t\u00eb shohin piktur\u00ebn e madhe t\u00eb ngjarjeve. Fakti q\u00eb sheriati sulmohet si nj\u00eb kod barbarik nga zyrtar\u00ebt kosovar\u00eb, apo q\u00eb presidentja kosovare Atifete Jahjaga e ka cil\u00ebsuar si nj\u00eb ligj barbarik dhe anti-shqiptar i imponuar nga pushtuesi osman, as q\u00eb nuk u p\u00ebrmend.<\/p>\n<p>Kur n\u00eb konferenc\u00eb, hoxhallar\u00ebt e ndrysh\u00ebm po flisnin p\u00ebr \u00e7\u00ebshtjen e m\u00ebsim besimit dhe mos-futjen e tij n\u00ebp\u00ebr shkolla, un\u00eb p\u00ebrmenda faktin q\u00eb m\u00ebsim-besimi do t\u00eb futet nj\u00eb dit\u00eb, por jo nga hoxhallar\u00ebt por nga katoliku Tony Blair. Qeveria e Kosov\u00ebs ka n\u00ebnshkruar nj\u00eb marr\u00ebveshje me islamofobin Tony Blair q\u00eb n\u00eb vitin 2012<a href=\"https:\/\/olsijazexhi.wordpress.com\/2016\/10\/03\/konferenca-e-tivarit-dhe-islami-i-tony-blair-it-ne-kosove\/#_ftn2\" name=\"_ftnref2\">[2]<\/a> sipas t\u00eb cil\u00ebs, arabvras\u00ebsi m\u00eb i madh i shekullit t\u00eb XXI, do tu m\u00ebsoj\u00eb Islamin kosovar\u00ebve. Kur i pyeta miqt\u00eb e mi kosovar\u00eb nes\u00eb ishin n\u00eb dijeni t\u00eb k\u00ebtij fakti, ata u p\u00ebrgjigj\u00ebn po, por askush nuk kishte par\u00eb tekstet q\u00eb Tony Blair po p\u00ebrgatit p\u00ebr Islamin e Kosov\u00ebs. Dhe si\u00e7 mund t\u00eb imagjinohet, Tony Blairi nuk ua kishte marr\u00eb dor\u00ebn hoxhallar\u00ebve p\u00ebr m\u00ebsimin q\u00eb ai do i b\u00ebj f\u00ebmij\u00ebve t\u00eb Kosov\u00ebs mbi Islamin.<\/p>\n<p>Cil\u00ebsimi im si katolik ndaj Tony Blairit revoltoi Xhabir Hamitin i cili ishte pjes\u00ebmarr\u00ebs n\u00eb k\u00ebt\u00eb konferenc\u00eb, dhe nisi t\u00eb m\u00eb sulmoj\u00eb personalisht. Un\u00eb i thash\u00eb \u2013 un\u00eb e di q\u00eb ti je njeriu i departamentit t\u00eb shtetit dhe Tony Blair-it n\u00eb Kosov\u00eb, por duhet q\u00eb k\u00ebt\u00eb debat ta mbajm\u00eb n\u00eb suaza shkencore dhe jo n\u00eb sulme personale. I irrituar nga kund\u00ebrp\u00ebrgjigja ime, Xhabiri la tryez\u00ebn dhe doli jasht\u00eb. Idet\u00eb e Xhabir Hamitit n\u00eb mb\u00ebshtetje t\u00eb planit t\u00eb Tony Blair-it dhe qeverive per\u00ebndimore p\u00ebr t\u00eb krijuar nj\u00eb Islam t\u00eb ri n\u00eb Kosov\u00eb u shpalos\u00ebn mir\u00eb n\u00eb prezantimin q\u00eb ai mbajti n\u00eb dit\u00ebn e dyt\u00eb t\u00eb konferenc\u00ebs m\u00eb titull: Edukimi fetar n\u00eb Kosov\u00eb ka nevoj\u00eb p\u00ebr kurrikul\u00eb dhe mjete t\u00eb reja pedagogjike. N\u00eb k\u00ebt\u00eb prezantim Xhabiri rr\u00ebfeu sesi n\u00eb nj\u00eb konferenc\u00eb q\u00eb kishte marr\u00eb pjes\u00eb n\u00eb Gjermani, pjes\u00ebmarr\u00ebsit kishin r\u00ebn\u00eb dakort p\u00ebr reformim t\u00eb mendimit t\u00eb Islamit. Islami modern q\u00eb qarqet evropiane po duan t\u00eb implementojn\u00eb n\u00eb Evrop\u00eb, sikur po b\u00ebn edhe qeveria gjermane k\u00ebtu,<a href=\"https:\/\/olsijazexhi.wordpress.com\/2016\/10\/03\/konferenca-e-tivarit-dhe-islami-i-tony-blair-it-ne-kosove\/#_ftn3\" name=\"_ftnref3\">[3]<\/a> \u00ebsht\u00eb nj\u00eb Islam liberal i cili \u00ebsht\u00eb \u00e7do gj\u00eb por vet\u00ebm Islam nuk \u00ebsht\u00eb. Islami gjerman i Merkelit, Islami francez i Sarkozis\u00eb, Islami shqiptar i Edi Ram\u00ebs, dhe Islami kosovar i Xhabir Hamitit \u00ebsht\u00eb nj\u00eb Islam q\u00eb do pranoj\u00eb barazin\u00eb gjinore, lgbt-izmin, harres\u00ebn e sheriatit dhe pak a shum\u00eb kthimin e Islamit nga nj\u00eb fe globale n\u00eb nj\u00eb bestytni personale.<\/p>\n<p>Xhabir Hamiti deklaroi qart\u00eb n\u00eb prezantimin e tij q\u00eb ne nuk na duhen xhami, por duhet konsolidim i kontrollit mbi masat. Ai tha q\u00eb Islami yn\u00eb duhet t\u00eb shk\u00ebputet nga arab\u00ebt dhe iranian\u00ebt dhe ti harrojm\u00eb et\u00ebrit klasik t\u00eb Islamit dhe t\u00eb b\u00ebjm\u00eb nj\u00eb interpretim t\u00eb ri t\u00eb fes\u00eb. Mesa kuptohej nga n\u00ebnteksti, Xhabiri do t\u00eb nd\u00ebrtoj\u00eb nj\u00eb Islam t\u00eb ri kosovar ku ndoshta ShejhulIslami i tij do t\u00eb b\u00ebhet Herr Tony Blair dhe Xhabir Hamiti q\u00eb mban foton e N\u00ebn\u00eb Terez\u00ebs n\u00eb xhep. Shkaktar p\u00ebr k\u00ebt\u00eb ridizanjim t\u00eb Islamit sipas Xhabirit \u00ebsht\u00eb fakti i xhihadizimit t\u00eb musliman\u00ebve. N\u00eb replik\u00ebn time e cila u censurua nga Fahrush Rexhepi, un\u00eb vura n\u00eb pah q\u00eb analiza e Xhabirit p\u00ebr xhihadizimin e musliman\u00ebve ishte e pasakt\u00eb, pasi ai nuk vuri n\u00eb pah q\u00eb xhihadizimi i Islamit \u00ebsht\u00eb produkt i imperializmit per\u00ebndimor t\u00eb cil\u00ebt i shpik\u00ebn xhihadist\u00ebt. Islami pa arab\u00eb dhe iranian\u00eb, q\u00eb Xhabiri do t\u00eb nd\u00ebrtoj\u00eb nuk \u00ebsht\u00eb m\u00eb Islam por mund t\u00eb jet\u00eb fe tjet\u00ebr. Islamin, pa tradit\u00ebn profetike q\u00eb ne kemi sot, ne e trash\u00ebguam nga arab\u00ebt me n\u00eb krye profetin ton\u00eb arab dhe iranian\u00ebt sikur Selman el-Farisiu, Buhariu, Ebu Hanfija, Muslimi, Tirmidhiu etj. Dhe Islami pa arab\u00eb dhe iranian\u00eb nuk \u00ebsht\u00eb m\u00eb Islam. N\u00ebn presionin e moderatorit Fahrush Rexhepit un\u00eb e pyeta Xhabirin sesi do jet\u00eb ky Islami i ri, dhe vura n\u00eb pah q\u00eb sot n\u00ebn sulm nuk \u00ebsht\u00eb vet\u00ebm Islami por edhe Krisht\u00ebrimi duke cituar Pap\u00eb Fran\u00e7eskun i cili sulmoi \u201cteorin\u00eb gjinore\u201d si armikun m\u00eb t\u00eb madh t\u00eb fes\u00eb.<a href=\"https:\/\/olsijazexhi.wordpress.com\/2016\/10\/03\/konferenca-e-tivarit-dhe-islami-i-tony-blair-it-ne-kosove\/#_ftn4\" name=\"_ftnref4\">[4]<\/a> Xhabiri i cili u kritikua n\u00eb pikat e tij edhe nga pjes\u00ebmarr\u00ebs t\u00eb tjer\u00eb nuk arriti ti p\u00ebrgjigjet pyetjeve t\u00eb mia dhe as t\u00eb mbroj\u00eb Pap\u00ebn n\u00eb mbrojtjen q\u00eb ai i b\u00ebn Krisht\u00ebrimit, por u l\u00ebshua n\u00eb sulme personale si edhe nj\u00eb dit\u00eb m\u00eb par\u00eb.<\/p>\n<p>Pjes\u00ebmarrja ime n\u00eb konferenc\u00ebn e Tivarit m\u00eb d\u00ebshp\u00ebroi. M\u00eb tregoi sesa keq \u00ebsht\u00eb situata e Islamit n\u00eb mesin e shqiptar\u00ebve n\u00eb Ballkan, dhe m\u00eb rifreskoi edhe nj\u00ebher\u00eb dijet e mia mbi realitetin ku jetojm\u00eb. Frika e hoxhallar\u00ebve q\u00eb fjala bie t\u00eb pyesnin qeverin\u00eb e tyre se \u00e7far\u00eb do Tony Blair me fen\u00eb e tyre n\u00eb Kosov\u00eb (k\u00ebta t\u00eb Shqip\u00ebris\u00eb nuk po i p\u00ebrmend fare pasi k\u00ebta jan\u00eb edhe m\u00eb keq), apo paniku q\u00eb i ka z\u00ebn\u00eb shum\u00eb sysh pas arrestimeve t\u00eb vitit 2014, i kishte kaluar hoxhallar\u00ebt n\u00eb nj\u00ebfar\u00eb pesimizmi p\u00ebr t\u00eb ardhmen. Nd\u00ebrsa un\u00eb jam koshient q\u00eb Islami institucional n\u00eb Shqip\u00ebri \u00ebsht\u00eb mizerje dhe vuan nga injoranca dhe vehabizmi, fakti q\u00eb n\u00eb Kosov\u00eb ku ka kaq shum\u00eb hoxhallar\u00eb ka stagnuar, \u00ebsht\u00eb d\u00ebshp\u00ebrues. N\u00eb an\u00ebn tjet\u00ebr idet\u00eb xhabirhamitiane p\u00ebr krijimin e nj\u00eb Islami t\u00eb ri, ide q\u00eb sot pushtetar\u00ebt e Evrop\u00ebs i shprehin kudo e ngado, apo masat fashiste q\u00eb qeveri sikur qeveria austriake kan\u00eb marr\u00eb kund\u00ebr komunitetit musliman n\u00eb Austri \u2013 t\u00eb cilit nuk i lejohet q\u00eb t\u00eb sjell\u00eb hoxhallar\u00eb nga jasht\u00eb vendit (por kjo mas\u00eb nuk ushtrohet kund\u00ebr \u00e7ifut\u00ebve, ortodoks\u00ebve dhe feve t\u00eb tjera) tregojn\u00eb q\u00eb dit\u00eb t\u00eb zeza e presin Islamin n\u00eb Evrop\u00eb.<\/p>\n<p>Kuptohet q\u00eb faj k\u00ebtu kemi edhe vet\u00eb ne musliman\u00ebt q\u00eb kemi r\u00ebn\u00eb pre e vehabizmit skizofrenik dhe lejuam rinin\u00eb ton\u00eb q\u00eb t\u00eb xhihadizohet dhe b\u00ebj luft\u00eb p\u00ebr Arabin\u00eb Saudite dhe Amerik\u00ebn n\u00eb Siri. Por fajin m\u00eb t\u00eb madh e kan\u00eb imperialist\u00ebt per\u00ebndimor\u00eb t\u00eb cil\u00ebt edhe e shpik\u00ebn vehabizmin dhe e p\u00ebrdorin at\u00eb sa her\u00eb q\u00eb duan t\u00eb krijojn\u00eb trazira n\u00ebp\u00ebr bot\u00eb.<\/p>\n<p>Konferenca e Tivarit mua m\u00eb tregoi edhe nj\u00ebher\u00eb r\u00ebnien ciklike t\u00eb Islamit n\u00eb Ballkan. N\u00eb vitin 1912 Tirana dhe Prishtina ishin n\u00ebn kalifatin e madh t\u00eb osman\u00ebve. N\u00eb 1945 Tirana ishte e islamizuar sikur Islamabadi. Nd\u00ebrsa sot ajo \u00ebsht\u00eb kthyer sikur Porto Riko. N\u00eb Kosov\u00eb deri n\u00eb 1946 sundonte sheriati, por n\u00eb 2011 presidentja e Kosov\u00ebs e shpalli ligjin e Zotin si ligj barbar. N\u00eb Tivar ku u mbajt kjo konferenc\u00eb deri n\u00eb vitin 1877 gaziler\u00ebt dhe levend\u00ebt e sulltan Abdylhamit Hanit mbronin Turqin\u00eb n\u00eb Evrop\u00eb nga sulmet e kryqit, por tani qyteti i konferenc\u00ebs son\u00eb ishte nj\u00eb qytet i kryqit. Dhe tani planet q\u00eb qeverit\u00eb per\u00ebndimore kan\u00eb p\u00ebr krijimin e islameve t\u00eb reja, t\u00eb b\u00ebjn\u00eb t\u00eb frik\u00ebsohesh p\u00ebr t\u00eb ardhmen t\u00ebnde si musliman n\u00eb Evrop\u00eb. Evropa \u00ebsht\u00eb nj\u00eb kontinent me histori t\u00eb gjat\u00eb kryq\u00ebzatash dhe progromesh kund\u00ebr musliman\u00ebve dhe \u00e7ifut\u00ebve. Holokausti n\u00eb fund t\u00eb fundit ishte nj\u00eb luft\u00eb fetare e nacionalizmit evropian kund\u00ebr \u00e7ifut\u00ebve q\u00eb besonin Allahun nj\u00eb sipas versionit t\u00eb Musait a.s. Vet\u00ebm Allahu mund ti shp\u00ebtoj\u00eb musliman\u00ebt e Evrop\u00ebs dhe Ballkanit.<\/p>\n<p>Allahu q\u00eb i di gj\u00ebrat m\u00eb s\u00eb miri, na ruajt\u00eb e shp\u00ebtoft\u00eb!<\/p>\n<p><strong>Burimi: https:\/\/olsijazexhi.wordpress.com<\/strong><\/p>\n","protected":false},"excerpt":{"rendered":"<p>Olsi Jazexhi N\u00eb dat\u00ebn 1-2 tetor, Instituti Nd\u00ebrkomb\u00ebtar i Mendimit dhe Qytet\u00ebrimit Islam (IIIT), AIITC nga Tirana dhe disa organizata t\u00eb tjera nga Mali i Zi dhe Bosnja organizuan n\u00eb Tivar t\u00eb Malit t\u00eb Zi konferenc\u00ebn me titull \u201cEdukimi Islam mes shqiptar\u00ebsh: Sfidat dhe perspektivat\u201d. N\u00eb k\u00ebt\u00eb konferenc\u00eb un\u00eb mora pjes\u00eb si d\u00ebgjues. T\u00eb ftuarit [&hellip;]<\/p>\n","protected":false},"author":1,"featured_media":0,"comment_status":"closed","ping_status":"closed","sticky":false,"template":"","format":"standard","meta":{"spay_email":"","jetpack_publicize_message":"","jetpack_is_tweetstorm":false,"jetpack_publicize_feature_enabled":true},"categories":[8],"tags":[],"jetpack_publicize_connections":[],"yoast_head":"<!-- This site is optimized with the Yoast SEO plugin v19.1 - https:\/\/yoast.com\/wordpress\/plugins\/seo\/ -->\n<title>Konferenca e Tivarit dhe Islami i Tony Blair-it n\u00eb Kosov\u00eb - Lajme nga Ulqini<\/title>\n<meta name=\"description\" content=\"Olsi Jazexhi N\u00eb dat\u00ebn 1-2 tetor, Instituti Nd\u00ebrkomb\u00ebtar i Mendimit dhe Qytet\u00ebrimit Islam (IIIT), AIITC nga Tirana dhe disa organizata t\u00eb tjera nga Mali i\" \/>\n<meta name=\"robots\" content=\"index, follow, max-snippet:-1, max-image-preview:large, max-video-preview:-1\" \/>\n<link rel=\"canonical\" href=\"https:\/\/www.visit-ulcinj.com\/blog\/2016\/10\/04\/konferenca-e-tivarit-dhe-islami-tony-blair-ne-kosove\/\" \/>\n<meta property=\"og:locale\" content=\"en_US\" \/>\n<meta property=\"og:type\" content=\"article\" \/>\n<meta property=\"og:title\" content=\"Konferenca e Tivarit dhe Islami i Tony Blair-it n\u00eb Kosov\u00eb - Lajme nga Ulqini\" \/>\n<meta property=\"og:description\" content=\"Olsi Jazexhi N\u00eb dat\u00ebn 1-2 tetor, Instituti Nd\u00ebrkomb\u00ebtar i Mendimit dhe Qytet\u00ebrimit Islam (IIIT), AIITC nga Tirana dhe disa organizata t\u00eb tjera nga Mali i\" \/>\n<meta property=\"og:url\" content=\"https:\/\/www.visit-ulcinj.com\/blog\/2016\/10\/04\/konferenca-e-tivarit-dhe-islami-tony-blair-ne-kosove\/\" \/>\n<meta property=\"og:site_name\" content=\"Lajme nga Ulqini\" \/>\n<meta property=\"article:published_time\" content=\"2016-10-04T12:37:49+00:00\" \/>\n<meta name=\"twitter:label1\" content=\"Written by\" \/>\n\t<meta name=\"twitter:data1\" content=\"ulqini\" \/>\n\t<meta name=\"twitter:label2\" content=\"Est. reading time\" \/>\n\t<meta name=\"twitter:data2\" content=\"13 minutes\" \/>\n<script type=\"application\/ld+json\" class=\"yoast-schema-graph\">{\"@context\":\"https:\/\/schema.org\",\"@graph\":[{\"@type\":\"WebSite\",\"@id\":\"https:\/\/www.visit-ulcinj.com\/blog\/#website\",\"url\":\"https:\/\/www.visit-ulcinj.com\/blog\/\",\"name\":\"Lajme nga Ulqini\",\"description\":\"Lajme,Vijesti,Ulqini,Ulqin,Crna Gora,Mali i Zi\",\"potentialAction\":[{\"@type\":\"SearchAction\",\"target\":{\"@type\":\"EntryPoint\",\"urlTemplate\":\"https:\/\/www.visit-ulcinj.com\/blog\/?s={search_term_string}\"},\"query-input\":\"required name=search_term_string\"}],\"inLanguage\":\"en-US\"},{\"@type\":\"WebPage\",\"@id\":\"https:\/\/www.visit-ulcinj.com\/blog\/2016\/10\/04\/konferenca-e-tivarit-dhe-islami-tony-blair-ne-kosove\/#webpage\",\"url\":\"https:\/\/www.visit-ulcinj.com\/blog\/2016\/10\/04\/konferenca-e-tivarit-dhe-islami-tony-blair-ne-kosove\/\",\"name\":\"Konferenca e Tivarit dhe Islami i Tony Blair-it n\u00eb Kosov\u00eb - Lajme nga Ulqini\",\"isPartOf\":{\"@id\":\"https:\/\/www.visit-ulcinj.com\/blog\/#website\"},\"datePublished\":\"2016-10-04T12:37:49+00:00\",\"dateModified\":\"2016-10-04T12:37:49+00:00\",\"author\":{\"@id\":\"https:\/\/www.visit-ulcinj.com\/blog\/#\/schema\/person\/dcab619c614d3038751c63bc2aadc06d\"},\"description\":\"Olsi Jazexhi N\u00eb dat\u00ebn 1-2 tetor, Instituti Nd\u00ebrkomb\u00ebtar i Mendimit dhe Qytet\u00ebrimit Islam (IIIT), AIITC nga Tirana dhe disa organizata t\u00eb tjera nga Mali i\",\"breadcrumb\":{\"@id\":\"https:\/\/www.visit-ulcinj.com\/blog\/2016\/10\/04\/konferenca-e-tivarit-dhe-islami-tony-blair-ne-kosove\/#breadcrumb\"},\"inLanguage\":\"en-US\",\"potentialAction\":[{\"@type\":\"ReadAction\",\"target\":[\"https:\/\/www.visit-ulcinj.com\/blog\/2016\/10\/04\/konferenca-e-tivarit-dhe-islami-tony-blair-ne-kosove\/\"]}]},{\"@type\":\"BreadcrumbList\",\"@id\":\"https:\/\/www.visit-ulcinj.com\/blog\/2016\/10\/04\/konferenca-e-tivarit-dhe-islami-tony-blair-ne-kosove\/#breadcrumb\",\"itemListElement\":[{\"@type\":\"ListItem\",\"position\":1,\"name\":\"Konferenca e Tivarit dhe Islami i Tony Blair-it n\u00eb Kosov\u00eb\"}]},{\"@type\":\"Person\",\"@id\":\"https:\/\/www.visit-ulcinj.com\/blog\/#\/schema\/person\/dcab619c614d3038751c63bc2aadc06d\",\"name\":\"ulqini\",\"sameAs\":[\"http:\/\/www.visit-ulcinj.com\"],\"url\":\"https:\/\/www.visit-ulcinj.com\/blog\/author\/admin\/\"}]}<\/script>\n<!-- \/ Yoast SEO plugin. -->","yoast_head_json":{"title":"Konferenca e Tivarit dhe Islami i Tony Blair-it n\u00eb Kosov\u00eb - Lajme nga Ulqini","description":"Olsi Jazexhi N\u00eb dat\u00ebn 1-2 tetor, Instituti Nd\u00ebrkomb\u00ebtar i Mendimit dhe Qytet\u00ebrimit Islam (IIIT), AIITC nga Tirana dhe disa organizata t\u00eb tjera nga Mali i","robots":{"index":"index","follow":"follow","max-snippet":"max-snippet:-1","max-image-preview":"max-image-preview:large","max-video-preview":"max-video-preview:-1"},"canonical":"https:\/\/www.visit-ulcinj.com\/blog\/2016\/10\/04\/konferenca-e-tivarit-dhe-islami-tony-blair-ne-kosove\/","og_locale":"en_US","og_type":"article","og_title":"Konferenca e Tivarit dhe Islami i Tony Blair-it n\u00eb Kosov\u00eb - Lajme nga Ulqini","og_description":"Olsi Jazexhi N\u00eb dat\u00ebn 1-2 tetor, Instituti Nd\u00ebrkomb\u00ebtar i Mendimit dhe Qytet\u00ebrimit Islam (IIIT), AIITC nga Tirana dhe disa organizata t\u00eb tjera nga Mali i","og_url":"https:\/\/www.visit-ulcinj.com\/blog\/2016\/10\/04\/konferenca-e-tivarit-dhe-islami-tony-blair-ne-kosove\/","og_site_name":"Lajme nga Ulqini","article_published_time":"2016-10-04T12:37:49+00:00","twitter_misc":{"Written by":"ulqini","Est. reading time":"13 minutes"},"schema":{"@context":"https:\/\/schema.org","@graph":[{"@type":"WebSite","@id":"https:\/\/www.visit-ulcinj.com\/blog\/#website","url":"https:\/\/www.visit-ulcinj.com\/blog\/","name":"Lajme nga Ulqini","description":"Lajme,Vijesti,Ulqini,Ulqin,Crna Gora,Mali i Zi","potentialAction":[{"@type":"SearchAction","target":{"@type":"EntryPoint","urlTemplate":"https:\/\/www.visit-ulcinj.com\/blog\/?s={search_term_string}"},"query-input":"required name=search_term_string"}],"inLanguage":"en-US"},{"@type":"WebPage","@id":"https:\/\/www.visit-ulcinj.com\/blog\/2016\/10\/04\/konferenca-e-tivarit-dhe-islami-tony-blair-ne-kosove\/#webpage","url":"https:\/\/www.visit-ulcinj.com\/blog\/2016\/10\/04\/konferenca-e-tivarit-dhe-islami-tony-blair-ne-kosove\/","name":"Konferenca e Tivarit dhe Islami i Tony Blair-it n\u00eb Kosov\u00eb - Lajme nga Ulqini","isPartOf":{"@id":"https:\/\/www.visit-ulcinj.com\/blog\/#website"},"datePublished":"2016-10-04T12:37:49+00:00","dateModified":"2016-10-04T12:37:49+00:00","author":{"@id":"https:\/\/www.visit-ulcinj.com\/blog\/#\/schema\/person\/dcab619c614d3038751c63bc2aadc06d"},"description":"Olsi Jazexhi N\u00eb dat\u00ebn 1-2 tetor, Instituti Nd\u00ebrkomb\u00ebtar i Mendimit dhe Qytet\u00ebrimit Islam (IIIT), AIITC nga Tirana dhe disa organizata t\u00eb tjera nga Mali i","breadcrumb":{"@id":"https:\/\/www.visit-ulcinj.com\/blog\/2016\/10\/04\/konferenca-e-tivarit-dhe-islami-tony-blair-ne-kosove\/#breadcrumb"},"inLanguage":"en-US","potentialAction":[{"@type":"ReadAction","target":["https:\/\/www.visit-ulcinj.com\/blog\/2016\/10\/04\/konferenca-e-tivarit-dhe-islami-tony-blair-ne-kosove\/"]}]},{"@type":"BreadcrumbList","@id":"https:\/\/www.visit-ulcinj.com\/blog\/2016\/10\/04\/konferenca-e-tivarit-dhe-islami-tony-blair-ne-kosove\/#breadcrumb","itemListElement":[{"@type":"ListItem","position":1,"name":"Konferenca e Tivarit dhe Islami i Tony Blair-it n\u00eb Kosov\u00eb"}]},{"@type":"Person","@id":"https:\/\/www.visit-ulcinj.com\/blog\/#\/schema\/person\/dcab619c614d3038751c63bc2aadc06d","name":"ulqini","sameAs":["http:\/\/www.visit-ulcinj.com"],"url":"https:\/\/www.visit-ulcinj.com\/blog\/author\/admin\/"}]}},"jetpack_featured_media_url":"","jetpack_sharing_enabled":true,"jetpack_shortlink":"https:\/\/wp.me\/pe6lTn-q3r","_links":{"self":[{"href":"https:\/\/www.visit-ulcinj.com\/blog\/wp-json\/wp\/v2\/posts\/100157"}],"collection":[{"href":"https:\/\/www.visit-ulcinj.com\/blog\/wp-json\/wp\/v2\/posts"}],"about":[{"href":"https:\/\/www.visit-ulcinj.com\/blog\/wp-json\/wp\/v2\/types\/post"}],"author":[{"embeddable":true,"href":"https:\/\/www.visit-ulcinj.com\/blog\/wp-json\/wp\/v2\/users\/1"}],"replies":[{"embeddable":true,"href":"https:\/\/www.visit-ulcinj.com\/blog\/wp-json\/wp\/v2\/comments?post=100157"}],"version-history":[{"count":1,"href":"https:\/\/www.visit-ulcinj.com\/blog\/wp-json\/wp\/v2\/posts\/100157\/revisions"}],"predecessor-version":[{"id":100159,"href":"https:\/\/www.visit-ulcinj.com\/blog\/wp-json\/wp\/v2\/posts\/100157\/revisions\/100159"}],"wp:attachment":[{"href":"https:\/\/www.visit-ulcinj.com\/blog\/wp-json\/wp\/v2\/media?parent=100157"}],"wp:term":[{"taxonomy":"category","embeddable":true,"href":"https:\/\/www.visit-ulcinj.com\/blog\/wp-json\/wp\/v2\/categories?post=100157"},{"taxonomy":"post_tag","embeddable":true,"href":"https:\/\/www.visit-ulcinj.com\/blog\/wp-json\/wp\/v2\/tags?post=100157"}],"curies":[{"name":"wp","href":"https:\/\/api.w.org\/{rel}","templated":true}]}}