{"id":100164,"date":"2016-10-04T18:22:17","date_gmt":"2016-10-04T17:22:17","guid":{"rendered":"http:\/\/www.visit-ulcinj.com\/blog\/?p=100164"},"modified":"2016-10-05T12:42:15","modified_gmt":"2016-10-05T11:42:15","slug":"koalicioni-shqiptar-nje-qellim-tubimi-par-publik-foto","status":"publish","type":"post","link":"https:\/\/www.visit-ulcinj.com\/blog\/2016\/10\/04\/koalicioni-shqiptar-nje-qellim-tubimi-par-publik-foto\/","title":{"rendered":"Koalicioni Shqiptar &#8220;Me nj\u00eb Q\u00ebllim&#8221; tubimi i par publik + Foto"},"content":{"rendered":"<p><a href=\"http:\/\/www.visit-ulcinj.com\/blog\/wp-content\/uploads\/2016\/10\/Koalicioni-Shqiptar-Me-nj\u00eb-Q\u00ebllim-Gzim-Hajdinaga.jpg\"><img loading=\"lazy\" class=\"alignleft wp-image-100165\" src=\"http:\/\/www.visit-ulcinj.com\/blog\/wp-content\/uploads\/2016\/10\/Koalicioni-Shqiptar-Me-nj\u00eb-Q\u00ebllim-Gzim-Hajdinaga.jpg\" alt=\"Koalicioni Shqiptar -Me nj\u00eb Q\u00ebllim-Gzim -Hajdinaga\" width=\"508\" height=\"360\" srcset=\"https:\/\/www.visit-ulcinj.com\/blog\/wp-content\/uploads\/2016\/10\/Koalicioni-Shqiptar-Me-nj\u00eb-Q\u00ebllim-Gzim-Hajdinaga.jpg 960w, https:\/\/www.visit-ulcinj.com\/blog\/wp-content\/uploads\/2016\/10\/Koalicioni-Shqiptar-Me-nj\u00eb-Q\u00ebllim-Gzim-Hajdinaga-300x213.jpg 300w, https:\/\/www.visit-ulcinj.com\/blog\/wp-content\/uploads\/2016\/10\/Koalicioni-Shqiptar-Me-nj\u00eb-Q\u00ebllim-Gzim-Hajdinaga-768x544.jpg 768w\" sizes=\"(max-width: 508px) 100vw, 508px\" \/><\/a>Koalicioni shqiptar \u201eMe nj\u00eb q\u00ebllim\u201c t\u00eb shtun\u00ebn mbr\u00ebma me dat\u00ebn 1\/10\/2016 n\u00eb hotelin \u201eMediteran\u201c mbajti tubimin e par\u00eb publik parazgjedhor.<br \/>\n\u201eMbi 100 t\u00eb rinj, prej t\u00eb cil\u00ebve shumica student\u00eb, ishin n\u00eb k\u00ebt\u00eb tubim dhe n\u00eb bised\u00eb t\u00eb drejtp\u00ebrdrejt\u00eb me bart\u00ebsit e list\u00ebs ton\u00eb, zot\u00ebrinjt\u00eb G\u00ebzim Hajdinaga dhe Fatmir Gjeka, prezantuan propozimet, sugjerimet dhe mendimet e veta.<\/p>\n<p>N\u00eb k\u00ebt\u00eb tubim fjalen e morr\u00ebn perfaqesuesja e Levizjes Qytetare Pespektiva znj.Zana Sarvan, poashtu edhe perfaq<span class=\"text_exposed_show\">suesi i Lidhjes Demokratike n\u00eb Mal t\u00eb Zi z.Saubih Mehmeti ato p\u00ebrsh\u00ebndet\u00ebn te gjith\u00eb t\u00eb pranishmit duke ju premtuar q\u00eb ky Koalicion do t\u00eb bej te pamundur\u00ebn n\u00eb realizimin premtimeve t\u00eb dh\u00ebna.<\/span><\/p>\n<div class=\"text_exposed_show\">\n<p>T\u00eb rinjt\u00eb p\u00ebrsh\u00ebndet\u00ebn dhe p\u00ebrkrah\u00ebn gatishm\u00ebrin\u00eb e Koalicionit q\u00eb t\u00eb kontriboj\u00eb n\u00eb faktorizimin e Shqiptar\u00ebve n\u00eb Mal t\u00eb Zi dhe krijimin e kushteve m\u00eb t\u00eb mira socio-ekonomike p\u00ebr jet\u00eb, biznes dhe pun\u00ebsim.<br \/>\nP\u00ebr t\u00eb gjith\u00eb t\u00eb pranishmit u organizua program kulturo-artistik, si dhe kokteji i rastit.<\/p>\n<\/div>\n<p id=\"js_oz\" class=\"_5pbw _5vra\" data-ft=\"{&quot;tn&quot;:&quot;C&quot;}\"><strong><span class=\"fwn fcg\"><span class=\"fcg\"><span class=\"fwb\"><a id=\"js_pn\" class=\"profileLink\" href=\"https:\/\/www.facebook.com\/menjeqellim\/?hc_ref=NEWSFEED\" data-ft=\"{&quot;tn&quot;:&quot;k&quot;}\" data-hovercard=\"\/ajax\/hovercard\/page.php?id=1107342266043754&amp;extragetparams=%7B%22hc_ref%22%3A%22NEWSFEED%22%7D\">Koalicioni Shqiptar &#8220;Me nj\u00eb Q\u00ebllim&#8221;<\/a><\/span><\/span><\/span>Facebook<\/strong><\/p>\n\n\t\t<style type=\"text\/css\">\n\t\t\t#gallery-1 {\n\t\t\t\tmargin: auto;\n\t\t\t}\n\t\t\t#gallery-1 .gallery-item {\n\t\t\t\tfloat: left;\n\t\t\t\tmargin-top: 10px;\n\t\t\t\ttext-align: center;\n\t\t\t\twidth: 33%;\n\t\t\t}\n\t\t\t#gallery-1 img {\n\t\t\t\tborder: 2px solid #cfcfcf;\n\t\t\t}\n\t\t\t#gallery-1 .gallery-caption {\n\t\t\t\tmargin-left: 0;\n\t\t\t}\n\t\t\t\/* see gallery_shortcode() in wp-includes\/media.php *\/\n\t\t<\/style>\n\t\t<div id='gallery-1' class='gallery galleryid-100164 gallery-columns-3 gallery-size-thumbnail'><dl class='gallery-item'>\n\t\t\t<dt class='gallery-icon landscape'>\n\t\t\t\t<a href='https:\/\/www.visit-ulcinj.com\/blog\/2016\/10\/04\/koalicioni-shqiptar-nje-qellim-tubimi-par-publik-foto\/koalicioni-shqiptar-me-nje-qellim-2\/'><img width=\"150\" height=\"150\" src=\"https:\/\/www.visit-ulcinj.com\/blog\/wp-content\/uploads\/2016\/10\/Koalicioni-Shqiptar-Me-nj\u00eb-Q\u00ebllim-2-150x150.jpg\" class=\"attachment-thumbnail size-thumbnail\" alt=\"\" loading=\"lazy\" \/><\/a>\n\t\t\t<\/dt><\/dl><dl class='gallery-item'>\n\t\t\t<dt class='gallery-icon landscape'>\n\t\t\t\t<a href='https:\/\/www.visit-ulcinj.com\/blog\/2016\/10\/04\/koalicioni-shqiptar-nje-qellim-tubimi-par-publik-foto\/koalicioni-shqiptar-me-nje-qellim-3\/'><img width=\"150\" height=\"150\" src=\"https:\/\/www.visit-ulcinj.com\/blog\/wp-content\/uploads\/2016\/10\/Koalicioni-Shqiptar-Me-nj\u00eb-Q\u00ebllim-3-150x150.jpg\" class=\"attachment-thumbnail size-thumbnail\" alt=\"\" loading=\"lazy\" \/><\/a>\n\t\t\t<\/dt><\/dl><dl class='gallery-item'>\n\t\t\t<dt class='gallery-icon landscape'>\n\t\t\t\t<a href='https:\/\/www.visit-ulcinj.com\/blog\/2016\/10\/04\/koalicioni-shqiptar-nje-qellim-tubimi-par-publik-foto\/koalicioni-shqiptar-me-nje-qellim-fatmir-gjeka\/'><img width=\"150\" height=\"150\" src=\"https:\/\/www.visit-ulcinj.com\/blog\/wp-content\/uploads\/2016\/10\/Koalicioni-Shqiptar-Me-nj\u00eb-Q\u00ebllim-Fatmir-Gjeka-150x150.jpg\" class=\"attachment-thumbnail size-thumbnail\" alt=\"\" loading=\"lazy\" \/><\/a>\n\t\t\t<\/dt><\/dl><br style=\"clear: both\" \/><dl class='gallery-item'>\n\t\t\t<dt class='gallery-icon landscape'>\n\t\t\t\t<a href='https:\/\/www.visit-ulcinj.com\/blog\/2016\/10\/04\/koalicioni-shqiptar-nje-qellim-tubimi-par-publik-foto\/koalicioni-shqiptar-me-nje-qellim-saubih-mehmeti\/'><img width=\"150\" height=\"150\" src=\"https:\/\/www.visit-ulcinj.com\/blog\/wp-content\/uploads\/2016\/10\/Koalicioni-Shqiptar-Me-nj\u00eb-Q\u00ebllim-Saubih-Mehmeti-150x150.jpg\" class=\"attachment-thumbnail size-thumbnail\" alt=\"\" loading=\"lazy\" \/><\/a>\n\t\t\t<\/dt><\/dl><dl class='gallery-item'>\n\t\t\t<dt class='gallery-icon landscape'>\n\t\t\t\t<a href='https:\/\/www.visit-ulcinj.com\/blog\/2016\/10\/04\/koalicioni-shqiptar-nje-qellim-tubimi-par-publik-foto\/koalicioni-shqiptar-me-nje-qellim-zana-hollaj-sarvan\/'><img width=\"150\" height=\"150\" src=\"https:\/\/www.visit-ulcinj.com\/blog\/wp-content\/uploads\/2016\/10\/Koalicioni-Shqiptar-Me-nj\u00eb-Q\u00ebllim-Zana-Hollaj-Sarvan-150x150.jpg\" class=\"attachment-thumbnail size-thumbnail\" alt=\"\" loading=\"lazy\" \/><\/a>\n\t\t\t<\/dt><\/dl>\n\t\t\t<br style='clear: both' \/>\n\t\t<\/div>\n\n<p>[flv]http:\/\/www.rtcg.me\/upload\/boxFileData\/2016\/09\/29\/196741\/29%20929%2009%20DEBATA%20ALBANSKA%20KOALICIJA%20SA%20JEDNIM%20CILJEM_001.mp4[\/flv]<\/p>\n","protected":false},"excerpt":{"rendered":"<p>Koalicioni shqiptar \u201eMe nj\u00eb q\u00ebllim\u201c t\u00eb shtun\u00ebn mbr\u00ebma me dat\u00ebn 1\/10\/2016 n\u00eb hotelin \u201eMediteran\u201c mbajti tubimin e par\u00eb publik parazgjedhor. \u201eMbi 100 t\u00eb rinj, prej t\u00eb cil\u00ebve shumica student\u00eb, ishin n\u00eb k\u00ebt\u00eb tubim dhe n\u00eb bised\u00eb t\u00eb drejtp\u00ebrdrejt\u00eb me bart\u00ebsit e list\u00ebs ton\u00eb, zot\u00ebrinjt\u00eb G\u00ebzim Hajdinaga dhe Fatmir Gjeka, prezantuan propozimet, sugjerimet dhe mendimet e [&hellip;]<\/p>\n","protected":false},"author":1,"featured_media":0,"comment_status":"closed","ping_status":"closed","sticky":false,"template":"","format":"standard","meta":{"spay_email":"","jetpack_publicize_message":"","jetpack_is_tweetstorm":false,"jetpack_publicize_feature_enabled":true},"categories":[1,11],"tags":[],"jetpack_publicize_connections":[],"yoast_head":"<!-- This site is optimized with the Yoast SEO plugin v19.1 - https:\/\/yoast.com\/wordpress\/plugins\/seo\/ -->\n<title>Koalicioni Shqiptar &quot;Me nj\u00eb Q\u00ebllim&quot; tubimi i par publik + Foto - Lajme nga Ulqini<\/title>\n<meta name=\"description\" content=\"Koalicioni shqiptar \u201eMe nj\u00eb q\u00ebllim\u201c t\u00eb shtun\u00ebn mbr\u00ebma me dat\u00ebn 1\/10\/2016 n\u00eb hotelin \u201eMediteran\u201c mbajti tubimin e par\u00eb publik parazgjedhor. \u201eMbi 100 t\u00eb\" \/>\n<meta name=\"robots\" content=\"index, follow, max-snippet:-1, max-image-preview:large, max-video-preview:-1\" \/>\n<link rel=\"canonical\" href=\"https:\/\/www.visit-ulcinj.com\/blog\/2016\/10\/04\/koalicioni-shqiptar-nje-qellim-tubimi-par-publik-foto\/\" \/>\n<meta property=\"og:locale\" content=\"en_US\" \/>\n<meta property=\"og:type\" content=\"article\" \/>\n<meta property=\"og:title\" content=\"Koalicioni Shqiptar &quot;Me nj\u00eb Q\u00ebllim&quot; tubimi i par publik + Foto - Lajme nga Ulqini\" \/>\n<meta property=\"og:description\" content=\"Koalicioni shqiptar \u201eMe nj\u00eb q\u00ebllim\u201c t\u00eb shtun\u00ebn mbr\u00ebma me dat\u00ebn 1\/10\/2016 n\u00eb hotelin \u201eMediteran\u201c mbajti tubimin e par\u00eb publik parazgjedhor. \u201eMbi 100 t\u00eb\" \/>\n<meta property=\"og:url\" content=\"https:\/\/www.visit-ulcinj.com\/blog\/2016\/10\/04\/koalicioni-shqiptar-nje-qellim-tubimi-par-publik-foto\/\" \/>\n<meta property=\"og:site_name\" content=\"Lajme nga Ulqini\" \/>\n<meta property=\"article:published_time\" content=\"2016-10-04T17:22:17+00:00\" \/>\n<meta property=\"article:modified_time\" content=\"2016-10-05T11:42:15+00:00\" \/>\n<meta property=\"og:image\" content=\"https:\/\/www.visit-ulcinj.com\/blog\/wp-content\/uploads\/2016\/10\/Koalicioni-Shqiptar-Me-nj\u00eb-Q\u00ebllim-2-150x150.jpg\" \/>\n<meta name=\"twitter:label1\" content=\"Written by\" \/>\n\t<meta name=\"twitter:data1\" content=\"ulqini\" \/>\n\t<meta name=\"twitter:label2\" content=\"Est. reading time\" \/>\n\t<meta name=\"twitter:data2\" content=\"1 minute\" \/>\n<script type=\"application\/ld+json\" class=\"yoast-schema-graph\">{\"@context\":\"https:\/\/schema.org\",\"@graph\":[{\"@type\":\"WebSite\",\"@id\":\"https:\/\/www.visit-ulcinj.com\/blog\/#website\",\"url\":\"https:\/\/www.visit-ulcinj.com\/blog\/\",\"name\":\"Lajme nga Ulqini\",\"description\":\"Lajme,Vijesti,Ulqini,Ulqin,Crna Gora,Mali i Zi\",\"potentialAction\":[{\"@type\":\"SearchAction\",\"target\":{\"@type\":\"EntryPoint\",\"urlTemplate\":\"https:\/\/www.visit-ulcinj.com\/blog\/?s={search_term_string}\"},\"query-input\":\"required name=search_term_string\"}],\"inLanguage\":\"en-US\"},{\"@type\":\"WebPage\",\"@id\":\"https:\/\/www.visit-ulcinj.com\/blog\/2016\/10\/04\/koalicioni-shqiptar-nje-qellim-tubimi-par-publik-foto\/#webpage\",\"url\":\"https:\/\/www.visit-ulcinj.com\/blog\/2016\/10\/04\/koalicioni-shqiptar-nje-qellim-tubimi-par-publik-foto\/\",\"name\":\"Koalicioni Shqiptar \\\"Me nj\u00eb Q\u00ebllim\\\" tubimi i par publik + Foto - Lajme nga Ulqini\",\"isPartOf\":{\"@id\":\"https:\/\/www.visit-ulcinj.com\/blog\/#website\"},\"datePublished\":\"2016-10-04T17:22:17+00:00\",\"dateModified\":\"2016-10-05T11:42:15+00:00\",\"author\":{\"@id\":\"https:\/\/www.visit-ulcinj.com\/blog\/#\/schema\/person\/dcab619c614d3038751c63bc2aadc06d\"},\"description\":\"Koalicioni shqiptar \u201eMe nj\u00eb q\u00ebllim\u201c t\u00eb shtun\u00ebn mbr\u00ebma me dat\u00ebn 1\/10\/2016 n\u00eb hotelin \u201eMediteran\u201c mbajti tubimin e par\u00eb publik parazgjedhor. \u201eMbi 100 t\u00eb\",\"breadcrumb\":{\"@id\":\"https:\/\/www.visit-ulcinj.com\/blog\/2016\/10\/04\/koalicioni-shqiptar-nje-qellim-tubimi-par-publik-foto\/#breadcrumb\"},\"inLanguage\":\"en-US\",\"potentialAction\":[{\"@type\":\"ReadAction\",\"target\":[\"https:\/\/www.visit-ulcinj.com\/blog\/2016\/10\/04\/koalicioni-shqiptar-nje-qellim-tubimi-par-publik-foto\/\"]}]},{\"@type\":\"BreadcrumbList\",\"@id\":\"https:\/\/www.visit-ulcinj.com\/blog\/2016\/10\/04\/koalicioni-shqiptar-nje-qellim-tubimi-par-publik-foto\/#breadcrumb\",\"itemListElement\":[{\"@type\":\"ListItem\",\"position\":1,\"name\":\"Koalicioni Shqiptar &#8220;Me nj\u00eb Q\u00ebllim&#8221; tubimi i par publik + Foto\"}]},{\"@type\":\"Person\",\"@id\":\"https:\/\/www.visit-ulcinj.com\/blog\/#\/schema\/person\/dcab619c614d3038751c63bc2aadc06d\",\"name\":\"ulqini\",\"sameAs\":[\"http:\/\/www.visit-ulcinj.com\"],\"url\":\"https:\/\/www.visit-ulcinj.com\/blog\/author\/admin\/\"}]}<\/script>\n<!-- \/ Yoast SEO plugin. -->","yoast_head_json":{"title":"Koalicioni Shqiptar \"Me nj\u00eb Q\u00ebllim\" tubimi i par publik + Foto - Lajme nga Ulqini","description":"Koalicioni shqiptar \u201eMe nj\u00eb q\u00ebllim\u201c t\u00eb shtun\u00ebn mbr\u00ebma me dat\u00ebn 1\/10\/2016 n\u00eb hotelin \u201eMediteran\u201c mbajti tubimin e par\u00eb publik parazgjedhor. \u201eMbi 100 t\u00eb","robots":{"index":"index","follow":"follow","max-snippet":"max-snippet:-1","max-image-preview":"max-image-preview:large","max-video-preview":"max-video-preview:-1"},"canonical":"https:\/\/www.visit-ulcinj.com\/blog\/2016\/10\/04\/koalicioni-shqiptar-nje-qellim-tubimi-par-publik-foto\/","og_locale":"en_US","og_type":"article","og_title":"Koalicioni Shqiptar \"Me nj\u00eb Q\u00ebllim\" tubimi i par publik + Foto - Lajme nga Ulqini","og_description":"Koalicioni shqiptar \u201eMe nj\u00eb q\u00ebllim\u201c t\u00eb shtun\u00ebn mbr\u00ebma me dat\u00ebn 1\/10\/2016 n\u00eb hotelin \u201eMediteran\u201c mbajti tubimin e par\u00eb publik parazgjedhor. \u201eMbi 100 t\u00eb","og_url":"https:\/\/www.visit-ulcinj.com\/blog\/2016\/10\/04\/koalicioni-shqiptar-nje-qellim-tubimi-par-publik-foto\/","og_site_name":"Lajme nga Ulqini","article_published_time":"2016-10-04T17:22:17+00:00","article_modified_time":"2016-10-05T11:42:15+00:00","og_image":[{"url":"https:\/\/www.visit-ulcinj.com\/blog\/wp-content\/uploads\/2016\/10\/Koalicioni-Shqiptar-Me-nj\u00eb-Q\u00ebllim-2-150x150.jpg"}],"twitter_misc":{"Written by":"ulqini","Est. reading time":"1 minute"},"schema":{"@context":"https:\/\/schema.org","@graph":[{"@type":"WebSite","@id":"https:\/\/www.visit-ulcinj.com\/blog\/#website","url":"https:\/\/www.visit-ulcinj.com\/blog\/","name":"Lajme nga Ulqini","description":"Lajme,Vijesti,Ulqini,Ulqin,Crna Gora,Mali i Zi","potentialAction":[{"@type":"SearchAction","target":{"@type":"EntryPoint","urlTemplate":"https:\/\/www.visit-ulcinj.com\/blog\/?s={search_term_string}"},"query-input":"required name=search_term_string"}],"inLanguage":"en-US"},{"@type":"WebPage","@id":"https:\/\/www.visit-ulcinj.com\/blog\/2016\/10\/04\/koalicioni-shqiptar-nje-qellim-tubimi-par-publik-foto\/#webpage","url":"https:\/\/www.visit-ulcinj.com\/blog\/2016\/10\/04\/koalicioni-shqiptar-nje-qellim-tubimi-par-publik-foto\/","name":"Koalicioni Shqiptar \"Me nj\u00eb Q\u00ebllim\" tubimi i par publik + Foto - Lajme nga Ulqini","isPartOf":{"@id":"https:\/\/www.visit-ulcinj.com\/blog\/#website"},"datePublished":"2016-10-04T17:22:17+00:00","dateModified":"2016-10-05T11:42:15+00:00","author":{"@id":"https:\/\/www.visit-ulcinj.com\/blog\/#\/schema\/person\/dcab619c614d3038751c63bc2aadc06d"},"description":"Koalicioni shqiptar \u201eMe nj\u00eb q\u00ebllim\u201c t\u00eb shtun\u00ebn mbr\u00ebma me dat\u00ebn 1\/10\/2016 n\u00eb hotelin \u201eMediteran\u201c mbajti tubimin e par\u00eb publik parazgjedhor. \u201eMbi 100 t\u00eb","breadcrumb":{"@id":"https:\/\/www.visit-ulcinj.com\/blog\/2016\/10\/04\/koalicioni-shqiptar-nje-qellim-tubimi-par-publik-foto\/#breadcrumb"},"inLanguage":"en-US","potentialAction":[{"@type":"ReadAction","target":["https:\/\/www.visit-ulcinj.com\/blog\/2016\/10\/04\/koalicioni-shqiptar-nje-qellim-tubimi-par-publik-foto\/"]}]},{"@type":"BreadcrumbList","@id":"https:\/\/www.visit-ulcinj.com\/blog\/2016\/10\/04\/koalicioni-shqiptar-nje-qellim-tubimi-par-publik-foto\/#breadcrumb","itemListElement":[{"@type":"ListItem","position":1,"name":"Koalicioni Shqiptar &#8220;Me nj\u00eb Q\u00ebllim&#8221; tubimi i par publik + Foto"}]},{"@type":"Person","@id":"https:\/\/www.visit-ulcinj.com\/blog\/#\/schema\/person\/dcab619c614d3038751c63bc2aadc06d","name":"ulqini","sameAs":["http:\/\/www.visit-ulcinj.com"],"url":"https:\/\/www.visit-ulcinj.com\/blog\/author\/admin\/"}]}},"jetpack_featured_media_url":"","jetpack_sharing_enabled":true,"jetpack_shortlink":"https:\/\/wp.me\/pe6lTn-q3y","_links":{"self":[{"href":"https:\/\/www.visit-ulcinj.com\/blog\/wp-json\/wp\/v2\/posts\/100164"}],"collection":[{"href":"https:\/\/www.visit-ulcinj.com\/blog\/wp-json\/wp\/v2\/posts"}],"about":[{"href":"https:\/\/www.visit-ulcinj.com\/blog\/wp-json\/wp\/v2\/types\/post"}],"author":[{"embeddable":true,"href":"https:\/\/www.visit-ulcinj.com\/blog\/wp-json\/wp\/v2\/users\/1"}],"replies":[{"embeddable":true,"href":"https:\/\/www.visit-ulcinj.com\/blog\/wp-json\/wp\/v2\/comments?post=100164"}],"version-history":[{"count":2,"href":"https:\/\/www.visit-ulcinj.com\/blog\/wp-json\/wp\/v2\/posts\/100164\/revisions"}],"predecessor-version":[{"id":100173,"href":"https:\/\/www.visit-ulcinj.com\/blog\/wp-json\/wp\/v2\/posts\/100164\/revisions\/100173"}],"wp:attachment":[{"href":"https:\/\/www.visit-ulcinj.com\/blog\/wp-json\/wp\/v2\/media?parent=100164"}],"wp:term":[{"taxonomy":"category","embeddable":true,"href":"https:\/\/www.visit-ulcinj.com\/blog\/wp-json\/wp\/v2\/categories?post=100164"},{"taxonomy":"post_tag","embeddable":true,"href":"https:\/\/www.visit-ulcinj.com\/blog\/wp-json\/wp\/v2\/tags?post=100164"}],"curies":[{"name":"wp","href":"https:\/\/api.w.org\/{rel}","templated":true}]}}