{"id":100174,"date":"2016-10-05T12:27:10","date_gmt":"2016-10-05T11:27:10","guid":{"rendered":"http:\/\/www.visit-ulcinj.com\/blog\/?p=100174"},"modified":"2016-10-05T14:24:29","modified_gmt":"2016-10-05T13:24:29","slug":"reagim-ndaj-ministrit-te-turizmit-gvozdenoviq-per-valdanosin-video","status":"publish","type":"post","link":"https:\/\/www.visit-ulcinj.com\/blog\/2016\/10\/05\/reagim-ndaj-ministrit-te-turizmit-gvozdenoviq-per-valdanosin-video\/","title":{"rendered":"Reagim ndaj ministrit t\u00eb turizmit Gvozdenoviq per Valdanosin &#8211; Video"},"content":{"rendered":"<p><a href=\"http:\/\/www.visit-ulcinj.com\/blog\/wp-content\/uploads\/2016\/10\/Reagim-Shqiptaret-te-vendosur-per-valdanos-ulqin.jpg\"><img loading=\"lazy\" class=\"alignleft wp-image-100175\" src=\"http:\/\/www.visit-ulcinj.com\/blog\/wp-content\/uploads\/2016\/10\/Reagim-Shqiptaret-te-vendosur-per-valdanos-ulqin.jpg\" alt=\"Reagim Shqiptaret te vendosur per valdanos -ulqin\" width=\"508\" height=\"352\" srcset=\"https:\/\/www.visit-ulcinj.com\/blog\/wp-content\/uploads\/2016\/10\/Reagim-Shqiptaret-te-vendosur-per-valdanos-ulqin.jpg 708w, https:\/\/www.visit-ulcinj.com\/blog\/wp-content\/uploads\/2016\/10\/Reagim-Shqiptaret-te-vendosur-per-valdanos-ulqin-300x208.jpg 300w\" sizes=\"(max-width: 508px) 100vw, 508px\" \/><\/a>Lidhur me deklarat\u00ebn e ministrit t\u00eb Turizmit\u00a0Gvozdenoviq, deputeti Genci Nimanbegu postoj nj\u00eb regim n\u00eb faqen tij zyrtare t\u00eb facebookut. Reagimin ju d\u00ebrgoi m\u00eb posht\u00eb.<\/p>\n<p>&nbsp;<\/p>\n<p><strong>VALDANOSI T\u00cb KTHEHET PA KOMPROMIS<\/strong><\/p>\n<p>&nbsp;<\/p>\n<p>Mbr\u00ebm\u00eb, gjat\u00eb nj\u00eb debati televiziv n\u00eb TV Vijesti, ministri i Turizmi Gvozdenoviq, ka deklarur se Valdanosi \u00ebsht\u00eb i shtetit dhe ish-pronar\u00ebt jan\u00eb paguar. M\u00eb lejoni t\u00eb b\u00ebj\u00eb nj\u00eb gj\u00eb t\u00eb qart\u00eb! Kthimi i pronave t\u00eb Valdanosit tek i zoti \u00ebsht\u00eb nj\u00eb kusht i panegociuesh\u00ebm i \u00e7\u00ebshtjes son\u00eb politike.<\/p>\n<p><a href=\"http:\/\/www.visit-ulcinj.com\/blog\/wp-content\/uploads\/2016\/10\/Reagim-ndaj-ministrit-t\u00eb-turizmit-Gvozdenoviq-per-Valdanosin-1.jpg\"><img loading=\"lazy\" class=\"alignleft wp-image-100177\" src=\"http:\/\/www.visit-ulcinj.com\/blog\/wp-content\/uploads\/2016\/10\/Reagim-ndaj-ministrit-t\u00eb-turizmit-Gvozdenoviq-per-Valdanosin-1.jpg\" alt=\"Reagim ndaj ministrit t\u00eb turizmit Gvozdenoviq per Valdanosin-1\" width=\"508\" height=\"325\" srcset=\"https:\/\/www.visit-ulcinj.com\/blog\/wp-content\/uploads\/2016\/10\/Reagim-ndaj-ministrit-t\u00eb-turizmit-Gvozdenoviq-per-Valdanosin-1.jpg 640w, https:\/\/www.visit-ulcinj.com\/blog\/wp-content\/uploads\/2016\/10\/Reagim-ndaj-ministrit-t\u00eb-turizmit-Gvozdenoviq-per-Valdanosin-1-300x192.jpg 300w\" sizes=\"(max-width: 508px) 100vw, 508px\" \/><\/a><\/p>\n<p>Fatkeq\u00ebsisht kjo nuk \u00ebsht\u00eb m\u00eb nj\u00eb \u00e7\u00ebshtje ligjore, por politike dhe si e till\u00eb, e p\u00ebrdorur nga ministri i Turizmit \u00ebsht\u00eb nj\u00eb abuzim i r\u00ebnd\u00eb q\u00eb i mbyll der\u00ebn \u00e7dolloj marr\u00ebveshjeje t\u00eb mundshme pasgjedhore t\u00eb Koalicionit ton\u00eb politik me \u00e7do qeveri q\u00eb mund t\u00eb vi n\u00eb pushtet. Ne j\u2019ua kemi b\u00ebr\u00eb t\u00eb qart\u00eb si popullit ashtu dhe qeveris\u00eb, se p\u00ebr Valdanosin dhe disa \u00e7\u00ebshtje t\u00eb tjera me r\u00ebnd\u00ebsi legjitime p\u00ebr shqiptar\u00ebt nuk do t\u00eb ket\u00eb kurr\u00eb kompromis pa vendosur n\u00eb vend drejt\u00ebsin\u00eb p\u00ebr shqiptar\u00ebt.\u00a0Valdanosi \u00ebsht\u00eb nj\u00ebra nga ato padrejt\u00ebsi, p\u00ebr t\u00eb cil\u00ebn ne nuk do t\u00eb dor\u00ebzohemi kurr\u00eb. Kjo \u00ebsht\u00eb nj\u00eb arsye m\u00eb shum\u00eb q\u00eb plani hap\u00ebsinor i planifikuar p\u00ebr Ulqinin nga Qeveria e Malit t\u00eb Zi, t\u00eb mos kaloj n\u00eb Kuvendin e Komun\u00ebs.<\/p>\n<p>Sh\u00ebrbimi p\u00ebr informim \/ FORCA<\/p>\n<!--YouTube Error: bad URL entered-->\n","protected":false},"excerpt":{"rendered":"<p>Lidhur me deklarat\u00ebn e ministrit t\u00eb Turizmit\u00a0Gvozdenoviq, deputeti Genci Nimanbegu postoj nj\u00eb regim n\u00eb faqen tij zyrtare t\u00eb facebookut. Reagimin ju d\u00ebrgoi m\u00eb posht\u00eb. &nbsp; VALDANOSI T\u00cb KTHEHET PA KOMPROMIS &nbsp; Mbr\u00ebm\u00eb, gjat\u00eb nj\u00eb debati televiziv n\u00eb TV Vijesti, ministri i Turizmi Gvozdenoviq, ka deklarur se Valdanosi \u00ebsht\u00eb i shtetit dhe ish-pronar\u00ebt jan\u00eb paguar. M\u00eb [&hellip;]<\/p>\n","protected":false},"author":1,"featured_media":0,"comment_status":"closed","ping_status":"closed","sticky":false,"template":"","format":"standard","meta":{"spay_email":"","jetpack_publicize_message":"","jetpack_is_tweetstorm":false,"jetpack_publicize_feature_enabled":true},"categories":[1,6],"tags":[],"jetpack_publicize_connections":[],"yoast_head":"<!-- This site is optimized with the Yoast SEO plugin v19.1 - https:\/\/yoast.com\/wordpress\/plugins\/seo\/ -->\n<title>Reagim ndaj ministrit t\u00eb turizmit Gvozdenoviq per Valdanosin - Video - Lajme nga Ulqini<\/title>\n<meta name=\"description\" content=\"Lidhur me deklarat\u00ebn e ministrit t\u00eb Turizmit\u00a0Gvozdenoviq, deputeti Genci Nimanbegu postoj nj\u00eb regim n\u00eb faqen tij zyrtare t\u00eb facebookut. Reagimin ju d\u00ebrgoi\" \/>\n<meta name=\"robots\" content=\"index, follow, max-snippet:-1, max-image-preview:large, max-video-preview:-1\" \/>\n<link rel=\"canonical\" href=\"https:\/\/www.visit-ulcinj.com\/blog\/2016\/10\/05\/reagim-ndaj-ministrit-te-turizmit-gvozdenoviq-per-valdanosin-video\/\" \/>\n<meta property=\"og:locale\" content=\"en_US\" \/>\n<meta property=\"og:type\" content=\"article\" \/>\n<meta property=\"og:title\" content=\"Reagim ndaj ministrit t\u00eb turizmit Gvozdenoviq per Valdanosin - Video - Lajme nga Ulqini\" \/>\n<meta property=\"og:description\" content=\"Lidhur me deklarat\u00ebn e ministrit t\u00eb Turizmit\u00a0Gvozdenoviq, deputeti Genci Nimanbegu postoj nj\u00eb regim n\u00eb faqen tij zyrtare t\u00eb facebookut. Reagimin ju d\u00ebrgoi\" \/>\n<meta property=\"og:url\" content=\"https:\/\/www.visit-ulcinj.com\/blog\/2016\/10\/05\/reagim-ndaj-ministrit-te-turizmit-gvozdenoviq-per-valdanosin-video\/\" \/>\n<meta property=\"og:site_name\" content=\"Lajme nga Ulqini\" \/>\n<meta property=\"article:published_time\" content=\"2016-10-05T11:27:10+00:00\" \/>\n<meta property=\"article:modified_time\" content=\"2016-10-05T13:24:29+00:00\" \/>\n<meta property=\"og:image\" content=\"http:\/\/www.visit-ulcinj.com\/blog\/wp-content\/uploads\/2016\/10\/Reagim-Shqiptaret-te-vendosur-per-valdanos-ulqin.jpg\" \/>\n<meta name=\"twitter:label1\" content=\"Written by\" \/>\n\t<meta name=\"twitter:data1\" content=\"ulqini\" \/>\n\t<meta name=\"twitter:label2\" content=\"Est. reading time\" \/>\n\t<meta name=\"twitter:data2\" content=\"1 minute\" \/>\n<script type=\"application\/ld+json\" class=\"yoast-schema-graph\">{\"@context\":\"https:\/\/schema.org\",\"@graph\":[{\"@type\":\"WebSite\",\"@id\":\"https:\/\/www.visit-ulcinj.com\/blog\/#website\",\"url\":\"https:\/\/www.visit-ulcinj.com\/blog\/\",\"name\":\"Lajme nga Ulqini\",\"description\":\"Lajme,Vijesti,Ulqini,Ulqin,Crna Gora,Mali i Zi\",\"potentialAction\":[{\"@type\":\"SearchAction\",\"target\":{\"@type\":\"EntryPoint\",\"urlTemplate\":\"https:\/\/www.visit-ulcinj.com\/blog\/?s={search_term_string}\"},\"query-input\":\"required name=search_term_string\"}],\"inLanguage\":\"en-US\"},{\"@type\":\"ImageObject\",\"inLanguage\":\"en-US\",\"@id\":\"https:\/\/www.visit-ulcinj.com\/blog\/2016\/10\/05\/reagim-ndaj-ministrit-te-turizmit-gvozdenoviq-per-valdanosin-video\/#primaryimage\",\"url\":\"https:\/\/www.visit-ulcinj.com\/blog\/wp-content\/uploads\/2016\/10\/Reagim-Shqiptaret-te-vendosur-per-valdanos-ulqin.jpg\",\"contentUrl\":\"https:\/\/www.visit-ulcinj.com\/blog\/wp-content\/uploads\/2016\/10\/Reagim-Shqiptaret-te-vendosur-per-valdanos-ulqin.jpg\",\"width\":708,\"height\":491},{\"@type\":\"WebPage\",\"@id\":\"https:\/\/www.visit-ulcinj.com\/blog\/2016\/10\/05\/reagim-ndaj-ministrit-te-turizmit-gvozdenoviq-per-valdanosin-video\/#webpage\",\"url\":\"https:\/\/www.visit-ulcinj.com\/blog\/2016\/10\/05\/reagim-ndaj-ministrit-te-turizmit-gvozdenoviq-per-valdanosin-video\/\",\"name\":\"Reagim ndaj ministrit t\u00eb turizmit Gvozdenoviq per Valdanosin - Video - Lajme nga Ulqini\",\"isPartOf\":{\"@id\":\"https:\/\/www.visit-ulcinj.com\/blog\/#website\"},\"primaryImageOfPage\":{\"@id\":\"https:\/\/www.visit-ulcinj.com\/blog\/2016\/10\/05\/reagim-ndaj-ministrit-te-turizmit-gvozdenoviq-per-valdanosin-video\/#primaryimage\"},\"datePublished\":\"2016-10-05T11:27:10+00:00\",\"dateModified\":\"2016-10-05T13:24:29+00:00\",\"author\":{\"@id\":\"https:\/\/www.visit-ulcinj.com\/blog\/#\/schema\/person\/dcab619c614d3038751c63bc2aadc06d\"},\"description\":\"Lidhur me deklarat\u00ebn e ministrit t\u00eb Turizmit\u00a0Gvozdenoviq, deputeti Genci Nimanbegu postoj nj\u00eb regim n\u00eb faqen tij zyrtare t\u00eb facebookut. Reagimin ju d\u00ebrgoi\",\"breadcrumb\":{\"@id\":\"https:\/\/www.visit-ulcinj.com\/blog\/2016\/10\/05\/reagim-ndaj-ministrit-te-turizmit-gvozdenoviq-per-valdanosin-video\/#breadcrumb\"},\"inLanguage\":\"en-US\",\"potentialAction\":[{\"@type\":\"ReadAction\",\"target\":[\"https:\/\/www.visit-ulcinj.com\/blog\/2016\/10\/05\/reagim-ndaj-ministrit-te-turizmit-gvozdenoviq-per-valdanosin-video\/\"]}]},{\"@type\":\"BreadcrumbList\",\"@id\":\"https:\/\/www.visit-ulcinj.com\/blog\/2016\/10\/05\/reagim-ndaj-ministrit-te-turizmit-gvozdenoviq-per-valdanosin-video\/#breadcrumb\",\"itemListElement\":[{\"@type\":\"ListItem\",\"position\":1,\"name\":\"Reagim ndaj ministrit t\u00eb turizmit Gvozdenoviq per Valdanosin &#8211; Video\"}]},{\"@type\":\"Person\",\"@id\":\"https:\/\/www.visit-ulcinj.com\/blog\/#\/schema\/person\/dcab619c614d3038751c63bc2aadc06d\",\"name\":\"ulqini\",\"sameAs\":[\"http:\/\/www.visit-ulcinj.com\"],\"url\":\"https:\/\/www.visit-ulcinj.com\/blog\/author\/admin\/\"}]}<\/script>\n<!-- \/ Yoast SEO plugin. -->","yoast_head_json":{"title":"Reagim ndaj ministrit t\u00eb turizmit Gvozdenoviq per Valdanosin - Video - Lajme nga Ulqini","description":"Lidhur me deklarat\u00ebn e ministrit t\u00eb Turizmit\u00a0Gvozdenoviq, deputeti Genci Nimanbegu postoj nj\u00eb regim n\u00eb faqen tij zyrtare t\u00eb facebookut. Reagimin ju d\u00ebrgoi","robots":{"index":"index","follow":"follow","max-snippet":"max-snippet:-1","max-image-preview":"max-image-preview:large","max-video-preview":"max-video-preview:-1"},"canonical":"https:\/\/www.visit-ulcinj.com\/blog\/2016\/10\/05\/reagim-ndaj-ministrit-te-turizmit-gvozdenoviq-per-valdanosin-video\/","og_locale":"en_US","og_type":"article","og_title":"Reagim ndaj ministrit t\u00eb turizmit Gvozdenoviq per Valdanosin - Video - Lajme nga Ulqini","og_description":"Lidhur me deklarat\u00ebn e ministrit t\u00eb Turizmit\u00a0Gvozdenoviq, deputeti Genci Nimanbegu postoj nj\u00eb regim n\u00eb faqen tij zyrtare t\u00eb facebookut. Reagimin ju d\u00ebrgoi","og_url":"https:\/\/www.visit-ulcinj.com\/blog\/2016\/10\/05\/reagim-ndaj-ministrit-te-turizmit-gvozdenoviq-per-valdanosin-video\/","og_site_name":"Lajme nga Ulqini","article_published_time":"2016-10-05T11:27:10+00:00","article_modified_time":"2016-10-05T13:24:29+00:00","og_image":[{"url":"http:\/\/www.visit-ulcinj.com\/blog\/wp-content\/uploads\/2016\/10\/Reagim-Shqiptaret-te-vendosur-per-valdanos-ulqin.jpg"}],"twitter_misc":{"Written by":"ulqini","Est. reading time":"1 minute"},"schema":{"@context":"https:\/\/schema.org","@graph":[{"@type":"WebSite","@id":"https:\/\/www.visit-ulcinj.com\/blog\/#website","url":"https:\/\/www.visit-ulcinj.com\/blog\/","name":"Lajme nga Ulqini","description":"Lajme,Vijesti,Ulqini,Ulqin,Crna Gora,Mali i Zi","potentialAction":[{"@type":"SearchAction","target":{"@type":"EntryPoint","urlTemplate":"https:\/\/www.visit-ulcinj.com\/blog\/?s={search_term_string}"},"query-input":"required name=search_term_string"}],"inLanguage":"en-US"},{"@type":"ImageObject","inLanguage":"en-US","@id":"https:\/\/www.visit-ulcinj.com\/blog\/2016\/10\/05\/reagim-ndaj-ministrit-te-turizmit-gvozdenoviq-per-valdanosin-video\/#primaryimage","url":"https:\/\/www.visit-ulcinj.com\/blog\/wp-content\/uploads\/2016\/10\/Reagim-Shqiptaret-te-vendosur-per-valdanos-ulqin.jpg","contentUrl":"https:\/\/www.visit-ulcinj.com\/blog\/wp-content\/uploads\/2016\/10\/Reagim-Shqiptaret-te-vendosur-per-valdanos-ulqin.jpg","width":708,"height":491},{"@type":"WebPage","@id":"https:\/\/www.visit-ulcinj.com\/blog\/2016\/10\/05\/reagim-ndaj-ministrit-te-turizmit-gvozdenoviq-per-valdanosin-video\/#webpage","url":"https:\/\/www.visit-ulcinj.com\/blog\/2016\/10\/05\/reagim-ndaj-ministrit-te-turizmit-gvozdenoviq-per-valdanosin-video\/","name":"Reagim ndaj ministrit t\u00eb turizmit Gvozdenoviq per Valdanosin - Video - Lajme nga Ulqini","isPartOf":{"@id":"https:\/\/www.visit-ulcinj.com\/blog\/#website"},"primaryImageOfPage":{"@id":"https:\/\/www.visit-ulcinj.com\/blog\/2016\/10\/05\/reagim-ndaj-ministrit-te-turizmit-gvozdenoviq-per-valdanosin-video\/#primaryimage"},"datePublished":"2016-10-05T11:27:10+00:00","dateModified":"2016-10-05T13:24:29+00:00","author":{"@id":"https:\/\/www.visit-ulcinj.com\/blog\/#\/schema\/person\/dcab619c614d3038751c63bc2aadc06d"},"description":"Lidhur me deklarat\u00ebn e ministrit t\u00eb Turizmit\u00a0Gvozdenoviq, deputeti Genci Nimanbegu postoj nj\u00eb regim n\u00eb faqen tij zyrtare t\u00eb facebookut. Reagimin ju d\u00ebrgoi","breadcrumb":{"@id":"https:\/\/www.visit-ulcinj.com\/blog\/2016\/10\/05\/reagim-ndaj-ministrit-te-turizmit-gvozdenoviq-per-valdanosin-video\/#breadcrumb"},"inLanguage":"en-US","potentialAction":[{"@type":"ReadAction","target":["https:\/\/www.visit-ulcinj.com\/blog\/2016\/10\/05\/reagim-ndaj-ministrit-te-turizmit-gvozdenoviq-per-valdanosin-video\/"]}]},{"@type":"BreadcrumbList","@id":"https:\/\/www.visit-ulcinj.com\/blog\/2016\/10\/05\/reagim-ndaj-ministrit-te-turizmit-gvozdenoviq-per-valdanosin-video\/#breadcrumb","itemListElement":[{"@type":"ListItem","position":1,"name":"Reagim ndaj ministrit t\u00eb turizmit Gvozdenoviq per Valdanosin &#8211; Video"}]},{"@type":"Person","@id":"https:\/\/www.visit-ulcinj.com\/blog\/#\/schema\/person\/dcab619c614d3038751c63bc2aadc06d","name":"ulqini","sameAs":["http:\/\/www.visit-ulcinj.com"],"url":"https:\/\/www.visit-ulcinj.com\/blog\/author\/admin\/"}]}},"jetpack_featured_media_url":"","jetpack_sharing_enabled":true,"jetpack_shortlink":"https:\/\/wp.me\/pe6lTn-q3I","_links":{"self":[{"href":"https:\/\/www.visit-ulcinj.com\/blog\/wp-json\/wp\/v2\/posts\/100174"}],"collection":[{"href":"https:\/\/www.visit-ulcinj.com\/blog\/wp-json\/wp\/v2\/posts"}],"about":[{"href":"https:\/\/www.visit-ulcinj.com\/blog\/wp-json\/wp\/v2\/types\/post"}],"author":[{"embeddable":true,"href":"https:\/\/www.visit-ulcinj.com\/blog\/wp-json\/wp\/v2\/users\/1"}],"replies":[{"embeddable":true,"href":"https:\/\/www.visit-ulcinj.com\/blog\/wp-json\/wp\/v2\/comments?post=100174"}],"version-history":[{"count":2,"href":"https:\/\/www.visit-ulcinj.com\/blog\/wp-json\/wp\/v2\/posts\/100174\/revisions"}],"predecessor-version":[{"id":100178,"href":"https:\/\/www.visit-ulcinj.com\/blog\/wp-json\/wp\/v2\/posts\/100174\/revisions\/100178"}],"wp:attachment":[{"href":"https:\/\/www.visit-ulcinj.com\/blog\/wp-json\/wp\/v2\/media?parent=100174"}],"wp:term":[{"taxonomy":"category","embeddable":true,"href":"https:\/\/www.visit-ulcinj.com\/blog\/wp-json\/wp\/v2\/categories?post=100174"},{"taxonomy":"post_tag","embeddable":true,"href":"https:\/\/www.visit-ulcinj.com\/blog\/wp-json\/wp\/v2\/tags?post=100174"}],"curies":[{"name":"wp","href":"https:\/\/api.w.org\/{rel}","templated":true}]}}