{"id":100179,"date":"2016-10-05T13:56:42","date_gmt":"2016-10-05T12:56:42","guid":{"rendered":"http:\/\/www.visit-ulcinj.com\/blog\/?p=100179"},"modified":"2016-10-05T13:57:55","modified_gmt":"2016-10-05T12:57:55","slug":"nika-keta-nuk-jane-deputete-por-jane-vaj-medet-berisha","status":"publish","type":"post","link":"https:\/\/www.visit-ulcinj.com\/blog\/2016\/10\/05\/nika-keta-nuk-jane-deputete-por-jane-vaj-medet-berisha\/","title":{"rendered":"Nika: K\u00ebta nuk jan\u00eb deputet\u00eb, por jan\u00eb vaj medet &#8211; Berisha &#8230;?!"},"content":{"rendered":"<p><strong><a href=\"http:\/\/www.visit-ulcinj.com\/blog\/wp-content\/uploads\/2016\/10\/Nika-K\u00ebta-nuk-jan\u00eb-deputet\u00eb-por-jan\u00eb-vaj-medet-.jpg\"><img loading=\"lazy\" class=\"alignleft wp-image-100180\" src=\"http:\/\/www.visit-ulcinj.com\/blog\/wp-content\/uploads\/2016\/10\/Nika-K\u00ebta-nuk-jan\u00eb-deputet\u00eb-por-jan\u00eb-vaj-medet-.jpg\" alt=\"Nika-K\u00ebta nuk jan\u00eb deputet\u00eb, por jan\u00eb vaj medet\" width=\"508\" height=\"286\" srcset=\"https:\/\/www.visit-ulcinj.com\/blog\/wp-content\/uploads\/2016\/10\/Nika-K\u00ebta-nuk-jan\u00eb-deputet\u00eb-por-jan\u00eb-vaj-medet-.jpg 623w, https:\/\/www.visit-ulcinj.com\/blog\/wp-content\/uploads\/2016\/10\/Nika-K\u00ebta-nuk-jan\u00eb-deputet\u00eb-por-jan\u00eb-vaj-medet--300x169.jpg 300w\" sizes=\"(max-width: 508px) 100vw, 508px\" \/><\/a>Shkruan Muhamet Nika<\/strong><\/p>\n<p>Vet\u00ebm kur pash\u00eb listat zgjedhore\u00a0 t\u00eb emrave q\u00eb garojn\u00eb\u00a0 si \u00a0\u00a0\u201c \u00a0t\u00eb zgjedhurit e shqiptareve \u201d &#8211; me mund\u00ebsi t\u00eb hyrjes n\u00eb maje t\u00eb piramid\u00ebs e kuptova drejt\u00eb m\u00eb duket \u00a0hallin e Berish\u00ebs , kur tha:\u00a0 K\u00ebta nuk jan\u00eb deputet\u00eb , por jan\u00eb vaj medet..?! Me siguri, fjal\u00ebn e kish te \u00a0injoranca \u00a0shkollore \u00a0profesionale e deputet\u00ebve q\u00eb kishin hyr\u00eb n\u00eb \u201c Sht\u00ebpin\u00eb e Shenjt\u00eb- Panteonin e Dijes- PARLAMENT\u201d. Nd\u00ebrsa\u00a0 \u00a0tjet\u00ebr ,dua t\u00eb shtoj k\u00ebtu, q\u00eb \u00a0gjithashtu sot \u00a0\u00a0m\u00eb duket se \u00a0po e kuptoj \u00a0edhe Qosen , pse shkroi \u201c Panteoni i Rralluar..\u201d&#8230;?!!<\/p>\n<p>I \u00a0k\u00ebtij mendimi ish edhe\u00a0 nj\u00eb mik\u00a0 \u00a0imi , i cili bile\u00a0 m\u00eb tha \u00a0haptas, se ai p\u00ebr vete \u00a0habitej ,\u00a0 q\u00eb \u00a0si \u00a0ishte\u00a0 e mundur tu kishte shkuar nd\u00ebr mend,\u00a0 \u00a0q\u00eb b\u00ebjn\u00eb p\u00ebr deputet\u00eb&#8230;.?!<\/p>\n<p>&nbsp;<\/p>\n<p><strong><em>\u00a0\u00a0Nj\u00eb histori\u00a0 e shkurt\u00ebr\u00a0 e pushtetit\u00a0 hyjnor dhe tok\u00ebsor<\/em><\/strong><\/p>\n<p>Pasi\u00a0 pushteti ,shihet se\u00a0 \u00ebsht\u00eb sekret\u00a0 dhe enigmatik, nga t\u00eb lasht\u00ebt trash\u00ebguam\u00a0 metod\u00ebn q\u00eb njer\u00ebzit e\u00a0 tij , gjithher\u00eb t\u2019i fshihnin\u00a0 , pas nj\u00eb shifre meritore \u00a0nga frika e p\u00ebrmendjes\u00a0 s\u00eb shpesht\u00eb t\u00eb tyre . \u00a0Por vet\u00eb\u00a0\u00a0 p\u00ebrzgjodha \u00a0, t\u00eb b\u00ebj\u00eb p\u00ebrjashtim ..?!<\/p>\n<p>Sipas\u00a0 popujve t\u00eb lasht\u00eb , ishte Zoti \u00a0Ai, \u00a0q\u00eb krijoi gjith\u00ebsin\u00eb, dhe i ra t\u00eb ishte i pari- si em\u00ebr duke u n\u00ebnkuptuar\u00a0 \u00a0\u00a0me shkronj\u00ebn A. Bile deri n\u00eb koh\u00ebn e shkrimit arab, A-ja po thuajse nuk shkruhej fare\u00a0 \u00a0sepse \u00a0n\u00ebnkuptohej&#8230;?! Zoti &#8211; Zeusi( Zot-o s) duke u identifikuar\u00a0 me\u00a0\u00a0\u00a0 A (alfa)\u00a0 besohej t\u00eb\u00a0 \u00a0rrinte\u00a0 \u00a0diku n\u00eb qiell ,dhe \u00a0p\u00ebr k\u00ebt\u00eb &#8211; \u00a0qielli quhej \u00a0\u00a0AN. Kurse\u00a0 k\u00ebta t\u00eb tok\u00ebs &#8211;\u00a0 q\u00eb binin si t\u00eb zgjedhur nga Zoti, hebraisht\u00a0 u quajt\u00ebn\u00a0 edhe \u00a0<strong>Ana<\/strong>\u00a0 n\u00eb \u00a0kuptimin \u2013 Zoti\u00a0 m\u00eb do vet\u00ebm mua&#8230;?!<\/p>\n<p>Her\u00ebn e fundit , ishin serb\u00ebt , ata q\u00eb \u00a0menduan ngjash\u00ebm dhe veten e quajt\u00ebn \u201cnebeski\u00a0 narod..- t\u00eb r\u00ebn\u00eb nga qielli . Pun\u00eb t\u00eb cil\u00ebs ia pam\u00eb t\u00eb gjith\u00eb sherrin derisa \u00a0nuk u bind\u00ebn, \u00a0p\u00ebrjashtuar ata t\u00eb \u00a0th\u00ebnies s\u00eb sodit: \u00a0MI \u00a0ili ON.., \u00a0q\u00eb vazhdojn\u00eb me bindjen\u00a0 e cekur, por p\u00ebr k\u00ebt\u00eb\u00a0 n\u00eb shkrimin e radh\u00ebs.?!<\/p>\n<p>I dyti me B (beta) ishte engj\u00eblli si banor i qiellit , kurse\u00a0 heroi \u2013 profet\u00ebt ishin nd\u00ebrzim\u00a0 i atij t\u00eb qiellit *engj\u00ebllit\u00a0 me gra vdektare ,\u00a0 nga t\u00eb cilat lindnin heronjt\u00eb- t\u00eb zgjedhurit ( ne po themi deputet\u00ebt ..)?!<\/p>\n<p>Por\u00a0 q\u00eb edhe k\u00ebtyre (perandor\u00ebve- po themi \u00a0deputet\u00ebve&#8230;), u besohej me kusht t\u00eb shpalljes s\u00eb mrekullis\u00eb \u00a0p\u00ebr nj\u00eb afat t\u00eb caktuar ..?!Dhe koh\u00ebn e daljes s\u00eb mrekullis\u00eb q\u00eb pritej \u2013 brenda\u00a0 mandatit \u00a0, iu llogarisnin\u00a0 p\u00ebr s\u00eb mbrapshtit. N\u00ebse nuk ndodhte mrekullia \u2013 brenda afatit , \u00a0i p\u00ebr z\u00ebnin nga pushteti. K\u00ebshtu puna vazhdoi deri me ardhjen e Krishtit- Koha e Re.. , ku dihet\u00a0 q\u00eb \u00a0nuk do t\u00eb ket\u00eb m\u00eb t\u00eb d\u00ebrguar&#8230;. dhe koha- mandati vazhdon \u00a0t\u00eb njehet si sot .<\/p>\n<p>Sot i bie \u00a0jemi n\u00eb vitin 2016 \u2013 pas Krishtit dhe zgjedhja na \u00ebsht\u00eb l\u00ebn\u00eb edhe \u00a0neve vdekatar\u00ebve( shqiptar\u00ebve)?! Nd\u00ebrsa \u00a0t\u00eb tre besimet monoteiste\u00a0 , secili n\u00eb form\u00ebn e vet, ruan vet\u00ebdijen e ardhjes s\u00eb tij- pushtetit qiellor , q\u00eb do v\u00ebr\u00eb \u00a0pushtetin\u00a0 e s\u00eb drejt\u00ebs n\u00eb tok\u00eb..?! E ne \u00a0duke\u00a0 mos\u00a0 i ikur tem\u00ebs vazhdojm\u00eb:<\/p>\n<p>M\u00eb \u00a0von\u00eb shohim q\u00eb \u00a0sipas parimit latin , bota e fjal\u00ebve -emrave , t\u00eb b\u00ebhet \u00a0edhe bota e shifrave( numrave) dhe\u00a0 A- ja , b\u00ebhet nj\u00ebsh(1), B-ja , b\u00ebhet 2 e k\u00ebshtu me radh\u00eb..?!!<\/p>\n<p>Si\u00a0 \u00a0reminishenc\u00eb\u00a0 e\u00a0 t\u00eb s\u00eb kaluar\u00ebs s\u00eb pushtetit qiellor ,shihet se\u00a0 edhe ky i sodit- tok\u00ebsori jon\u00eb ,\u00a0 edhe pse \u00a0nuk \u00ebsht\u00eb i r\u00ebn\u00eb nga qielli, \u00a0shohim\u00a0 ta emitoj\u00eb at\u00eb dhe \u00ebsht\u00eb sekret- enigmatik, \u00a0i fshehur , pas nj\u00eb shifre meritore, si 01\/ 02 etj&#8230;.?!<\/p>\n<p><strong><em>Dhe tashti &#8211;\u00a0 apo\u00a0 afrohet koha-\u00a0 qameti &#8230;?!<\/em><\/strong><\/p>\n<p>Pasi tashm\u00eb , po jetojm\u00eb koh\u00ebn , kur per\u00ebndia\u00a0 nuk na\u00a0 zbret m\u00eb prij\u00ebs nga banor\u00ebt e qiellit\u00a0 p\u00ebr t\u00eb na sunduar\u00a0 ata . At\u00ebher\u00eb \u00a0na \u00a0takon\u00a0 neve\u00a0 t\u2019i zgjedhim\u00a0 prij\u00ebsit tan\u00eb , t\u00eb cil\u00ebs si\u00e7 po shohim &#8211; shpesh nuk po ia q\u00ebllojm\u00eb..?!<\/p>\n<p>\u2013 Dhe\u00a0 pasi ky \u00a0proces aktual\u00a0 zgjedhor \u00a0\u201c\u00a0 i \u00a0d\u00ebshtuar\u201d\u00a0 po\u00a0 lidhet \u00a0mbase\u00a0 me t\u00eb drejt\u00eb me\u00a0 agj\u00ebrimin do kishim p\u00ebr t\u00eb shtuar\u00a0 at\u00eb\u00a0 kur \u00a0e pyet\u00ebn nj\u00ebher\u00eb \u00a0profetin e islamit q\u00eb ish edhe i par\u00eb i shtetit, se : Kur do b\u00ebhet qameti dhe\u00a0 ai u p\u00ebrgjigj, kuptohet\u00a0 me fjal\u00ebt e Zotit: \u201c&#8230;Priteni at\u00eb , kur pun\u00ebve t\u00eb r\u00ebnd\u00ebsishme dhe me p\u00ebrgjegj\u00ebsi t\u00eb shtetit \u00a0tu dalin zot t\u00eb pa dijshmit&#8230;.\u201d?!!<\/p>\n<p>Me theks t\u00eb ve\u00e7ant\u00eb \u00a0q\u00eb t\u00eb jen\u00eb aktiv\u00eb n\u00eb k\u00ebt\u00eb \u201c koh\u00eb t\u00eb arritur\u201d, me fjal\u00ebt , se : \u201c <em>Koha \u00ebsht\u00eb shpat\u00eb dhe \u00a0n\u00ebse ti nuk e pret , t\u00eb pret ajo ty&#8230;\u201d?!<\/em><\/p>\n<p><strong><em>P\u00ebr argumentim<\/em><\/strong> &#8230;., po duket \u00a0edhe n\u00eb fen\u00eb(mitologjin\u00eb ) greke, ku Zeusi, \u00a0si kryezot e q\u00eb del edhe si <strong>Zot-os<\/strong>, ishte edhe i\u00a0 biri i Kronosit- Koh\u00ebs.\u00a0 Ku ky i fundit, \u00a0nga frika e marrjes s\u00eb pushtetit nga i biri, \u00a0deshi ta vras q\u00eb n\u00eb foshnj\u00ebri at\u00eb?! Por Zeusin , e shp\u00ebtoi e \u00ebma vet \u00a0duke\u00a0 e fshehur diku n\u00eb Mal?! Dhe kur u rrit , ai e vrau vet\u00eb baban\u00eb \u2013 Kronos.<\/p>\n<p>Pra , po t\u00eb kishim dy koh\u00eb- mund t\u00eb vazhdonim me agj\u00ebrim, pse jo&#8230;.?!!Por jo ,\u00a0 me agj\u00ebrim\u00a0 p\u00ebrgatitemi\u00a0 p\u00ebr koh\u00ebn tjet\u00ebr ( t\u00eb nj\u00eb pushteti tjet\u00ebr e t\u00eb amshuar) e jo p\u00ebr k\u00ebt\u00eb t\u00eb injorant\u00ebve&#8230;?!!<\/p>\n<p>Prandaj duam t\u00eb themi , q\u00eb pritja\u00a0 tash \u00a0\u00a0nuk duhet t\u00eb jet\u00eb pasive\u00a0 \u00a0me\u00a0 agj\u00ebrim-\u00a0 me mos dalje, \u00a0\u00a0por aktive duke votuar kund\u00ebr dhe \u00a0me anulim&#8230;?!!!<\/p>\n<p>Kjo \u00a0\u00a0si duket , \u00ebsht\u00eb zgjedhja m\u00eb e mir\u00eb , \u00a0arsyet jan\u00eb t\u00eb shumta..?!!<\/p>\n<p>Fitorja ose humbja, \u00a0aktualisht , llogarit\u00ebn , n\u00eb baz\u00eb t\u00eb votave t\u00eb fituara nga t\u00eb dalat e jo nga abstenimi, i cili dihet\u00a0 \u00a0se t\u00ebrthorazi \u00a0i shkon n\u00eb favor partis\u00eb \u00a0m\u00eb t\u00eb madhe&#8230;?!!<\/p>\n<p><a href=\"http:\/\/www.visit-ulcinj.com\/blog\/wp-content\/uploads\/2014\/11\/Muhamet-Nika.jpg\"><img loading=\"lazy\" class=\"alignleft wp-image-86143 size-thumbnail\" src=\"http:\/\/www.visit-ulcinj.com\/blog\/wp-content\/uploads\/2014\/11\/Muhamet-Nika-150x150.jpg\" alt=\"Muhamet Nika\" width=\"150\" height=\"150\" \/><\/a><strong>Sudski tuma\u010d- P\u00ebrkthyes gjyq\u00ebsor \u201c MUHAMET NIKA \u201d Ulcinj- Ulqin<\/strong><\/p>\n<p><strong>Adresa:<\/strong> zgrada SO ULCINJ- nd\u00ebrtesa e KK Ulqin<\/p>\n<p><strong>Telefon-i: <\/strong> 068 264 122<\/p>\n<p><strong>Email-i <\/strong>: <strong><a href=\"mailto:muhamet-nika@hotmail.com\">muhamet-nika@hotmail.com<\/a><\/strong><\/p>\n<p>Albanski jezik- prof. Albanskog jezika<\/p>\n<p>Gjuh\u00eb shqipe- prof. I gjuh\u00ebs shqipe<\/p>\n<p><strong>Pik\u00ebpamjet e shprehura n\u00eb faqen \u201cOPINIONE\u201d nuk p\u00ebrfaq\u00ebsojn\u00eb domosdoshm\u00ebrisht politik\u00ebn redaksionale t\u00eb \u201eLajmeve nga Ulqini\u201e<\/strong><\/p>\n","protected":false},"excerpt":{"rendered":"<p>Shkruan Muhamet Nika Vet\u00ebm kur pash\u00eb listat zgjedhore\u00a0 t\u00eb emrave q\u00eb garojn\u00eb\u00a0 si \u00a0\u00a0\u201c \u00a0t\u00eb zgjedhurit e shqiptareve \u201d &#8211; me mund\u00ebsi t\u00eb hyrjes n\u00eb maje t\u00eb piramid\u00ebs e kuptova drejt\u00eb m\u00eb duket \u00a0hallin e Berish\u00ebs , kur tha:\u00a0 K\u00ebta nuk jan\u00eb deputet\u00eb , por jan\u00eb vaj medet..?! Me siguri, fjal\u00ebn e kish te \u00a0injoranca [&hellip;]<\/p>\n","protected":false},"author":1,"featured_media":0,"comment_status":"closed","ping_status":"closed","sticky":false,"template":"","format":"standard","meta":{"spay_email":"","jetpack_publicize_message":"","jetpack_is_tweetstorm":false,"jetpack_publicize_feature_enabled":true},"categories":[14249],"tags":[],"jetpack_publicize_connections":[],"yoast_head":"<!-- This site is optimized with the Yoast SEO plugin v19.1 - https:\/\/yoast.com\/wordpress\/plugins\/seo\/ -->\n<title>Nika: K\u00ebta nuk jan\u00eb deputet\u00eb, por jan\u00eb vaj medet - Berisha ...?! - Lajme nga Ulqini<\/title>\n<meta name=\"description\" content=\"Shkruan Muhamet Nika Vet\u00ebm kur pash\u00eb listat zgjedhore\u00a0 t\u00eb emrave q\u00eb garojn\u00eb\u00a0 si \u00a0\u00a0\u201c \u00a0t\u00eb zgjedhurit e shqiptareve \u201d - me mund\u00ebsi t\u00eb hyrjes n\u00eb maje t\u00eb\" \/>\n<meta name=\"robots\" content=\"index, follow, max-snippet:-1, max-image-preview:large, max-video-preview:-1\" \/>\n<link rel=\"canonical\" href=\"https:\/\/www.visit-ulcinj.com\/blog\/2016\/10\/05\/nika-keta-nuk-jane-deputete-por-jane-vaj-medet-berisha\/\" \/>\n<meta property=\"og:locale\" content=\"en_US\" \/>\n<meta property=\"og:type\" content=\"article\" \/>\n<meta property=\"og:title\" content=\"Nika: K\u00ebta nuk jan\u00eb deputet\u00eb, por jan\u00eb vaj medet - Berisha ...?! - Lajme nga Ulqini\" \/>\n<meta property=\"og:description\" content=\"Shkruan Muhamet Nika Vet\u00ebm kur pash\u00eb listat zgjedhore\u00a0 t\u00eb emrave q\u00eb garojn\u00eb\u00a0 si \u00a0\u00a0\u201c \u00a0t\u00eb zgjedhurit e shqiptareve \u201d - me mund\u00ebsi t\u00eb hyrjes n\u00eb maje t\u00eb\" \/>\n<meta property=\"og:url\" content=\"https:\/\/www.visit-ulcinj.com\/blog\/2016\/10\/05\/nika-keta-nuk-jane-deputete-por-jane-vaj-medet-berisha\/\" \/>\n<meta property=\"og:site_name\" content=\"Lajme nga Ulqini\" \/>\n<meta property=\"article:published_time\" content=\"2016-10-05T12:56:42+00:00\" \/>\n<meta property=\"article:modified_time\" content=\"2016-10-05T12:57:55+00:00\" \/>\n<meta property=\"og:image\" content=\"http:\/\/www.visit-ulcinj.com\/blog\/wp-content\/uploads\/2014\/11\/Muhamet-Nika-150x150.jpg\" \/>\n<meta name=\"twitter:label1\" content=\"Written by\" \/>\n\t<meta name=\"twitter:data1\" content=\"ulqini\" \/>\n\t<meta name=\"twitter:label2\" content=\"Est. reading time\" \/>\n\t<meta name=\"twitter:data2\" content=\"5 minutes\" \/>\n<script type=\"application\/ld+json\" class=\"yoast-schema-graph\">{\"@context\":\"https:\/\/schema.org\",\"@graph\":[{\"@type\":\"WebSite\",\"@id\":\"https:\/\/www.visit-ulcinj.com\/blog\/#website\",\"url\":\"https:\/\/www.visit-ulcinj.com\/blog\/\",\"name\":\"Lajme nga Ulqini\",\"description\":\"Lajme,Vijesti,Ulqini,Ulqin,Crna Gora,Mali i Zi\",\"potentialAction\":[{\"@type\":\"SearchAction\",\"target\":{\"@type\":\"EntryPoint\",\"urlTemplate\":\"https:\/\/www.visit-ulcinj.com\/blog\/?s={search_term_string}\"},\"query-input\":\"required name=search_term_string\"}],\"inLanguage\":\"en-US\"},{\"@type\":\"ImageObject\",\"inLanguage\":\"en-US\",\"@id\":\"https:\/\/www.visit-ulcinj.com\/blog\/2016\/10\/05\/nika-keta-nuk-jane-deputete-por-jane-vaj-medet-berisha\/#primaryimage\",\"url\":\"https:\/\/www.visit-ulcinj.com\/blog\/wp-content\/uploads\/2014\/11\/Muhamet-Nika.jpg\",\"contentUrl\":\"https:\/\/www.visit-ulcinj.com\/blog\/wp-content\/uploads\/2014\/11\/Muhamet-Nika.jpg\",\"width\":256,\"height\":319},{\"@type\":\"WebPage\",\"@id\":\"https:\/\/www.visit-ulcinj.com\/blog\/2016\/10\/05\/nika-keta-nuk-jane-deputete-por-jane-vaj-medet-berisha\/#webpage\",\"url\":\"https:\/\/www.visit-ulcinj.com\/blog\/2016\/10\/05\/nika-keta-nuk-jane-deputete-por-jane-vaj-medet-berisha\/\",\"name\":\"Nika: K\u00ebta nuk jan\u00eb deputet\u00eb, por jan\u00eb vaj medet - Berisha ...?! - Lajme nga Ulqini\",\"isPartOf\":{\"@id\":\"https:\/\/www.visit-ulcinj.com\/blog\/#website\"},\"primaryImageOfPage\":{\"@id\":\"https:\/\/www.visit-ulcinj.com\/blog\/2016\/10\/05\/nika-keta-nuk-jane-deputete-por-jane-vaj-medet-berisha\/#primaryimage\"},\"datePublished\":\"2016-10-05T12:56:42+00:00\",\"dateModified\":\"2016-10-05T12:57:55+00:00\",\"author\":{\"@id\":\"https:\/\/www.visit-ulcinj.com\/blog\/#\/schema\/person\/dcab619c614d3038751c63bc2aadc06d\"},\"description\":\"Shkruan Muhamet Nika Vet\u00ebm kur pash\u00eb listat zgjedhore\u00a0 t\u00eb emrave q\u00eb garojn\u00eb\u00a0 si \u00a0\u00a0\u201c \u00a0t\u00eb zgjedhurit e shqiptareve \u201d - me mund\u00ebsi t\u00eb hyrjes n\u00eb maje t\u00eb\",\"breadcrumb\":{\"@id\":\"https:\/\/www.visit-ulcinj.com\/blog\/2016\/10\/05\/nika-keta-nuk-jane-deputete-por-jane-vaj-medet-berisha\/#breadcrumb\"},\"inLanguage\":\"en-US\",\"potentialAction\":[{\"@type\":\"ReadAction\",\"target\":[\"https:\/\/www.visit-ulcinj.com\/blog\/2016\/10\/05\/nika-keta-nuk-jane-deputete-por-jane-vaj-medet-berisha\/\"]}]},{\"@type\":\"BreadcrumbList\",\"@id\":\"https:\/\/www.visit-ulcinj.com\/blog\/2016\/10\/05\/nika-keta-nuk-jane-deputete-por-jane-vaj-medet-berisha\/#breadcrumb\",\"itemListElement\":[{\"@type\":\"ListItem\",\"position\":1,\"name\":\"Nika: K\u00ebta nuk jan\u00eb deputet\u00eb, por jan\u00eb vaj medet &#8211; Berisha &#8230;?!\"}]},{\"@type\":\"Person\",\"@id\":\"https:\/\/www.visit-ulcinj.com\/blog\/#\/schema\/person\/dcab619c614d3038751c63bc2aadc06d\",\"name\":\"ulqini\",\"sameAs\":[\"http:\/\/www.visit-ulcinj.com\"],\"url\":\"https:\/\/www.visit-ulcinj.com\/blog\/author\/admin\/\"}]}<\/script>\n<!-- \/ Yoast SEO plugin. -->","yoast_head_json":{"title":"Nika: K\u00ebta nuk jan\u00eb deputet\u00eb, por jan\u00eb vaj medet - Berisha ...?! - Lajme nga Ulqini","description":"Shkruan Muhamet Nika Vet\u00ebm kur pash\u00eb listat zgjedhore\u00a0 t\u00eb emrave q\u00eb garojn\u00eb\u00a0 si \u00a0\u00a0\u201c \u00a0t\u00eb zgjedhurit e shqiptareve \u201d - me mund\u00ebsi t\u00eb hyrjes n\u00eb maje t\u00eb","robots":{"index":"index","follow":"follow","max-snippet":"max-snippet:-1","max-image-preview":"max-image-preview:large","max-video-preview":"max-video-preview:-1"},"canonical":"https:\/\/www.visit-ulcinj.com\/blog\/2016\/10\/05\/nika-keta-nuk-jane-deputete-por-jane-vaj-medet-berisha\/","og_locale":"en_US","og_type":"article","og_title":"Nika: K\u00ebta nuk jan\u00eb deputet\u00eb, por jan\u00eb vaj medet - Berisha ...?! - Lajme nga Ulqini","og_description":"Shkruan Muhamet Nika Vet\u00ebm kur pash\u00eb listat zgjedhore\u00a0 t\u00eb emrave q\u00eb garojn\u00eb\u00a0 si \u00a0\u00a0\u201c \u00a0t\u00eb zgjedhurit e shqiptareve \u201d - me mund\u00ebsi t\u00eb hyrjes n\u00eb maje t\u00eb","og_url":"https:\/\/www.visit-ulcinj.com\/blog\/2016\/10\/05\/nika-keta-nuk-jane-deputete-por-jane-vaj-medet-berisha\/","og_site_name":"Lajme nga Ulqini","article_published_time":"2016-10-05T12:56:42+00:00","article_modified_time":"2016-10-05T12:57:55+00:00","og_image":[{"url":"http:\/\/www.visit-ulcinj.com\/blog\/wp-content\/uploads\/2014\/11\/Muhamet-Nika-150x150.jpg"}],"twitter_misc":{"Written by":"ulqini","Est. reading time":"5 minutes"},"schema":{"@context":"https:\/\/schema.org","@graph":[{"@type":"WebSite","@id":"https:\/\/www.visit-ulcinj.com\/blog\/#website","url":"https:\/\/www.visit-ulcinj.com\/blog\/","name":"Lajme nga Ulqini","description":"Lajme,Vijesti,Ulqini,Ulqin,Crna Gora,Mali i Zi","potentialAction":[{"@type":"SearchAction","target":{"@type":"EntryPoint","urlTemplate":"https:\/\/www.visit-ulcinj.com\/blog\/?s={search_term_string}"},"query-input":"required name=search_term_string"}],"inLanguage":"en-US"},{"@type":"ImageObject","inLanguage":"en-US","@id":"https:\/\/www.visit-ulcinj.com\/blog\/2016\/10\/05\/nika-keta-nuk-jane-deputete-por-jane-vaj-medet-berisha\/#primaryimage","url":"https:\/\/www.visit-ulcinj.com\/blog\/wp-content\/uploads\/2014\/11\/Muhamet-Nika.jpg","contentUrl":"https:\/\/www.visit-ulcinj.com\/blog\/wp-content\/uploads\/2014\/11\/Muhamet-Nika.jpg","width":256,"height":319},{"@type":"WebPage","@id":"https:\/\/www.visit-ulcinj.com\/blog\/2016\/10\/05\/nika-keta-nuk-jane-deputete-por-jane-vaj-medet-berisha\/#webpage","url":"https:\/\/www.visit-ulcinj.com\/blog\/2016\/10\/05\/nika-keta-nuk-jane-deputete-por-jane-vaj-medet-berisha\/","name":"Nika: K\u00ebta nuk jan\u00eb deputet\u00eb, por jan\u00eb vaj medet - Berisha ...?! - Lajme nga Ulqini","isPartOf":{"@id":"https:\/\/www.visit-ulcinj.com\/blog\/#website"},"primaryImageOfPage":{"@id":"https:\/\/www.visit-ulcinj.com\/blog\/2016\/10\/05\/nika-keta-nuk-jane-deputete-por-jane-vaj-medet-berisha\/#primaryimage"},"datePublished":"2016-10-05T12:56:42+00:00","dateModified":"2016-10-05T12:57:55+00:00","author":{"@id":"https:\/\/www.visit-ulcinj.com\/blog\/#\/schema\/person\/dcab619c614d3038751c63bc2aadc06d"},"description":"Shkruan Muhamet Nika Vet\u00ebm kur pash\u00eb listat zgjedhore\u00a0 t\u00eb emrave q\u00eb garojn\u00eb\u00a0 si \u00a0\u00a0\u201c \u00a0t\u00eb zgjedhurit e shqiptareve \u201d - me mund\u00ebsi t\u00eb hyrjes n\u00eb maje t\u00eb","breadcrumb":{"@id":"https:\/\/www.visit-ulcinj.com\/blog\/2016\/10\/05\/nika-keta-nuk-jane-deputete-por-jane-vaj-medet-berisha\/#breadcrumb"},"inLanguage":"en-US","potentialAction":[{"@type":"ReadAction","target":["https:\/\/www.visit-ulcinj.com\/blog\/2016\/10\/05\/nika-keta-nuk-jane-deputete-por-jane-vaj-medet-berisha\/"]}]},{"@type":"BreadcrumbList","@id":"https:\/\/www.visit-ulcinj.com\/blog\/2016\/10\/05\/nika-keta-nuk-jane-deputete-por-jane-vaj-medet-berisha\/#breadcrumb","itemListElement":[{"@type":"ListItem","position":1,"name":"Nika: K\u00ebta nuk jan\u00eb deputet\u00eb, por jan\u00eb vaj medet &#8211; Berisha &#8230;?!"}]},{"@type":"Person","@id":"https:\/\/www.visit-ulcinj.com\/blog\/#\/schema\/person\/dcab619c614d3038751c63bc2aadc06d","name":"ulqini","sameAs":["http:\/\/www.visit-ulcinj.com"],"url":"https:\/\/www.visit-ulcinj.com\/blog\/author\/admin\/"}]}},"jetpack_featured_media_url":"","jetpack_sharing_enabled":true,"jetpack_shortlink":"https:\/\/wp.me\/pe6lTn-q3N","_links":{"self":[{"href":"https:\/\/www.visit-ulcinj.com\/blog\/wp-json\/wp\/v2\/posts\/100179"}],"collection":[{"href":"https:\/\/www.visit-ulcinj.com\/blog\/wp-json\/wp\/v2\/posts"}],"about":[{"href":"https:\/\/www.visit-ulcinj.com\/blog\/wp-json\/wp\/v2\/types\/post"}],"author":[{"embeddable":true,"href":"https:\/\/www.visit-ulcinj.com\/blog\/wp-json\/wp\/v2\/users\/1"}],"replies":[{"embeddable":true,"href":"https:\/\/www.visit-ulcinj.com\/blog\/wp-json\/wp\/v2\/comments?post=100179"}],"version-history":[{"count":2,"href":"https:\/\/www.visit-ulcinj.com\/blog\/wp-json\/wp\/v2\/posts\/100179\/revisions"}],"predecessor-version":[{"id":100182,"href":"https:\/\/www.visit-ulcinj.com\/blog\/wp-json\/wp\/v2\/posts\/100179\/revisions\/100182"}],"wp:attachment":[{"href":"https:\/\/www.visit-ulcinj.com\/blog\/wp-json\/wp\/v2\/media?parent=100179"}],"wp:term":[{"taxonomy":"category","embeddable":true,"href":"https:\/\/www.visit-ulcinj.com\/blog\/wp-json\/wp\/v2\/categories?post=100179"},{"taxonomy":"post_tag","embeddable":true,"href":"https:\/\/www.visit-ulcinj.com\/blog\/wp-json\/wp\/v2\/tags?post=100179"}],"curies":[{"name":"wp","href":"https:\/\/api.w.org\/{rel}","templated":true}]}}