{"id":100183,"date":"2016-10-05T14:11:46","date_gmt":"2016-10-05T13:11:46","guid":{"rendered":"http:\/\/www.visit-ulcinj.com\/blog\/?p=100183"},"modified":"2016-10-05T18:25:59","modified_gmt":"2016-10-05T17:25:59","slug":"ura-debat-ashper-mes-pokitikaneve-ne-tv-vijesti-dhe-falsifikatet-e-qeverise-per-valdanosin-dhe-kriporen","status":"publish","type":"post","link":"https:\/\/www.visit-ulcinj.com\/blog\/2016\/10\/05\/ura-debat-ashper-mes-pokitikaneve-ne-tv-vijesti-dhe-falsifikatet-e-qeverise-per-valdanosin-dhe-kriporen\/","title":{"rendered":"URA: Debat i ashp\u00ebr mes pokitikan\u00ebve n\u00eb TV Vijesti, dhe falsifikat\u00ebt e qeveris\u00eb p\u00ebr Valdanosin dhe Kriporen"},"content":{"rendered":"<p style=\"text-align: center;\"><strong><a href=\"http:\/\/www.visit-ulcinj.com\/blog\/wp-content\/uploads\/2016\/10\/SKANDAL-Falsifikat-plana-za-Valdanos.jpg\"><img loading=\"lazy\" class=\"alignleft wp-image-100184\" src=\"http:\/\/www.visit-ulcinj.com\/blog\/wp-content\/uploads\/2016\/10\/SKANDAL-Falsifikat-plana-za-Valdanos.jpg\" alt=\"SKANDAL- Falsifikat plana za Valdanos\" width=\"508\" height=\"547\" srcset=\"https:\/\/www.visit-ulcinj.com\/blog\/wp-content\/uploads\/2016\/10\/SKANDAL-Falsifikat-plana-za-Valdanos.jpg 464w, https:\/\/www.visit-ulcinj.com\/blog\/wp-content\/uploads\/2016\/10\/SKANDAL-Falsifikat-plana-za-Valdanos-278x300.jpg 278w\" sizes=\"(max-width: 508px) 100vw, 508px\" \/><\/a>Kumtesa p\u00ebr opinion e KK LQ URA.<\/strong><\/p>\n<p>T\u00ebr\u00eb opinioni i Malit t\u00eb Zi mbr\u00ebm\u00eb kishte mund\u00ebsi q\u00eb n\u00eb TV Vijesti t\u00eb shoh\u00eb planet e err\u00ebta t\u00eb Qeveris\u00eb s\u00eb kryeministrit Millo Gjukanoviq rreth Valdanosit dhe Kripores, raporton portali Ul.info.<\/p>\n<p>Kandidati p\u00ebr deputet i \u201cKoalicionit t\u00eb madh \u00c7el\u00ebsi\u201d Dritan Abazoviq i b\u00ebri publike dokumentet q\u00eb tregojn\u00eb si Qeveria mohon vullnetin e Ulqinak\u00ebve dhe si, me dhun\u00eb dhe turp, d\u00ebshiron q\u00eb n\u00eb k\u00ebt\u00eb gji, nj\u00ebjt\u00eb si n\u00eb Kripore, t\u00eb nd\u00ebrtojn\u00eb qindra vila p\u00ebr shitje n\u00eb tok\u00ebn e cila pa t\u00eb drejt\u00eb i \u00ebsht\u00eb marr\u00eb Ulqinak\u00ebve.<\/p>\n<p>Apeloj\u00eb n\u00eb pushtetin lokal dhe partit\u00eb t\u00eb cil\u00ebt n\u00eb programin e vet kan\u00eb mbrojtjen e Valdanosit q\u00eb t\u00eb mos jen\u00eb bashkautor\u00eb dhe ta vulosin k\u00ebt\u00eb falsifikuat p\u00ebr shkak t\u00eb interesave t\u00eb imta personale sepse koha ka treguar se vet\u00ebm kur \u00ebsht\u00eb pushteti lokal, sektori civil dhe qytetar\u00ebt t\u00eb vendosur, Qeveria e Malit t\u00eb Zi nuk mund t\u00eb vizatoj\u00eb sipas vullnetit t\u00eb vet dhe t\u00eb sillet me arroganc\u00eb n\u00eb Ulqin.<\/p>\n<p>Prandaj \u00ebsht\u00eb e nevojshme q\u00eb PDS-ja n\u00eb zgjedhjet e ardhshme t\u00eb p\u00ebrjetoj\u00eb debak\u00ebl n\u00eb m\u00ebnyr\u00eb q\u00eb padrejt\u00ebsit\u00eb e b\u00ebra me dekada t\u00eb korrigjohen dhe Ulqini t\u00eb kthehet prap\u00eb n\u00eb kart\u00ebn turistike t\u00eb Europ\u00ebs dhe bot\u00ebs.<\/p>\n<p>Draginja Vuksanoviq, Dritan Abazoviq, Dragan Krapoviq, Branimir Gvozdenoviq<\/p>\n<!--YouTube Error: bad URL entered-->\n","protected":false},"excerpt":{"rendered":"<p>Kumtesa p\u00ebr opinion e KK LQ URA. T\u00ebr\u00eb opinioni i Malit t\u00eb Zi mbr\u00ebm\u00eb kishte mund\u00ebsi q\u00eb n\u00eb TV Vijesti t\u00eb shoh\u00eb planet e err\u00ebta t\u00eb Qeveris\u00eb s\u00eb kryeministrit Millo Gjukanoviq rreth Valdanosit dhe Kripores, raporton portali Ul.info. Kandidati p\u00ebr deputet i \u201cKoalicionit t\u00eb madh \u00c7el\u00ebsi\u201d Dritan Abazoviq i b\u00ebri publike dokumentet q\u00eb tregojn\u00eb si [&hellip;]<\/p>\n","protected":false},"author":1,"featured_media":0,"comment_status":"closed","ping_status":"closed","sticky":false,"template":"","format":"standard","meta":{"spay_email":"","jetpack_publicize_message":"","jetpack_is_tweetstorm":false,"jetpack_publicize_feature_enabled":true},"categories":[1,13],"tags":[],"jetpack_publicize_connections":[],"yoast_head":"<!-- This site is optimized with the Yoast SEO plugin v19.1 - https:\/\/yoast.com\/wordpress\/plugins\/seo\/ -->\n<title>URA: Debat i ashp\u00ebr mes pokitikan\u00ebve n\u00eb TV Vijesti, dhe falsifikat\u00ebt e qeveris\u00eb p\u00ebr Valdanosin dhe Kriporen - Lajme nga Ulqini<\/title>\n<meta name=\"description\" content=\"Kumtesa p\u00ebr opinion e KK LQ URA. T\u00ebr\u00eb opinioni i Malit t\u00eb Zi mbr\u00ebm\u00eb kishte mund\u00ebsi q\u00eb n\u00eb TV Vijesti t\u00eb shoh\u00eb planet e err\u00ebta t\u00eb Qeveris\u00eb s\u00eb kryeministrit\" \/>\n<meta name=\"robots\" content=\"index, follow, max-snippet:-1, max-image-preview:large, max-video-preview:-1\" \/>\n<link rel=\"canonical\" href=\"https:\/\/www.visit-ulcinj.com\/blog\/2016\/10\/05\/ura-debat-ashper-mes-pokitikaneve-ne-tv-vijesti-dhe-falsifikatet-e-qeverise-per-valdanosin-dhe-kriporen\/\" \/>\n<meta property=\"og:locale\" content=\"en_US\" \/>\n<meta property=\"og:type\" content=\"article\" \/>\n<meta property=\"og:title\" content=\"URA: Debat i ashp\u00ebr mes pokitikan\u00ebve n\u00eb TV Vijesti, dhe falsifikat\u00ebt e qeveris\u00eb p\u00ebr Valdanosin dhe Kriporen - Lajme nga Ulqini\" \/>\n<meta property=\"og:description\" content=\"Kumtesa p\u00ebr opinion e KK LQ URA. T\u00ebr\u00eb opinioni i Malit t\u00eb Zi mbr\u00ebm\u00eb kishte mund\u00ebsi q\u00eb n\u00eb TV Vijesti t\u00eb shoh\u00eb planet e err\u00ebta t\u00eb Qeveris\u00eb s\u00eb kryeministrit\" \/>\n<meta property=\"og:url\" content=\"https:\/\/www.visit-ulcinj.com\/blog\/2016\/10\/05\/ura-debat-ashper-mes-pokitikaneve-ne-tv-vijesti-dhe-falsifikatet-e-qeverise-per-valdanosin-dhe-kriporen\/\" \/>\n<meta property=\"og:site_name\" content=\"Lajme nga Ulqini\" \/>\n<meta property=\"article:published_time\" content=\"2016-10-05T13:11:46+00:00\" \/>\n<meta property=\"article:modified_time\" content=\"2016-10-05T17:25:59+00:00\" \/>\n<meta property=\"og:image\" content=\"http:\/\/www.visit-ulcinj.com\/blog\/wp-content\/uploads\/2016\/10\/SKANDAL-Falsifikat-plana-za-Valdanos.jpg\" \/>\n<meta name=\"twitter:label1\" content=\"Written by\" \/>\n\t<meta name=\"twitter:data1\" content=\"ulqini\" \/>\n\t<meta name=\"twitter:label2\" content=\"Est. reading time\" \/>\n\t<meta name=\"twitter:data2\" content=\"1 minute\" \/>\n<script type=\"application\/ld+json\" class=\"yoast-schema-graph\">{\"@context\":\"https:\/\/schema.org\",\"@graph\":[{\"@type\":\"WebSite\",\"@id\":\"https:\/\/www.visit-ulcinj.com\/blog\/#website\",\"url\":\"https:\/\/www.visit-ulcinj.com\/blog\/\",\"name\":\"Lajme nga Ulqini\",\"description\":\"Lajme,Vijesti,Ulqini,Ulqin,Crna Gora,Mali i Zi\",\"potentialAction\":[{\"@type\":\"SearchAction\",\"target\":{\"@type\":\"EntryPoint\",\"urlTemplate\":\"https:\/\/www.visit-ulcinj.com\/blog\/?s={search_term_string}\"},\"query-input\":\"required name=search_term_string\"}],\"inLanguage\":\"en-US\"},{\"@type\":\"ImageObject\",\"inLanguage\":\"en-US\",\"@id\":\"https:\/\/www.visit-ulcinj.com\/blog\/2016\/10\/05\/ura-debat-ashper-mes-pokitikaneve-ne-tv-vijesti-dhe-falsifikatet-e-qeverise-per-valdanosin-dhe-kriporen\/#primaryimage\",\"url\":\"https:\/\/www.visit-ulcinj.com\/blog\/wp-content\/uploads\/2016\/10\/SKANDAL-Falsifikat-plana-za-Valdanos.jpg\",\"contentUrl\":\"https:\/\/www.visit-ulcinj.com\/blog\/wp-content\/uploads\/2016\/10\/SKANDAL-Falsifikat-plana-za-Valdanos.jpg\",\"width\":464,\"height\":500},{\"@type\":\"WebPage\",\"@id\":\"https:\/\/www.visit-ulcinj.com\/blog\/2016\/10\/05\/ura-debat-ashper-mes-pokitikaneve-ne-tv-vijesti-dhe-falsifikatet-e-qeverise-per-valdanosin-dhe-kriporen\/#webpage\",\"url\":\"https:\/\/www.visit-ulcinj.com\/blog\/2016\/10\/05\/ura-debat-ashper-mes-pokitikaneve-ne-tv-vijesti-dhe-falsifikatet-e-qeverise-per-valdanosin-dhe-kriporen\/\",\"name\":\"URA: Debat i ashp\u00ebr mes pokitikan\u00ebve n\u00eb TV Vijesti, dhe falsifikat\u00ebt e qeveris\u00eb p\u00ebr Valdanosin dhe Kriporen - Lajme nga Ulqini\",\"isPartOf\":{\"@id\":\"https:\/\/www.visit-ulcinj.com\/blog\/#website\"},\"primaryImageOfPage\":{\"@id\":\"https:\/\/www.visit-ulcinj.com\/blog\/2016\/10\/05\/ura-debat-ashper-mes-pokitikaneve-ne-tv-vijesti-dhe-falsifikatet-e-qeverise-per-valdanosin-dhe-kriporen\/#primaryimage\"},\"datePublished\":\"2016-10-05T13:11:46+00:00\",\"dateModified\":\"2016-10-05T17:25:59+00:00\",\"author\":{\"@id\":\"https:\/\/www.visit-ulcinj.com\/blog\/#\/schema\/person\/dcab619c614d3038751c63bc2aadc06d\"},\"description\":\"Kumtesa p\u00ebr opinion e KK LQ URA. T\u00ebr\u00eb opinioni i Malit t\u00eb Zi mbr\u00ebm\u00eb kishte mund\u00ebsi q\u00eb n\u00eb TV Vijesti t\u00eb shoh\u00eb planet e err\u00ebta t\u00eb Qeveris\u00eb s\u00eb kryeministrit\",\"breadcrumb\":{\"@id\":\"https:\/\/www.visit-ulcinj.com\/blog\/2016\/10\/05\/ura-debat-ashper-mes-pokitikaneve-ne-tv-vijesti-dhe-falsifikatet-e-qeverise-per-valdanosin-dhe-kriporen\/#breadcrumb\"},\"inLanguage\":\"en-US\",\"potentialAction\":[{\"@type\":\"ReadAction\",\"target\":[\"https:\/\/www.visit-ulcinj.com\/blog\/2016\/10\/05\/ura-debat-ashper-mes-pokitikaneve-ne-tv-vijesti-dhe-falsifikatet-e-qeverise-per-valdanosin-dhe-kriporen\/\"]}]},{\"@type\":\"BreadcrumbList\",\"@id\":\"https:\/\/www.visit-ulcinj.com\/blog\/2016\/10\/05\/ura-debat-ashper-mes-pokitikaneve-ne-tv-vijesti-dhe-falsifikatet-e-qeverise-per-valdanosin-dhe-kriporen\/#breadcrumb\",\"itemListElement\":[{\"@type\":\"ListItem\",\"position\":1,\"name\":\"URA: Debat i ashp\u00ebr mes pokitikan\u00ebve n\u00eb TV Vijesti, dhe falsifikat\u00ebt e qeveris\u00eb p\u00ebr Valdanosin dhe Kriporen\"}]},{\"@type\":\"Person\",\"@id\":\"https:\/\/www.visit-ulcinj.com\/blog\/#\/schema\/person\/dcab619c614d3038751c63bc2aadc06d\",\"name\":\"ulqini\",\"sameAs\":[\"http:\/\/www.visit-ulcinj.com\"],\"url\":\"https:\/\/www.visit-ulcinj.com\/blog\/author\/admin\/\"}]}<\/script>\n<!-- \/ Yoast SEO plugin. -->","yoast_head_json":{"title":"URA: Debat i ashp\u00ebr mes pokitikan\u00ebve n\u00eb TV Vijesti, dhe falsifikat\u00ebt e qeveris\u00eb p\u00ebr Valdanosin dhe Kriporen - Lajme nga Ulqini","description":"Kumtesa p\u00ebr opinion e KK LQ URA. T\u00ebr\u00eb opinioni i Malit t\u00eb Zi mbr\u00ebm\u00eb kishte mund\u00ebsi q\u00eb n\u00eb TV Vijesti t\u00eb shoh\u00eb planet e err\u00ebta t\u00eb Qeveris\u00eb s\u00eb kryeministrit","robots":{"index":"index","follow":"follow","max-snippet":"max-snippet:-1","max-image-preview":"max-image-preview:large","max-video-preview":"max-video-preview:-1"},"canonical":"https:\/\/www.visit-ulcinj.com\/blog\/2016\/10\/05\/ura-debat-ashper-mes-pokitikaneve-ne-tv-vijesti-dhe-falsifikatet-e-qeverise-per-valdanosin-dhe-kriporen\/","og_locale":"en_US","og_type":"article","og_title":"URA: Debat i ashp\u00ebr mes pokitikan\u00ebve n\u00eb TV Vijesti, dhe falsifikat\u00ebt e qeveris\u00eb p\u00ebr Valdanosin dhe Kriporen - Lajme nga Ulqini","og_description":"Kumtesa p\u00ebr opinion e KK LQ URA. T\u00ebr\u00eb opinioni i Malit t\u00eb Zi mbr\u00ebm\u00eb kishte mund\u00ebsi q\u00eb n\u00eb TV Vijesti t\u00eb shoh\u00eb planet e err\u00ebta t\u00eb Qeveris\u00eb s\u00eb kryeministrit","og_url":"https:\/\/www.visit-ulcinj.com\/blog\/2016\/10\/05\/ura-debat-ashper-mes-pokitikaneve-ne-tv-vijesti-dhe-falsifikatet-e-qeverise-per-valdanosin-dhe-kriporen\/","og_site_name":"Lajme nga Ulqini","article_published_time":"2016-10-05T13:11:46+00:00","article_modified_time":"2016-10-05T17:25:59+00:00","og_image":[{"url":"http:\/\/www.visit-ulcinj.com\/blog\/wp-content\/uploads\/2016\/10\/SKANDAL-Falsifikat-plana-za-Valdanos.jpg"}],"twitter_misc":{"Written by":"ulqini","Est. reading time":"1 minute"},"schema":{"@context":"https:\/\/schema.org","@graph":[{"@type":"WebSite","@id":"https:\/\/www.visit-ulcinj.com\/blog\/#website","url":"https:\/\/www.visit-ulcinj.com\/blog\/","name":"Lajme nga Ulqini","description":"Lajme,Vijesti,Ulqini,Ulqin,Crna Gora,Mali i Zi","potentialAction":[{"@type":"SearchAction","target":{"@type":"EntryPoint","urlTemplate":"https:\/\/www.visit-ulcinj.com\/blog\/?s={search_term_string}"},"query-input":"required name=search_term_string"}],"inLanguage":"en-US"},{"@type":"ImageObject","inLanguage":"en-US","@id":"https:\/\/www.visit-ulcinj.com\/blog\/2016\/10\/05\/ura-debat-ashper-mes-pokitikaneve-ne-tv-vijesti-dhe-falsifikatet-e-qeverise-per-valdanosin-dhe-kriporen\/#primaryimage","url":"https:\/\/www.visit-ulcinj.com\/blog\/wp-content\/uploads\/2016\/10\/SKANDAL-Falsifikat-plana-za-Valdanos.jpg","contentUrl":"https:\/\/www.visit-ulcinj.com\/blog\/wp-content\/uploads\/2016\/10\/SKANDAL-Falsifikat-plana-za-Valdanos.jpg","width":464,"height":500},{"@type":"WebPage","@id":"https:\/\/www.visit-ulcinj.com\/blog\/2016\/10\/05\/ura-debat-ashper-mes-pokitikaneve-ne-tv-vijesti-dhe-falsifikatet-e-qeverise-per-valdanosin-dhe-kriporen\/#webpage","url":"https:\/\/www.visit-ulcinj.com\/blog\/2016\/10\/05\/ura-debat-ashper-mes-pokitikaneve-ne-tv-vijesti-dhe-falsifikatet-e-qeverise-per-valdanosin-dhe-kriporen\/","name":"URA: Debat i ashp\u00ebr mes pokitikan\u00ebve n\u00eb TV Vijesti, dhe falsifikat\u00ebt e qeveris\u00eb p\u00ebr Valdanosin dhe Kriporen - Lajme nga Ulqini","isPartOf":{"@id":"https:\/\/www.visit-ulcinj.com\/blog\/#website"},"primaryImageOfPage":{"@id":"https:\/\/www.visit-ulcinj.com\/blog\/2016\/10\/05\/ura-debat-ashper-mes-pokitikaneve-ne-tv-vijesti-dhe-falsifikatet-e-qeverise-per-valdanosin-dhe-kriporen\/#primaryimage"},"datePublished":"2016-10-05T13:11:46+00:00","dateModified":"2016-10-05T17:25:59+00:00","author":{"@id":"https:\/\/www.visit-ulcinj.com\/blog\/#\/schema\/person\/dcab619c614d3038751c63bc2aadc06d"},"description":"Kumtesa p\u00ebr opinion e KK LQ URA. T\u00ebr\u00eb opinioni i Malit t\u00eb Zi mbr\u00ebm\u00eb kishte mund\u00ebsi q\u00eb n\u00eb TV Vijesti t\u00eb shoh\u00eb planet e err\u00ebta t\u00eb Qeveris\u00eb s\u00eb kryeministrit","breadcrumb":{"@id":"https:\/\/www.visit-ulcinj.com\/blog\/2016\/10\/05\/ura-debat-ashper-mes-pokitikaneve-ne-tv-vijesti-dhe-falsifikatet-e-qeverise-per-valdanosin-dhe-kriporen\/#breadcrumb"},"inLanguage":"en-US","potentialAction":[{"@type":"ReadAction","target":["https:\/\/www.visit-ulcinj.com\/blog\/2016\/10\/05\/ura-debat-ashper-mes-pokitikaneve-ne-tv-vijesti-dhe-falsifikatet-e-qeverise-per-valdanosin-dhe-kriporen\/"]}]},{"@type":"BreadcrumbList","@id":"https:\/\/www.visit-ulcinj.com\/blog\/2016\/10\/05\/ura-debat-ashper-mes-pokitikaneve-ne-tv-vijesti-dhe-falsifikatet-e-qeverise-per-valdanosin-dhe-kriporen\/#breadcrumb","itemListElement":[{"@type":"ListItem","position":1,"name":"URA: Debat i ashp\u00ebr mes pokitikan\u00ebve n\u00eb TV Vijesti, dhe falsifikat\u00ebt e qeveris\u00eb p\u00ebr Valdanosin dhe Kriporen"}]},{"@type":"Person","@id":"https:\/\/www.visit-ulcinj.com\/blog\/#\/schema\/person\/dcab619c614d3038751c63bc2aadc06d","name":"ulqini","sameAs":["http:\/\/www.visit-ulcinj.com"],"url":"https:\/\/www.visit-ulcinj.com\/blog\/author\/admin\/"}]}},"jetpack_featured_media_url":"","jetpack_sharing_enabled":true,"jetpack_shortlink":"https:\/\/wp.me\/pe6lTn-q3R","_links":{"self":[{"href":"https:\/\/www.visit-ulcinj.com\/blog\/wp-json\/wp\/v2\/posts\/100183"}],"collection":[{"href":"https:\/\/www.visit-ulcinj.com\/blog\/wp-json\/wp\/v2\/posts"}],"about":[{"href":"https:\/\/www.visit-ulcinj.com\/blog\/wp-json\/wp\/v2\/types\/post"}],"author":[{"embeddable":true,"href":"https:\/\/www.visit-ulcinj.com\/blog\/wp-json\/wp\/v2\/users\/1"}],"replies":[{"embeddable":true,"href":"https:\/\/www.visit-ulcinj.com\/blog\/wp-json\/wp\/v2\/comments?post=100183"}],"version-history":[{"count":5,"href":"https:\/\/www.visit-ulcinj.com\/blog\/wp-json\/wp\/v2\/posts\/100183\/revisions"}],"predecessor-version":[{"id":100192,"href":"https:\/\/www.visit-ulcinj.com\/blog\/wp-json\/wp\/v2\/posts\/100183\/revisions\/100192"}],"wp:attachment":[{"href":"https:\/\/www.visit-ulcinj.com\/blog\/wp-json\/wp\/v2\/media?parent=100183"}],"wp:term":[{"taxonomy":"category","embeddable":true,"href":"https:\/\/www.visit-ulcinj.com\/blog\/wp-json\/wp\/v2\/categories?post=100183"},{"taxonomy":"post_tag","embeddable":true,"href":"https:\/\/www.visit-ulcinj.com\/blog\/wp-json\/wp\/v2\/tags?post=100183"}],"curies":[{"name":"wp","href":"https:\/\/api.w.org\/{rel}","templated":true}]}}