{"id":100194,"date":"2016-10-05T14:41:38","date_gmt":"2016-10-05T13:41:38","guid":{"rendered":"http:\/\/www.visit-ulcinj.com\/blog\/?p=100194"},"modified":"2016-10-08T05:56:44","modified_gmt":"2016-10-08T04:56:44","slug":"shperngulje-te-frikshme-nga-ulqini-familje-te-tera-drejt-amerikes","status":"publish","type":"post","link":"https:\/\/www.visit-ulcinj.com\/blog\/2016\/10\/05\/shperngulje-te-frikshme-nga-ulqini-familje-te-tera-drejt-amerikes\/","title":{"rendered":"Shp\u00ebrngulje t\u00eb frikshme nga Ulqini, familje t\u00eb t\u00ebra drejt Amerik\u00ebs"},"content":{"rendered":"<p><a href=\"http:\/\/www.visit-ulcinj.com\/blog\/wp-content\/uploads\/2016\/10\/bileta-aeroplan-AMERIKA.jpg\"><img loading=\"lazy\" class=\"alignleft wp-image-100195\" src=\"http:\/\/www.visit-ulcinj.com\/blog\/wp-content\/uploads\/2016\/10\/bileta-aeroplan-AMERIKA.jpg\" alt=\"bileta-aeroplan-AMERIKA\" width=\"508\" height=\"338\" srcset=\"https:\/\/www.visit-ulcinj.com\/blog\/wp-content\/uploads\/2016\/10\/bileta-aeroplan-AMERIKA.jpg 620w, https:\/\/www.visit-ulcinj.com\/blog\/wp-content\/uploads\/2016\/10\/bileta-aeroplan-AMERIKA-300x200.jpg 300w\" sizes=\"(max-width: 508px) 100vw, 508px\" \/><\/a>Shqiptari i par\u00eb i dokumentuar q\u00eb ka emigruar n\u00eb Shtetet e Bashkuara ishte Kol\u00eb Kristofori, i cili zbarkoj n\u00eb Boston n\u00eb fillim t\u00eb viteve 1880\u2032 dhe mbahet mend si pioner i grupit etnik shqiptar n\u00eb SHBA.<\/p>\n<p>Shqiptar\u00ebt nga Mali i Zi n\u00eb p\u00ebrgjith\u00ebsi dhe nga Ulqini n\u00eb ve\u00e7anti fillimet e emigrimit e tyre i kan\u00eb menj\u00ebher\u00eb pas luft\u00ebs s\u00eb II-t\u00eb bot\u00ebrore por duke vazhduar n\u00eb m\u00ebnyr\u00eb t\u00eb vazhdueshme dhe pa nd\u00ebrp\u00ebrerje deri n\u00eb dit\u00ebt e sodit. Por vitet e 70-ta, 80-ta dhe 90-ta do t\u00eb sh\u00ebnojn\u00eb kulmin e kurb\u00ebs e cila nuk ka t\u00eb ndalur. Dominonin shkaqet ekonomike por edhe politike.<\/p>\n<p>Ulqini dhe rrethina e tij por edhe Kraja, vitet q\u00eb po l\u00ebm\u00eb pas, po kalojn\u00eb nj\u00eb koh\u00eb e cila mund t\u00eb karakterizohet si koh\u00eb e emigrimit t\u00eb familjeve t\u00eb t\u00ebra n\u00eb drejtim t\u00eb ShBA-ve. Vet\u00ebm n\u00eb pjes\u00ebn e par\u00eb t\u00eb vitit 2016 jan\u00eb me dhjet\u00ebra familje t\u00eb cilat kan\u00eb emigruar drejt shteteve p\u00ebrtej oqeanit.\u00a0 Numri kaq i madh i familjeve t\u00eb t\u00ebra t\u00eb cil\u00ebt zgjedhin rrug\u00ebn e fundit dhe m\u00eb t\u00eb v\u00ebshtir\u00eb p\u00ebr t\u00eb vazhduar jet\u00ebn e tyre paraqet nj\u00eb fenomen t\u00eb friksh\u00ebm dhe t\u00eb njohur p\u00ebt shqiptar\u00ebt n\u00eb Ulqin.<\/p>\n<p>N\u00ebse emigrimit familjar i shtojm\u00eb edhe numrin jasht\u00ebzakonisht t\u00eb madh t\u00eb t\u00eb rinjve t\u00eb cil\u00ebt menj\u00ebher\u00eb pas p\u00ebrfundimit t\u00eb shkoll\u00ebs s\u00eb mesme marrin rrug\u00ebn e emigrimit, at\u00ebher\u00eb shifrat b\u00ebhen alarmante.<\/p>\n<p>Nuk ka num\u00ebr t\u00eb sakt\u00eb se sa mund t\u00eb jet\u00eb numri i emigranteve m\u00eb t\u00eb ri nga Ulqini dhe rrethina, pasi shumica largohen n\u00eb heshtje t\u00eb plot\u00eb dhe pa u ndier, por q\u00eb \u00ebsht\u00eb mjaft i madh \u00ebsht\u00eb e padiskutueshme.<\/p>\n<p>Fakti se n\u00eb Evrop\u00ebn p\u00ebr\u00ebndimore dhe n\u00eb SHBA jetojn\u00eb m\u00eb shum\u00eb shqiptar\u00eb nga Ulqini dhe rrethina se sa n\u00eb vendlindjen e tyre dhe t\u00eb par\u00ebve t\u00eb tyre tregon mjaft.<\/p>\n<p>INA<\/p>\n","protected":false},"excerpt":{"rendered":"<p>Shqiptari i par\u00eb i dokumentuar q\u00eb ka emigruar n\u00eb Shtetet e Bashkuara ishte Kol\u00eb Kristofori, i cili zbarkoj n\u00eb Boston n\u00eb fillim t\u00eb viteve 1880\u2032 dhe mbahet mend si pioner i grupit etnik shqiptar n\u00eb SHBA. Shqiptar\u00ebt nga Mali i Zi n\u00eb p\u00ebrgjith\u00ebsi dhe nga Ulqini n\u00eb ve\u00e7anti fillimet e emigrimit e tyre i kan\u00eb [&hellip;]<\/p>\n","protected":false},"author":1,"featured_media":0,"comment_status":"closed","ping_status":"closed","sticky":false,"template":"","format":"standard","meta":{"spay_email":"","jetpack_publicize_message":"","jetpack_is_tweetstorm":false,"jetpack_publicize_feature_enabled":true},"categories":[1,12],"tags":[],"jetpack_publicize_connections":[],"yoast_head":"<!-- This site is optimized with the Yoast SEO plugin v19.1 - https:\/\/yoast.com\/wordpress\/plugins\/seo\/ -->\n<title>Shp\u00ebrngulje t\u00eb frikshme nga Ulqini, familje t\u00eb t\u00ebra drejt Amerik\u00ebs - Lajme nga Ulqini<\/title>\n<meta name=\"description\" content=\"Shqiptari i par\u00eb i dokumentuar q\u00eb ka emigruar n\u00eb Shtetet e Bashkuara ishte Kol\u00eb Kristofori, i cili zbarkoj n\u00eb Boston n\u00eb fillim t\u00eb viteve 1880\u2032 dhe mbahet\" \/>\n<meta name=\"robots\" content=\"index, follow, max-snippet:-1, max-image-preview:large, max-video-preview:-1\" \/>\n<link rel=\"canonical\" href=\"https:\/\/www.visit-ulcinj.com\/blog\/2016\/10\/05\/shperngulje-te-frikshme-nga-ulqini-familje-te-tera-drejt-amerikes\/\" \/>\n<meta property=\"og:locale\" content=\"en_US\" \/>\n<meta property=\"og:type\" content=\"article\" \/>\n<meta property=\"og:title\" content=\"Shp\u00ebrngulje t\u00eb frikshme nga Ulqini, familje t\u00eb t\u00ebra drejt Amerik\u00ebs - Lajme nga Ulqini\" \/>\n<meta property=\"og:description\" content=\"Shqiptari i par\u00eb i dokumentuar q\u00eb ka emigruar n\u00eb Shtetet e Bashkuara ishte Kol\u00eb Kristofori, i cili zbarkoj n\u00eb Boston n\u00eb fillim t\u00eb viteve 1880\u2032 dhe mbahet\" \/>\n<meta property=\"og:url\" content=\"https:\/\/www.visit-ulcinj.com\/blog\/2016\/10\/05\/shperngulje-te-frikshme-nga-ulqini-familje-te-tera-drejt-amerikes\/\" \/>\n<meta property=\"og:site_name\" content=\"Lajme nga Ulqini\" \/>\n<meta property=\"article:published_time\" content=\"2016-10-05T13:41:38+00:00\" \/>\n<meta property=\"article:modified_time\" content=\"2016-10-08T04:56:44+00:00\" \/>\n<meta property=\"og:image\" content=\"http:\/\/www.visit-ulcinj.com\/blog\/wp-content\/uploads\/2016\/10\/bileta-aeroplan-AMERIKA.jpg\" \/>\n<meta name=\"twitter:label1\" content=\"Written by\" \/>\n\t<meta name=\"twitter:data1\" content=\"ulqini\" \/>\n\t<meta name=\"twitter:label2\" content=\"Est. reading time\" \/>\n\t<meta name=\"twitter:data2\" content=\"2 minutes\" \/>\n<script type=\"application\/ld+json\" class=\"yoast-schema-graph\">{\"@context\":\"https:\/\/schema.org\",\"@graph\":[{\"@type\":\"WebSite\",\"@id\":\"https:\/\/www.visit-ulcinj.com\/blog\/#website\",\"url\":\"https:\/\/www.visit-ulcinj.com\/blog\/\",\"name\":\"Lajme nga Ulqini\",\"description\":\"Lajme,Vijesti,Ulqini,Ulqin,Crna Gora,Mali i Zi\",\"potentialAction\":[{\"@type\":\"SearchAction\",\"target\":{\"@type\":\"EntryPoint\",\"urlTemplate\":\"https:\/\/www.visit-ulcinj.com\/blog\/?s={search_term_string}\"},\"query-input\":\"required name=search_term_string\"}],\"inLanguage\":\"en-US\"},{\"@type\":\"ImageObject\",\"inLanguage\":\"en-US\",\"@id\":\"https:\/\/www.visit-ulcinj.com\/blog\/2016\/10\/05\/shperngulje-te-frikshme-nga-ulqini-familje-te-tera-drejt-amerikes\/#primaryimage\",\"url\":\"https:\/\/www.visit-ulcinj.com\/blog\/wp-content\/uploads\/2016\/10\/bileta-aeroplan-AMERIKA.jpg\",\"contentUrl\":\"https:\/\/www.visit-ulcinj.com\/blog\/wp-content\/uploads\/2016\/10\/bileta-aeroplan-AMERIKA.jpg\",\"width\":620,\"height\":413},{\"@type\":\"WebPage\",\"@id\":\"https:\/\/www.visit-ulcinj.com\/blog\/2016\/10\/05\/shperngulje-te-frikshme-nga-ulqini-familje-te-tera-drejt-amerikes\/#webpage\",\"url\":\"https:\/\/www.visit-ulcinj.com\/blog\/2016\/10\/05\/shperngulje-te-frikshme-nga-ulqini-familje-te-tera-drejt-amerikes\/\",\"name\":\"Shp\u00ebrngulje t\u00eb frikshme nga Ulqini, familje t\u00eb t\u00ebra drejt Amerik\u00ebs - Lajme nga Ulqini\",\"isPartOf\":{\"@id\":\"https:\/\/www.visit-ulcinj.com\/blog\/#website\"},\"primaryImageOfPage\":{\"@id\":\"https:\/\/www.visit-ulcinj.com\/blog\/2016\/10\/05\/shperngulje-te-frikshme-nga-ulqini-familje-te-tera-drejt-amerikes\/#primaryimage\"},\"datePublished\":\"2016-10-05T13:41:38+00:00\",\"dateModified\":\"2016-10-08T04:56:44+00:00\",\"author\":{\"@id\":\"https:\/\/www.visit-ulcinj.com\/blog\/#\/schema\/person\/dcab619c614d3038751c63bc2aadc06d\"},\"description\":\"Shqiptari i par\u00eb i dokumentuar q\u00eb ka emigruar n\u00eb Shtetet e Bashkuara ishte Kol\u00eb Kristofori, i cili zbarkoj n\u00eb Boston n\u00eb fillim t\u00eb viteve 1880\u2032 dhe mbahet\",\"breadcrumb\":{\"@id\":\"https:\/\/www.visit-ulcinj.com\/blog\/2016\/10\/05\/shperngulje-te-frikshme-nga-ulqini-familje-te-tera-drejt-amerikes\/#breadcrumb\"},\"inLanguage\":\"en-US\",\"potentialAction\":[{\"@type\":\"ReadAction\",\"target\":[\"https:\/\/www.visit-ulcinj.com\/blog\/2016\/10\/05\/shperngulje-te-frikshme-nga-ulqini-familje-te-tera-drejt-amerikes\/\"]}]},{\"@type\":\"BreadcrumbList\",\"@id\":\"https:\/\/www.visit-ulcinj.com\/blog\/2016\/10\/05\/shperngulje-te-frikshme-nga-ulqini-familje-te-tera-drejt-amerikes\/#breadcrumb\",\"itemListElement\":[{\"@type\":\"ListItem\",\"position\":1,\"name\":\"Shp\u00ebrngulje t\u00eb frikshme nga Ulqini, familje t\u00eb t\u00ebra drejt Amerik\u00ebs\"}]},{\"@type\":\"Person\",\"@id\":\"https:\/\/www.visit-ulcinj.com\/blog\/#\/schema\/person\/dcab619c614d3038751c63bc2aadc06d\",\"name\":\"ulqini\",\"sameAs\":[\"http:\/\/www.visit-ulcinj.com\"],\"url\":\"https:\/\/www.visit-ulcinj.com\/blog\/author\/admin\/\"}]}<\/script>\n<!-- \/ Yoast SEO plugin. -->","yoast_head_json":{"title":"Shp\u00ebrngulje t\u00eb frikshme nga Ulqini, familje t\u00eb t\u00ebra drejt Amerik\u00ebs - Lajme nga Ulqini","description":"Shqiptari i par\u00eb i dokumentuar q\u00eb ka emigruar n\u00eb Shtetet e Bashkuara ishte Kol\u00eb Kristofori, i cili zbarkoj n\u00eb Boston n\u00eb fillim t\u00eb viteve 1880\u2032 dhe mbahet","robots":{"index":"index","follow":"follow","max-snippet":"max-snippet:-1","max-image-preview":"max-image-preview:large","max-video-preview":"max-video-preview:-1"},"canonical":"https:\/\/www.visit-ulcinj.com\/blog\/2016\/10\/05\/shperngulje-te-frikshme-nga-ulqini-familje-te-tera-drejt-amerikes\/","og_locale":"en_US","og_type":"article","og_title":"Shp\u00ebrngulje t\u00eb frikshme nga Ulqini, familje t\u00eb t\u00ebra drejt Amerik\u00ebs - Lajme nga Ulqini","og_description":"Shqiptari i par\u00eb i dokumentuar q\u00eb ka emigruar n\u00eb Shtetet e Bashkuara ishte Kol\u00eb Kristofori, i cili zbarkoj n\u00eb Boston n\u00eb fillim t\u00eb viteve 1880\u2032 dhe mbahet","og_url":"https:\/\/www.visit-ulcinj.com\/blog\/2016\/10\/05\/shperngulje-te-frikshme-nga-ulqini-familje-te-tera-drejt-amerikes\/","og_site_name":"Lajme nga Ulqini","article_published_time":"2016-10-05T13:41:38+00:00","article_modified_time":"2016-10-08T04:56:44+00:00","og_image":[{"url":"http:\/\/www.visit-ulcinj.com\/blog\/wp-content\/uploads\/2016\/10\/bileta-aeroplan-AMERIKA.jpg"}],"twitter_misc":{"Written by":"ulqini","Est. reading time":"2 minutes"},"schema":{"@context":"https:\/\/schema.org","@graph":[{"@type":"WebSite","@id":"https:\/\/www.visit-ulcinj.com\/blog\/#website","url":"https:\/\/www.visit-ulcinj.com\/blog\/","name":"Lajme nga Ulqini","description":"Lajme,Vijesti,Ulqini,Ulqin,Crna Gora,Mali i Zi","potentialAction":[{"@type":"SearchAction","target":{"@type":"EntryPoint","urlTemplate":"https:\/\/www.visit-ulcinj.com\/blog\/?s={search_term_string}"},"query-input":"required name=search_term_string"}],"inLanguage":"en-US"},{"@type":"ImageObject","inLanguage":"en-US","@id":"https:\/\/www.visit-ulcinj.com\/blog\/2016\/10\/05\/shperngulje-te-frikshme-nga-ulqini-familje-te-tera-drejt-amerikes\/#primaryimage","url":"https:\/\/www.visit-ulcinj.com\/blog\/wp-content\/uploads\/2016\/10\/bileta-aeroplan-AMERIKA.jpg","contentUrl":"https:\/\/www.visit-ulcinj.com\/blog\/wp-content\/uploads\/2016\/10\/bileta-aeroplan-AMERIKA.jpg","width":620,"height":413},{"@type":"WebPage","@id":"https:\/\/www.visit-ulcinj.com\/blog\/2016\/10\/05\/shperngulje-te-frikshme-nga-ulqini-familje-te-tera-drejt-amerikes\/#webpage","url":"https:\/\/www.visit-ulcinj.com\/blog\/2016\/10\/05\/shperngulje-te-frikshme-nga-ulqini-familje-te-tera-drejt-amerikes\/","name":"Shp\u00ebrngulje t\u00eb frikshme nga Ulqini, familje t\u00eb t\u00ebra drejt Amerik\u00ebs - Lajme nga Ulqini","isPartOf":{"@id":"https:\/\/www.visit-ulcinj.com\/blog\/#website"},"primaryImageOfPage":{"@id":"https:\/\/www.visit-ulcinj.com\/blog\/2016\/10\/05\/shperngulje-te-frikshme-nga-ulqini-familje-te-tera-drejt-amerikes\/#primaryimage"},"datePublished":"2016-10-05T13:41:38+00:00","dateModified":"2016-10-08T04:56:44+00:00","author":{"@id":"https:\/\/www.visit-ulcinj.com\/blog\/#\/schema\/person\/dcab619c614d3038751c63bc2aadc06d"},"description":"Shqiptari i par\u00eb i dokumentuar q\u00eb ka emigruar n\u00eb Shtetet e Bashkuara ishte Kol\u00eb Kristofori, i cili zbarkoj n\u00eb Boston n\u00eb fillim t\u00eb viteve 1880\u2032 dhe mbahet","breadcrumb":{"@id":"https:\/\/www.visit-ulcinj.com\/blog\/2016\/10\/05\/shperngulje-te-frikshme-nga-ulqini-familje-te-tera-drejt-amerikes\/#breadcrumb"},"inLanguage":"en-US","potentialAction":[{"@type":"ReadAction","target":["https:\/\/www.visit-ulcinj.com\/blog\/2016\/10\/05\/shperngulje-te-frikshme-nga-ulqini-familje-te-tera-drejt-amerikes\/"]}]},{"@type":"BreadcrumbList","@id":"https:\/\/www.visit-ulcinj.com\/blog\/2016\/10\/05\/shperngulje-te-frikshme-nga-ulqini-familje-te-tera-drejt-amerikes\/#breadcrumb","itemListElement":[{"@type":"ListItem","position":1,"name":"Shp\u00ebrngulje t\u00eb frikshme nga Ulqini, familje t\u00eb t\u00ebra drejt Amerik\u00ebs"}]},{"@type":"Person","@id":"https:\/\/www.visit-ulcinj.com\/blog\/#\/schema\/person\/dcab619c614d3038751c63bc2aadc06d","name":"ulqini","sameAs":["http:\/\/www.visit-ulcinj.com"],"url":"https:\/\/www.visit-ulcinj.com\/blog\/author\/admin\/"}]}},"jetpack_featured_media_url":"","jetpack_sharing_enabled":true,"jetpack_shortlink":"https:\/\/wp.me\/pe6lTn-q42","_links":{"self":[{"href":"https:\/\/www.visit-ulcinj.com\/blog\/wp-json\/wp\/v2\/posts\/100194"}],"collection":[{"href":"https:\/\/www.visit-ulcinj.com\/blog\/wp-json\/wp\/v2\/posts"}],"about":[{"href":"https:\/\/www.visit-ulcinj.com\/blog\/wp-json\/wp\/v2\/types\/post"}],"author":[{"embeddable":true,"href":"https:\/\/www.visit-ulcinj.com\/blog\/wp-json\/wp\/v2\/users\/1"}],"replies":[{"embeddable":true,"href":"https:\/\/www.visit-ulcinj.com\/blog\/wp-json\/wp\/v2\/comments?post=100194"}],"version-history":[{"count":1,"href":"https:\/\/www.visit-ulcinj.com\/blog\/wp-json\/wp\/v2\/posts\/100194\/revisions"}],"predecessor-version":[{"id":100196,"href":"https:\/\/www.visit-ulcinj.com\/blog\/wp-json\/wp\/v2\/posts\/100194\/revisions\/100196"}],"wp:attachment":[{"href":"https:\/\/www.visit-ulcinj.com\/blog\/wp-json\/wp\/v2\/media?parent=100194"}],"wp:term":[{"taxonomy":"category","embeddable":true,"href":"https:\/\/www.visit-ulcinj.com\/blog\/wp-json\/wp\/v2\/categories?post=100194"},{"taxonomy":"post_tag","embeddable":true,"href":"https:\/\/www.visit-ulcinj.com\/blog\/wp-json\/wp\/v2\/tags?post=100194"}],"curies":[{"name":"wp","href":"https:\/\/api.w.org\/{rel}","templated":true}]}}