{"id":100201,"date":"2016-10-07T07:53:57","date_gmt":"2016-10-07T06:53:57","guid":{"rendered":"http:\/\/www.visit-ulcinj.com\/blog\/?p=100201"},"modified":"2016-10-07T07:53:57","modified_gmt":"2016-10-07T06:53:57","slug":"genci-nimanbegu-tvrdi-da-plan-vlade-ne-moze-proci-u-ulcinj","status":"publish","type":"post","link":"https:\/\/www.visit-ulcinj.com\/blog\/2016\/10\/07\/genci-nimanbegu-tvrdi-da-plan-vlade-ne-moze-proci-u-ulcinj\/","title":{"rendered":"Genci Nimanbegu tvrdi da plan Vlade ne mo\u017ee pro\u0107i u Ulcinj"},"content":{"rendered":"<p><strong><a href=\"http:\/\/www.visit-ulcinj.com\/blog\/wp-content\/uploads\/2016\/10\/Genci-Nimanbegu.jpg\"><img loading=\"lazy\" class=\"alignleft wp-image-100202\" src=\"http:\/\/www.visit-ulcinj.com\/blog\/wp-content\/uploads\/2016\/10\/Genci-Nimanbegu.jpg\" alt=\"Genci Nimanbegu\" width=\"508\" height=\"339\" srcset=\"https:\/\/www.visit-ulcinj.com\/blog\/wp-content\/uploads\/2016\/10\/Genci-Nimanbegu.jpg 960w, https:\/\/www.visit-ulcinj.com\/blog\/wp-content\/uploads\/2016\/10\/Genci-Nimanbegu-300x200.jpg 300w, https:\/\/www.visit-ulcinj.com\/blog\/wp-content\/uploads\/2016\/10\/Genci-Nimanbegu-768x512.jpg 768w\" sizes=\"(max-width: 508px) 100vw, 508px\" \/><\/a>&#8220;Na\u017ealost, ovo vi\u0161e nije pitanje zakona ve\u0107 politike \u0161to je ministar te\u0161ko zloupotrijebio. To zatvara vrata svakom mogu\u0107em postizbornom sporazumu na\u0161e koalicije sa svakom vladom koja bi do\u0161la na vlasti&#8221;<\/strong><\/p>\n<p><strong><span class=\"credits__author\"> Autor: Samir Adrovi\u0107 <\/span><\/strong><\/p>\n<p>Nosilac liste albanske koalicije \u201eAlbanci odlu\u010dni\u201c i visoki funkcioner Force Genci Nimanbegu kazao je da ta partija ne\u0107e glasati za Prostorno- urbanisti\u010dki plan op\u0161tine, koji je izradila Vlada i dostavila lokalnom parlamentu na usvajanje.<\/p>\n<p>On je najavio i mogu\u0107nost da ta koalicija ne zaklju\u010di postizborni sporazum sa bilo kojom Vladom koja ne\u0107e priznati vlasni\u010dka prava biv\u0161ih vlasnika imovine u Valdanosu. Izjava Nimanbegua \u0161amar je premijeru Milu \u0110ukanovi\u0107u koji je tokom nedavne radne posjete Ulcinju, u prisustvu predsjednika Op\u0161tine i lidera Force Nazifa Cungua, kazao da \u0107e PUP sigurno biti usvojen prije izbora. Premijer je istom prilikom rekao da je sa Forcom, koja je DPS- u koalicioni partner i na dr\u017eavnom i na lokalnom nivou, usagla\u0161eno vi\u0161e od 90 odsto spornih pitanja vezano za valorizaciju Valdanosa.<\/p>\n<p>Na zvani\u010dnoj facebook stranici, Nimanbegu je reagovao na tvrdnje ministra odr\u017eivog razvoja i turizma Branimira Gvozdenovi\u0107a, koji je tokom debate na TV Vijesti kazao da je Valdanos dr\u017eavna imovina i da su biv\u0161i vlasnici uzeli novac za uzete maslinjake.<\/p>\n<p>&#8220;Povra\u0107aj imovine u Valdanosu pravim vlasnicima, je dio na\u0161eg politi\u010dkog stava o kojem se ne mo\u017ee pregovarati. Na\u017ealost, ovo vi\u0161e nije pitanje zakona ve\u0107 politike \u0161to je ministar te\u0161ko zloupotrijebio. To zatvara vrata svakom mogu\u0107em postizbornom sporazumu na\u0161e koalicije sa svakom vladom koja bi do\u0161la na vlasti&#8221;\u00a0napisao je Nimanbegu.<\/p>\n<p>Naveo je \u201eda je nepravda u\u010dinjena u Valdanosu, ne\u0161to od \u010dega mi ne\u0107emo odustati\u201c.<\/p>\n<p>&#8220;\u0160to je razlog vi\u0161e da predlo\u017eeni , koji je izradila Vlada, ne bude izglasan u SO Ulcinj&#8221;\u00a0ocijenio je Nimanbegu.<\/p>\n<p><strong>Nreki\u0107:Politi\u010dki marketing Force<\/strong><\/p>\n<p>Ulcinj- \u0160ef ulcinjskog DPS-a Ljoro Nreki\u0107, koji je i predsjednik SO, kazao je da \u0107e sjednicu lokalnog parlamenta na \u010dijem dnevnom redu \u0107e biti Prostorno urbanisti\u010dki plan, zakazati poslije izbora. Upitan da prokomentari\u0161e izjavu Nimanbegua, Nreki\u0107 je ocijenio da je u pitanju politi\u010dki marketing Force.<\/p>\n<p>&#8220;To je zbog 16. oktobra. Budu\u0107i da smo koalicioni partneri, sve \u0107e na svoje mjesto do\u0107i poslije izbora&#8221; kazao je on Vijestima.<\/p>\n<p><strong>Izvor: Vijesti Online<\/strong><\/p>\n","protected":false},"excerpt":{"rendered":"<p>&#8220;Na\u017ealost, ovo vi\u0161e nije pitanje zakona ve\u0107 politike \u0161to je ministar te\u0161ko zloupotrijebio. To zatvara vrata svakom mogu\u0107em postizbornom sporazumu na\u0161e koalicije sa svakom vladom koja bi do\u0161la na vlasti&#8221; Autor: Samir Adrovi\u0107 Nosilac liste albanske koalicije \u201eAlbanci odlu\u010dni\u201c i visoki funkcioner Force Genci Nimanbegu kazao je da ta partija ne\u0107e glasati za Prostorno- urbanisti\u010dki [&hellip;]<\/p>\n","protected":false},"author":1,"featured_media":0,"comment_status":"closed","ping_status":"closed","sticky":false,"template":"","format":"standard","meta":{"spay_email":"","jetpack_publicize_message":"","jetpack_is_tweetstorm":false,"jetpack_publicize_feature_enabled":true},"categories":[8337],"tags":[],"jetpack_publicize_connections":[],"yoast_head":"<!-- This site is optimized with the Yoast SEO plugin v19.1 - https:\/\/yoast.com\/wordpress\/plugins\/seo\/ -->\n<title>Genci Nimanbegu tvrdi da plan Vlade ne mo\u017ee pro\u0107i u Ulcinj - Lajme nga Ulqini<\/title>\n<meta name=\"description\" content=\"&quot;Na\u017ealost, ovo vi\u0161e nije pitanje zakona ve\u0107 politike \u0161to je ministar te\u0161ko zloupotrijebio. To zatvara vrata svakom mogu\u0107em postizbornom sporazumu na\u0161e\" \/>\n<meta name=\"robots\" content=\"index, follow, max-snippet:-1, max-image-preview:large, max-video-preview:-1\" \/>\n<link rel=\"canonical\" href=\"https:\/\/www.visit-ulcinj.com\/blog\/2016\/10\/07\/genci-nimanbegu-tvrdi-da-plan-vlade-ne-moze-proci-u-ulcinj\/\" \/>\n<meta property=\"og:locale\" content=\"en_US\" \/>\n<meta property=\"og:type\" content=\"article\" \/>\n<meta property=\"og:title\" content=\"Genci Nimanbegu tvrdi da plan Vlade ne mo\u017ee pro\u0107i u Ulcinj - Lajme nga Ulqini\" \/>\n<meta property=\"og:description\" content=\"&quot;Na\u017ealost, ovo vi\u0161e nije pitanje zakona ve\u0107 politike \u0161to je ministar te\u0161ko zloupotrijebio. To zatvara vrata svakom mogu\u0107em postizbornom sporazumu na\u0161e\" \/>\n<meta property=\"og:url\" content=\"https:\/\/www.visit-ulcinj.com\/blog\/2016\/10\/07\/genci-nimanbegu-tvrdi-da-plan-vlade-ne-moze-proci-u-ulcinj\/\" \/>\n<meta property=\"og:site_name\" content=\"Lajme nga Ulqini\" \/>\n<meta property=\"article:published_time\" content=\"2016-10-07T06:53:57+00:00\" \/>\n<meta property=\"og:image\" content=\"http:\/\/www.visit-ulcinj.com\/blog\/wp-content\/uploads\/2016\/10\/Genci-Nimanbegu.jpg\" \/>\n<meta name=\"twitter:label1\" content=\"Written by\" \/>\n\t<meta name=\"twitter:data1\" content=\"ulqini\" \/>\n\t<meta name=\"twitter:label2\" content=\"Est. reading time\" \/>\n\t<meta name=\"twitter:data2\" content=\"2 minutes\" \/>\n<script type=\"application\/ld+json\" class=\"yoast-schema-graph\">{\"@context\":\"https:\/\/schema.org\",\"@graph\":[{\"@type\":\"WebSite\",\"@id\":\"https:\/\/www.visit-ulcinj.com\/blog\/#website\",\"url\":\"https:\/\/www.visit-ulcinj.com\/blog\/\",\"name\":\"Lajme nga Ulqini\",\"description\":\"Lajme,Vijesti,Ulqini,Ulqin,Crna Gora,Mali i Zi\",\"potentialAction\":[{\"@type\":\"SearchAction\",\"target\":{\"@type\":\"EntryPoint\",\"urlTemplate\":\"https:\/\/www.visit-ulcinj.com\/blog\/?s={search_term_string}\"},\"query-input\":\"required name=search_term_string\"}],\"inLanguage\":\"en-US\"},{\"@type\":\"ImageObject\",\"inLanguage\":\"en-US\",\"@id\":\"https:\/\/www.visit-ulcinj.com\/blog\/2016\/10\/07\/genci-nimanbegu-tvrdi-da-plan-vlade-ne-moze-proci-u-ulcinj\/#primaryimage\",\"url\":\"https:\/\/www.visit-ulcinj.com\/blog\/wp-content\/uploads\/2016\/10\/Genci-Nimanbegu.jpg\",\"contentUrl\":\"https:\/\/www.visit-ulcinj.com\/blog\/wp-content\/uploads\/2016\/10\/Genci-Nimanbegu.jpg\",\"width\":960,\"height\":640},{\"@type\":\"WebPage\",\"@id\":\"https:\/\/www.visit-ulcinj.com\/blog\/2016\/10\/07\/genci-nimanbegu-tvrdi-da-plan-vlade-ne-moze-proci-u-ulcinj\/#webpage\",\"url\":\"https:\/\/www.visit-ulcinj.com\/blog\/2016\/10\/07\/genci-nimanbegu-tvrdi-da-plan-vlade-ne-moze-proci-u-ulcinj\/\",\"name\":\"Genci Nimanbegu tvrdi da plan Vlade ne mo\u017ee pro\u0107i u Ulcinj - Lajme nga Ulqini\",\"isPartOf\":{\"@id\":\"https:\/\/www.visit-ulcinj.com\/blog\/#website\"},\"primaryImageOfPage\":{\"@id\":\"https:\/\/www.visit-ulcinj.com\/blog\/2016\/10\/07\/genci-nimanbegu-tvrdi-da-plan-vlade-ne-moze-proci-u-ulcinj\/#primaryimage\"},\"datePublished\":\"2016-10-07T06:53:57+00:00\",\"dateModified\":\"2016-10-07T06:53:57+00:00\",\"author\":{\"@id\":\"https:\/\/www.visit-ulcinj.com\/blog\/#\/schema\/person\/dcab619c614d3038751c63bc2aadc06d\"},\"description\":\"\\\"Na\u017ealost, ovo vi\u0161e nije pitanje zakona ve\u0107 politike \u0161to je ministar te\u0161ko zloupotrijebio. To zatvara vrata svakom mogu\u0107em postizbornom sporazumu na\u0161e\",\"breadcrumb\":{\"@id\":\"https:\/\/www.visit-ulcinj.com\/blog\/2016\/10\/07\/genci-nimanbegu-tvrdi-da-plan-vlade-ne-moze-proci-u-ulcinj\/#breadcrumb\"},\"inLanguage\":\"en-US\",\"potentialAction\":[{\"@type\":\"ReadAction\",\"target\":[\"https:\/\/www.visit-ulcinj.com\/blog\/2016\/10\/07\/genci-nimanbegu-tvrdi-da-plan-vlade-ne-moze-proci-u-ulcinj\/\"]}]},{\"@type\":\"BreadcrumbList\",\"@id\":\"https:\/\/www.visit-ulcinj.com\/blog\/2016\/10\/07\/genci-nimanbegu-tvrdi-da-plan-vlade-ne-moze-proci-u-ulcinj\/#breadcrumb\",\"itemListElement\":[{\"@type\":\"ListItem\",\"position\":1,\"name\":\"Genci Nimanbegu tvrdi da plan Vlade ne mo\u017ee pro\u0107i u Ulcinj\"}]},{\"@type\":\"Person\",\"@id\":\"https:\/\/www.visit-ulcinj.com\/blog\/#\/schema\/person\/dcab619c614d3038751c63bc2aadc06d\",\"name\":\"ulqini\",\"sameAs\":[\"http:\/\/www.visit-ulcinj.com\"],\"url\":\"https:\/\/www.visit-ulcinj.com\/blog\/author\/admin\/\"}]}<\/script>\n<!-- \/ Yoast SEO plugin. -->","yoast_head_json":{"title":"Genci Nimanbegu tvrdi da plan Vlade ne mo\u017ee pro\u0107i u Ulcinj - Lajme nga Ulqini","description":"\"Na\u017ealost, ovo vi\u0161e nije pitanje zakona ve\u0107 politike \u0161to je ministar te\u0161ko zloupotrijebio. To zatvara vrata svakom mogu\u0107em postizbornom sporazumu na\u0161e","robots":{"index":"index","follow":"follow","max-snippet":"max-snippet:-1","max-image-preview":"max-image-preview:large","max-video-preview":"max-video-preview:-1"},"canonical":"https:\/\/www.visit-ulcinj.com\/blog\/2016\/10\/07\/genci-nimanbegu-tvrdi-da-plan-vlade-ne-moze-proci-u-ulcinj\/","og_locale":"en_US","og_type":"article","og_title":"Genci Nimanbegu tvrdi da plan Vlade ne mo\u017ee pro\u0107i u Ulcinj - Lajme nga Ulqini","og_description":"\"Na\u017ealost, ovo vi\u0161e nije pitanje zakona ve\u0107 politike \u0161to je ministar te\u0161ko zloupotrijebio. To zatvara vrata svakom mogu\u0107em postizbornom sporazumu na\u0161e","og_url":"https:\/\/www.visit-ulcinj.com\/blog\/2016\/10\/07\/genci-nimanbegu-tvrdi-da-plan-vlade-ne-moze-proci-u-ulcinj\/","og_site_name":"Lajme nga Ulqini","article_published_time":"2016-10-07T06:53:57+00:00","og_image":[{"url":"http:\/\/www.visit-ulcinj.com\/blog\/wp-content\/uploads\/2016\/10\/Genci-Nimanbegu.jpg"}],"twitter_misc":{"Written by":"ulqini","Est. reading time":"2 minutes"},"schema":{"@context":"https:\/\/schema.org","@graph":[{"@type":"WebSite","@id":"https:\/\/www.visit-ulcinj.com\/blog\/#website","url":"https:\/\/www.visit-ulcinj.com\/blog\/","name":"Lajme nga Ulqini","description":"Lajme,Vijesti,Ulqini,Ulqin,Crna Gora,Mali i Zi","potentialAction":[{"@type":"SearchAction","target":{"@type":"EntryPoint","urlTemplate":"https:\/\/www.visit-ulcinj.com\/blog\/?s={search_term_string}"},"query-input":"required name=search_term_string"}],"inLanguage":"en-US"},{"@type":"ImageObject","inLanguage":"en-US","@id":"https:\/\/www.visit-ulcinj.com\/blog\/2016\/10\/07\/genci-nimanbegu-tvrdi-da-plan-vlade-ne-moze-proci-u-ulcinj\/#primaryimage","url":"https:\/\/www.visit-ulcinj.com\/blog\/wp-content\/uploads\/2016\/10\/Genci-Nimanbegu.jpg","contentUrl":"https:\/\/www.visit-ulcinj.com\/blog\/wp-content\/uploads\/2016\/10\/Genci-Nimanbegu.jpg","width":960,"height":640},{"@type":"WebPage","@id":"https:\/\/www.visit-ulcinj.com\/blog\/2016\/10\/07\/genci-nimanbegu-tvrdi-da-plan-vlade-ne-moze-proci-u-ulcinj\/#webpage","url":"https:\/\/www.visit-ulcinj.com\/blog\/2016\/10\/07\/genci-nimanbegu-tvrdi-da-plan-vlade-ne-moze-proci-u-ulcinj\/","name":"Genci Nimanbegu tvrdi da plan Vlade ne mo\u017ee pro\u0107i u Ulcinj - Lajme nga Ulqini","isPartOf":{"@id":"https:\/\/www.visit-ulcinj.com\/blog\/#website"},"primaryImageOfPage":{"@id":"https:\/\/www.visit-ulcinj.com\/blog\/2016\/10\/07\/genci-nimanbegu-tvrdi-da-plan-vlade-ne-moze-proci-u-ulcinj\/#primaryimage"},"datePublished":"2016-10-07T06:53:57+00:00","dateModified":"2016-10-07T06:53:57+00:00","author":{"@id":"https:\/\/www.visit-ulcinj.com\/blog\/#\/schema\/person\/dcab619c614d3038751c63bc2aadc06d"},"description":"\"Na\u017ealost, ovo vi\u0161e nije pitanje zakona ve\u0107 politike \u0161to je ministar te\u0161ko zloupotrijebio. To zatvara vrata svakom mogu\u0107em postizbornom sporazumu na\u0161e","breadcrumb":{"@id":"https:\/\/www.visit-ulcinj.com\/blog\/2016\/10\/07\/genci-nimanbegu-tvrdi-da-plan-vlade-ne-moze-proci-u-ulcinj\/#breadcrumb"},"inLanguage":"en-US","potentialAction":[{"@type":"ReadAction","target":["https:\/\/www.visit-ulcinj.com\/blog\/2016\/10\/07\/genci-nimanbegu-tvrdi-da-plan-vlade-ne-moze-proci-u-ulcinj\/"]}]},{"@type":"BreadcrumbList","@id":"https:\/\/www.visit-ulcinj.com\/blog\/2016\/10\/07\/genci-nimanbegu-tvrdi-da-plan-vlade-ne-moze-proci-u-ulcinj\/#breadcrumb","itemListElement":[{"@type":"ListItem","position":1,"name":"Genci Nimanbegu tvrdi da plan Vlade ne mo\u017ee pro\u0107i u Ulcinj"}]},{"@type":"Person","@id":"https:\/\/www.visit-ulcinj.com\/blog\/#\/schema\/person\/dcab619c614d3038751c63bc2aadc06d","name":"ulqini","sameAs":["http:\/\/www.visit-ulcinj.com"],"url":"https:\/\/www.visit-ulcinj.com\/blog\/author\/admin\/"}]}},"jetpack_featured_media_url":"","jetpack_sharing_enabled":true,"jetpack_shortlink":"https:\/\/wp.me\/pe6lTn-q49","_links":{"self":[{"href":"https:\/\/www.visit-ulcinj.com\/blog\/wp-json\/wp\/v2\/posts\/100201"}],"collection":[{"href":"https:\/\/www.visit-ulcinj.com\/blog\/wp-json\/wp\/v2\/posts"}],"about":[{"href":"https:\/\/www.visit-ulcinj.com\/blog\/wp-json\/wp\/v2\/types\/post"}],"author":[{"embeddable":true,"href":"https:\/\/www.visit-ulcinj.com\/blog\/wp-json\/wp\/v2\/users\/1"}],"replies":[{"embeddable":true,"href":"https:\/\/www.visit-ulcinj.com\/blog\/wp-json\/wp\/v2\/comments?post=100201"}],"version-history":[{"count":1,"href":"https:\/\/www.visit-ulcinj.com\/blog\/wp-json\/wp\/v2\/posts\/100201\/revisions"}],"predecessor-version":[{"id":100203,"href":"https:\/\/www.visit-ulcinj.com\/blog\/wp-json\/wp\/v2\/posts\/100201\/revisions\/100203"}],"wp:attachment":[{"href":"https:\/\/www.visit-ulcinj.com\/blog\/wp-json\/wp\/v2\/media?parent=100201"}],"wp:term":[{"taxonomy":"category","embeddable":true,"href":"https:\/\/www.visit-ulcinj.com\/blog\/wp-json\/wp\/v2\/categories?post=100201"},{"taxonomy":"post_tag","embeddable":true,"href":"https:\/\/www.visit-ulcinj.com\/blog\/wp-json\/wp\/v2\/tags?post=100201"}],"curies":[{"name":"wp","href":"https:\/\/api.w.org\/{rel}","templated":true}]}}