{"id":100228,"date":"2016-10-10T13:20:00","date_gmt":"2016-10-10T12:20:00","guid":{"rendered":"http:\/\/www.visit-ulcinj.com\/blog\/?p=100228"},"modified":"2016-10-10T13:34:22","modified_gmt":"2016-10-10T12:34:22","slug":"nika-sllogani-mi-ili-ne-thelb-eshte-anti-shqiptar-kush-eshte-autori-dhe-cfare-tha-gjukanoviq","status":"publish","type":"post","link":"https:\/\/www.visit-ulcinj.com\/blog\/2016\/10\/10\/nika-sllogani-mi-ili-ne-thelb-eshte-anti-shqiptar-kush-eshte-autori-dhe-cfare-tha-gjukanoviq\/","title":{"rendered":"Nika: Sllogani: Mi ili on-n\u00eb thelb \u00ebsht\u00eb anti shqiptar-kush \u00ebsht\u00eb autori..?! Dhe \u00e7far\u00eb tha Gjukanoviq ?!!"},"content":{"rendered":"<p><strong><em><a href=\"http:\/\/www.visit-ulcinj.com\/blog\/wp-content\/uploads\/2016\/10\/Mi-ili-on.jpg\"><img loading=\"lazy\" class=\"alignleft wp-image-100231\" src=\"http:\/\/www.visit-ulcinj.com\/blog\/wp-content\/uploads\/2016\/10\/Mi-ili-on.jpg\" alt=\"Mi ili on\" width=\"508\" height=\"193\" srcset=\"https:\/\/www.visit-ulcinj.com\/blog\/wp-content\/uploads\/2016\/10\/Mi-ili-on.jpg 828w, https:\/\/www.visit-ulcinj.com\/blog\/wp-content\/uploads\/2016\/10\/Mi-ili-on-300x114.jpg 300w, https:\/\/www.visit-ulcinj.com\/blog\/wp-content\/uploads\/2016\/10\/Mi-ili-on-768x292.jpg 768w\" sizes=\"(max-width: 508px) 100vw, 508px\" \/><\/a>Shkruan Muhamet Nika <\/em><\/strong><\/p>\n<p><strong><em>Gjukanoviq me nj\u00eb rast, pat pyetur \u00a0autor\u00ebt: \u201c N\u00ebse un\u00eb jam <u>AI <\/u>; kush jan\u00eb hijet e mija..\u201c?! P\u00ebrgjegja nuk arriti kurr\u00eb &#8230;?!!<\/em><\/strong><\/p>\n<p><strong><em>E kjo, si logjik\u00eb normale\u00a0 na shtyen edhe neve\u00a0 t\u00eb pyesim n\u00eb t\u00eb kund\u00ebrt\u00ebn:\u00a0 po kush jan\u00eb at\u00ebher\u00eb &#8211;\u00a0 hijet e atyre q\u00eb pyesin (\u00a0 <u>MI&#8230;),<\/u>\u00a0 p\u00ebrgjegja\u00a0 p\u00ebr k\u00ebt\u00eb ( sipas neve) n\u00eb vazhdim&#8230;?!!!<\/em><\/strong><\/p>\n<p><em>Slogani MI \u00a0ili On: <strong><u>Ne\u00a0 APO AI &#8230;?!<\/u><\/strong> \u00a0I komunitetit\u00a0 sllavo serb,\u00a0 kishtaro- ortodoks,\u00a0 n\u00eb Mal t\u00eb Zi, si duket\u00a0 tashti\u00a0 m\u00eb ka marr\u00eb p\u00ebrmasa\u00a0 apokaliptike (kiameti \u00a0t\u00eb vet\u00ebdijes \u00a0\u00a0populliste\u00a0 serbe, q\u00eb \u00a0historikisht\u00a0 dhe artistikisht \u00ebsht\u00eb produkt \u00a0i formuar mbi\u00a0 nj\u00eb let\u00ebrsi t\u00eb \u00a0t\u00ebr\u00eb hakmarrjeje letrare dhe kishtarte\u00a0 pansllaviste \u00a0dhe antishqiptare. \u00a0Andaj edhe duhet doemos t\u00eb thyhet\u00a0 me vot\u00eb\u00a0 nga vet\u00eb serb\u00ebt e\u00a0 Malit t\u00eb Zi dhe jo nga shqiptar\u00ebt, edhe tashti q\u00eb duket se po p\u00ebrjeton\u00a0 \u00a0defanziv\u00eb &#8230;?! Ka ardhur koha q\u00eb serb\u00ebt , t\u00eb marrin guxim dhe t\u00eb b\u00ebjn\u00eb nj\u00eb pastrim\u00a0 autokritik\u00a0 shpirt\u00ebror tyrin duke \u00e7uar dor\u00eb p\u00ebrfundimisht\u00a0 nga lufta kund\u00ebr shqiptar\u00ebve\u00a0 dhe kund\u00ebr islamit. \u00a0Kuptohet t\u00eb krijuar \u00a0mbi baz\u00ebn\u00a0 e let\u00ebrsie indoktrinuese t\u00eb\u00a0 Na\u00e7erttanie dhe mitit t\u00eb importuar dhe t\u00eb shpikurt \u00a0nga murgjit \u00a0rus\u00eb \u00a0\u2013 rreth \u00a0Betej\u00ebs s\u00eb Fush\u00eb Kosov\u00ebs, p\u00ebr t\u00eb\u00a0 cil\u00ebn vet\u00eb murgjit\u00a0 serb\u00eb , kur e d\u00ebgjuan \u2013 than\u00eb se nuk kishin njohuri p\u00ebr nj\u00eb gj\u00eb t\u00eb till\u00eb&#8230;?!!<\/em><\/p>\n<p><em>Pasi k\u00ebt\u00eb \u00e7\u00ebshtje e kam trajtuar n\u00eb letr\u00ebn e hapur drejtuar Penit, tashti pasi i urrej p\u00ebrs\u00ebritjet &#8211; \u00a0v\u00ebt\u00ebm shkurt do t\u2019i p\u00ebrs\u00ebrisim do teza, po qe nevoja&#8230;?!!<\/em><\/p>\n<p><em>\u00a0Mos harroni faktin , q\u00eb : mesazhi zgjedhor aktual , n\u00eb k\u00ebt\u00eb situat\u00eb \u00a0\u00a0ve\u00e7on \u00a0si \u00a0\u00a0fajtor \u00a0kryesor \u00a0p\u00ebr d\u00ebshtimin historik\u00a0 e kolektiv t\u00eb tyre \u2013 me\u00a0\u00a0 shqiptar\u00ebt\u00a0 tashm\u00eb \u00a0\u00a0\u00a0jo ortodoksin\u00eb\u00a0 sllave &#8211; \u00a0Millosheviqin- \u00a0,\u00a0 por vet\u00eb\u00a0 Milo Gjukanoviqin, kujto koh\u00ebn\u00a0 kur \u00a0serb\u00ebt k\u00ebndonin n\u00eb vitet 90 &#8211; \u00a0<strong><u>MI \u00a0I \u00a0ONI,<\/u><\/strong> Ne dhe Ata( pra \u00a0\u2013ne serb\u00ebt dhe \u00a0ata , shqiptaro mysliman\u00ebt ..?! \u00a0Me q\u00ebllim konkretizimi\u00a0 te tez\u00ebs, po themi se fjal\u00ebn e kemi t\u00eb nj\u00eb p\u00ebrmbledhje\u00a0 shovene( thumbuese)\u00a0 t\u00eb Dragan Koprivic\u00ebs\u00a0 q\u00eb do rr\u00ebfejm\u00eb m\u00eb posht\u00eb.., dhe\u00a0 e cila u krijua , kur n\u00eb Ulqin,\u00a0 SEDMI BATALON- nj\u00eb njesit paraushtarak \u00a0serb- \u00a0pas vitit\u00a0 97 , k\u00ebndonte \u00a0k\u00ebng\u00ebn \u00a0\u201e <strong><u>OD GORANE DO BOJANE \u00a0\u00a0ZAKLA\u0106EMO \u00a0SVE \u00a0MUSLIMANE..\u201c?!!<\/u><\/strong><\/em><\/p>\n<p><em>\u00a0Prandaj\u00a0 fal\u00eb k\u00ebtyre- hijeve ortodokse \u00a0agresive serbe \u00a0, \u00a0edhe \u00a0sot \u00a0kemi situat\u00ebn q\u00eb statusi i shqiptar\u00ebve n\u00eb Mal t\u00eb Zi t\u00eb\u00a0 na dal\u00eb si peng i raporteve \u00a0ende t\u00eb pa zgjidhura\u00a0 serbo shqiptare n\u00eb Ballkan dhe vuan nga bakcili millosheviqian i Frontit&#8230;.?!<\/em><\/p>\n<p><em>\u00a0Ata kurr\u00ebdoher\u00eb q\u00eb ka afrim t\u00eb Gjukanoviqit me shqiptar\u00ebt \u00a0dhe politik\u00ebn e shtetit am\u00eb, i sheh t\u00eb protestojn\u00eb si m\u00eb posht\u00eb gjat\u00eb vizit\u00ebs s\u00eb Ilir Met\u00ebs n\u00eb Podgoric\u00eb , kur\u00a0 Gjukanoviqit i dha\u00a0 shp\u00ebrblimin e Presidentit t\u00eb Shqip\u00ebris\u00eb., \u00a0\u00a0<a href=\"http:\/\/www.visit-ulcinj.com\/blog\/wp-content\/uploads\/2016\/09\/OPOZITA-SERBE.jpg\"><img loading=\"lazy\" class=\"alignleft wp-image-99596\" src=\"http:\/\/www.visit-ulcinj.com\/blog\/wp-content\/uploads\/2016\/09\/OPOZITA-SERBE.jpg\" alt=\"OPOZITA-SERBE\" width=\"508\" height=\"384\" srcset=\"https:\/\/www.visit-ulcinj.com\/blog\/wp-content\/uploads\/2016\/09\/OPOZITA-SERBE.jpg 624w, https:\/\/www.visit-ulcinj.com\/blog\/wp-content\/uploads\/2016\/09\/OPOZITA-SERBE-300x227.jpg 300w\" sizes=\"(max-width: 508px) 100vw, 508px\" \/><\/a><br \/>\n<\/em><\/p>\n<p><em>\u00a0Protest\u00eb n\u00eb parlamentin e Malit t\u00eb Zi duke pritur Ilir Met\u00ebn..?!<\/em><\/p>\n<p><strong>Pra &#8211; Millo \u00ebsht\u00eb fajtor q\u00eb pranoi Kosov\u00ebn shtet dhe p\u00ebr k\u00ebt\u00eb sot , si duket, \u00a0p\u00ebrs\u00ebri pritet t\u00eb \u00a0votohet nga shqiptar\u00ebt( hijet e tij&#8230;) ?! Andaj sipas tyre\u00a0 ka ardhur koha, q\u00eb p\u00ebrgjegj\u00ebsin\u00eb e d\u00ebshtimiz kolektiv, tashti ta lypin\u00a0 direkt te ai\u00a0 dhe kan\u00eb p\u00ebrzgjedhur \u00a0q\u00eb tashti \u00a0\u00a0k\u00ebto zgjedhje\u00a0 t\u2019i fitojn\u00eb duke \u00a0th\u00ebn\u00eb porosin\u00eb\u00a0 k\u00ebrc\u00ebnuese \u00a0: Mi\u00a0 ili on- Ne apo ai?!! Duke e zvog\u00ebluar\u00a0 dhe fokusuar objektivin e aparatit t\u00eb vet n\u00eb nj\u00eb njeri..?!<\/strong><\/p>\n<p><strong>Kujtom\u00eb se kur Gjukanoviq njohu Kosov\u00ebn shtet dhe Mandiqi i Frontit, pat hyr\u00eb n\u00eb grev\u00eb urie &#8230; , Mandiqi u bekua\u00a0 p\u00ebr aktin e kryer \u00a0\u00a0nga \u00a0\u00a0krye patriku\u00a0 serb i cili i bie t\u00eb jet\u00eb hije e \u00a0politik\u00ebs serbe n\u00eb Mal t\u00eb Zi dhe t\u00eb cilit\u00a0 pam\u00eb \u00a0q\u00eb \u00a0Mandiqi \u00a0\u00a0n\u00eb vizit\u00eb \u00a0i puthi dor\u00ebn..?! <\/strong><\/p>\n<p><strong>P\u00ebr inat t\u00eb tyre- \u00a0\u00a0Gjukanoviq kurr\u00eb nuk do t\u2019ia lejonte vet\u00ebs k\u00ebt\u00eb veprim. Ky i fundit ka p\u00ebrzgjedhur q\u00eb problemin e feve ta zgjidh \u00a0dhe ta vendos\u00a0 n\u00eb \u00a0institucion.<\/strong><\/p>\n<p><strong>Mbase si rezultat i politik\u00ebs s\u00eb tij ( k\u00ebtu n\u00eb Ulqin), \u00ebsht\u00eb edhe kjo fotografi , si m\u00eb posht\u00eb, ku shohim t\u00eb ul\u00ebn tok gjat\u00eb nj\u00eb manifestimi kulturor : Krye imami i Ulqinit-Rexhep Lika, kryeipeshku i Shqip\u00ebris\u00eb im zot Rrok Mirdita, Dom Toma \u2013 Ulqin, dhe ministri i feve t\u00eb Malit t\u00eb Zi Backoviq.<\/strong><\/p>\n<p><a href=\"http:\/\/www.visit-ulcinj.com\/blog\/wp-content\/uploads\/2016\/10\/Rrok-Mirdita-Dom-Toma-Rexhep-Lika.jpg\"><img loading=\"lazy\" class=\"alignleft wp-image-100230\" src=\"http:\/\/www.visit-ulcinj.com\/blog\/wp-content\/uploads\/2016\/10\/Rrok-Mirdita-Dom-Toma-Rexhep-Lika.jpg\" alt=\"Rrok Mirdita, Dom Toma, Rexhep Lika\" width=\"508\" height=\"336\" srcset=\"https:\/\/www.visit-ulcinj.com\/blog\/wp-content\/uploads\/2016\/10\/Rrok-Mirdita-Dom-Toma-Rexhep-Lika.jpg 590w, https:\/\/www.visit-ulcinj.com\/blog\/wp-content\/uploads\/2016\/10\/Rrok-Mirdita-Dom-Toma-Rexhep-Lika-300x198.jpg 300w\" sizes=\"(max-width: 508px) 100vw, 508px\" \/><\/a><\/p>\n<p><strong>\u00a0Prandaj \u00a0duke \u00a0\u00a0p\u00ebr fund , para se t\u00eb vazhdojm\u00eb\u00a0 me shkrimin e radh\u00eb \u2013 pyetja jon\u00eb \u00a0do ish: <\/strong><\/p>\n<p><strong>Kush do ishte nes\u00ebr, supozojm\u00eb \u00a0\u201e Hije \u201e e kryeministrit\u00a0 Mandiq po t\u00eb ndodhte&#8230;, q\u00eb \u00a0kuptohet se do sundonte \u201e n\u00eb hije&#8230; \u201e , me Mal t\u00eb Zi &#8230;.?! Pa dyshim se do ishte , \u00a0ai t\u00eb cilit \u00a0vet\u00eb Mandiq i puthi dor\u00ebn&#8230;.?!!! <\/strong><\/p>\n<p><strong>Dhe \u00a0a thua se vall\u00eb\u00a0 <u>On <\/u>( Milloja), t\u00eb jet\u00eb \u00a0fajtor\u00eb \u00a0, q\u00eb \u201e Atyre &#8211; mysliman\u00ebve\u201c, iu pranoi\u00a0 me nj\u00eb dekret qeverie edhe lirin\u00eb e hixhabit(mbules\u00ebs..) , n\u00eb vende dhe institucione publike&#8230;.,\u00a0 n\u00eb \u00a0tok\u00ebn\u00a0 e \u00a0petroviq\u00ebve\u00a0 \u00a0q\u00eb aq bukur i k\u00ebnduan p\u00ebrndjekjes s\u00eb turkoshak\u00ebve\u00a0\u00a0 serbomalazez\u00ebve t\u00eb konvertuar- kur \u00a0\u00a0brenda nj\u00eb nate \u00a0i therr\u00ebn \u00a0n\u00eb thik\u00eb gjith\u00eb myslimanet- shih \u00a0k\u00ebng\u00ebn e Njegoshit:\u00a0 Istraga poturica..?! Duke i l\u00ebjuar t\u00eb p\u00ebrdhosurit- t\u00eb\u00a0 p\u00ebrdhosin \u00a0\u00a0\u00a0p\u00ebrs\u00ebri k\u00ebshtu, \u00a0trollin\u00a0 \u00a0e shenjt\u00eb ortodoks\u00a0 t\u00eb popave dhe popadeshave t\u00eb sodit \u201e me\u00a0 veshje\u00a0 islame&#8230;\u201c?! <\/strong><\/p>\n<p><a href=\"http:\/\/www.visit-ulcinj.com\/blog\/wp-content\/uploads\/2016\/10\/konvertimi-i-popullsis\u00eb-shqiptaro-myslimane-n\u00eb-Plav\u00eb-nga-pop\u00ebt-serb\u00eb-me-dhun\u00eb.jpg\"><img loading=\"lazy\" class=\"alignleft size-full wp-image-100229\" src=\"http:\/\/www.visit-ulcinj.com\/blog\/wp-content\/uploads\/2016\/10\/konvertimi-i-popullsis\u00eb-shqiptaro-myslimane-n\u00eb-Plav\u00eb-nga-pop\u00ebt-serb\u00eb-me-dhun\u00eb.jpg\" alt=\"konvertimi i popullsis\u00eb shqiptaro myslimane n\u00eb Plav\u00eb nga pop\u00ebt serb\u00eb me dhun\u00eb\" width=\"310\" height=\"224\" srcset=\"https:\/\/www.visit-ulcinj.com\/blog\/wp-content\/uploads\/2016\/10\/konvertimi-i-popullsis\u00eb-shqiptaro-myslimane-n\u00eb-Plav\u00eb-nga-pop\u00ebt-serb\u00eb-me-dhun\u00eb.jpg 310w, https:\/\/www.visit-ulcinj.com\/blog\/wp-content\/uploads\/2016\/10\/konvertimi-i-popullsis\u00eb-shqiptaro-myslimane-n\u00eb-Plav\u00eb-nga-pop\u00ebt-serb\u00eb-me-dhun\u00eb-300x217.jpg 300w\" sizes=\"(max-width: 310px) 100vw, 310px\" \/><\/a><\/p>\n<p><strong>\u00a0Pag\u00ebzimi- konvertimi i popullsis\u00eb shqiptaro myslimane n\u00eb Plav\u00eb nga pop\u00ebt serb\u00eb me dhun\u00eb..?!<\/strong><\/p>\n<p>Andaj edhe duke e kuptuar r\u00ebnd\u00ebsin\u00eb e \u00e7\u00ebshtjes \u2013 Gjukanoviq, p\u00ebrzgjodhi q\u00eb n\u00eb Ulqin\u00a0 gjat\u00eb promovimit t\u00eb p\u00ebrs\u00ebris\u00eb fjal\u00ebt : n\u00ebse doni paqje harmoni dhe prosperitet votoni opcionin ton\u00eb e n\u00ebse doni t\u00eb kaluar\u00ebn e hidhur votoni \u00a0t\u00eb \u00a0tjer\u00ebt- pra prap\u00ebse prap\u00eb nuk tha ata( kuptohet me t\u00eb drejt\u00eb e duke i kursyer &#8230;?!!<\/p>\n<p><strong>\u00a0<\/strong><\/p>\n<p><strong>(Vazhdon II) <\/strong><strong><em>&#8211;\u00a0\u00a0 KUSH \u00cbSHT\u00cb AUTORI&#8230;?! DHE \u00c7FAR\u00cb THA GJUKANOVIQ\u00a0 ?!!<\/em><\/strong><\/p>\n<p><a href=\"http:\/\/www.visit-ulcinj.com\/blog\/wp-content\/uploads\/2014\/11\/Muhamet-Nika.jpg\"><img loading=\"lazy\" class=\"alignleft wp-image-86143 size-thumbnail\" src=\"http:\/\/www.visit-ulcinj.com\/blog\/wp-content\/uploads\/2014\/11\/Muhamet-Nika-150x150.jpg\" alt=\"Muhamet Nika\" width=\"150\" height=\"150\" \/><\/a><strong>Sudski tuma\u010d- P\u00ebrkthyes gjyq\u00ebsor \u201c MUHAMET NIKA \u201d Ulcinj- Ulqin<\/strong><\/p>\n<p><strong>Adresa:<\/strong> zgrada SO ULCINJ- nd\u00ebrtesa e KK Ulqin<\/p>\n<p><strong>Telefon-i: <\/strong> 068 264 122<\/p>\n<p><strong>Email-i <\/strong>: <strong><a href=\"mailto:muhamet-nika@hotmail.com\">muhamet-nika@hotmail.com<\/a><\/strong><\/p>\n<p>Albanski jezik- prof. Albanskog jezika<\/p>\n<p>Gjuh\u00eb shqipe- prof. I gjuh\u00ebs shqipe<\/p>\n<p><strong>Pik\u00ebpamjet e shprehura n\u00eb faqen \u201cOPINIONE\u201d nuk p\u00ebrfaq\u00ebsojn\u00eb domosdoshm\u00ebrisht politik\u00ebn redaksionale t\u00eb \u201eLajmeve nga Ulqini\u201e<\/strong><\/p>\n","protected":false},"excerpt":{"rendered":"<p>Shkruan Muhamet Nika Gjukanoviq me nj\u00eb rast, pat pyetur \u00a0autor\u00ebt: \u201c N\u00ebse un\u00eb jam AI ; kush jan\u00eb hijet e mija..\u201c?! P\u00ebrgjegja nuk arriti kurr\u00eb &#8230;?!! E kjo, si logjik\u00eb normale\u00a0 na shtyen edhe neve\u00a0 t\u00eb pyesim n\u00eb t\u00eb kund\u00ebrt\u00ebn:\u00a0 po kush jan\u00eb at\u00ebher\u00eb &#8211;\u00a0 hijet e atyre q\u00eb pyesin (\u00a0 MI&#8230;),\u00a0 p\u00ebrgjegja\u00a0 p\u00ebr k\u00ebt\u00eb [&hellip;]<\/p>\n","protected":false},"author":1,"featured_media":0,"comment_status":"closed","ping_status":"closed","sticky":false,"template":"","format":"standard","meta":{"spay_email":"","jetpack_publicize_message":"","jetpack_is_tweetstorm":false,"jetpack_publicize_feature_enabled":true},"categories":[14249],"tags":[],"jetpack_publicize_connections":[],"yoast_head":"<!-- This site is optimized with the Yoast SEO plugin v19.1 - https:\/\/yoast.com\/wordpress\/plugins\/seo\/ -->\n<title>Nika: Sllogani: Mi ili on-n\u00eb thelb \u00ebsht\u00eb anti shqiptar-kush \u00ebsht\u00eb autori..?! Dhe \u00e7far\u00eb tha Gjukanoviq ?!! - Lajme nga Ulqini<\/title>\n<meta name=\"description\" content=\"Shkruan Muhamet Nika Gjukanoviq me nj\u00eb rast, pat pyetur \u00a0autor\u00ebt: \u201c N\u00ebse un\u00eb jam AI ; kush jan\u00eb hijet e mija..\u201c?! P\u00ebrgjegja nuk arriti kurr\u00eb ...?!! E kjo,\" \/>\n<meta name=\"robots\" content=\"index, follow, max-snippet:-1, max-image-preview:large, max-video-preview:-1\" \/>\n<link rel=\"canonical\" href=\"https:\/\/www.visit-ulcinj.com\/blog\/2016\/10\/10\/nika-sllogani-mi-ili-ne-thelb-eshte-anti-shqiptar-kush-eshte-autori-dhe-cfare-tha-gjukanoviq\/\" \/>\n<meta property=\"og:locale\" content=\"en_US\" \/>\n<meta property=\"og:type\" content=\"article\" \/>\n<meta property=\"og:title\" content=\"Nika: Sllogani: Mi ili on-n\u00eb thelb \u00ebsht\u00eb anti shqiptar-kush \u00ebsht\u00eb autori..?! Dhe \u00e7far\u00eb tha Gjukanoviq ?!! - Lajme nga Ulqini\" \/>\n<meta property=\"og:description\" content=\"Shkruan Muhamet Nika Gjukanoviq me nj\u00eb rast, pat pyetur \u00a0autor\u00ebt: \u201c N\u00ebse un\u00eb jam AI ; kush jan\u00eb hijet e mija..\u201c?! P\u00ebrgjegja nuk arriti kurr\u00eb ...?!! E kjo,\" \/>\n<meta property=\"og:url\" content=\"https:\/\/www.visit-ulcinj.com\/blog\/2016\/10\/10\/nika-sllogani-mi-ili-ne-thelb-eshte-anti-shqiptar-kush-eshte-autori-dhe-cfare-tha-gjukanoviq\/\" \/>\n<meta property=\"og:site_name\" content=\"Lajme nga Ulqini\" \/>\n<meta property=\"article:published_time\" content=\"2016-10-10T12:20:00+00:00\" \/>\n<meta property=\"article:modified_time\" content=\"2016-10-10T12:34:22+00:00\" \/>\n<meta property=\"og:image\" content=\"http:\/\/www.visit-ulcinj.com\/blog\/wp-content\/uploads\/2016\/10\/Mi-ili-on.jpg\" \/>\n<meta name=\"twitter:label1\" content=\"Written by\" \/>\n\t<meta name=\"twitter:data1\" content=\"ulqini\" \/>\n\t<meta name=\"twitter:label2\" content=\"Est. reading time\" \/>\n\t<meta name=\"twitter:data2\" content=\"5 minutes\" \/>\n<script type=\"application\/ld+json\" class=\"yoast-schema-graph\">{\"@context\":\"https:\/\/schema.org\",\"@graph\":[{\"@type\":\"WebSite\",\"@id\":\"https:\/\/www.visit-ulcinj.com\/blog\/#website\",\"url\":\"https:\/\/www.visit-ulcinj.com\/blog\/\",\"name\":\"Lajme nga Ulqini\",\"description\":\"Lajme,Vijesti,Ulqini,Ulqin,Crna Gora,Mali i Zi\",\"potentialAction\":[{\"@type\":\"SearchAction\",\"target\":{\"@type\":\"EntryPoint\",\"urlTemplate\":\"https:\/\/www.visit-ulcinj.com\/blog\/?s={search_term_string}\"},\"query-input\":\"required name=search_term_string\"}],\"inLanguage\":\"en-US\"},{\"@type\":\"ImageObject\",\"inLanguage\":\"en-US\",\"@id\":\"https:\/\/www.visit-ulcinj.com\/blog\/2016\/10\/10\/nika-sllogani-mi-ili-ne-thelb-eshte-anti-shqiptar-kush-eshte-autori-dhe-cfare-tha-gjukanoviq\/#primaryimage\",\"url\":\"https:\/\/www.visit-ulcinj.com\/blog\/wp-content\/uploads\/2016\/10\/Mi-ili-on.jpg\",\"contentUrl\":\"https:\/\/www.visit-ulcinj.com\/blog\/wp-content\/uploads\/2016\/10\/Mi-ili-on.jpg\",\"width\":828,\"height\":315},{\"@type\":\"WebPage\",\"@id\":\"https:\/\/www.visit-ulcinj.com\/blog\/2016\/10\/10\/nika-sllogani-mi-ili-ne-thelb-eshte-anti-shqiptar-kush-eshte-autori-dhe-cfare-tha-gjukanoviq\/#webpage\",\"url\":\"https:\/\/www.visit-ulcinj.com\/blog\/2016\/10\/10\/nika-sllogani-mi-ili-ne-thelb-eshte-anti-shqiptar-kush-eshte-autori-dhe-cfare-tha-gjukanoviq\/\",\"name\":\"Nika: Sllogani: Mi ili on-n\u00eb thelb \u00ebsht\u00eb anti shqiptar-kush \u00ebsht\u00eb autori..?! Dhe \u00e7far\u00eb tha Gjukanoviq ?!! - Lajme nga Ulqini\",\"isPartOf\":{\"@id\":\"https:\/\/www.visit-ulcinj.com\/blog\/#website\"},\"primaryImageOfPage\":{\"@id\":\"https:\/\/www.visit-ulcinj.com\/blog\/2016\/10\/10\/nika-sllogani-mi-ili-ne-thelb-eshte-anti-shqiptar-kush-eshte-autori-dhe-cfare-tha-gjukanoviq\/#primaryimage\"},\"datePublished\":\"2016-10-10T12:20:00+00:00\",\"dateModified\":\"2016-10-10T12:34:22+00:00\",\"author\":{\"@id\":\"https:\/\/www.visit-ulcinj.com\/blog\/#\/schema\/person\/dcab619c614d3038751c63bc2aadc06d\"},\"description\":\"Shkruan Muhamet Nika Gjukanoviq me nj\u00eb rast, pat pyetur \u00a0autor\u00ebt: \u201c N\u00ebse un\u00eb jam AI ; kush jan\u00eb hijet e mija..\u201c?! P\u00ebrgjegja nuk arriti kurr\u00eb ...?!! E kjo,\",\"breadcrumb\":{\"@id\":\"https:\/\/www.visit-ulcinj.com\/blog\/2016\/10\/10\/nika-sllogani-mi-ili-ne-thelb-eshte-anti-shqiptar-kush-eshte-autori-dhe-cfare-tha-gjukanoviq\/#breadcrumb\"},\"inLanguage\":\"en-US\",\"potentialAction\":[{\"@type\":\"ReadAction\",\"target\":[\"https:\/\/www.visit-ulcinj.com\/blog\/2016\/10\/10\/nika-sllogani-mi-ili-ne-thelb-eshte-anti-shqiptar-kush-eshte-autori-dhe-cfare-tha-gjukanoviq\/\"]}]},{\"@type\":\"BreadcrumbList\",\"@id\":\"https:\/\/www.visit-ulcinj.com\/blog\/2016\/10\/10\/nika-sllogani-mi-ili-ne-thelb-eshte-anti-shqiptar-kush-eshte-autori-dhe-cfare-tha-gjukanoviq\/#breadcrumb\",\"itemListElement\":[{\"@type\":\"ListItem\",\"position\":1,\"name\":\"Nika: Sllogani: Mi ili on-n\u00eb thelb \u00ebsht\u00eb anti shqiptar-kush \u00ebsht\u00eb autori..?! Dhe \u00e7far\u00eb tha Gjukanoviq ?!!\"}]},{\"@type\":\"Person\",\"@id\":\"https:\/\/www.visit-ulcinj.com\/blog\/#\/schema\/person\/dcab619c614d3038751c63bc2aadc06d\",\"name\":\"ulqini\",\"sameAs\":[\"http:\/\/www.visit-ulcinj.com\"],\"url\":\"https:\/\/www.visit-ulcinj.com\/blog\/author\/admin\/\"}]}<\/script>\n<!-- \/ Yoast SEO plugin. -->","yoast_head_json":{"title":"Nika: Sllogani: Mi ili on-n\u00eb thelb \u00ebsht\u00eb anti shqiptar-kush \u00ebsht\u00eb autori..?! Dhe \u00e7far\u00eb tha Gjukanoviq ?!! - Lajme nga Ulqini","description":"Shkruan Muhamet Nika Gjukanoviq me nj\u00eb rast, pat pyetur \u00a0autor\u00ebt: \u201c N\u00ebse un\u00eb jam AI ; kush jan\u00eb hijet e mija..\u201c?! P\u00ebrgjegja nuk arriti kurr\u00eb ...?!! E kjo,","robots":{"index":"index","follow":"follow","max-snippet":"max-snippet:-1","max-image-preview":"max-image-preview:large","max-video-preview":"max-video-preview:-1"},"canonical":"https:\/\/www.visit-ulcinj.com\/blog\/2016\/10\/10\/nika-sllogani-mi-ili-ne-thelb-eshte-anti-shqiptar-kush-eshte-autori-dhe-cfare-tha-gjukanoviq\/","og_locale":"en_US","og_type":"article","og_title":"Nika: Sllogani: Mi ili on-n\u00eb thelb \u00ebsht\u00eb anti shqiptar-kush \u00ebsht\u00eb autori..?! Dhe \u00e7far\u00eb tha Gjukanoviq ?!! - Lajme nga Ulqini","og_description":"Shkruan Muhamet Nika Gjukanoviq me nj\u00eb rast, pat pyetur \u00a0autor\u00ebt: \u201c N\u00ebse un\u00eb jam AI ; kush jan\u00eb hijet e mija..\u201c?! P\u00ebrgjegja nuk arriti kurr\u00eb ...?!! E kjo,","og_url":"https:\/\/www.visit-ulcinj.com\/blog\/2016\/10\/10\/nika-sllogani-mi-ili-ne-thelb-eshte-anti-shqiptar-kush-eshte-autori-dhe-cfare-tha-gjukanoviq\/","og_site_name":"Lajme nga Ulqini","article_published_time":"2016-10-10T12:20:00+00:00","article_modified_time":"2016-10-10T12:34:22+00:00","og_image":[{"url":"http:\/\/www.visit-ulcinj.com\/blog\/wp-content\/uploads\/2016\/10\/Mi-ili-on.jpg"}],"twitter_misc":{"Written by":"ulqini","Est. reading time":"5 minutes"},"schema":{"@context":"https:\/\/schema.org","@graph":[{"@type":"WebSite","@id":"https:\/\/www.visit-ulcinj.com\/blog\/#website","url":"https:\/\/www.visit-ulcinj.com\/blog\/","name":"Lajme nga Ulqini","description":"Lajme,Vijesti,Ulqini,Ulqin,Crna Gora,Mali i Zi","potentialAction":[{"@type":"SearchAction","target":{"@type":"EntryPoint","urlTemplate":"https:\/\/www.visit-ulcinj.com\/blog\/?s={search_term_string}"},"query-input":"required name=search_term_string"}],"inLanguage":"en-US"},{"@type":"ImageObject","inLanguage":"en-US","@id":"https:\/\/www.visit-ulcinj.com\/blog\/2016\/10\/10\/nika-sllogani-mi-ili-ne-thelb-eshte-anti-shqiptar-kush-eshte-autori-dhe-cfare-tha-gjukanoviq\/#primaryimage","url":"https:\/\/www.visit-ulcinj.com\/blog\/wp-content\/uploads\/2016\/10\/Mi-ili-on.jpg","contentUrl":"https:\/\/www.visit-ulcinj.com\/blog\/wp-content\/uploads\/2016\/10\/Mi-ili-on.jpg","width":828,"height":315},{"@type":"WebPage","@id":"https:\/\/www.visit-ulcinj.com\/blog\/2016\/10\/10\/nika-sllogani-mi-ili-ne-thelb-eshte-anti-shqiptar-kush-eshte-autori-dhe-cfare-tha-gjukanoviq\/#webpage","url":"https:\/\/www.visit-ulcinj.com\/blog\/2016\/10\/10\/nika-sllogani-mi-ili-ne-thelb-eshte-anti-shqiptar-kush-eshte-autori-dhe-cfare-tha-gjukanoviq\/","name":"Nika: Sllogani: Mi ili on-n\u00eb thelb \u00ebsht\u00eb anti shqiptar-kush \u00ebsht\u00eb autori..?! Dhe \u00e7far\u00eb tha Gjukanoviq ?!! - Lajme nga Ulqini","isPartOf":{"@id":"https:\/\/www.visit-ulcinj.com\/blog\/#website"},"primaryImageOfPage":{"@id":"https:\/\/www.visit-ulcinj.com\/blog\/2016\/10\/10\/nika-sllogani-mi-ili-ne-thelb-eshte-anti-shqiptar-kush-eshte-autori-dhe-cfare-tha-gjukanoviq\/#primaryimage"},"datePublished":"2016-10-10T12:20:00+00:00","dateModified":"2016-10-10T12:34:22+00:00","author":{"@id":"https:\/\/www.visit-ulcinj.com\/blog\/#\/schema\/person\/dcab619c614d3038751c63bc2aadc06d"},"description":"Shkruan Muhamet Nika Gjukanoviq me nj\u00eb rast, pat pyetur \u00a0autor\u00ebt: \u201c N\u00ebse un\u00eb jam AI ; kush jan\u00eb hijet e mija..\u201c?! P\u00ebrgjegja nuk arriti kurr\u00eb ...?!! E kjo,","breadcrumb":{"@id":"https:\/\/www.visit-ulcinj.com\/blog\/2016\/10\/10\/nika-sllogani-mi-ili-ne-thelb-eshte-anti-shqiptar-kush-eshte-autori-dhe-cfare-tha-gjukanoviq\/#breadcrumb"},"inLanguage":"en-US","potentialAction":[{"@type":"ReadAction","target":["https:\/\/www.visit-ulcinj.com\/blog\/2016\/10\/10\/nika-sllogani-mi-ili-ne-thelb-eshte-anti-shqiptar-kush-eshte-autori-dhe-cfare-tha-gjukanoviq\/"]}]},{"@type":"BreadcrumbList","@id":"https:\/\/www.visit-ulcinj.com\/blog\/2016\/10\/10\/nika-sllogani-mi-ili-ne-thelb-eshte-anti-shqiptar-kush-eshte-autori-dhe-cfare-tha-gjukanoviq\/#breadcrumb","itemListElement":[{"@type":"ListItem","position":1,"name":"Nika: Sllogani: Mi ili on-n\u00eb thelb \u00ebsht\u00eb anti shqiptar-kush \u00ebsht\u00eb autori..?! Dhe \u00e7far\u00eb tha Gjukanoviq ?!!"}]},{"@type":"Person","@id":"https:\/\/www.visit-ulcinj.com\/blog\/#\/schema\/person\/dcab619c614d3038751c63bc2aadc06d","name":"ulqini","sameAs":["http:\/\/www.visit-ulcinj.com"],"url":"https:\/\/www.visit-ulcinj.com\/blog\/author\/admin\/"}]}},"jetpack_featured_media_url":"","jetpack_sharing_enabled":true,"jetpack_shortlink":"https:\/\/wp.me\/pe6lTn-q4A","_links":{"self":[{"href":"https:\/\/www.visit-ulcinj.com\/blog\/wp-json\/wp\/v2\/posts\/100228"}],"collection":[{"href":"https:\/\/www.visit-ulcinj.com\/blog\/wp-json\/wp\/v2\/posts"}],"about":[{"href":"https:\/\/www.visit-ulcinj.com\/blog\/wp-json\/wp\/v2\/types\/post"}],"author":[{"embeddable":true,"href":"https:\/\/www.visit-ulcinj.com\/blog\/wp-json\/wp\/v2\/users\/1"}],"replies":[{"embeddable":true,"href":"https:\/\/www.visit-ulcinj.com\/blog\/wp-json\/wp\/v2\/comments?post=100228"}],"version-history":[{"count":2,"href":"https:\/\/www.visit-ulcinj.com\/blog\/wp-json\/wp\/v2\/posts\/100228\/revisions"}],"predecessor-version":[{"id":100240,"href":"https:\/\/www.visit-ulcinj.com\/blog\/wp-json\/wp\/v2\/posts\/100228\/revisions\/100240"}],"wp:attachment":[{"href":"https:\/\/www.visit-ulcinj.com\/blog\/wp-json\/wp\/v2\/media?parent=100228"}],"wp:term":[{"taxonomy":"category","embeddable":true,"href":"https:\/\/www.visit-ulcinj.com\/blog\/wp-json\/wp\/v2\/categories?post=100228"},{"taxonomy":"post_tag","embeddable":true,"href":"https:\/\/www.visit-ulcinj.com\/blog\/wp-json\/wp\/v2\/tags?post=100228"}],"curies":[{"name":"wp","href":"https:\/\/api.w.org\/{rel}","templated":true}]}}