{"id":100236,"date":"2016-10-10T13:31:05","date_gmt":"2016-10-10T12:31:05","guid":{"rendered":"http:\/\/www.visit-ulcinj.com\/blog\/?p=100236"},"modified":"2016-10-10T13:31:05","modified_gmt":"2016-10-10T12:31:05","slug":"trajnim-per-ojq-te-lokale-thirrje-per-paraqitje","status":"publish","type":"post","link":"https:\/\/www.visit-ulcinj.com\/blog\/2016\/10\/10\/trajnim-per-ojq-te-lokale-thirrje-per-paraqitje\/","title":{"rendered":"TRAJNIM P\u00cbR OJQ-t\u00eb LOKALE &#8211; Thirrje p\u00ebr paraqitje"},"content":{"rendered":"<p><a href=\"http:\/\/www.visit-ulcinj.com\/blog\/wp-content\/uploads\/2016\/10\/TRAJNIM-P\u00cbR-OJQ-t\u00eb-LOKALE-Thirrje-p\u00ebr-paraqitje.jpg\"><img loading=\"lazy\" class=\"alignleft wp-image-100237\" src=\"http:\/\/www.visit-ulcinj.com\/blog\/wp-content\/uploads\/2016\/10\/TRAJNIM-P\u00cbR-OJQ-t\u00eb-LOKALE-Thirrje-p\u00ebr-paraqitje.jpg\" alt=\"TRAJNIM P\u00cbR OJQ-t\u00eb LOKALE - Thirrje p\u00ebr paraqitje\" width=\"508\" height=\"266\" srcset=\"https:\/\/www.visit-ulcinj.com\/blog\/wp-content\/uploads\/2016\/10\/TRAJNIM-P\u00cbR-OJQ-t\u00eb-LOKALE-Thirrje-p\u00ebr-paraqitje.jpg 1201w, https:\/\/www.visit-ulcinj.com\/blog\/wp-content\/uploads\/2016\/10\/TRAJNIM-P\u00cbR-OJQ-t\u00eb-LOKALE-Thirrje-p\u00ebr-paraqitje-300x157.jpg 300w, https:\/\/www.visit-ulcinj.com\/blog\/wp-content\/uploads\/2016\/10\/TRAJNIM-P\u00cbR-OJQ-t\u00eb-LOKALE-Thirrje-p\u00ebr-paraqitje-768x402.jpg 768w, https:\/\/www.visit-ulcinj.com\/blog\/wp-content\/uploads\/2016\/10\/TRAJNIM-P\u00cbR-OJQ-t\u00eb-LOKALE-Thirrje-p\u00ebr-paraqitje-1024x536.jpg 1024w\" sizes=\"(max-width: 508px) 100vw, 508px\" \/><\/a>Qendra p\u00ebr zhvillimin e organizatave joqeveritare\u00a0 (CRNVO) n\u00eb bashk\u00ebpunim me OJQ \u201cHorizonti i Ri\u201d, organizojn\u00eb trajnim treditor n\u00eb tem\u00ebn\u00a0 \u201c<strong><em>Planifikimi Strategjik dhe Menaxhimi Organizativ<\/em><\/strong>\u201d.<\/p>\n<p>Trajnimi iu dedikohet OJQ-ve nga <strong>Ulqini<\/strong>, Tivari dhe Budva. Ky aktiviteti do t\u00eb mbahet prej 19-21 tetor, n\u00eb Tivar.<\/p>\n<p>&nbsp;<\/p>\n<p>Trajnimi ka p\u00ebr q\u00ebllim njohjen me rregullat, procesin dhe fazat e planifikim strategjik dhe menaxhimit t\u00eb OJQ-ve, por edhe me m\u00ebnyr\u00ebn e hartimit t\u00eb dokumentit strategjik t\u00eb organizat\u00ebs.<\/p>\n<p>&nbsp;<\/p>\n<p><strong>Kush mund t\u00eb paraqitet?<\/strong><\/p>\n<p>&nbsp;<\/p>\n<p>P\u00ebr shkak t\u00eb numrit t\u00eb kufizuar t\u00eb vendeve, t\u00eb drejt\u00eb pjes\u00ebmarrjeje n\u00eb trajnim kan\u00eb:<\/p>\n<p>* OJQ-t\u00eb e regjistruara n\u00eb komunat e lartsh\u00ebnuara;<\/p>\n<p>* Organizatat q\u00eb veprojn\u00eb p\u00ebr m\u00eb s\u00eb paku nj\u00eb vit;<\/p>\n<p>* Organizatat t\u00eb cilat deri tani nuk kan\u00eb marr\u00eb pjes\u00eb n\u00eb trajnime p\u00ebr planifikim strategjik;<\/p>\n<p>* Organizatat t\u00eb cilat n\u00eb afat dor\u00ebzojn\u00eb formularin e plot\u00ebsuar, me t\u00eb gjitha informacionet e k\u00ebrkuara.<\/p>\n<p>&nbsp;<\/p>\n<p><strong>Si t\u00eb paraqiteni?<\/strong><\/p>\n<p>&nbsp;<\/p>\n<p>Ju lutemi q\u00eb formularin p\u00ebr paraqitje ta d\u00ebrgoni n\u00eb k\u00ebt\u00eb e-mail: <a href=\"mailto:jovana.bulatovic@crnvo.me\"><strong>jovana.bulatovic@crnvo.me<\/strong><\/a> deri m\u00eb 14 tetor, n\u00eb ora 14:00<sup>h<\/sup><\/p>\n<p>&nbsp;<\/p>\n<p><strong>Pjes\u00ebmarr\u00ebsve nga Ulqini, CRNVO do t\u2019iu paguaj shpenzimet e udh\u00ebtimit si dhe akomodimin n\u00eb hotel. \u00a0<\/strong><\/p>\n<p>&nbsp;<\/p>\n<p>Programin e trajnimit dhe formularin p\u00ebr paraqitje mund t\u2019i gjeni n\u00eb k\u00ebt\u00eb link:<\/p>\n<p><a href=\"http:\/\/www.ngo-horizonti.org\/qendra-burimore\/trajnim-per-ojq-te-lokale-thirrje-per-paraqitj\/\">http:\/\/www.ngo-horizonti.org\/qendra-burimore\/trajnim-per-ojq-te-lokale-thirrje-per-paraqitj\/<\/a><\/p>\n<p>&nbsp;<\/p>\n<p>&nbsp;<\/p>\n","protected":false},"excerpt":{"rendered":"<p>Qendra p\u00ebr zhvillimin e organizatave joqeveritare\u00a0 (CRNVO) n\u00eb bashk\u00ebpunim me OJQ \u201cHorizonti i Ri\u201d, organizojn\u00eb trajnim treditor n\u00eb tem\u00ebn\u00a0 \u201cPlanifikimi Strategjik dhe Menaxhimi Organizativ\u201d. Trajnimi iu dedikohet OJQ-ve nga Ulqini, Tivari dhe Budva. Ky aktiviteti do t\u00eb mbahet prej 19-21 tetor, n\u00eb Tivar. &nbsp; Trajnimi ka p\u00ebr q\u00ebllim njohjen me rregullat, procesin dhe fazat e [&hellip;]<\/p>\n","protected":false},"author":1,"featured_media":0,"comment_status":"closed","ping_status":"closed","sticky":false,"template":"","format":"standard","meta":{"spay_email":"","jetpack_publicize_message":"","jetpack_is_tweetstorm":false,"jetpack_publicize_feature_enabled":true},"categories":[6950],"tags":[],"jetpack_publicize_connections":[],"yoast_head":"<!-- This site is optimized with the Yoast SEO plugin v19.1 - https:\/\/yoast.com\/wordpress\/plugins\/seo\/ -->\n<title>TRAJNIM P\u00cbR OJQ-t\u00eb LOKALE - Thirrje p\u00ebr paraqitje - Lajme nga Ulqini<\/title>\n<meta name=\"description\" content=\"Qendra p\u00ebr zhvillimin e organizatave joqeveritare\u00a0 (CRNVO) n\u00eb bashk\u00ebpunim me OJQ \u201cHorizonti i Ri\u201d, organizojn\u00eb trajnim treditor n\u00eb tem\u00ebn\u00a0 \u201cPlanifikimi\" \/>\n<meta name=\"robots\" content=\"index, follow, max-snippet:-1, max-image-preview:large, max-video-preview:-1\" \/>\n<link rel=\"canonical\" href=\"https:\/\/www.visit-ulcinj.com\/blog\/2016\/10\/10\/trajnim-per-ojq-te-lokale-thirrje-per-paraqitje\/\" \/>\n<meta property=\"og:locale\" content=\"en_US\" \/>\n<meta property=\"og:type\" content=\"article\" \/>\n<meta property=\"og:title\" content=\"TRAJNIM P\u00cbR OJQ-t\u00eb LOKALE - Thirrje p\u00ebr paraqitje - Lajme nga Ulqini\" \/>\n<meta property=\"og:description\" content=\"Qendra p\u00ebr zhvillimin e organizatave joqeveritare\u00a0 (CRNVO) n\u00eb bashk\u00ebpunim me OJQ \u201cHorizonti i Ri\u201d, organizojn\u00eb trajnim treditor n\u00eb tem\u00ebn\u00a0 \u201cPlanifikimi\" \/>\n<meta property=\"og:url\" content=\"https:\/\/www.visit-ulcinj.com\/blog\/2016\/10\/10\/trajnim-per-ojq-te-lokale-thirrje-per-paraqitje\/\" \/>\n<meta property=\"og:site_name\" content=\"Lajme nga Ulqini\" \/>\n<meta property=\"article:published_time\" content=\"2016-10-10T12:31:05+00:00\" \/>\n<meta name=\"twitter:label1\" content=\"Written by\" \/>\n\t<meta name=\"twitter:data1\" content=\"ulqini\" \/>\n\t<meta name=\"twitter:label2\" content=\"Est. reading time\" \/>\n\t<meta name=\"twitter:data2\" content=\"1 minute\" \/>\n<script type=\"application\/ld+json\" class=\"yoast-schema-graph\">{\"@context\":\"https:\/\/schema.org\",\"@graph\":[{\"@type\":\"WebSite\",\"@id\":\"https:\/\/www.visit-ulcinj.com\/blog\/#website\",\"url\":\"https:\/\/www.visit-ulcinj.com\/blog\/\",\"name\":\"Lajme nga Ulqini\",\"description\":\"Lajme,Vijesti,Ulqini,Ulqin,Crna Gora,Mali i Zi\",\"potentialAction\":[{\"@type\":\"SearchAction\",\"target\":{\"@type\":\"EntryPoint\",\"urlTemplate\":\"https:\/\/www.visit-ulcinj.com\/blog\/?s={search_term_string}\"},\"query-input\":\"required name=search_term_string\"}],\"inLanguage\":\"en-US\"},{\"@type\":\"WebPage\",\"@id\":\"https:\/\/www.visit-ulcinj.com\/blog\/2016\/10\/10\/trajnim-per-ojq-te-lokale-thirrje-per-paraqitje\/#webpage\",\"url\":\"https:\/\/www.visit-ulcinj.com\/blog\/2016\/10\/10\/trajnim-per-ojq-te-lokale-thirrje-per-paraqitje\/\",\"name\":\"TRAJNIM P\u00cbR OJQ-t\u00eb LOKALE - Thirrje p\u00ebr paraqitje - Lajme nga Ulqini\",\"isPartOf\":{\"@id\":\"https:\/\/www.visit-ulcinj.com\/blog\/#website\"},\"datePublished\":\"2016-10-10T12:31:05+00:00\",\"dateModified\":\"2016-10-10T12:31:05+00:00\",\"author\":{\"@id\":\"https:\/\/www.visit-ulcinj.com\/blog\/#\/schema\/person\/dcab619c614d3038751c63bc2aadc06d\"},\"description\":\"Qendra p\u00ebr zhvillimin e organizatave joqeveritare\u00a0 (CRNVO) n\u00eb bashk\u00ebpunim me OJQ \u201cHorizonti i Ri\u201d, organizojn\u00eb trajnim treditor n\u00eb tem\u00ebn\u00a0 \u201cPlanifikimi\",\"breadcrumb\":{\"@id\":\"https:\/\/www.visit-ulcinj.com\/blog\/2016\/10\/10\/trajnim-per-ojq-te-lokale-thirrje-per-paraqitje\/#breadcrumb\"},\"inLanguage\":\"en-US\",\"potentialAction\":[{\"@type\":\"ReadAction\",\"target\":[\"https:\/\/www.visit-ulcinj.com\/blog\/2016\/10\/10\/trajnim-per-ojq-te-lokale-thirrje-per-paraqitje\/\"]}]},{\"@type\":\"BreadcrumbList\",\"@id\":\"https:\/\/www.visit-ulcinj.com\/blog\/2016\/10\/10\/trajnim-per-ojq-te-lokale-thirrje-per-paraqitje\/#breadcrumb\",\"itemListElement\":[{\"@type\":\"ListItem\",\"position\":1,\"name\":\"TRAJNIM P\u00cbR OJQ-t\u00eb LOKALE &#8211; Thirrje p\u00ebr paraqitje\"}]},{\"@type\":\"Person\",\"@id\":\"https:\/\/www.visit-ulcinj.com\/blog\/#\/schema\/person\/dcab619c614d3038751c63bc2aadc06d\",\"name\":\"ulqini\",\"sameAs\":[\"http:\/\/www.visit-ulcinj.com\"],\"url\":\"https:\/\/www.visit-ulcinj.com\/blog\/author\/admin\/\"}]}<\/script>\n<!-- \/ Yoast SEO plugin. -->","yoast_head_json":{"title":"TRAJNIM P\u00cbR OJQ-t\u00eb LOKALE - Thirrje p\u00ebr paraqitje - Lajme nga Ulqini","description":"Qendra p\u00ebr zhvillimin e organizatave joqeveritare\u00a0 (CRNVO) n\u00eb bashk\u00ebpunim me OJQ \u201cHorizonti i Ri\u201d, organizojn\u00eb trajnim treditor n\u00eb tem\u00ebn\u00a0 \u201cPlanifikimi","robots":{"index":"index","follow":"follow","max-snippet":"max-snippet:-1","max-image-preview":"max-image-preview:large","max-video-preview":"max-video-preview:-1"},"canonical":"https:\/\/www.visit-ulcinj.com\/blog\/2016\/10\/10\/trajnim-per-ojq-te-lokale-thirrje-per-paraqitje\/","og_locale":"en_US","og_type":"article","og_title":"TRAJNIM P\u00cbR OJQ-t\u00eb LOKALE - Thirrje p\u00ebr paraqitje - Lajme nga Ulqini","og_description":"Qendra p\u00ebr zhvillimin e organizatave joqeveritare\u00a0 (CRNVO) n\u00eb bashk\u00ebpunim me OJQ \u201cHorizonti i Ri\u201d, organizojn\u00eb trajnim treditor n\u00eb tem\u00ebn\u00a0 \u201cPlanifikimi","og_url":"https:\/\/www.visit-ulcinj.com\/blog\/2016\/10\/10\/trajnim-per-ojq-te-lokale-thirrje-per-paraqitje\/","og_site_name":"Lajme nga Ulqini","article_published_time":"2016-10-10T12:31:05+00:00","twitter_misc":{"Written by":"ulqini","Est. reading time":"1 minute"},"schema":{"@context":"https:\/\/schema.org","@graph":[{"@type":"WebSite","@id":"https:\/\/www.visit-ulcinj.com\/blog\/#website","url":"https:\/\/www.visit-ulcinj.com\/blog\/","name":"Lajme nga Ulqini","description":"Lajme,Vijesti,Ulqini,Ulqin,Crna Gora,Mali i Zi","potentialAction":[{"@type":"SearchAction","target":{"@type":"EntryPoint","urlTemplate":"https:\/\/www.visit-ulcinj.com\/blog\/?s={search_term_string}"},"query-input":"required name=search_term_string"}],"inLanguage":"en-US"},{"@type":"WebPage","@id":"https:\/\/www.visit-ulcinj.com\/blog\/2016\/10\/10\/trajnim-per-ojq-te-lokale-thirrje-per-paraqitje\/#webpage","url":"https:\/\/www.visit-ulcinj.com\/blog\/2016\/10\/10\/trajnim-per-ojq-te-lokale-thirrje-per-paraqitje\/","name":"TRAJNIM P\u00cbR OJQ-t\u00eb LOKALE - Thirrje p\u00ebr paraqitje - Lajme nga Ulqini","isPartOf":{"@id":"https:\/\/www.visit-ulcinj.com\/blog\/#website"},"datePublished":"2016-10-10T12:31:05+00:00","dateModified":"2016-10-10T12:31:05+00:00","author":{"@id":"https:\/\/www.visit-ulcinj.com\/blog\/#\/schema\/person\/dcab619c614d3038751c63bc2aadc06d"},"description":"Qendra p\u00ebr zhvillimin e organizatave joqeveritare\u00a0 (CRNVO) n\u00eb bashk\u00ebpunim me OJQ \u201cHorizonti i Ri\u201d, organizojn\u00eb trajnim treditor n\u00eb tem\u00ebn\u00a0 \u201cPlanifikimi","breadcrumb":{"@id":"https:\/\/www.visit-ulcinj.com\/blog\/2016\/10\/10\/trajnim-per-ojq-te-lokale-thirrje-per-paraqitje\/#breadcrumb"},"inLanguage":"en-US","potentialAction":[{"@type":"ReadAction","target":["https:\/\/www.visit-ulcinj.com\/blog\/2016\/10\/10\/trajnim-per-ojq-te-lokale-thirrje-per-paraqitje\/"]}]},{"@type":"BreadcrumbList","@id":"https:\/\/www.visit-ulcinj.com\/blog\/2016\/10\/10\/trajnim-per-ojq-te-lokale-thirrje-per-paraqitje\/#breadcrumb","itemListElement":[{"@type":"ListItem","position":1,"name":"TRAJNIM P\u00cbR OJQ-t\u00eb LOKALE &#8211; Thirrje p\u00ebr paraqitje"}]},{"@type":"Person","@id":"https:\/\/www.visit-ulcinj.com\/blog\/#\/schema\/person\/dcab619c614d3038751c63bc2aadc06d","name":"ulqini","sameAs":["http:\/\/www.visit-ulcinj.com"],"url":"https:\/\/www.visit-ulcinj.com\/blog\/author\/admin\/"}]}},"jetpack_featured_media_url":"","jetpack_sharing_enabled":true,"jetpack_shortlink":"https:\/\/wp.me\/pe6lTn-q4I","_links":{"self":[{"href":"https:\/\/www.visit-ulcinj.com\/blog\/wp-json\/wp\/v2\/posts\/100236"}],"collection":[{"href":"https:\/\/www.visit-ulcinj.com\/blog\/wp-json\/wp\/v2\/posts"}],"about":[{"href":"https:\/\/www.visit-ulcinj.com\/blog\/wp-json\/wp\/v2\/types\/post"}],"author":[{"embeddable":true,"href":"https:\/\/www.visit-ulcinj.com\/blog\/wp-json\/wp\/v2\/users\/1"}],"replies":[{"embeddable":true,"href":"https:\/\/www.visit-ulcinj.com\/blog\/wp-json\/wp\/v2\/comments?post=100236"}],"version-history":[{"count":1,"href":"https:\/\/www.visit-ulcinj.com\/blog\/wp-json\/wp\/v2\/posts\/100236\/revisions"}],"predecessor-version":[{"id":100238,"href":"https:\/\/www.visit-ulcinj.com\/blog\/wp-json\/wp\/v2\/posts\/100236\/revisions\/100238"}],"wp:attachment":[{"href":"https:\/\/www.visit-ulcinj.com\/blog\/wp-json\/wp\/v2\/media?parent=100236"}],"wp:term":[{"taxonomy":"category","embeddable":true,"href":"https:\/\/www.visit-ulcinj.com\/blog\/wp-json\/wp\/v2\/categories?post=100236"},{"taxonomy":"post_tag","embeddable":true,"href":"https:\/\/www.visit-ulcinj.com\/blog\/wp-json\/wp\/v2\/tags?post=100236"}],"curies":[{"name":"wp","href":"https:\/\/api.w.org\/{rel}","templated":true}]}}