{"id":100248,"date":"2016-10-13T18:26:49","date_gmt":"2016-10-13T17:26:49","guid":{"rendered":"http:\/\/www.visit-ulcinj.com\/blog\/?p=100248"},"modified":"2016-10-13T18:26:49","modified_gmt":"2016-10-13T17:26:49","slug":"kapllan-muca-ne-letren-e-nisur-cungut-beri-e-ben-punen-e-vet","status":"publish","type":"post","link":"https:\/\/www.visit-ulcinj.com\/blog\/2016\/10\/13\/kapllan-muca-ne-letren-e-nisur-cungut-beri-e-ben-punen-e-vet\/","title":{"rendered":"Kapllan Mu\u00e7a n\u00eb letr\u00ebn e nisur Cungut &#8211; B\u00ebri e b\u00ebn pun\u00ebn e vet ?!!"},"content":{"rendered":"<p><strong><a href=\"http:\/\/www.visit-ulcinj.com\/blog\/wp-content\/uploads\/2011\/09\/Kapllan-Muca_Naziv-Cungu.jpg\"><img loading=\"lazy\" class=\"alignleft wp-image-51305\" src=\"http:\/\/www.visit-ulcinj.com\/blog\/wp-content\/uploads\/2011\/09\/Kapllan-Muca_Naziv-Cungu.jpg\" alt=\"Kapllan Muca_Naziv Cungu\" width=\"508\" height=\"339\" srcset=\"https:\/\/www.visit-ulcinj.com\/blog\/wp-content\/uploads\/2011\/09\/Kapllan-Muca_Naziv-Cungu.jpg 720w, https:\/\/www.visit-ulcinj.com\/blog\/wp-content\/uploads\/2011\/09\/Kapllan-Muca_Naziv-Cungu-300x200.jpg 300w\" sizes=\"(max-width: 508px) 100vw, 508px\" \/><\/a>Shkruan: Muhamet Nika<\/strong><\/p>\n<p>\u00cbsht\u00eb\u00a0 e v\u00ebrtet\u00eb e madhe q\u00eb shkresa e kryeadministratorit\u00a0 u dogji shum\u00eb vetave\u00a0 n\u00eb lidhje me pun\u00ebsimet e pa ligjshme n\u00eb komun\u00eb drejtuar Cungut dhe madje disa n\u00eb form\u00eb elektronike \u00a0dhan\u00eb sqarim q\u00eb ai nuk pati t\u00eb drejt\u00eb t\u00eb\u00a0 ankohej sepse i takon atij t\u00eb merret\u00a0 me ruajtjen dhe zbatimin e ligjit , kur jan\u00eb n\u00eb pyetje pun\u00ebsimet&#8230;, por \u00a0si duket\u00a0 k\u00ebta\u00a0 nuk e din\u00eb se \u00a0situata\u00a0 tashti me ligjin e ri, \u00a0kompetencat e pun\u00ebsimeve\u00a0 \u00a0\u2013 i ka bart\u00eb n\u00eb nivel t\u00eb\u00a0 \u00a0kryetarit\u00a0 t\u00eb \u00a0\u00a0\u00a0komun\u00ebs dhe kryeshefave ), kurse me ligjin e \u00a0vjet\u00ebr dihet q\u00eb kjo\u00a0 i takonte \u00a0kryeadministratorit. Andaj akuzat e k\u00ebtilla nuk q\u00ebndrojn\u00eb , ose\u00a0 dikush po p\u00ebrpiqet t\u00eb mbuloj\u00eb diellin me shosh\u00eb..?!<\/p>\n<p>Sipas\u00a0 ligjit aktual, kryeadministratori\u00a0 jep vet\u00ebm mendim , kurse kontaktin\u00a0 me politik\u00ebn e pun\u00ebsimit , mund ta b\u00ebj\u00eb\u00a0 vet\u00ebm duke kontrolluar komisionin p\u00ebr ankesa t\u00eb te pun\u00ebsuarve n\u00eb komun\u00eb. Thjesht\u00eb, kryeadministratori i bie q\u00eb t\u00eb jet\u00eb organ i shkall\u00ebs s\u00eb dyt\u00eb\u00a0 dhe mbron interesat e qytetar\u00ebve\u00a0 nga kabineti i kryetarit\u00a0 dhe i sekretar\u00ebve kur ata ankohen n\u00eb cenimin e t\u00eb drejtave t\u00eb veta \u00a0me ligj \u00a0nga pushteti vendor.<\/p>\n<p>\u00cbsht\u00eb interesant t\u00eb thuhet se kryeadministratori\u00a0 , \u201czbuloi&#8230;\u201d , nj\u00eb gjendje alarmante\u00a0 t\u00eb \u00a0k\u00ebrc\u00ebnimit t\u00eb te drejtave t\u00eb qytetar\u00ebve nga pal\u00ebt ( sekretar\u00ebt e \u00a0Cungut), q\u00eb \u00a0jan\u00eb n\u00eb lidhje gjaku\u00a0 dhe martesore, \u00e7ka e zbulon edhe \u00a0numri i ankesave\u00a0 n\u00eb tabel\u00ebn si m\u00eb posht\u00eb.<\/p>\n<p>Krahaso gjendjen <strong><u>Viti 2014<\/u><\/strong><\/p>\n<p>&nbsp;<\/p>\n<p><strong>Ankesa t\u00eb p\u00ebrgjithshme nga qytetar\u00ebt \u00a0n\u00eb pun\u00ebn\u00a0 e shefave\u00a0 t\u00eb komun\u00ebs\u00a0 te\u00a0 kryeadministratori 117<\/strong><\/p>\n<p><strong>T\u00eb refuzuara( n\u00eb favor\u00a0 t\u00eb komun\u00ebs= 23<\/strong><\/p>\n<p><strong>T\u00eb pranuara(n\u00eb d\u00ebm t\u00eb komun\u00ebs )=72, <\/strong><\/p>\n<p><strong>\u00a0<\/strong><\/p>\n<p><strong><u>Viti 2015<\/u><\/strong><\/p>\n<p><strong>Ankesa t\u00eb p\u00ebrgjithshme \u00a0nga qytetr\u00ebt\u00a0 \u00a0120<\/strong><\/p>\n<p><strong>T\u00eb refuzuara( n\u00eb favor\u00a0 t\u00eb komun\u00ebs= 26<\/strong><\/p>\n<p><strong>T\u00eb pranuara(n\u00eb d\u00ebm t\u00eb komun\u00ebs )=70<\/strong><\/p>\n<p><strong>\u00a0<\/strong><\/p>\n<p><strong>\u00a0<\/strong><\/p>\n<p><strong><u>Viti 2016<\/u><\/strong><\/p>\n<p><strong>Ankesa t\u00eb p\u00ebrgjithshme \u00a0nga qytetr\u00ebt 43<\/strong><\/p>\n<p><strong>T\u00eb refuzuara( n\u00eb favor\u00a0 t\u00eb komun\u00ebs= 4<\/strong><\/p>\n<p><strong>T\u00eb pranuara(n\u00eb d\u00ebm t\u00eb komun\u00ebs )=36<\/strong><\/p>\n<p><strong>T\u00eb anuluara = 3<\/strong><\/p>\n<p><strong>Shih edhe k\u00ebt\u00eb\u00a0 se si mos kryerja e pun\u00ebs \u2026., p\u00ebrs\u00ebritet nd\u00ebr vite dhe p\u00ebr k\u00ebt\u00eb \u00a0Loro Ndrekiqi(kuvendi)<\/strong><strong><u>, q\u00eb kontrollon\u00a0 (demek), pun\u00ebn e Cugut e shefave t\u00eb tij<\/u><\/strong><strong> ,\u00a0 p\u00ebr \u00e7udi hesht . Ai \u00a0raportin\u00a0 e \u00a0gjendjes alarmante \u00a0nuk po e qet fare \u00a0n\u00eb kuvend- p\u00ebr t\u00eb marr\u00eb nj\u00eb\u00a0 qendrim ndaj keqb\u00ebrs\u00ebve dhe administrates fodulle\u2026?!!<\/strong><\/p>\n<p><strong>Tjet\u00ebr &#8211; kur\u00a0\u00a0 p\u00ebrmendet koncepti\u00a0 i ankesave , <\/strong><strong><u>t\u00eb pranuara ( n\u00eb d\u00ebm) t\u00eb komun\u00ebs?!<\/u><\/strong><strong>, p\u00ebrve\u00e7 se kryeadministratori\u00a0 \u00a0me siguri \u00a0q\u00eb do ta ket\u00eb mbyll\u00eb nj\u00ebrin sy\u2026.,\u00a0 t\u00eb cilin \u00a0do ta hap\u00eb doemos\u00a0 organi republikan\u00a0 kjo\u00a0 n\u00ebnkupton\u00a0 gjithashtu \u00a0nj\u00eb num\u00ebr edhe m\u00eb t\u00eb madh t\u00eb ankesave\u00a0 n\u00eb d\u00ebm t\u00eb komun\u00ebs dhe \u00a0gjithashtu \u00a0nj\u00eb d\u00ebm material n\u00eb buxhet t\u00eb komun\u00ebs \u00a0kur \u00a0nes\u00ebr me siguri palet do fitojn\u00eb gjyqin\u2026?!<\/strong><\/p>\n<p><strong>\u00a0Th\u00ebn\u00eb \u00a0t\u00eb v\u00ebrtet\u00ebn\u00a0 n\u00ebse \u00a0p\u00ebr\u00a0 2 vite e gjysm\u00eb \u00a0pat\u00ebm \u00a0274 ankesa(qytetar\u00eb t\u00eb pa k\u00ebnaqur , ose 274 familje \u2013 \u00a0p\u00ebr 4 vite qeverisje\u00a0 ,do t i bie q\u00eb t\u00eb kemi \u00a0mbi 500 \u00a0e sa familje t\u00eb pa k\u00ebnaqura. <\/strong><\/p>\n<p><strong>Kuptohet q\u00eb kjo \u00ebsht\u00eb goxha shum\u00eb dhe pritet\u00a0 t\u00eb jape efekte\u00a0 negative edhe n\u00eb k\u00ebto zgjedhje?!!<\/strong><\/p>\n<p><strong>PRANDAJ VOTA KUND\u00cbR DEL T\u00cb JET\u00cb KREJT\u00cb NORMALE\u2026.?!!<\/strong><\/p>\n","protected":false},"excerpt":{"rendered":"<p>Shkruan: Muhamet Nika \u00cbsht\u00eb\u00a0 e v\u00ebrtet\u00eb e madhe q\u00eb shkresa e kryeadministratorit\u00a0 u dogji shum\u00eb vetave\u00a0 n\u00eb lidhje me pun\u00ebsimet e pa ligjshme n\u00eb komun\u00eb drejtuar Cungut dhe madje disa n\u00eb form\u00eb elektronike \u00a0dhan\u00eb sqarim q\u00eb ai nuk pati t\u00eb drejt\u00eb t\u00eb\u00a0 ankohej sepse i takon atij t\u00eb merret\u00a0 me ruajtjen dhe zbatimin e ligjit [&hellip;]<\/p>\n","protected":false},"author":1,"featured_media":0,"comment_status":"closed","ping_status":"closed","sticky":false,"template":"","format":"standard","meta":{"spay_email":"","jetpack_publicize_message":"","jetpack_is_tweetstorm":false,"jetpack_publicize_feature_enabled":true},"categories":[1],"tags":[],"jetpack_publicize_connections":[],"yoast_head":"<!-- This site is optimized with the Yoast SEO plugin v19.1 - https:\/\/yoast.com\/wordpress\/plugins\/seo\/ -->\n<title>Kapllan Mu\u00e7a n\u00eb letr\u00ebn e nisur Cungut - B\u00ebri e b\u00ebn pun\u00ebn e vet ?!! - Lajme nga Ulqini<\/title>\n<meta name=\"description\" content=\"Shkruan: Muhamet Nika \u00cbsht\u00eb\u00a0 e v\u00ebrtet\u00eb e madhe q\u00eb shkresa e kryeadministratorit\u00a0 u dogji shum\u00eb vetave\u00a0 n\u00eb lidhje me pun\u00ebsimet e pa ligjshme n\u00eb komun\u00eb\" \/>\n<meta name=\"robots\" content=\"index, follow, max-snippet:-1, max-image-preview:large, max-video-preview:-1\" \/>\n<link rel=\"canonical\" href=\"https:\/\/www.visit-ulcinj.com\/blog\/2016\/10\/13\/kapllan-muca-ne-letren-e-nisur-cungut-beri-e-ben-punen-e-vet\/\" \/>\n<meta property=\"og:locale\" content=\"en_US\" \/>\n<meta property=\"og:type\" content=\"article\" \/>\n<meta property=\"og:title\" content=\"Kapllan Mu\u00e7a n\u00eb letr\u00ebn e nisur Cungut - B\u00ebri e b\u00ebn pun\u00ebn e vet ?!! - Lajme nga Ulqini\" \/>\n<meta property=\"og:description\" content=\"Shkruan: Muhamet Nika \u00cbsht\u00eb\u00a0 e v\u00ebrtet\u00eb e madhe q\u00eb shkresa e kryeadministratorit\u00a0 u dogji shum\u00eb vetave\u00a0 n\u00eb lidhje me pun\u00ebsimet e pa ligjshme n\u00eb komun\u00eb\" \/>\n<meta property=\"og:url\" content=\"https:\/\/www.visit-ulcinj.com\/blog\/2016\/10\/13\/kapllan-muca-ne-letren-e-nisur-cungut-beri-e-ben-punen-e-vet\/\" \/>\n<meta property=\"og:site_name\" content=\"Lajme nga Ulqini\" \/>\n<meta property=\"article:published_time\" content=\"2016-10-13T17:26:49+00:00\" \/>\n<meta property=\"og:image\" content=\"http:\/\/www.visit-ulcinj.com\/blog\/wp-content\/uploads\/2011\/09\/Kapllan-Muca_Naziv-Cungu.jpg\" \/>\n<meta name=\"twitter:label1\" content=\"Written by\" \/>\n\t<meta name=\"twitter:data1\" content=\"ulqini\" \/>\n\t<meta name=\"twitter:label2\" content=\"Est. reading time\" \/>\n\t<meta name=\"twitter:data2\" content=\"3 minutes\" \/>\n<script type=\"application\/ld+json\" class=\"yoast-schema-graph\">{\"@context\":\"https:\/\/schema.org\",\"@graph\":[{\"@type\":\"WebSite\",\"@id\":\"https:\/\/www.visit-ulcinj.com\/blog\/#website\",\"url\":\"https:\/\/www.visit-ulcinj.com\/blog\/\",\"name\":\"Lajme nga Ulqini\",\"description\":\"Lajme,Vijesti,Ulqini,Ulqin,Crna Gora,Mali i Zi\",\"potentialAction\":[{\"@type\":\"SearchAction\",\"target\":{\"@type\":\"EntryPoint\",\"urlTemplate\":\"https:\/\/www.visit-ulcinj.com\/blog\/?s={search_term_string}\"},\"query-input\":\"required name=search_term_string\"}],\"inLanguage\":\"en-US\"},{\"@type\":\"ImageObject\",\"inLanguage\":\"en-US\",\"@id\":\"https:\/\/www.visit-ulcinj.com\/blog\/2016\/10\/13\/kapllan-muca-ne-letren-e-nisur-cungut-beri-e-ben-punen-e-vet\/#primaryimage\",\"url\":\"https:\/\/www.visit-ulcinj.com\/blog\/wp-content\/uploads\/2011\/09\/Kapllan-Muca_Naziv-Cungu.jpg\",\"contentUrl\":\"https:\/\/www.visit-ulcinj.com\/blog\/wp-content\/uploads\/2011\/09\/Kapllan-Muca_Naziv-Cungu.jpg\",\"width\":\"720\",\"height\":\"480\"},{\"@type\":\"WebPage\",\"@id\":\"https:\/\/www.visit-ulcinj.com\/blog\/2016\/10\/13\/kapllan-muca-ne-letren-e-nisur-cungut-beri-e-ben-punen-e-vet\/#webpage\",\"url\":\"https:\/\/www.visit-ulcinj.com\/blog\/2016\/10\/13\/kapllan-muca-ne-letren-e-nisur-cungut-beri-e-ben-punen-e-vet\/\",\"name\":\"Kapllan Mu\u00e7a n\u00eb letr\u00ebn e nisur Cungut - B\u00ebri e b\u00ebn pun\u00ebn e vet ?!! - Lajme nga Ulqini\",\"isPartOf\":{\"@id\":\"https:\/\/www.visit-ulcinj.com\/blog\/#website\"},\"primaryImageOfPage\":{\"@id\":\"https:\/\/www.visit-ulcinj.com\/blog\/2016\/10\/13\/kapllan-muca-ne-letren-e-nisur-cungut-beri-e-ben-punen-e-vet\/#primaryimage\"},\"datePublished\":\"2016-10-13T17:26:49+00:00\",\"dateModified\":\"2016-10-13T17:26:49+00:00\",\"author\":{\"@id\":\"https:\/\/www.visit-ulcinj.com\/blog\/#\/schema\/person\/dcab619c614d3038751c63bc2aadc06d\"},\"description\":\"Shkruan: Muhamet Nika \u00cbsht\u00eb\u00a0 e v\u00ebrtet\u00eb e madhe q\u00eb shkresa e kryeadministratorit\u00a0 u dogji shum\u00eb vetave\u00a0 n\u00eb lidhje me pun\u00ebsimet e pa ligjshme n\u00eb komun\u00eb\",\"breadcrumb\":{\"@id\":\"https:\/\/www.visit-ulcinj.com\/blog\/2016\/10\/13\/kapllan-muca-ne-letren-e-nisur-cungut-beri-e-ben-punen-e-vet\/#breadcrumb\"},\"inLanguage\":\"en-US\",\"potentialAction\":[{\"@type\":\"ReadAction\",\"target\":[\"https:\/\/www.visit-ulcinj.com\/blog\/2016\/10\/13\/kapllan-muca-ne-letren-e-nisur-cungut-beri-e-ben-punen-e-vet\/\"]}]},{\"@type\":\"BreadcrumbList\",\"@id\":\"https:\/\/www.visit-ulcinj.com\/blog\/2016\/10\/13\/kapllan-muca-ne-letren-e-nisur-cungut-beri-e-ben-punen-e-vet\/#breadcrumb\",\"itemListElement\":[{\"@type\":\"ListItem\",\"position\":1,\"name\":\"Kapllan Mu\u00e7a n\u00eb letr\u00ebn e nisur Cungut &#8211; B\u00ebri e b\u00ebn pun\u00ebn e vet ?!!\"}]},{\"@type\":\"Person\",\"@id\":\"https:\/\/www.visit-ulcinj.com\/blog\/#\/schema\/person\/dcab619c614d3038751c63bc2aadc06d\",\"name\":\"ulqini\",\"sameAs\":[\"http:\/\/www.visit-ulcinj.com\"],\"url\":\"https:\/\/www.visit-ulcinj.com\/blog\/author\/admin\/\"}]}<\/script>\n<!-- \/ Yoast SEO plugin. -->","yoast_head_json":{"title":"Kapllan Mu\u00e7a n\u00eb letr\u00ebn e nisur Cungut - B\u00ebri e b\u00ebn pun\u00ebn e vet ?!! - Lajme nga Ulqini","description":"Shkruan: Muhamet Nika \u00cbsht\u00eb\u00a0 e v\u00ebrtet\u00eb e madhe q\u00eb shkresa e kryeadministratorit\u00a0 u dogji shum\u00eb vetave\u00a0 n\u00eb lidhje me pun\u00ebsimet e pa ligjshme n\u00eb komun\u00eb","robots":{"index":"index","follow":"follow","max-snippet":"max-snippet:-1","max-image-preview":"max-image-preview:large","max-video-preview":"max-video-preview:-1"},"canonical":"https:\/\/www.visit-ulcinj.com\/blog\/2016\/10\/13\/kapllan-muca-ne-letren-e-nisur-cungut-beri-e-ben-punen-e-vet\/","og_locale":"en_US","og_type":"article","og_title":"Kapllan Mu\u00e7a n\u00eb letr\u00ebn e nisur Cungut - B\u00ebri e b\u00ebn pun\u00ebn e vet ?!! - Lajme nga Ulqini","og_description":"Shkruan: Muhamet Nika \u00cbsht\u00eb\u00a0 e v\u00ebrtet\u00eb e madhe q\u00eb shkresa e kryeadministratorit\u00a0 u dogji shum\u00eb vetave\u00a0 n\u00eb lidhje me pun\u00ebsimet e pa ligjshme n\u00eb komun\u00eb","og_url":"https:\/\/www.visit-ulcinj.com\/blog\/2016\/10\/13\/kapllan-muca-ne-letren-e-nisur-cungut-beri-e-ben-punen-e-vet\/","og_site_name":"Lajme nga Ulqini","article_published_time":"2016-10-13T17:26:49+00:00","og_image":[{"url":"http:\/\/www.visit-ulcinj.com\/blog\/wp-content\/uploads\/2011\/09\/Kapllan-Muca_Naziv-Cungu.jpg"}],"twitter_misc":{"Written by":"ulqini","Est. reading time":"3 minutes"},"schema":{"@context":"https:\/\/schema.org","@graph":[{"@type":"WebSite","@id":"https:\/\/www.visit-ulcinj.com\/blog\/#website","url":"https:\/\/www.visit-ulcinj.com\/blog\/","name":"Lajme nga Ulqini","description":"Lajme,Vijesti,Ulqini,Ulqin,Crna Gora,Mali i Zi","potentialAction":[{"@type":"SearchAction","target":{"@type":"EntryPoint","urlTemplate":"https:\/\/www.visit-ulcinj.com\/blog\/?s={search_term_string}"},"query-input":"required name=search_term_string"}],"inLanguage":"en-US"},{"@type":"ImageObject","inLanguage":"en-US","@id":"https:\/\/www.visit-ulcinj.com\/blog\/2016\/10\/13\/kapllan-muca-ne-letren-e-nisur-cungut-beri-e-ben-punen-e-vet\/#primaryimage","url":"https:\/\/www.visit-ulcinj.com\/blog\/wp-content\/uploads\/2011\/09\/Kapllan-Muca_Naziv-Cungu.jpg","contentUrl":"https:\/\/www.visit-ulcinj.com\/blog\/wp-content\/uploads\/2011\/09\/Kapllan-Muca_Naziv-Cungu.jpg","width":"720","height":"480"},{"@type":"WebPage","@id":"https:\/\/www.visit-ulcinj.com\/blog\/2016\/10\/13\/kapllan-muca-ne-letren-e-nisur-cungut-beri-e-ben-punen-e-vet\/#webpage","url":"https:\/\/www.visit-ulcinj.com\/blog\/2016\/10\/13\/kapllan-muca-ne-letren-e-nisur-cungut-beri-e-ben-punen-e-vet\/","name":"Kapllan Mu\u00e7a n\u00eb letr\u00ebn e nisur Cungut - B\u00ebri e b\u00ebn pun\u00ebn e vet ?!! - Lajme nga Ulqini","isPartOf":{"@id":"https:\/\/www.visit-ulcinj.com\/blog\/#website"},"primaryImageOfPage":{"@id":"https:\/\/www.visit-ulcinj.com\/blog\/2016\/10\/13\/kapllan-muca-ne-letren-e-nisur-cungut-beri-e-ben-punen-e-vet\/#primaryimage"},"datePublished":"2016-10-13T17:26:49+00:00","dateModified":"2016-10-13T17:26:49+00:00","author":{"@id":"https:\/\/www.visit-ulcinj.com\/blog\/#\/schema\/person\/dcab619c614d3038751c63bc2aadc06d"},"description":"Shkruan: Muhamet Nika \u00cbsht\u00eb\u00a0 e v\u00ebrtet\u00eb e madhe q\u00eb shkresa e kryeadministratorit\u00a0 u dogji shum\u00eb vetave\u00a0 n\u00eb lidhje me pun\u00ebsimet e pa ligjshme n\u00eb komun\u00eb","breadcrumb":{"@id":"https:\/\/www.visit-ulcinj.com\/blog\/2016\/10\/13\/kapllan-muca-ne-letren-e-nisur-cungut-beri-e-ben-punen-e-vet\/#breadcrumb"},"inLanguage":"en-US","potentialAction":[{"@type":"ReadAction","target":["https:\/\/www.visit-ulcinj.com\/blog\/2016\/10\/13\/kapllan-muca-ne-letren-e-nisur-cungut-beri-e-ben-punen-e-vet\/"]}]},{"@type":"BreadcrumbList","@id":"https:\/\/www.visit-ulcinj.com\/blog\/2016\/10\/13\/kapllan-muca-ne-letren-e-nisur-cungut-beri-e-ben-punen-e-vet\/#breadcrumb","itemListElement":[{"@type":"ListItem","position":1,"name":"Kapllan Mu\u00e7a n\u00eb letr\u00ebn e nisur Cungut &#8211; B\u00ebri e b\u00ebn pun\u00ebn e vet ?!!"}]},{"@type":"Person","@id":"https:\/\/www.visit-ulcinj.com\/blog\/#\/schema\/person\/dcab619c614d3038751c63bc2aadc06d","name":"ulqini","sameAs":["http:\/\/www.visit-ulcinj.com"],"url":"https:\/\/www.visit-ulcinj.com\/blog\/author\/admin\/"}]}},"jetpack_featured_media_url":"","jetpack_sharing_enabled":true,"jetpack_shortlink":"https:\/\/wp.me\/pe6lTn-q4U","_links":{"self":[{"href":"https:\/\/www.visit-ulcinj.com\/blog\/wp-json\/wp\/v2\/posts\/100248"}],"collection":[{"href":"https:\/\/www.visit-ulcinj.com\/blog\/wp-json\/wp\/v2\/posts"}],"about":[{"href":"https:\/\/www.visit-ulcinj.com\/blog\/wp-json\/wp\/v2\/types\/post"}],"author":[{"embeddable":true,"href":"https:\/\/www.visit-ulcinj.com\/blog\/wp-json\/wp\/v2\/users\/1"}],"replies":[{"embeddable":true,"href":"https:\/\/www.visit-ulcinj.com\/blog\/wp-json\/wp\/v2\/comments?post=100248"}],"version-history":[{"count":1,"href":"https:\/\/www.visit-ulcinj.com\/blog\/wp-json\/wp\/v2\/posts\/100248\/revisions"}],"predecessor-version":[{"id":100249,"href":"https:\/\/www.visit-ulcinj.com\/blog\/wp-json\/wp\/v2\/posts\/100248\/revisions\/100249"}],"wp:attachment":[{"href":"https:\/\/www.visit-ulcinj.com\/blog\/wp-json\/wp\/v2\/media?parent=100248"}],"wp:term":[{"taxonomy":"category","embeddable":true,"href":"https:\/\/www.visit-ulcinj.com\/blog\/wp-json\/wp\/v2\/categories?post=100248"},{"taxonomy":"post_tag","embeddable":true,"href":"https:\/\/www.visit-ulcinj.com\/blog\/wp-json\/wp\/v2\/tags?post=100248"}],"curies":[{"name":"wp","href":"https:\/\/api.w.org\/{rel}","templated":true}]}}