{"id":100250,"date":"2016-10-13T18:53:30","date_gmt":"2016-10-13T17:53:30","guid":{"rendered":"http:\/\/www.visit-ulcinj.com\/blog\/?p=100250"},"modified":"2016-10-13T19:33:23","modified_gmt":"2016-10-13T18:33:23","slug":"nika-kujdes-kjo-nuk-eshte-film-edhe-pse-jemi-film","status":"publish","type":"post","link":"https:\/\/www.visit-ulcinj.com\/blog\/2016\/10\/13\/nika-kujdes-kjo-nuk-eshte-film-edhe-pse-jemi-film\/","title":{"rendered":"Nika: Kujdes kjo nuk \u00ebsht\u00eb film edhe pse jemi film\u2026?!!"},"content":{"rendered":"<p><strong><em><a href=\"http:\/\/www.visit-ulcinj.com\/blog\/wp-content\/uploads\/2016\/10\/Simpoziumi-Shkencor-Mbrotja-dhe-Konservimi-i-Qendruesh\u00ebm-i-Qytetit-t\u00eb-vjet\u00ebr-\u2013-Kalas\u00eb-s\u00eb-Ulqinit.jpg\"><img loading=\"lazy\" class=\"alignleft wp-image-100251\" src=\"http:\/\/www.visit-ulcinj.com\/blog\/wp-content\/uploads\/2016\/10\/Simpoziumi-Shkencor-Mbrotja-dhe-Konservimi-i-Qendruesh\u00ebm-i-Qytetit-t\u00eb-vjet\u00ebr-\u2013-Kalas\u00eb-s\u00eb-Ulqinit.jpg\" alt=\"Simpoziumi Shkencor Mbrotja dhe Konservimi i Qendruesh\u00ebm i Qytetit t\u00eb vjet\u00ebr \u2013 Kalas\u00eb s\u00eb Ulqinit\" width=\"508\" height=\"339\" srcset=\"https:\/\/www.visit-ulcinj.com\/blog\/wp-content\/uploads\/2016\/10\/Simpoziumi-Shkencor-Mbrotja-dhe-Konservimi-i-Qendruesh\u00ebm-i-Qytetit-t\u00eb-vjet\u00ebr-\u2013-Kalas\u00eb-s\u00eb-Ulqinit.jpg 960w, https:\/\/www.visit-ulcinj.com\/blog\/wp-content\/uploads\/2016\/10\/Simpoziumi-Shkencor-Mbrotja-dhe-Konservimi-i-Qendruesh\u00ebm-i-Qytetit-t\u00eb-vjet\u00ebr-\u2013-Kalas\u00eb-s\u00eb-Ulqinit-300x200.jpg 300w, https:\/\/www.visit-ulcinj.com\/blog\/wp-content\/uploads\/2016\/10\/Simpoziumi-Shkencor-Mbrotja-dhe-Konservimi-i-Qendruesh\u00ebm-i-Qytetit-t\u00eb-vjet\u00ebr-\u2013-Kalas\u00eb-s\u00eb-Ulqinit-768x512.jpg 768w\" sizes=\"(max-width: 508px) 100vw, 508px\" \/><\/a>Shkruan Muhamet Nika<\/em><\/strong><\/p>\n<p><strong><em>Kujdes kjo nuk \u00ebsht\u00eb film edhe pse jemi film\u2026?!!<\/em><\/strong><\/p>\n<p><strong><em>( nj\u00eb v\u00ebshtrim rreth\u00a0 simpoziumit t\u00eb mbajtur n\u00eb Kala\u2026)<\/em><\/strong><\/p>\n<p>Interesant\u00eb kjo puna jon\u00eb n\u00eb Ulqin, tash sa koh\u00eb po mundohem t\u00eb gjej\u00eb njer\u00ebz q\u00eb nuk jan\u00eb \u201c ekspert\u00eb\u201d t\u00eb te gjitha pun\u00ebve ,por k\u00ebtu\u00a0 te ne nuk po i gjej\u00eb. Ne si duket u b\u00ebm\u00eb t\u00eb gjith\u00eb eksperta&#8230;?!<\/p>\n<p>E ne , e di fare mir\u00eb q\u00eb \u00a0nuk jemi Egjipt, ku n\u00eb aeroportin e Kajros, shohim q\u00eb sapo arrin t\u00eb pret parulla : Mir\u00eb se vini, k\u00ebshtu si ti kemi mjaft&#8230;?! Me sa duket \u00a0kjo \u00a0ka kuptimin , n\u00ebse je i urt\u00eb e shkenc\u00ebtar n\u00eb Egjipt kemi sa t\u00eb duash, po edhe n\u00ebse je kastravec\u00a0 e budall&#8230; , p\u00ebrs\u00ebri kemi sa t\u00eb duash&#8230;?!!<\/p>\n<p>Kur lexuam lajmin se: N\u00eb \u00a0Ulqinit u hap Simpoziumi Shkencor Mbrojtja dhe Konservimi i Q\u00ebndruesh\u00ebm i Qytetit t\u00eb Vjet\u00ebr&#8230;.\u201d si \u00a0fryt bashk\u00ebpunimi mes Komun\u00ebs s\u00eb Ulqinit dhe Fondacionit Kulturor Shqiptaro-Amerikan, me partner\u00eb \u00a0tjer\u00eb lokal\u00eb..\u201d, na lindi k\u00ebrsh\u00ebria\u00a0 t\u00eb pyesim : Kush thua\u00a0 se ishin dhe nga ishin \u00a0shkenc\u00ebtar\u00ebt dhe \u00a0akademik\u00ebt\u00a0 e \u00a0tubuar p\u00ebr arkeologji n\u00eb Ulqin, kur as vet\u00eb shteti i Malit t\u00eb Zi, nuk ka\u00a0 arritur t\u00eb ket\u00eb nj\u00eb institucion t\u00eb k\u00ebsaj fushe \u2013 fakultet arkeologjie..?!!<\/p>\n<p><a href=\"http:\/\/www.visit-ulcinj.com\/blog\/wp-content\/uploads\/2016\/10\/Simpoziumi-Shkencor-Mbrotja-dhe-Konservimi-i-Qendruesh\u00ebm-i-Qytetit-t\u00eb-vjet\u00ebr-\u2013-Kalas\u00eb-s\u00eb-Ulqinit-1.jpg\"><img loading=\"lazy\" class=\"alignleft wp-image-100252\" src=\"http:\/\/www.visit-ulcinj.com\/blog\/wp-content\/uploads\/2016\/10\/Simpoziumi-Shkencor-Mbrotja-dhe-Konservimi-i-Qendruesh\u00ebm-i-Qytetit-t\u00eb-vjet\u00ebr-\u2013-Kalas\u00eb-s\u00eb-Ulqinit-1.jpg\" alt=\"Simpoziumi Shkencor Mbrotja dhe Konservimi i Qendruesh\u00ebm i Qytetit t\u00eb vjet\u00ebr \u2013 Kalas\u00eb s\u00eb Ulqinit-1\" width=\"508\" height=\"339\" srcset=\"https:\/\/www.visit-ulcinj.com\/blog\/wp-content\/uploads\/2016\/10\/Simpoziumi-Shkencor-Mbrotja-dhe-Konservimi-i-Qendruesh\u00ebm-i-Qytetit-t\u00eb-vjet\u00ebr-\u2013-Kalas\u00eb-s\u00eb-Ulqinit-1.jpg 960w, https:\/\/www.visit-ulcinj.com\/blog\/wp-content\/uploads\/2016\/10\/Simpoziumi-Shkencor-Mbrotja-dhe-Konservimi-i-Qendruesh\u00ebm-i-Qytetit-t\u00eb-vjet\u00ebr-\u2013-Kalas\u00eb-s\u00eb-Ulqinit-1-300x200.jpg 300w, https:\/\/www.visit-ulcinj.com\/blog\/wp-content\/uploads\/2016\/10\/Simpoziumi-Shkencor-Mbrotja-dhe-Konservimi-i-Qendruesh\u00ebm-i-Qytetit-t\u00eb-vjet\u00ebr-\u2013-Kalas\u00eb-s\u00eb-Ulqinit-1-768x512.jpg 768w\" sizes=\"(max-width: 508px) 100vw, 508px\" \/><\/a><\/p>\n<p>Pasi shteti\u00a0 \u00a0e ka t\u00eb\u00a0 miratuar ligjin p\u00ebr pun\u00eb krijuese\u00a0 t\u00eb pavarur e\u00a0 hulumtime shkencore t\u00eb individ\u00ebve\u00a0 t\u00eb\u00a0 dalluar i cili u njeh\u00a0 t\u00eb drejt\u00ebn e hulumtimit t\u00eb pavarur \u00a0personave t\u00eb k\u00ebtill\u00eb -qysh n\u00eb koh\u00ebn e Enverit , \u00a0mendova se n\u00eb munges\u00eb t\u00eb tyre mund t\u00eb jen\u00eb t\u00eb ftuar nga Shqip\u00ebria \u00a0akademik\u00eb t\u00eb shtetit am\u00eb. Sepse fundi i fundit edhe sikur Kalaja e Ulqinit , t\u00eb mos dominohej nga shqiptar\u00ebt ose t\u00eb mos administrohej nga shqiptar\u00ebt , studiuesve shqiptar\u00eb u takonte\u00a0 gjithsesi\u00a0 t\u00eb ishin n\u00eb simpozium , pasi Ulqini \u00ebsht\u00eb kontakt \u00a0zon\u00eb arkeologjike iliro-shqiptare.<\/p>\n<p>Mos t\u00eb harrojm\u00eb edhe \u00a0faktin q\u00eb n\u00eb k\u00ebt\u00eb pun\u00eb nuk ka improvizime kulturore dhe trillime shkencore\u00a0 kur dihet\u00a0 mir\u00ebfilli se rreth origjin\u00ebs s\u00eb\u00a0 Ulqinit, \u00a0aktualisht kemi t\u00eb b\u00ebjm\u00eb me teorin\u00eb aktuale \u00a0e \u00a0t\u00eb pa argumentuar\u00a0 t\u00eb kontiunitetit (lidhshm\u00ebris\u00eb) iliro- shqiptare t\u00eb qytetit t\u00eb Ulqinit \u2013si kultur\u00eb autoktone, dhe teorin\u00eb tjet\u00ebr \u00a0sllave \u00a0q\u00eb e mohon k\u00ebt\u00eb origjin\u00eb&#8230;?!<\/p>\n<p>Andaj \u2013 sipas neve , simpoziumi i cekur pa nj\u00eb meritum t\u00eb duhur di t\u00eb provokoj\u00eb shk\u00ebputjen e kontiunitetit t\u00eb diskutuesh\u00ebm \u00a0t\u00eb mundsh\u00ebm \u00a0me l\u00ebnien e hap\u00ebsir\u00ebs s\u00eb lir\u00eb t\u00eb gjuajtjes s\u00eb teoris\u00eb tjet\u00ebr sllave se shqiptar\u00ebt nuk jan\u00eb me origjin\u00eb ilire, por nj\u00eb grup njer\u00ebzish\u00a0 q\u00eb historikisht \u00a0lidheshin \u00a0ngusht\u00eb me nj\u00eb rrip toke n\u00eb\u00a0 lugin\u00ebn e \u00a0lumit Mat&#8230;?!! Pra \u00a0n\u00ebse krijimi i \u00a0shtetit\u00a0 n\u00ebnkupton edhe pasjen e\u00a0 t\u00eb drejt\u00ebs\u00a0 historike\u00a0 n\u00eb truall ( duke jetuar nj\u00eb koh\u00eb t\u00eb gjat\u00eb n\u00eb te), v\u00ebrejm\u00eb q\u00eb nisur nga ky fakt ,\u00a0 as Rusia dikur \u00a0, nuk ishte kund\u00ebr ekzistimit t\u00eb nj\u00eb mini shteti (xhuxh) shqiptar\u00a0 q\u00eb \u00a0nuk i kalonte kufijt\u00eb e cekur&#8230;?!!<\/p>\n<p>Nd\u00ebrsa \u00a0kujtojm\u00eb\u00a0 se n\u00eb an\u00ebn tjet\u00ebr , \u00a0mbret\u00ebria e karagjorgjeviq\u00ebve\u00a0 pengoi \u00a0me dekret l\u00ebvizjen\u00a0 ilire \u201c Ilirski Pokret\u201d e cila \u00a0kroat\u00ebve \u00a0dhe territorit t\u00eb saj iu mohonte origjin\u00ebn sllave . K\u00ebshtu ishin pun\u00ebt dikur dhe un\u00eb nuk jam duke par\u00eb q\u00eb kan\u00eb ndryshuar as sot. Prandaj duke u marr\u00eb vet\u00ebm me an\u00ebn formale v\u00ebrejm\u00eb se struktura e t\u00eb ftuarve l\u00eb shum\u00eb p\u00ebr t\u00eb d\u00ebshiruar , p\u00ebr t\u00eb mos th\u00ebn\u00eb m\u00eb tmerron p\u00ebr nj\u00eb simpozium &#8230;?!<\/p>\n<p><a href=\"http:\/\/www.visit-ulcinj.com\/blog\/wp-content\/uploads\/2016\/10\/Simpoziumi-Shkencor-Mbrotja-dhe-Konservimi-i-Qendruesh\u00ebm-i-Qytetit-t\u00eb-vjet\u00ebr-\u2013-Kalas\u00eb-s\u00eb-Ulqinit-2.jpg\"><img loading=\"lazy\" class=\"alignleft wp-image-100253\" src=\"http:\/\/www.visit-ulcinj.com\/blog\/wp-content\/uploads\/2016\/10\/Simpoziumi-Shkencor-Mbrotja-dhe-Konservimi-i-Qendruesh\u00ebm-i-Qytetit-t\u00eb-vjet\u00ebr-\u2013-Kalas\u00eb-s\u00eb-Ulqinit-2.jpg\" alt=\"Simpoziumi Shkencor Mbrotja dhe Konservimi i Qendruesh\u00ebm i Qytetit t\u00eb vjet\u00ebr \u2013 Kalas\u00eb s\u00eb Ulqinit-2\" width=\"508\" height=\"339\" srcset=\"https:\/\/www.visit-ulcinj.com\/blog\/wp-content\/uploads\/2016\/10\/Simpoziumi-Shkencor-Mbrotja-dhe-Konservimi-i-Qendruesh\u00ebm-i-Qytetit-t\u00eb-vjet\u00ebr-\u2013-Kalas\u00eb-s\u00eb-Ulqinit-2.jpg 960w, https:\/\/www.visit-ulcinj.com\/blog\/wp-content\/uploads\/2016\/10\/Simpoziumi-Shkencor-Mbrotja-dhe-Konservimi-i-Qendruesh\u00ebm-i-Qytetit-t\u00eb-vjet\u00ebr-\u2013-Kalas\u00eb-s\u00eb-Ulqinit-2-300x200.jpg 300w, https:\/\/www.visit-ulcinj.com\/blog\/wp-content\/uploads\/2016\/10\/Simpoziumi-Shkencor-Mbrotja-dhe-Konservimi-i-Qendruesh\u00ebm-i-Qytetit-t\u00eb-vjet\u00ebr-\u2013-Kalas\u00eb-s\u00eb-Ulqinit-2-768x512.jpg 768w\" sizes=\"(max-width: 508px) 100vw, 508px\" \/><\/a><\/p>\n<p><strong><em>\u00c7udia e struktur\u00ebs s\u00eb t\u00eb ftuarve<\/em><\/strong><\/p>\n<p>Edhe\u00a0 pse ishin thirr shqiptar\u00eb, serb\u00a0 e malazez, turq \u201c \u00e7erkez manoilla zez..\u201d, m\u00ebsuam q\u00eb nuk ishin ftuar as arkeolog\u00eb vendas( q\u00eb nuk kemi shum\u00eb..), e\u00a0 as njer\u00ebz\u00a0\u00a0 tjer\u00eb t\u00eb li\u00e7ensuar\u00a0 p\u00ebr predikim(vas) n\u00eb k\u00ebt\u00eb pun\u00eb- si prifti apo hoxha, por ashtu futja kot..?! Pra, si tha nj\u00ebri \u201c nda\u00e7 shikoje me at\u00eb me xham , nda\u00e7 me at\u00eb pa xham, p\u00ebrs\u00ebri puna m\u00eb dilte asnji san&#8230;?!<\/p>\n<p>M\u00eb qart\u00eb duam t\u00eb themi, mungoi ftesa p\u00ebr institutin arkeologjik t\u00eb Tiran\u00ebs , me t\u00eb pun\u00ebsuar mbi 50 vet\u00eb t\u00eb nivelit akademik\u00eb, \u00a0n\u00eb fush\u00ebn e arkeologjis\u00eb, plus ata t\u00eb agjencis\u00eb p\u00ebr pun\u00eb arkeologjike dhe \u00a0ata t\u00eb departamentit arkeologjik t\u00eb Universitetit t\u00eb Tiran\u00ebs e k\u00ebshtu me radh\u00eb.<\/p>\n<p>Pa marr\u00eb parasysh q\u00ebllimin e mir\u00eb komuna nuk guxon t\u00eb l\u00ebshohet n\u00eb k\u00ebso avanturash t\u00eb donkishotizmit\u00a0 i cili\u00a0 \u00e7udit\u00ebrisht\u00a0 na p\u00eblqen edhe pse nuk b\u00ebn\u00eb.<\/p>\n<p>M\u00eb habit\u00eb dhe nj\u00ebkoh\u00ebsisht\u00a0 m\u00eb tmerron\u00a0 indiferenca intelektuale\u00a0 q\u00eb hesht\u00eb\u00a0 dhe p\u00ebrkrah\u00eb n\u00eb heshtje fenomenin\u00a0 \u00a0duke i th\u00ebn\u00eb \u00a0gjith\u00eb kujt \u201c puna e mbar\u00eb..\u201d?!<\/p>\n<p>Kujdes kjo nuk \u00ebsht\u00eb film edhe pse \u00a0JEMI \u00a0film..?!!<\/p>\n<p>Po duket\u00a0 se kolektivisht\u00a0 e paskemi harruar\u00a0 at\u00eb populloren q\u00eb thot\u00eb \u00a0: Nuk i ka hije shala magjarit&#8230;?!!<\/p>\n<!--YouTube Error: bad URL entered-->\n","protected":false},"excerpt":{"rendered":"<p>Shkruan Muhamet Nika Kujdes kjo nuk \u00ebsht\u00eb film edhe pse jemi film\u2026?!! ( nj\u00eb v\u00ebshtrim rreth\u00a0 simpoziumit t\u00eb mbajtur n\u00eb Kala\u2026) Interesant\u00eb kjo puna jon\u00eb n\u00eb Ulqin, tash sa koh\u00eb po mundohem t\u00eb gjej\u00eb njer\u00ebz q\u00eb nuk jan\u00eb \u201c ekspert\u00eb\u201d t\u00eb te gjitha pun\u00ebve ,por k\u00ebtu\u00a0 te ne nuk po i gjej\u00eb. Ne si duket [&hellip;]<\/p>\n","protected":false},"author":1,"featured_media":0,"comment_status":"closed","ping_status":"closed","sticky":false,"template":"","format":"standard","meta":{"spay_email":"","jetpack_publicize_message":"","jetpack_is_tweetstorm":false,"jetpack_publicize_feature_enabled":true},"categories":[14249],"tags":[],"jetpack_publicize_connections":[],"yoast_head":"<!-- This site is optimized with the Yoast SEO plugin v19.1 - https:\/\/yoast.com\/wordpress\/plugins\/seo\/ -->\n<title>Nika: Kujdes kjo nuk \u00ebsht\u00eb film edhe pse jemi film\u2026?!! - Lajme nga Ulqini<\/title>\n<meta name=\"description\" content=\"Shkruan Muhamet Nika Kujdes kjo nuk \u00ebsht\u00eb film edhe pse jemi film\u2026?!! ( nj\u00eb v\u00ebshtrim rreth\u00a0 simpoziumit t\u00eb mbajtur n\u00eb Kala\u2026) Interesant\u00eb kjo puna jon\u00eb n\u00eb\" \/>\n<meta name=\"robots\" content=\"index, follow, max-snippet:-1, max-image-preview:large, max-video-preview:-1\" \/>\n<link rel=\"canonical\" href=\"https:\/\/www.visit-ulcinj.com\/blog\/2016\/10\/13\/nika-kujdes-kjo-nuk-eshte-film-edhe-pse-jemi-film\/\" \/>\n<meta property=\"og:locale\" content=\"en_US\" \/>\n<meta property=\"og:type\" content=\"article\" \/>\n<meta property=\"og:title\" content=\"Nika: Kujdes kjo nuk \u00ebsht\u00eb film edhe pse jemi film\u2026?!! - Lajme nga Ulqini\" \/>\n<meta property=\"og:description\" content=\"Shkruan Muhamet Nika Kujdes kjo nuk \u00ebsht\u00eb film edhe pse jemi film\u2026?!! ( nj\u00eb v\u00ebshtrim rreth\u00a0 simpoziumit t\u00eb mbajtur n\u00eb Kala\u2026) Interesant\u00eb kjo puna jon\u00eb n\u00eb\" \/>\n<meta property=\"og:url\" content=\"https:\/\/www.visit-ulcinj.com\/blog\/2016\/10\/13\/nika-kujdes-kjo-nuk-eshte-film-edhe-pse-jemi-film\/\" \/>\n<meta property=\"og:site_name\" content=\"Lajme nga Ulqini\" \/>\n<meta property=\"article:published_time\" content=\"2016-10-13T17:53:30+00:00\" \/>\n<meta property=\"article:modified_time\" content=\"2016-10-13T18:33:23+00:00\" \/>\n<meta name=\"twitter:label1\" content=\"Written by\" \/>\n\t<meta name=\"twitter:data1\" content=\"ulqini\" \/>\n\t<meta name=\"twitter:label2\" content=\"Est. reading time\" \/>\n\t<meta name=\"twitter:data2\" content=\"4 minutes\" \/>\n<script type=\"application\/ld+json\" class=\"yoast-schema-graph\">{\"@context\":\"https:\/\/schema.org\",\"@graph\":[{\"@type\":\"WebSite\",\"@id\":\"https:\/\/www.visit-ulcinj.com\/blog\/#website\",\"url\":\"https:\/\/www.visit-ulcinj.com\/blog\/\",\"name\":\"Lajme nga Ulqini\",\"description\":\"Lajme,Vijesti,Ulqini,Ulqin,Crna Gora,Mali i Zi\",\"potentialAction\":[{\"@type\":\"SearchAction\",\"target\":{\"@type\":\"EntryPoint\",\"urlTemplate\":\"https:\/\/www.visit-ulcinj.com\/blog\/?s={search_term_string}\"},\"query-input\":\"required name=search_term_string\"}],\"inLanguage\":\"en-US\"},{\"@type\":\"WebPage\",\"@id\":\"https:\/\/www.visit-ulcinj.com\/blog\/2016\/10\/13\/nika-kujdes-kjo-nuk-eshte-film-edhe-pse-jemi-film\/#webpage\",\"url\":\"https:\/\/www.visit-ulcinj.com\/blog\/2016\/10\/13\/nika-kujdes-kjo-nuk-eshte-film-edhe-pse-jemi-film\/\",\"name\":\"Nika: Kujdes kjo nuk \u00ebsht\u00eb film edhe pse jemi film\u2026?!! - Lajme nga Ulqini\",\"isPartOf\":{\"@id\":\"https:\/\/www.visit-ulcinj.com\/blog\/#website\"},\"datePublished\":\"2016-10-13T17:53:30+00:00\",\"dateModified\":\"2016-10-13T18:33:23+00:00\",\"author\":{\"@id\":\"https:\/\/www.visit-ulcinj.com\/blog\/#\/schema\/person\/dcab619c614d3038751c63bc2aadc06d\"},\"description\":\"Shkruan Muhamet Nika Kujdes kjo nuk \u00ebsht\u00eb film edhe pse jemi film\u2026?!! ( nj\u00eb v\u00ebshtrim rreth\u00a0 simpoziumit t\u00eb mbajtur n\u00eb Kala\u2026) Interesant\u00eb kjo puna jon\u00eb n\u00eb\",\"breadcrumb\":{\"@id\":\"https:\/\/www.visit-ulcinj.com\/blog\/2016\/10\/13\/nika-kujdes-kjo-nuk-eshte-film-edhe-pse-jemi-film\/#breadcrumb\"},\"inLanguage\":\"en-US\",\"potentialAction\":[{\"@type\":\"ReadAction\",\"target\":[\"https:\/\/www.visit-ulcinj.com\/blog\/2016\/10\/13\/nika-kujdes-kjo-nuk-eshte-film-edhe-pse-jemi-film\/\"]}]},{\"@type\":\"BreadcrumbList\",\"@id\":\"https:\/\/www.visit-ulcinj.com\/blog\/2016\/10\/13\/nika-kujdes-kjo-nuk-eshte-film-edhe-pse-jemi-film\/#breadcrumb\",\"itemListElement\":[{\"@type\":\"ListItem\",\"position\":1,\"name\":\"Nika: Kujdes kjo nuk \u00ebsht\u00eb film edhe pse jemi film\u2026?!!\"}]},{\"@type\":\"Person\",\"@id\":\"https:\/\/www.visit-ulcinj.com\/blog\/#\/schema\/person\/dcab619c614d3038751c63bc2aadc06d\",\"name\":\"ulqini\",\"sameAs\":[\"http:\/\/www.visit-ulcinj.com\"],\"url\":\"https:\/\/www.visit-ulcinj.com\/blog\/author\/admin\/\"}]}<\/script>\n<!-- \/ Yoast SEO plugin. -->","yoast_head_json":{"title":"Nika: Kujdes kjo nuk \u00ebsht\u00eb film edhe pse jemi film\u2026?!! - Lajme nga Ulqini","description":"Shkruan Muhamet Nika Kujdes kjo nuk \u00ebsht\u00eb film edhe pse jemi film\u2026?!! ( nj\u00eb v\u00ebshtrim rreth\u00a0 simpoziumit t\u00eb mbajtur n\u00eb Kala\u2026) Interesant\u00eb kjo puna jon\u00eb n\u00eb","robots":{"index":"index","follow":"follow","max-snippet":"max-snippet:-1","max-image-preview":"max-image-preview:large","max-video-preview":"max-video-preview:-1"},"canonical":"https:\/\/www.visit-ulcinj.com\/blog\/2016\/10\/13\/nika-kujdes-kjo-nuk-eshte-film-edhe-pse-jemi-film\/","og_locale":"en_US","og_type":"article","og_title":"Nika: Kujdes kjo nuk \u00ebsht\u00eb film edhe pse jemi film\u2026?!! - Lajme nga Ulqini","og_description":"Shkruan Muhamet Nika Kujdes kjo nuk \u00ebsht\u00eb film edhe pse jemi film\u2026?!! ( nj\u00eb v\u00ebshtrim rreth\u00a0 simpoziumit t\u00eb mbajtur n\u00eb Kala\u2026) Interesant\u00eb kjo puna jon\u00eb n\u00eb","og_url":"https:\/\/www.visit-ulcinj.com\/blog\/2016\/10\/13\/nika-kujdes-kjo-nuk-eshte-film-edhe-pse-jemi-film\/","og_site_name":"Lajme nga Ulqini","article_published_time":"2016-10-13T17:53:30+00:00","article_modified_time":"2016-10-13T18:33:23+00:00","twitter_misc":{"Written by":"ulqini","Est. reading time":"4 minutes"},"schema":{"@context":"https:\/\/schema.org","@graph":[{"@type":"WebSite","@id":"https:\/\/www.visit-ulcinj.com\/blog\/#website","url":"https:\/\/www.visit-ulcinj.com\/blog\/","name":"Lajme nga Ulqini","description":"Lajme,Vijesti,Ulqini,Ulqin,Crna Gora,Mali i Zi","potentialAction":[{"@type":"SearchAction","target":{"@type":"EntryPoint","urlTemplate":"https:\/\/www.visit-ulcinj.com\/blog\/?s={search_term_string}"},"query-input":"required name=search_term_string"}],"inLanguage":"en-US"},{"@type":"WebPage","@id":"https:\/\/www.visit-ulcinj.com\/blog\/2016\/10\/13\/nika-kujdes-kjo-nuk-eshte-film-edhe-pse-jemi-film\/#webpage","url":"https:\/\/www.visit-ulcinj.com\/blog\/2016\/10\/13\/nika-kujdes-kjo-nuk-eshte-film-edhe-pse-jemi-film\/","name":"Nika: Kujdes kjo nuk \u00ebsht\u00eb film edhe pse jemi film\u2026?!! - Lajme nga Ulqini","isPartOf":{"@id":"https:\/\/www.visit-ulcinj.com\/blog\/#website"},"datePublished":"2016-10-13T17:53:30+00:00","dateModified":"2016-10-13T18:33:23+00:00","author":{"@id":"https:\/\/www.visit-ulcinj.com\/blog\/#\/schema\/person\/dcab619c614d3038751c63bc2aadc06d"},"description":"Shkruan Muhamet Nika Kujdes kjo nuk \u00ebsht\u00eb film edhe pse jemi film\u2026?!! ( nj\u00eb v\u00ebshtrim rreth\u00a0 simpoziumit t\u00eb mbajtur n\u00eb Kala\u2026) Interesant\u00eb kjo puna jon\u00eb n\u00eb","breadcrumb":{"@id":"https:\/\/www.visit-ulcinj.com\/blog\/2016\/10\/13\/nika-kujdes-kjo-nuk-eshte-film-edhe-pse-jemi-film\/#breadcrumb"},"inLanguage":"en-US","potentialAction":[{"@type":"ReadAction","target":["https:\/\/www.visit-ulcinj.com\/blog\/2016\/10\/13\/nika-kujdes-kjo-nuk-eshte-film-edhe-pse-jemi-film\/"]}]},{"@type":"BreadcrumbList","@id":"https:\/\/www.visit-ulcinj.com\/blog\/2016\/10\/13\/nika-kujdes-kjo-nuk-eshte-film-edhe-pse-jemi-film\/#breadcrumb","itemListElement":[{"@type":"ListItem","position":1,"name":"Nika: Kujdes kjo nuk \u00ebsht\u00eb film edhe pse jemi film\u2026?!!"}]},{"@type":"Person","@id":"https:\/\/www.visit-ulcinj.com\/blog\/#\/schema\/person\/dcab619c614d3038751c63bc2aadc06d","name":"ulqini","sameAs":["http:\/\/www.visit-ulcinj.com"],"url":"https:\/\/www.visit-ulcinj.com\/blog\/author\/admin\/"}]}},"jetpack_featured_media_url":"","jetpack_sharing_enabled":true,"jetpack_shortlink":"https:\/\/wp.me\/pe6lTn-q4W","_links":{"self":[{"href":"https:\/\/www.visit-ulcinj.com\/blog\/wp-json\/wp\/v2\/posts\/100250"}],"collection":[{"href":"https:\/\/www.visit-ulcinj.com\/blog\/wp-json\/wp\/v2\/posts"}],"about":[{"href":"https:\/\/www.visit-ulcinj.com\/blog\/wp-json\/wp\/v2\/types\/post"}],"author":[{"embeddable":true,"href":"https:\/\/www.visit-ulcinj.com\/blog\/wp-json\/wp\/v2\/users\/1"}],"replies":[{"embeddable":true,"href":"https:\/\/www.visit-ulcinj.com\/blog\/wp-json\/wp\/v2\/comments?post=100250"}],"version-history":[{"count":3,"href":"https:\/\/www.visit-ulcinj.com\/blog\/wp-json\/wp\/v2\/posts\/100250\/revisions"}],"predecessor-version":[{"id":100265,"href":"https:\/\/www.visit-ulcinj.com\/blog\/wp-json\/wp\/v2\/posts\/100250\/revisions\/100265"}],"wp:attachment":[{"href":"https:\/\/www.visit-ulcinj.com\/blog\/wp-json\/wp\/v2\/media?parent=100250"}],"wp:term":[{"taxonomy":"category","embeddable":true,"href":"https:\/\/www.visit-ulcinj.com\/blog\/wp-json\/wp\/v2\/categories?post=100250"},{"taxonomy":"post_tag","embeddable":true,"href":"https:\/\/www.visit-ulcinj.com\/blog\/wp-json\/wp\/v2\/tags?post=100250"}],"curies":[{"name":"wp","href":"https:\/\/api.w.org\/{rel}","templated":true}]}}