{"id":100270,"date":"2016-10-13T19:41:17","date_gmt":"2016-10-13T18:41:17","guid":{"rendered":"http:\/\/www.visit-ulcinj.com\/blog\/?p=100270"},"modified":"2016-10-13T19:41:17","modified_gmt":"2016-10-13T18:41:17","slug":"mali-zi-ndikimi-zgjedhjeve-ne-procesin-e-integrimit","status":"publish","type":"post","link":"https:\/\/www.visit-ulcinj.com\/blog\/2016\/10\/13\/mali-zi-ndikimi-zgjedhjeve-ne-procesin-e-integrimit\/","title":{"rendered":"Mali i Zi: Ndikimi i zgjedhjeve n\u00eb procesin e integrimit"},"content":{"rendered":"<div class=\"wysiwyg\">\n<p><a href=\"http:\/\/www.visit-ulcinj.com\/blog\/wp-content\/uploads\/2016\/10\/votimi-mali-i-zi.jpg\"><img loading=\"lazy\" class=\"alignleft wp-image-100271\" src=\"http:\/\/www.visit-ulcinj.com\/blog\/wp-content\/uploads\/2016\/10\/votimi-mali-i-zi.jpg\" alt=\"votimi mali i zi\" width=\"508\" height=\"286\" srcset=\"https:\/\/www.visit-ulcinj.com\/blog\/wp-content\/uploads\/2016\/10\/votimi-mali-i-zi.jpg 987w, https:\/\/www.visit-ulcinj.com\/blog\/wp-content\/uploads\/2016\/10\/votimi-mali-i-zi-300x169.jpg 300w, https:\/\/www.visit-ulcinj.com\/blog\/wp-content\/uploads\/2016\/10\/votimi-mali-i-zi-768x432.jpg 768w\" sizes=\"(max-width: 508px) 100vw, 508px\" \/><\/a>Votuesit n\u00eb Mal t\u00eb Zi p\u00ebrballen me dy alterantiva t\u00eb ndryshme p\u00ebr zgjedhjet e s\u00eb djel\u00ebs: t\u00eb vazhdojn\u00eb n\u00eb rrug\u00ebn pro-per\u00ebndimore dhe t\u00eb an\u00ebtar\u00ebsimit n\u00eb NATO, apo t\u00eb kthehen nga aleati i tyre tradicional, Rusia. Zgjedhjet e 16 tetorit n\u00eb vendin e vog\u00ebl ballkanik jan\u00eb m\u00eb t\u00eb r\u00ebnd\u00ebsishmet q\u00eb nga referendumi i vitit 2006 p\u00ebr pavar\u00ebsi nga Serbia.<\/p>\n<p>Rezultati i zgjedheve mund t\u00eb d\u00ebmtoj\u00eb procesin e integrimit t\u00eb Evrop\u00ebs Juglindore n\u00eb NATO dhe Bashkimin Evropian dhe mund t\u00eb jet\u00eb vendimtar p\u00ebr p\u00ebrpjekjet e Mosk\u00ebs p\u00ebr t\u00eb rishtrir\u00eb ndikimin e saj n\u00eb k\u00ebt\u00eb rajon strategjik.<\/p>\n<p>N\u00eb k\u00ebto zgjedhje p\u00ebrball\u00eb nj\u00ebra tjetr\u00ebs jan\u00eb Partia Demokratike e Socialist\u00ebve n\u00eb pushtet e udh\u00ebhequr nga kryeministri pro-per\u00ebndimor, Milo Gjukanovi\u00e7, dhe nj\u00eb grup i partive opozitare pro-ruse dhe pro-serbe t\u00eb cilat jan\u00eb kund\u00ebr an\u00ebtar\u00ebsimit t\u00eb vendit n\u00eb NATO.<\/p>\n<p><em>\u201cNe do t\u00eb vazhdojm\u00eb n\u00eb rrug\u00ebn e an\u00ebtar\u00ebsimit t\u00eb Malit t\u00eb Zi dhe Ballkanit n\u00eb qarqet Evropiane dhe ato t\u00eb civilizimit. Vendi yn\u00eb \u00ebsht\u00eb aty,\u201d<\/em> thot\u00eb kryeministri Gjukanovi\u00e7.<\/p>\n<p>Nd\u00ebrkoh\u00eb, opozita malazeze \u00ebsht\u00eb kund\u00ebr p\u00ebrpjekjes s\u00eb vendit p\u00ebr integrime euro-atlantike.<\/p>\n<p><em>\u201cNga 16 tetori Mali i Zi do t\u00eb b\u00ebhet p\u00ebrs\u00ebri nj\u00eb vend i lir\u00eb, dhe ne do ta festojm\u00eb at\u00eb dit\u00eb,\u201d<\/em> thot\u00eb Nebojsha Medojevi\u00e7, kryetar i grupit opozitar Fronti i Bashkuar Demokratik.<\/p>\n<p>N\u00eb korrik, NATO miratoi nj\u00eb deklarat\u00eb e cila mir\u00ebpriti Malin e Zi si nj\u00eb an\u00ebtar t\u00eb ri t\u00eb aleanc\u00ebs.<\/p>\n<p>Ajo q\u00eb mbetet \u00ebsht\u00eb ratifikimi i marr\u00ebveshjes s\u00eb an\u00ebtar\u00ebsimit t\u00eb Malit t\u00eb Zi.<\/p>\n<p>Zoti Gjukanovi\u00e7, i cili ka qeverisur Malin e Zi si kryeminist\u00ebr apo si president p\u00ebr m\u00eb shum\u00eb se 25 vjet, shpreson t\u00eb siguroj\u00eb shumic\u00ebn n\u00eb parlament q\u00eb do t\u2019i mund\u00ebsonte atij ratifikimin e marr\u00ebveshjes p\u00ebr an\u00ebtar\u00ebsim n\u00eb NATO, pa patur nevoj\u00eb p\u00ebr organizimin e nj\u00eb referendumi popullor, rezultati i t\u00eb cilit nuk do t\u00eb ishte i sigurt.<\/p>\n<p>Opozita ka k\u00ebrkuar organizimin e nj\u00eb referendumi p\u00ebr \u00e7\u00ebshtjen e an\u00ebtar\u00ebsimin n\u00eb NATO.<\/p>\n<p>Anketat e fundit tregojn\u00eb se partia e kryeministrit Milo Gjukanovi\u00e7, do t\u00eb fitoj\u00eb shumic\u00ebn n\u00eb parlamentin pewj 81 vendesh t\u00eb Malit t\u00eb Zi.<\/p>\n<p>Por n\u00ebse partia e tij nuk fiton vende t\u00eb mjaftueshme p\u00ebr t\u00eb qeverisur e vetme, analist\u00ebt thon\u00eb se zoti Gjukanovi\u00e7 do ta ket\u00eb t\u00eb v\u00ebshtir\u00eb t\u00eb formoj\u00eb nj\u00eb koalicion qeveris\u00ebs.<\/p>\n<p><em>&#8220;Nj\u00eb skenar q\u00eb mund t\u00eb kemi \u00ebsht\u00eb fromimi i nj\u00eb qeverie t\u00eb gjer\u00eb pro-per\u00ebndimore, e cila do t\u00eb p\u00ebrfshinte edhe disa parti opozitare me orientim pro-per\u00ebndimor, e cila do t\u00eb mund t\u00eb siguronte vota t\u00eb mjaftueshme p\u00ebr t\u00eb shmangur ndaljen e procesit t\u00eb an\u00ebtar\u00ebsimit n\u00eb NATO. N\u00eb an\u00ebn tjet\u00ebr ekziston mund\u00ebsia e krijimit t\u00eb nj\u00eb qeverie me shumic\u00eb t\u00eb thjesht\u00eb, por ky skenar mund t\u00eb krijoj\u00eb probleme p\u00ebr procesin e an\u00ebtar\u00ebsimit t\u00eb vendit n\u00eb NATO pasi Fronti Demokratik vazhdon thirrjet p\u00ebr nd\u00ebrprerjen e k\u00ebtij procesi,&#8221;<\/em> thot\u00eb analisti politik Zlatko Vujovi\u00e7.<\/p>\n<p>Vendi i vog\u00ebl ballkanik me 650.000 banor\u00eb, \u00ebsht\u00eb thell\u00ebsisht i ndar\u00eb n\u00eb mes t\u00eb atyre q\u00eb mb\u00ebshtesin dhe atyre q\u00eb e kund\u00ebrshtojn\u00eb integrimin n\u00eb B.E. dhe n\u00eb NATO.<\/p>\n<p>Rusia kund\u00ebrshton fuqish\u00ebm zgjerimin e aleanc\u00ebs ushtarake per\u00ebndimore n\u00eb vendet ish-komuniste t\u00eb Evrop\u00ebs, t\u00eb cilat i konsideron si pjes\u00eb t\u00eb &#8220;interesave t\u00eb saj strategjike&#8221;.<\/p>\n<p>I shqet\u00ebsuar nga ndikimi rus n\u00eb rajonin ende t\u00eb paq\u00ebndruesh\u00ebm, i cili n\u00eb vitet 1990 ishte i p\u00ebrfshir\u00eb n\u00eb luft\u00ebrat civile t\u00eb p\u00ebrgjakshme, Per\u00ebndimi k\u00ebrkon q\u00eb Malit t\u00eb Zi b\u00ebhet an\u00ebtar i NATO-s.<\/p>\n<p>Deri koh\u00ebt e fundit, Mali i Zi ka qen\u00eb nj\u00eb aleat besnik i Rusis\u00eb. Por pas shk\u00ebputjes nga Serbia n\u00eb nj\u00eb referendum t\u00eb vitit 2006, Mali i Zi b\u00ebri nj\u00eb kthes\u00eb t\u00eb fort\u00eb drejt integrimeve Euro-Atlantike.<\/p>\n<p>Por, kompanit\u00eb ruse kan\u00eb investuar miliona dollar\u00eb n\u00eb Mal t\u00eb Zi, duke e b\u00ebr\u00eb at\u00eb nj\u00eb destinacion t\u00eb preferuar turistik p\u00ebr rus\u00ebt. Rus\u00ebt kan\u00eb bler\u00eb prona p\u00ebrgjat\u00eb detit Adriatik. Rreth 10,000 rus\u00ebt kan\u00eb marr\u00eb shtet\u00ebsin\u00eb malazeze.<\/p>\n<p>Zyrtar\u00ebt t\u00eb partis\u00eb \u201cRusia e Bashkuar\u201d q\u00eb drejtohet nga presidenti Vladimir Putin, kan\u00eb mb\u00ebshtetur haptazi partit\u00eb opozitare duke th\u00ebn\u00eb se p\u00ebrpjekjet e kryeministrit Gjukanovi\u00e7 p\u00ebr an\u00ebtar\u00ebsim n\u00eb NATO jan\u00eb &#8220;t\u00eb pap\u00ebrgjegjshme dhe me pasoja t\u00eb gjera&#8221;,.<\/p>\n<p>VAO<\/p>\n<!--YouTube Error: bad URL entered-->\n<\/div>\n","protected":false},"excerpt":{"rendered":"<p>Votuesit n\u00eb Mal t\u00eb Zi p\u00ebrballen me dy alterantiva t\u00eb ndryshme p\u00ebr zgjedhjet e s\u00eb djel\u00ebs: t\u00eb vazhdojn\u00eb n\u00eb rrug\u00ebn pro-per\u00ebndimore dhe t\u00eb an\u00ebtar\u00ebsimit n\u00eb NATO, apo t\u00eb kthehen nga aleati i tyre tradicional, Rusia. Zgjedhjet e 16 tetorit n\u00eb vendin e vog\u00ebl ballkanik jan\u00eb m\u00eb t\u00eb r\u00ebnd\u00ebsishmet q\u00eb nga referendumi i vitit 2006 p\u00ebr [&hellip;]<\/p>\n","protected":false},"author":1,"featured_media":0,"comment_status":"closed","ping_status":"closed","sticky":false,"template":"","format":"standard","meta":{"spay_email":"","jetpack_publicize_message":"","jetpack_is_tweetstorm":false,"jetpack_publicize_feature_enabled":true},"categories":[6950],"tags":[],"jetpack_publicize_connections":[],"yoast_head":"<!-- This site is optimized with the Yoast SEO plugin v19.1 - https:\/\/yoast.com\/wordpress\/plugins\/seo\/ -->\n<title>Mali i Zi: Ndikimi i zgjedhjeve n\u00eb procesin e integrimit - Lajme nga Ulqini<\/title>\n<meta name=\"description\" content=\"Votuesit n\u00eb Mal t\u00eb Zi p\u00ebrballen me dy alterantiva t\u00eb ndryshme p\u00ebr zgjedhjet e s\u00eb djel\u00ebs: t\u00eb vazhdojn\u00eb n\u00eb rrug\u00ebn pro-per\u00ebndimore dhe t\u00eb an\u00ebtar\u00ebsimit n\u00eb\" \/>\n<meta name=\"robots\" content=\"index, follow, max-snippet:-1, max-image-preview:large, max-video-preview:-1\" \/>\n<link rel=\"canonical\" href=\"https:\/\/www.visit-ulcinj.com\/blog\/2016\/10\/13\/mali-zi-ndikimi-zgjedhjeve-ne-procesin-e-integrimit\/\" \/>\n<meta property=\"og:locale\" content=\"en_US\" \/>\n<meta property=\"og:type\" content=\"article\" \/>\n<meta property=\"og:title\" content=\"Mali i Zi: Ndikimi i zgjedhjeve n\u00eb procesin e integrimit - Lajme nga Ulqini\" \/>\n<meta property=\"og:description\" content=\"Votuesit n\u00eb Mal t\u00eb Zi p\u00ebrballen me dy alterantiva t\u00eb ndryshme p\u00ebr zgjedhjet e s\u00eb djel\u00ebs: t\u00eb vazhdojn\u00eb n\u00eb rrug\u00ebn pro-per\u00ebndimore dhe t\u00eb an\u00ebtar\u00ebsimit n\u00eb\" \/>\n<meta property=\"og:url\" content=\"https:\/\/www.visit-ulcinj.com\/blog\/2016\/10\/13\/mali-zi-ndikimi-zgjedhjeve-ne-procesin-e-integrimit\/\" \/>\n<meta property=\"og:site_name\" content=\"Lajme nga Ulqini\" \/>\n<meta property=\"article:published_time\" content=\"2016-10-13T18:41:17+00:00\" \/>\n<meta property=\"og:image\" content=\"http:\/\/www.visit-ulcinj.com\/blog\/wp-content\/uploads\/2016\/10\/votimi-mali-i-zi.jpg\" \/>\n<meta name=\"twitter:label1\" content=\"Written by\" \/>\n\t<meta name=\"twitter:data1\" content=\"ulqini\" \/>\n\t<meta name=\"twitter:label2\" content=\"Est. reading time\" \/>\n\t<meta name=\"twitter:data2\" content=\"4 minutes\" \/>\n<script type=\"application\/ld+json\" class=\"yoast-schema-graph\">{\"@context\":\"https:\/\/schema.org\",\"@graph\":[{\"@type\":\"WebSite\",\"@id\":\"https:\/\/www.visit-ulcinj.com\/blog\/#website\",\"url\":\"https:\/\/www.visit-ulcinj.com\/blog\/\",\"name\":\"Lajme nga Ulqini\",\"description\":\"Lajme,Vijesti,Ulqini,Ulqin,Crna Gora,Mali i Zi\",\"potentialAction\":[{\"@type\":\"SearchAction\",\"target\":{\"@type\":\"EntryPoint\",\"urlTemplate\":\"https:\/\/www.visit-ulcinj.com\/blog\/?s={search_term_string}\"},\"query-input\":\"required name=search_term_string\"}],\"inLanguage\":\"en-US\"},{\"@type\":\"ImageObject\",\"inLanguage\":\"en-US\",\"@id\":\"https:\/\/www.visit-ulcinj.com\/blog\/2016\/10\/13\/mali-zi-ndikimi-zgjedhjeve-ne-procesin-e-integrimit\/#primaryimage\",\"url\":\"https:\/\/www.visit-ulcinj.com\/blog\/wp-content\/uploads\/2016\/10\/votimi-mali-i-zi.jpg\",\"contentUrl\":\"https:\/\/www.visit-ulcinj.com\/blog\/wp-content\/uploads\/2016\/10\/votimi-mali-i-zi.jpg\",\"width\":987,\"height\":555},{\"@type\":\"WebPage\",\"@id\":\"https:\/\/www.visit-ulcinj.com\/blog\/2016\/10\/13\/mali-zi-ndikimi-zgjedhjeve-ne-procesin-e-integrimit\/#webpage\",\"url\":\"https:\/\/www.visit-ulcinj.com\/blog\/2016\/10\/13\/mali-zi-ndikimi-zgjedhjeve-ne-procesin-e-integrimit\/\",\"name\":\"Mali i Zi: Ndikimi i zgjedhjeve n\u00eb procesin e integrimit - Lajme nga Ulqini\",\"isPartOf\":{\"@id\":\"https:\/\/www.visit-ulcinj.com\/blog\/#website\"},\"primaryImageOfPage\":{\"@id\":\"https:\/\/www.visit-ulcinj.com\/blog\/2016\/10\/13\/mali-zi-ndikimi-zgjedhjeve-ne-procesin-e-integrimit\/#primaryimage\"},\"datePublished\":\"2016-10-13T18:41:17+00:00\",\"dateModified\":\"2016-10-13T18:41:17+00:00\",\"author\":{\"@id\":\"https:\/\/www.visit-ulcinj.com\/blog\/#\/schema\/person\/dcab619c614d3038751c63bc2aadc06d\"},\"description\":\"Votuesit n\u00eb Mal t\u00eb Zi p\u00ebrballen me dy alterantiva t\u00eb ndryshme p\u00ebr zgjedhjet e s\u00eb djel\u00ebs: t\u00eb vazhdojn\u00eb n\u00eb rrug\u00ebn pro-per\u00ebndimore dhe t\u00eb an\u00ebtar\u00ebsimit n\u00eb\",\"breadcrumb\":{\"@id\":\"https:\/\/www.visit-ulcinj.com\/blog\/2016\/10\/13\/mali-zi-ndikimi-zgjedhjeve-ne-procesin-e-integrimit\/#breadcrumb\"},\"inLanguage\":\"en-US\",\"potentialAction\":[{\"@type\":\"ReadAction\",\"target\":[\"https:\/\/www.visit-ulcinj.com\/blog\/2016\/10\/13\/mali-zi-ndikimi-zgjedhjeve-ne-procesin-e-integrimit\/\"]}]},{\"@type\":\"BreadcrumbList\",\"@id\":\"https:\/\/www.visit-ulcinj.com\/blog\/2016\/10\/13\/mali-zi-ndikimi-zgjedhjeve-ne-procesin-e-integrimit\/#breadcrumb\",\"itemListElement\":[{\"@type\":\"ListItem\",\"position\":1,\"name\":\"Mali i Zi: Ndikimi i zgjedhjeve n\u00eb procesin e integrimit\"}]},{\"@type\":\"Person\",\"@id\":\"https:\/\/www.visit-ulcinj.com\/blog\/#\/schema\/person\/dcab619c614d3038751c63bc2aadc06d\",\"name\":\"ulqini\",\"sameAs\":[\"http:\/\/www.visit-ulcinj.com\"],\"url\":\"https:\/\/www.visit-ulcinj.com\/blog\/author\/admin\/\"}]}<\/script>\n<!-- \/ Yoast SEO plugin. -->","yoast_head_json":{"title":"Mali i Zi: Ndikimi i zgjedhjeve n\u00eb procesin e integrimit - Lajme nga Ulqini","description":"Votuesit n\u00eb Mal t\u00eb Zi p\u00ebrballen me dy alterantiva t\u00eb ndryshme p\u00ebr zgjedhjet e s\u00eb djel\u00ebs: t\u00eb vazhdojn\u00eb n\u00eb rrug\u00ebn pro-per\u00ebndimore dhe t\u00eb an\u00ebtar\u00ebsimit n\u00eb","robots":{"index":"index","follow":"follow","max-snippet":"max-snippet:-1","max-image-preview":"max-image-preview:large","max-video-preview":"max-video-preview:-1"},"canonical":"https:\/\/www.visit-ulcinj.com\/blog\/2016\/10\/13\/mali-zi-ndikimi-zgjedhjeve-ne-procesin-e-integrimit\/","og_locale":"en_US","og_type":"article","og_title":"Mali i Zi: Ndikimi i zgjedhjeve n\u00eb procesin e integrimit - Lajme nga Ulqini","og_description":"Votuesit n\u00eb Mal t\u00eb Zi p\u00ebrballen me dy alterantiva t\u00eb ndryshme p\u00ebr zgjedhjet e s\u00eb djel\u00ebs: t\u00eb vazhdojn\u00eb n\u00eb rrug\u00ebn pro-per\u00ebndimore dhe t\u00eb an\u00ebtar\u00ebsimit n\u00eb","og_url":"https:\/\/www.visit-ulcinj.com\/blog\/2016\/10\/13\/mali-zi-ndikimi-zgjedhjeve-ne-procesin-e-integrimit\/","og_site_name":"Lajme nga Ulqini","article_published_time":"2016-10-13T18:41:17+00:00","og_image":[{"url":"http:\/\/www.visit-ulcinj.com\/blog\/wp-content\/uploads\/2016\/10\/votimi-mali-i-zi.jpg"}],"twitter_misc":{"Written by":"ulqini","Est. reading time":"4 minutes"},"schema":{"@context":"https:\/\/schema.org","@graph":[{"@type":"WebSite","@id":"https:\/\/www.visit-ulcinj.com\/blog\/#website","url":"https:\/\/www.visit-ulcinj.com\/blog\/","name":"Lajme nga Ulqini","description":"Lajme,Vijesti,Ulqini,Ulqin,Crna Gora,Mali i Zi","potentialAction":[{"@type":"SearchAction","target":{"@type":"EntryPoint","urlTemplate":"https:\/\/www.visit-ulcinj.com\/blog\/?s={search_term_string}"},"query-input":"required name=search_term_string"}],"inLanguage":"en-US"},{"@type":"ImageObject","inLanguage":"en-US","@id":"https:\/\/www.visit-ulcinj.com\/blog\/2016\/10\/13\/mali-zi-ndikimi-zgjedhjeve-ne-procesin-e-integrimit\/#primaryimage","url":"https:\/\/www.visit-ulcinj.com\/blog\/wp-content\/uploads\/2016\/10\/votimi-mali-i-zi.jpg","contentUrl":"https:\/\/www.visit-ulcinj.com\/blog\/wp-content\/uploads\/2016\/10\/votimi-mali-i-zi.jpg","width":987,"height":555},{"@type":"WebPage","@id":"https:\/\/www.visit-ulcinj.com\/blog\/2016\/10\/13\/mali-zi-ndikimi-zgjedhjeve-ne-procesin-e-integrimit\/#webpage","url":"https:\/\/www.visit-ulcinj.com\/blog\/2016\/10\/13\/mali-zi-ndikimi-zgjedhjeve-ne-procesin-e-integrimit\/","name":"Mali i Zi: Ndikimi i zgjedhjeve n\u00eb procesin e integrimit - Lajme nga Ulqini","isPartOf":{"@id":"https:\/\/www.visit-ulcinj.com\/blog\/#website"},"primaryImageOfPage":{"@id":"https:\/\/www.visit-ulcinj.com\/blog\/2016\/10\/13\/mali-zi-ndikimi-zgjedhjeve-ne-procesin-e-integrimit\/#primaryimage"},"datePublished":"2016-10-13T18:41:17+00:00","dateModified":"2016-10-13T18:41:17+00:00","author":{"@id":"https:\/\/www.visit-ulcinj.com\/blog\/#\/schema\/person\/dcab619c614d3038751c63bc2aadc06d"},"description":"Votuesit n\u00eb Mal t\u00eb Zi p\u00ebrballen me dy alterantiva t\u00eb ndryshme p\u00ebr zgjedhjet e s\u00eb djel\u00ebs: t\u00eb vazhdojn\u00eb n\u00eb rrug\u00ebn pro-per\u00ebndimore dhe t\u00eb an\u00ebtar\u00ebsimit n\u00eb","breadcrumb":{"@id":"https:\/\/www.visit-ulcinj.com\/blog\/2016\/10\/13\/mali-zi-ndikimi-zgjedhjeve-ne-procesin-e-integrimit\/#breadcrumb"},"inLanguage":"en-US","potentialAction":[{"@type":"ReadAction","target":["https:\/\/www.visit-ulcinj.com\/blog\/2016\/10\/13\/mali-zi-ndikimi-zgjedhjeve-ne-procesin-e-integrimit\/"]}]},{"@type":"BreadcrumbList","@id":"https:\/\/www.visit-ulcinj.com\/blog\/2016\/10\/13\/mali-zi-ndikimi-zgjedhjeve-ne-procesin-e-integrimit\/#breadcrumb","itemListElement":[{"@type":"ListItem","position":1,"name":"Mali i Zi: Ndikimi i zgjedhjeve n\u00eb procesin e integrimit"}]},{"@type":"Person","@id":"https:\/\/www.visit-ulcinj.com\/blog\/#\/schema\/person\/dcab619c614d3038751c63bc2aadc06d","name":"ulqini","sameAs":["http:\/\/www.visit-ulcinj.com"],"url":"https:\/\/www.visit-ulcinj.com\/blog\/author\/admin\/"}]}},"jetpack_featured_media_url":"","jetpack_sharing_enabled":true,"jetpack_shortlink":"https:\/\/wp.me\/pe6lTn-q5g","_links":{"self":[{"href":"https:\/\/www.visit-ulcinj.com\/blog\/wp-json\/wp\/v2\/posts\/100270"}],"collection":[{"href":"https:\/\/www.visit-ulcinj.com\/blog\/wp-json\/wp\/v2\/posts"}],"about":[{"href":"https:\/\/www.visit-ulcinj.com\/blog\/wp-json\/wp\/v2\/types\/post"}],"author":[{"embeddable":true,"href":"https:\/\/www.visit-ulcinj.com\/blog\/wp-json\/wp\/v2\/users\/1"}],"replies":[{"embeddable":true,"href":"https:\/\/www.visit-ulcinj.com\/blog\/wp-json\/wp\/v2\/comments?post=100270"}],"version-history":[{"count":1,"href":"https:\/\/www.visit-ulcinj.com\/blog\/wp-json\/wp\/v2\/posts\/100270\/revisions"}],"predecessor-version":[{"id":100272,"href":"https:\/\/www.visit-ulcinj.com\/blog\/wp-json\/wp\/v2\/posts\/100270\/revisions\/100272"}],"wp:attachment":[{"href":"https:\/\/www.visit-ulcinj.com\/blog\/wp-json\/wp\/v2\/media?parent=100270"}],"wp:term":[{"taxonomy":"category","embeddable":true,"href":"https:\/\/www.visit-ulcinj.com\/blog\/wp-json\/wp\/v2\/categories?post=100270"},{"taxonomy":"post_tag","embeddable":true,"href":"https:\/\/www.visit-ulcinj.com\/blog\/wp-json\/wp\/v2\/tags?post=100270"}],"curies":[{"name":"wp","href":"https:\/\/api.w.org\/{rel}","templated":true}]}}