{"id":100273,"date":"2016-10-13T19:46:48","date_gmt":"2016-10-13T18:46:48","guid":{"rendered":"http:\/\/www.visit-ulcinj.com\/blog\/?p=100273"},"modified":"2016-10-13T19:46:48","modified_gmt":"2016-10-13T18:46:48","slug":"gjukanoviq-e-kemi-njohur-kosoven-shqiptaret-e-kane-te-qarte-per-ke-te-votojne-te-dielen","status":"publish","type":"post","link":"https:\/\/www.visit-ulcinj.com\/blog\/2016\/10\/13\/gjukanoviq-e-kemi-njohur-kosoven-shqiptaret-e-kane-te-qarte-per-ke-te-votojne-te-dielen\/","title":{"rendered":"Gjukanoviq: E kemi njohur Kosov\u00ebn, shqiptar\u00ebt e kan\u00eb t\u00eb qart\u00eb p\u00ebr k\u00eb do t\u00eb votojn\u00eb t\u00eb diel\u00ebn"},"content":{"rendered":"<div class=\"shortText\"><a href=\"http:\/\/www.visit-ulcinj.com\/blog\/wp-content\/uploads\/2016\/09\/gjukanoviq-ulqin.jpg\"><img loading=\"lazy\" class=\"alignleft wp-image-100061\" src=\"http:\/\/www.visit-ulcinj.com\/blog\/wp-content\/uploads\/2016\/09\/gjukanoviq-ulqin.jpg\" alt=\"gjukanoviq-ulqin\" width=\"508\" height=\"338\" srcset=\"https:\/\/www.visit-ulcinj.com\/blog\/wp-content\/uploads\/2016\/09\/gjukanoviq-ulqin.jpg 999w, https:\/\/www.visit-ulcinj.com\/blog\/wp-content\/uploads\/2016\/09\/gjukanoviq-ulqin-300x199.jpg 300w, https:\/\/www.visit-ulcinj.com\/blog\/wp-content\/uploads\/2016\/09\/gjukanoviq-ulqin-768x510.jpg 768w\" sizes=\"(max-width: 508px) 100vw, 508px\" \/><\/a>Kryeministri i Malit t\u00eb Zi, Millo Gjukanoviq thekson se kund\u00ebrshtar\u00ebt e Malit t\u00eb Zi t\u00eb pavarur d\u00ebshirojn\u00eb q\u00eb humbjen n\u00eb referendumin e para 10 vjet\u00ebsh ta kthejn\u00eb n\u00eb fitore n\u00eb zgjedhje.<\/div>\n<div class=\"articleContainer\"><\/div>\n<div class=\"centeredDIV hideMobile\">Gjukanoviq, n\u00eb fushat\u00eb parazgjedhur t\u00eb DPS-it t\u00eb mbajtur n\u00eb Tuz, ka th\u00ebn\u00eb se n\u00eb zgjedhjet e s\u00eb diel\u00ebs nuk vendoset se kush do t\u00eb jet\u00eb n\u00eb pushtet, \u201cpor a do t\u00eb ket\u00eb Mal t\u00eb Zi\u201d, transmeton lajmi.net.<\/div>\n<p>Ai ka th\u00ebn\u00eb se nj\u00eb pjes\u00eb e opozit\u00ebs paralajm\u00ebrojn\u00eb pengimin e Malit t\u00eb Zi n\u00eb rrug\u00ebn drejt NATO-s, q\u00eb sipas tij, \u00ebsht\u00eb d\u00ebshir\u00eb atyre q\u00eb vet\u00ebm t\u00eb keqen ia d\u00ebshirojn\u00eb Malit t\u00eb Zi.<\/p>\n<p>Gjukanoviq e ka quajtur t\u00eb \u00e7uditshme iden\u00eb e atyre q\u00eb paralajm\u00ebrojn\u00eb t\u00ebrheqjen e vendimit t\u00eb Malit t\u00eb Zi p\u00ebr njohjen e Kosov\u00ebs dhe at\u00eb n\u00eb momentin kur Beogradi dhe Prishtina jan\u00eb ulur n\u00eb t\u00eb nj\u00ebjt\u00ebn tavolin\u00eb, bisedojn\u00eb dhe n\u00ebnshkruajn\u00eb marr\u00ebveshje.<\/p>\n<p>\u201cNuk e kemi marr\u00eb vendimin p\u00ebr njohjen e Kosov\u00ebs q\u00eb dikujt t\u2019i sjellim d\u00ebme, ve\u00e7an\u00ebrisht ndaj Serbis\u00eb mike, por vet\u00ebm e kemi pranuar realitetin q\u00eb sot e pranojn\u00eb t\u00eb gjith\u00eb\u201d, ka th\u00ebn\u00eb ai.<\/p>\n<p>Pas gjith\u00eb k\u00ebtyre, sipas tij, n\u00eb Mal\u00ebsi, ku jetojn\u00eb shqiptar\u00ebt etnik, nuk mund t\u00eb ket\u00eb dilema se si do t\u00eb votojn\u00eb shqiptar\u00ebt t\u00eb diel\u00ebn. \/Lajmi.net\/<\/p>\n","protected":false},"excerpt":{"rendered":"<p>Kryeministri i Malit t\u00eb Zi, Millo Gjukanoviq thekson se kund\u00ebrshtar\u00ebt e Malit t\u00eb Zi t\u00eb pavarur d\u00ebshirojn\u00eb q\u00eb humbjen n\u00eb referendumin e para 10 vjet\u00ebsh ta kthejn\u00eb n\u00eb fitore n\u00eb zgjedhje. Gjukanoviq, n\u00eb fushat\u00eb parazgjedhur t\u00eb DPS-it t\u00eb mbajtur n\u00eb Tuz, ka th\u00ebn\u00eb se n\u00eb zgjedhjet e s\u00eb diel\u00ebs nuk vendoset se kush do t\u00eb [&hellip;]<\/p>\n","protected":false},"author":1,"featured_media":0,"comment_status":"closed","ping_status":"closed","sticky":false,"template":"","format":"standard","meta":{"spay_email":"","jetpack_publicize_message":"","jetpack_is_tweetstorm":false,"jetpack_publicize_feature_enabled":true},"categories":[12],"tags":[],"jetpack_publicize_connections":[],"yoast_head":"<!-- This site is optimized with the Yoast SEO plugin v19.1 - https:\/\/yoast.com\/wordpress\/plugins\/seo\/ -->\n<title>Gjukanoviq: E kemi njohur Kosov\u00ebn, shqiptar\u00ebt e kan\u00eb t\u00eb qart\u00eb p\u00ebr k\u00eb do t\u00eb votojn\u00eb t\u00eb diel\u00ebn - Lajme nga Ulqini<\/title>\n<meta name=\"description\" content=\"Kryeministri i Malit t\u00eb Zi, Millo Gjukanoviq thekson se kund\u00ebrshtar\u00ebt e Malit t\u00eb Zi t\u00eb pavarur d\u00ebshirojn\u00eb q\u00eb humbjen n\u00eb referendumin e para 10 vjet\u00ebsh ta\" \/>\n<meta name=\"robots\" content=\"index, follow, max-snippet:-1, max-image-preview:large, max-video-preview:-1\" \/>\n<link rel=\"canonical\" href=\"https:\/\/www.visit-ulcinj.com\/blog\/2016\/10\/13\/gjukanoviq-e-kemi-njohur-kosoven-shqiptaret-e-kane-te-qarte-per-ke-te-votojne-te-dielen\/\" \/>\n<meta property=\"og:locale\" content=\"en_US\" \/>\n<meta property=\"og:type\" content=\"article\" \/>\n<meta property=\"og:title\" content=\"Gjukanoviq: E kemi njohur Kosov\u00ebn, shqiptar\u00ebt e kan\u00eb t\u00eb qart\u00eb p\u00ebr k\u00eb do t\u00eb votojn\u00eb t\u00eb diel\u00ebn - Lajme nga Ulqini\" \/>\n<meta property=\"og:description\" content=\"Kryeministri i Malit t\u00eb Zi, Millo Gjukanoviq thekson se kund\u00ebrshtar\u00ebt e Malit t\u00eb Zi t\u00eb pavarur d\u00ebshirojn\u00eb q\u00eb humbjen n\u00eb referendumin e para 10 vjet\u00ebsh ta\" \/>\n<meta property=\"og:url\" content=\"https:\/\/www.visit-ulcinj.com\/blog\/2016\/10\/13\/gjukanoviq-e-kemi-njohur-kosoven-shqiptaret-e-kane-te-qarte-per-ke-te-votojne-te-dielen\/\" \/>\n<meta property=\"og:site_name\" content=\"Lajme nga Ulqini\" \/>\n<meta property=\"article:published_time\" content=\"2016-10-13T18:46:48+00:00\" \/>\n<meta property=\"og:image\" content=\"http:\/\/www.visit-ulcinj.com\/blog\/wp-content\/uploads\/2016\/09\/gjukanoviq-ulqin.jpg\" \/>\n<meta name=\"twitter:label1\" content=\"Written by\" \/>\n\t<meta name=\"twitter:data1\" content=\"ulqini\" \/>\n\t<meta name=\"twitter:label2\" content=\"Est. reading time\" \/>\n\t<meta name=\"twitter:data2\" content=\"1 minute\" \/>\n<script type=\"application\/ld+json\" class=\"yoast-schema-graph\">{\"@context\":\"https:\/\/schema.org\",\"@graph\":[{\"@type\":\"WebSite\",\"@id\":\"https:\/\/www.visit-ulcinj.com\/blog\/#website\",\"url\":\"https:\/\/www.visit-ulcinj.com\/blog\/\",\"name\":\"Lajme nga Ulqini\",\"description\":\"Lajme,Vijesti,Ulqini,Ulqin,Crna Gora,Mali i Zi\",\"potentialAction\":[{\"@type\":\"SearchAction\",\"target\":{\"@type\":\"EntryPoint\",\"urlTemplate\":\"https:\/\/www.visit-ulcinj.com\/blog\/?s={search_term_string}\"},\"query-input\":\"required name=search_term_string\"}],\"inLanguage\":\"en-US\"},{\"@type\":\"ImageObject\",\"inLanguage\":\"en-US\",\"@id\":\"https:\/\/www.visit-ulcinj.com\/blog\/2016\/10\/13\/gjukanoviq-e-kemi-njohur-kosoven-shqiptaret-e-kane-te-qarte-per-ke-te-votojne-te-dielen\/#primaryimage\",\"url\":\"https:\/\/www.visit-ulcinj.com\/blog\/wp-content\/uploads\/2016\/09\/gjukanoviq-ulqin.jpg\",\"contentUrl\":\"https:\/\/www.visit-ulcinj.com\/blog\/wp-content\/uploads\/2016\/09\/gjukanoviq-ulqin.jpg\",\"width\":999,\"height\":664},{\"@type\":\"WebPage\",\"@id\":\"https:\/\/www.visit-ulcinj.com\/blog\/2016\/10\/13\/gjukanoviq-e-kemi-njohur-kosoven-shqiptaret-e-kane-te-qarte-per-ke-te-votojne-te-dielen\/#webpage\",\"url\":\"https:\/\/www.visit-ulcinj.com\/blog\/2016\/10\/13\/gjukanoviq-e-kemi-njohur-kosoven-shqiptaret-e-kane-te-qarte-per-ke-te-votojne-te-dielen\/\",\"name\":\"Gjukanoviq: E kemi njohur Kosov\u00ebn, shqiptar\u00ebt e kan\u00eb t\u00eb qart\u00eb p\u00ebr k\u00eb do t\u00eb votojn\u00eb t\u00eb diel\u00ebn - Lajme nga Ulqini\",\"isPartOf\":{\"@id\":\"https:\/\/www.visit-ulcinj.com\/blog\/#website\"},\"primaryImageOfPage\":{\"@id\":\"https:\/\/www.visit-ulcinj.com\/blog\/2016\/10\/13\/gjukanoviq-e-kemi-njohur-kosoven-shqiptaret-e-kane-te-qarte-per-ke-te-votojne-te-dielen\/#primaryimage\"},\"datePublished\":\"2016-10-13T18:46:48+00:00\",\"dateModified\":\"2016-10-13T18:46:48+00:00\",\"author\":{\"@id\":\"https:\/\/www.visit-ulcinj.com\/blog\/#\/schema\/person\/dcab619c614d3038751c63bc2aadc06d\"},\"description\":\"Kryeministri i Malit t\u00eb Zi, Millo Gjukanoviq thekson se kund\u00ebrshtar\u00ebt e Malit t\u00eb Zi t\u00eb pavarur d\u00ebshirojn\u00eb q\u00eb humbjen n\u00eb referendumin e para 10 vjet\u00ebsh ta\",\"breadcrumb\":{\"@id\":\"https:\/\/www.visit-ulcinj.com\/blog\/2016\/10\/13\/gjukanoviq-e-kemi-njohur-kosoven-shqiptaret-e-kane-te-qarte-per-ke-te-votojne-te-dielen\/#breadcrumb\"},\"inLanguage\":\"en-US\",\"potentialAction\":[{\"@type\":\"ReadAction\",\"target\":[\"https:\/\/www.visit-ulcinj.com\/blog\/2016\/10\/13\/gjukanoviq-e-kemi-njohur-kosoven-shqiptaret-e-kane-te-qarte-per-ke-te-votojne-te-dielen\/\"]}]},{\"@type\":\"BreadcrumbList\",\"@id\":\"https:\/\/www.visit-ulcinj.com\/blog\/2016\/10\/13\/gjukanoviq-e-kemi-njohur-kosoven-shqiptaret-e-kane-te-qarte-per-ke-te-votojne-te-dielen\/#breadcrumb\",\"itemListElement\":[{\"@type\":\"ListItem\",\"position\":1,\"name\":\"Gjukanoviq: E kemi njohur Kosov\u00ebn, shqiptar\u00ebt e kan\u00eb t\u00eb qart\u00eb p\u00ebr k\u00eb do t\u00eb votojn\u00eb t\u00eb diel\u00ebn\"}]},{\"@type\":\"Person\",\"@id\":\"https:\/\/www.visit-ulcinj.com\/blog\/#\/schema\/person\/dcab619c614d3038751c63bc2aadc06d\",\"name\":\"ulqini\",\"sameAs\":[\"http:\/\/www.visit-ulcinj.com\"],\"url\":\"https:\/\/www.visit-ulcinj.com\/blog\/author\/admin\/\"}]}<\/script>\n<!-- \/ Yoast SEO plugin. -->","yoast_head_json":{"title":"Gjukanoviq: E kemi njohur Kosov\u00ebn, shqiptar\u00ebt e kan\u00eb t\u00eb qart\u00eb p\u00ebr k\u00eb do t\u00eb votojn\u00eb t\u00eb diel\u00ebn - Lajme nga Ulqini","description":"Kryeministri i Malit t\u00eb Zi, Millo Gjukanoviq thekson se kund\u00ebrshtar\u00ebt e Malit t\u00eb Zi t\u00eb pavarur d\u00ebshirojn\u00eb q\u00eb humbjen n\u00eb referendumin e para 10 vjet\u00ebsh ta","robots":{"index":"index","follow":"follow","max-snippet":"max-snippet:-1","max-image-preview":"max-image-preview:large","max-video-preview":"max-video-preview:-1"},"canonical":"https:\/\/www.visit-ulcinj.com\/blog\/2016\/10\/13\/gjukanoviq-e-kemi-njohur-kosoven-shqiptaret-e-kane-te-qarte-per-ke-te-votojne-te-dielen\/","og_locale":"en_US","og_type":"article","og_title":"Gjukanoviq: E kemi njohur Kosov\u00ebn, shqiptar\u00ebt e kan\u00eb t\u00eb qart\u00eb p\u00ebr k\u00eb do t\u00eb votojn\u00eb t\u00eb diel\u00ebn - Lajme nga Ulqini","og_description":"Kryeministri i Malit t\u00eb Zi, Millo Gjukanoviq thekson se kund\u00ebrshtar\u00ebt e Malit t\u00eb Zi t\u00eb pavarur d\u00ebshirojn\u00eb q\u00eb humbjen n\u00eb referendumin e para 10 vjet\u00ebsh ta","og_url":"https:\/\/www.visit-ulcinj.com\/blog\/2016\/10\/13\/gjukanoviq-e-kemi-njohur-kosoven-shqiptaret-e-kane-te-qarte-per-ke-te-votojne-te-dielen\/","og_site_name":"Lajme nga Ulqini","article_published_time":"2016-10-13T18:46:48+00:00","og_image":[{"url":"http:\/\/www.visit-ulcinj.com\/blog\/wp-content\/uploads\/2016\/09\/gjukanoviq-ulqin.jpg"}],"twitter_misc":{"Written by":"ulqini","Est. reading time":"1 minute"},"schema":{"@context":"https:\/\/schema.org","@graph":[{"@type":"WebSite","@id":"https:\/\/www.visit-ulcinj.com\/blog\/#website","url":"https:\/\/www.visit-ulcinj.com\/blog\/","name":"Lajme nga Ulqini","description":"Lajme,Vijesti,Ulqini,Ulqin,Crna Gora,Mali i Zi","potentialAction":[{"@type":"SearchAction","target":{"@type":"EntryPoint","urlTemplate":"https:\/\/www.visit-ulcinj.com\/blog\/?s={search_term_string}"},"query-input":"required name=search_term_string"}],"inLanguage":"en-US"},{"@type":"ImageObject","inLanguage":"en-US","@id":"https:\/\/www.visit-ulcinj.com\/blog\/2016\/10\/13\/gjukanoviq-e-kemi-njohur-kosoven-shqiptaret-e-kane-te-qarte-per-ke-te-votojne-te-dielen\/#primaryimage","url":"https:\/\/www.visit-ulcinj.com\/blog\/wp-content\/uploads\/2016\/09\/gjukanoviq-ulqin.jpg","contentUrl":"https:\/\/www.visit-ulcinj.com\/blog\/wp-content\/uploads\/2016\/09\/gjukanoviq-ulqin.jpg","width":999,"height":664},{"@type":"WebPage","@id":"https:\/\/www.visit-ulcinj.com\/blog\/2016\/10\/13\/gjukanoviq-e-kemi-njohur-kosoven-shqiptaret-e-kane-te-qarte-per-ke-te-votojne-te-dielen\/#webpage","url":"https:\/\/www.visit-ulcinj.com\/blog\/2016\/10\/13\/gjukanoviq-e-kemi-njohur-kosoven-shqiptaret-e-kane-te-qarte-per-ke-te-votojne-te-dielen\/","name":"Gjukanoviq: E kemi njohur Kosov\u00ebn, shqiptar\u00ebt e kan\u00eb t\u00eb qart\u00eb p\u00ebr k\u00eb do t\u00eb votojn\u00eb t\u00eb diel\u00ebn - Lajme nga Ulqini","isPartOf":{"@id":"https:\/\/www.visit-ulcinj.com\/blog\/#website"},"primaryImageOfPage":{"@id":"https:\/\/www.visit-ulcinj.com\/blog\/2016\/10\/13\/gjukanoviq-e-kemi-njohur-kosoven-shqiptaret-e-kane-te-qarte-per-ke-te-votojne-te-dielen\/#primaryimage"},"datePublished":"2016-10-13T18:46:48+00:00","dateModified":"2016-10-13T18:46:48+00:00","author":{"@id":"https:\/\/www.visit-ulcinj.com\/blog\/#\/schema\/person\/dcab619c614d3038751c63bc2aadc06d"},"description":"Kryeministri i Malit t\u00eb Zi, Millo Gjukanoviq thekson se kund\u00ebrshtar\u00ebt e Malit t\u00eb Zi t\u00eb pavarur d\u00ebshirojn\u00eb q\u00eb humbjen n\u00eb referendumin e para 10 vjet\u00ebsh ta","breadcrumb":{"@id":"https:\/\/www.visit-ulcinj.com\/blog\/2016\/10\/13\/gjukanoviq-e-kemi-njohur-kosoven-shqiptaret-e-kane-te-qarte-per-ke-te-votojne-te-dielen\/#breadcrumb"},"inLanguage":"en-US","potentialAction":[{"@type":"ReadAction","target":["https:\/\/www.visit-ulcinj.com\/blog\/2016\/10\/13\/gjukanoviq-e-kemi-njohur-kosoven-shqiptaret-e-kane-te-qarte-per-ke-te-votojne-te-dielen\/"]}]},{"@type":"BreadcrumbList","@id":"https:\/\/www.visit-ulcinj.com\/blog\/2016\/10\/13\/gjukanoviq-e-kemi-njohur-kosoven-shqiptaret-e-kane-te-qarte-per-ke-te-votojne-te-dielen\/#breadcrumb","itemListElement":[{"@type":"ListItem","position":1,"name":"Gjukanoviq: E kemi njohur Kosov\u00ebn, shqiptar\u00ebt e kan\u00eb t\u00eb qart\u00eb p\u00ebr k\u00eb do t\u00eb votojn\u00eb t\u00eb diel\u00ebn"}]},{"@type":"Person","@id":"https:\/\/www.visit-ulcinj.com\/blog\/#\/schema\/person\/dcab619c614d3038751c63bc2aadc06d","name":"ulqini","sameAs":["http:\/\/www.visit-ulcinj.com"],"url":"https:\/\/www.visit-ulcinj.com\/blog\/author\/admin\/"}]}},"jetpack_featured_media_url":"","jetpack_sharing_enabled":true,"jetpack_shortlink":"https:\/\/wp.me\/pe6lTn-q5j","_links":{"self":[{"href":"https:\/\/www.visit-ulcinj.com\/blog\/wp-json\/wp\/v2\/posts\/100273"}],"collection":[{"href":"https:\/\/www.visit-ulcinj.com\/blog\/wp-json\/wp\/v2\/posts"}],"about":[{"href":"https:\/\/www.visit-ulcinj.com\/blog\/wp-json\/wp\/v2\/types\/post"}],"author":[{"embeddable":true,"href":"https:\/\/www.visit-ulcinj.com\/blog\/wp-json\/wp\/v2\/users\/1"}],"replies":[{"embeddable":true,"href":"https:\/\/www.visit-ulcinj.com\/blog\/wp-json\/wp\/v2\/comments?post=100273"}],"version-history":[{"count":1,"href":"https:\/\/www.visit-ulcinj.com\/blog\/wp-json\/wp\/v2\/posts\/100273\/revisions"}],"predecessor-version":[{"id":100274,"href":"https:\/\/www.visit-ulcinj.com\/blog\/wp-json\/wp\/v2\/posts\/100273\/revisions\/100274"}],"wp:attachment":[{"href":"https:\/\/www.visit-ulcinj.com\/blog\/wp-json\/wp\/v2\/media?parent=100273"}],"wp:term":[{"taxonomy":"category","embeddable":true,"href":"https:\/\/www.visit-ulcinj.com\/blog\/wp-json\/wp\/v2\/categories?post=100273"},{"taxonomy":"post_tag","embeddable":true,"href":"https:\/\/www.visit-ulcinj.com\/blog\/wp-json\/wp\/v2\/tags?post=100273"}],"curies":[{"name":"wp","href":"https:\/\/api.w.org\/{rel}","templated":true}]}}