{"id":100278,"date":"2016-10-14T16:11:52","date_gmt":"2016-10-14T15:11:52","guid":{"rendered":"http:\/\/www.visit-ulcinj.com\/blog\/?p=100278"},"modified":"2016-10-14T16:15:12","modified_gmt":"2016-10-14T15:15:12","slug":"nika-nje-pyetje-zgjedhore-mire-apo-keq-eshte-puna","status":"publish","type":"post","link":"https:\/\/www.visit-ulcinj.com\/blog\/2016\/10\/14\/nika-nje-pyetje-zgjedhore-mire-apo-keq-eshte-puna\/","title":{"rendered":"Nika: Nj\u00eb pyetje zgjedhore: Mir\u00eb apo keq \u00ebsht\u00eb puna ?!!"},"content":{"rendered":"<p><strong><em><a href=\"http:\/\/www.visit-ulcinj.com\/blog\/wp-content\/uploads\/2014\/11\/Muhamet-Nika.jpg\"><img loading=\"lazy\" class=\"alignleft wp-image-86143 size-medium\" src=\"http:\/\/www.visit-ulcinj.com\/blog\/wp-content\/uploads\/2014\/11\/Muhamet-Nika-240x300.jpg\" alt=\"Muhamet Nika, Sudski tuma\u010d- P\u00ebrkthyes gjyq\u00ebsor \u201c MUHAMET NIKA \u201d Ulcinj- Ulqin Adresa: zgrada SO ULCINJ- nd\u00ebrtesa e KK Ulqin Telefon-i: 068 264 122 Email-i : muhamet-nika@hotmail.com Albanski jezik- prof. Albanskog jezika Gjuh\u00eb shqipe- prof. I gjuh\u00ebs shqipe\" width=\"240\" height=\"300\" srcset=\"https:\/\/www.visit-ulcinj.com\/blog\/wp-content\/uploads\/2014\/11\/Muhamet-Nika-240x300.jpg 240w, https:\/\/www.visit-ulcinj.com\/blog\/wp-content\/uploads\/2014\/11\/Muhamet-Nika.jpg 256w\" sizes=\"(max-width: 240px) 100vw, 240px\" \/><\/a>Shkruan Muhamet Nika<\/em><\/strong><\/p>\n<p><strong><em>\u00c7far\u00eb tha hoxha\u00a0 ke t\u00eb votojm\u00eb n\u00eb k\u00ebto zgjedhje?<\/em><\/strong><\/p>\n<p>Me q\u00eb tubimi\u00a0 n\u00eb xhami i\u00a0 k\u00ebsaj t\u00eb premteje i ra t\u00eb b\u00ebhej\u00a0 shum\u00eb\u00a0 pak\u00a0 koh\u00eb \u00a0para\u00a0 zgjedhjeve \u2013pati\u00a0 edhe nga\u00a0 hoxhallar\u00ebt\u00a0 q\u00eb\u00a0 si duket u p\u00ebrkujdesen\u00a0 \u00a0p\u00ebr\u00a0 t\u00eb\u00a0 udh\u00ebzuar\u00a0\u00a0 xhematin\u00a0 e\u00a0 vet\u00a0 \u00a0se kah duhet t\u2019ia\u00a0 mbaj\u00eb\u00a0 k\u00ebsaj here\u00a0 me vot\u00eb. K\u00ebshtu \u00a0edhe\u00a0 predikimi (vasi) sot \u00a0u b\u00eb\u00a0 rreth\u00a0 faktit\u00a0 se si duhet \u00a0t\u00eb \u00a0sillet \u00a0myslimani gjat\u00eb procesit t\u00eb votimit \u00a0kur\u00a0 jeton si pakic\u00eb n\u00eb nj\u00eb vend \u00a0jo mysliman- si puna\u00a0 jon\u00eb\u00a0 k\u00ebtu\u00a0 n\u00eb Ulqin?!\u00a0 Kjo sipas neve\u00a0 ishte\u00a0 rasti i par\u00eb q\u00eb hoxha t\u00eb p\u00ebrkrah\u00eb dike publikisht\u00a0 n\u00eb tubimin e t\u00eb \u00a0premtes \u00a0haptas\u00a0 n\u00eb fushat\u00eb ..?!<\/p>\n<p>Andaj edhe pyetja me t\u00eb drejt\u00eb \u00a0nga ne shtrohet: mir\u00eb apo keq \u00ebsht\u00eb puna&#8230;?!!<\/p>\n<p>Sipas Hoxh\u00ebs- shumica\u00a0 e dijetar\u00ebve islam\u00eb, \u00a0ndajn\u00eb mendimin\u00a0 se\u00a0 besimtar\u00ebt\u00a0 , n\u00eb situat\u00ebn\u00a0 kur\u00a0 jan\u00eb \u00a0pakic\u00eb &#8230; , duhet\u00a0 t\u00eb votojn\u00eb\u00a0\u00a0 ata njer\u00ebz- parti\u00a0 \u00a0t\u00eb cil\u00ebt \u00a0th\u00ebrrasin\u00a0 n\u00eb t\u00eb mir\u00eb\u00a0 dhe ndalojn\u00eb\u00a0 nga e keqja ( si t\u00eb mes\u00ebm&#8230;) p\u00ebr t\u00eb cil\u00ebt\u00a0 mendohet\u00a0 se nes\u00ebr\u00a0\u00a0 do e \u00a0\u00e7ojn\u00eb \u00a0vendin\u00a0 \u00a0kah e mira.<\/p>\n<p><strong>Shum\u00eb pun\u00eb e ngat\u00ebrruar &#8230;?!<\/strong><\/p>\n<p>Shum\u00eb pun\u00eb e ngat\u00ebrruar \u00a0kjo p\u00ebr t\u00eb konkretizuar\u00a0 se\u00a0 \u00e7ka\u00a0 \u00ebsht\u00eb mir\u00eb dhe \u00e7aka \u00a0\u00ebsht\u00eb keq t\u00eb votohet .<\/p>\n<p>Ai \u00a0duke \u00a0u munduar t\u00eb\u00a0 konkretizoj\u00eb \u00a0\u00a0\u00e7\u00ebshtjen\u00a0 shtoi se \u201c\u00a0 myslimanet\u00a0 n\u00eb k\u00ebt\u00eb \u00a0vend\u00a0 jan\u00eb shum\u00eb \u00a0mir\u00eb \u00a0dhe \u00a0bile \u00a0duhet \u00a0t\u00eb \u00a0krenohen para vendeve tjera \u00a0n\u00eb Ballkan , kur shohim se lirisht po p\u00ebrdorim shamin\u00eb\u00a0 n\u00eb vende publike \u00a0dhe \u00a0ata\u00a0 i sheh\u00a0 kudo , si n\u00eb spital shkoll\u00eb , komun\u00eb\u00a0 etj.\u201d<\/p>\n<p>Pasi\u00a0 dekretin \u00a0p\u00ebr\u00a0 \u00a0lejimin\u00a0 e hixhabit- mbules\u00ebs , \u00a0e nxori\u00a0 qeveria \u00a0e Gjukanoviqit , dhe t\u00eb cil\u00ebs nuk \u00a0pam\u00eb se\u00a0 i ndenj\u00ebn \u00a0prapa ( komunistat- \u00a0partit\u00eb nacionale),\u00a0\u00a0 q\u00eb \u00a0\u201charruan\u201d\u00a0 t\u00eb pakt\u00ebn\u00a0\u00a0 t\u00eb p\u00ebrsh\u00ebndesin \u00a0aktin \u00a0, \u00a0\u00a0vetvetiu l\u00eb\u00a0 t\u00eb\u00a0 kuptohet qart\u00eb\u00a0 nga \u00a0fal\u00ebnderimi i hoxh\u00ebs\u00a0 se\u00a0 n\u00eb cilin mulli duhet t\u00eb shkoj\u00eb uji..?!!<\/p>\n<p>Mir\u00ebpo edhe kjo \u00a0p\u00ebrmendje\u00a0 metaforike e shamis\u00eb, \u00a0po duket \u00a0disa\u00a0 i qiti\u00a0 n\u00eb siklet sepse \u00a0nuk e mor\u00ebn\u00a0 vesh\u00a0 qart\u00eb \u00a0hoxh\u00ebn \u00a0, duke\u00a0 kujtuar se kur u p\u00ebrmend\u00a0 shamia\u00a0 ish\u00a0 fjala \u00a0\u00a0te flamuri\u00a0 shqiptar &#8230;. Deri \u00a0sa nuk u bind\u00ebn\u00a0 q\u00eb \u201c shamija komb\u00ebtare..\u201d ende\u00a0 \u00a0\u00a0nuk \u00a0lejohet\u00a0 t\u00eb \u00e7ohet n\u00eb institucionet\u00a0 publike\u00a0 shtet\u00ebrore n\u00eb Ulqin&#8230;.?!<\/p>\n<p>Ah sa mir\u00eb\u00a0 do kish\u00a0 qen\u00eb sikur\u00a0\u00a0 hoxhallar\u00ebt tan\u00eb \u00a0\u00a0t\u00eb ftonin popullin \u00a0shqiptar \u00eb \u00a0t\u00eb votojn\u00eb \u00a0partit\u00eb\u00a0 shqiptare\u2013 \u00a0ashtu si\u00e7 b\u00ebjn\u00eb\u00a0 popat serb\u00eb \u00a0\u00a0kur\u00a0\u00a0\u00a0 nisin\u00a0 mesazhe t\u00eb qarta\u00a0 popullit\u00a0 ortodoks (Frontit) se duhet t\u00eb votojn\u00eb si besimtar\u00eb \u00a0list\u00ebn\u00a0 serbe. &#8230;?!!<\/p>\n<p>Me gjith\u00eb at\u00eb me sa duket \u201carrat \u201c sipas hoxh\u00ebs \u00a0k\u00ebsaj radhe \u00a0i mori Milloja&#8230;?!!<\/p>\n<p>Themi \u00a0shum\u00eb pun\u00eb e ngat\u00ebrruar \u00a0\u00a0kjo sipas islamit\u00a0 , \u00a0duke\u00a0 mos u lodhur\u00a0 se ku\u00a0 e kemi lexuar n\u00eb islam , po themi q\u00eb na \u00ebsht\u00eb\u00a0 e regjistruar\u00a0 n\u00eb kok\u00eb\u00a0 se\u00a0 per\u00ebndia\u00a0\u00a0 ka th\u00ebn\u00eb\u00a0 q\u00eb \u00a0\u201c Ne u nd\u00ebshkojm\u00eb\u00a0 nga qielli, posht\u00eb \u00a0k\u00ebmb\u00ebve \u00a0tuaja\u00a0 ose\u00a0 iu ndajm\u00eb\u00a0 n\u00eb grupe shoq\u00ebrore(parti) ..\u201d dhe po shtojm\u00eb\u00a0 mbysim nj\u00ebri\u00a0 tjetrin\u00a0 me dor\u00ebn\u00a0\u00a0 e vet.<\/p>\n<p>Pasi\u00a0 termetin ( nd\u00ebshkimin\u00a0 posht\u00eb k\u00ebmb\u00ebve) e p\u00ebrjetuam \u00a0dhe \u00a0me ndarjen \u00a0n\u00eb grupe shoq\u00ebrore \u2013luft\u00ebn e mbaruam : O\u00a0 Zot , b\u00ebn\u00eb q\u00eb p\u00ebrs\u00ebri nd\u00ebshkimi i radh\u00ebs t\u00eb jet\u00eb posht\u00eb k\u00ebmb\u00ebve ose grupet shoq\u00ebrore( shum\u00eb \u00a0parti\u00a0 me \u00a0lufta , por\u00a0 jo nga qielli \u2013 AMEN&#8230;?!!<\/p>\n<p><strong>Pik\u00ebpamjet e shprehura n\u00eb faqen \u201cOPINIONE\u201d nuk p\u00ebrfaq\u00ebsojn\u00eb domosdoshm\u00ebrisht politik\u00ebn redaksionale t\u00eb \u201eLajmeve nga Ulqini\u201e<\/strong><\/p>\n","protected":false},"excerpt":{"rendered":"<p>Shkruan Muhamet Nika \u00c7far\u00eb tha hoxha\u00a0 ke t\u00eb votojm\u00eb n\u00eb k\u00ebto zgjedhje? Me q\u00eb tubimi\u00a0 n\u00eb xhami i\u00a0 k\u00ebsaj t\u00eb premteje i ra t\u00eb b\u00ebhej\u00a0 shum\u00eb\u00a0 pak\u00a0 koh\u00eb \u00a0para\u00a0 zgjedhjeve \u2013pati\u00a0 edhe nga\u00a0 hoxhallar\u00ebt\u00a0 q\u00eb\u00a0 si duket u p\u00ebrkujdesen\u00a0 \u00a0p\u00ebr\u00a0 t\u00eb\u00a0 udh\u00ebzuar\u00a0\u00a0 xhematin\u00a0 e\u00a0 vet\u00a0 \u00a0se kah duhet t\u2019ia\u00a0 mbaj\u00eb\u00a0 k\u00ebsaj here\u00a0 me vot\u00eb. K\u00ebshtu [&hellip;]<\/p>\n","protected":false},"author":1,"featured_media":0,"comment_status":"closed","ping_status":"closed","sticky":false,"template":"","format":"standard","meta":{"spay_email":"","jetpack_publicize_message":"","jetpack_is_tweetstorm":false,"jetpack_publicize_feature_enabled":true},"categories":[14249],"tags":[],"jetpack_publicize_connections":[],"yoast_head":"<!-- This site is optimized with the Yoast SEO plugin v19.1 - https:\/\/yoast.com\/wordpress\/plugins\/seo\/ -->\n<title>Nika: Nj\u00eb pyetje zgjedhore: Mir\u00eb apo keq \u00ebsht\u00eb puna ?!! - Lajme nga Ulqini<\/title>\n<meta name=\"description\" content=\"Shkruan Muhamet Nika \u00c7far\u00eb tha hoxha\u00a0 ke t\u00eb votojm\u00eb n\u00eb k\u00ebto zgjedhje? Me q\u00eb tubimi\u00a0 n\u00eb xhami i\u00a0 k\u00ebsaj t\u00eb premteje i ra t\u00eb b\u00ebhej\u00a0 shum\u00eb\u00a0 pak\u00a0 koh\u00eb \u00a0para\u00a0\" \/>\n<meta name=\"robots\" content=\"index, follow, max-snippet:-1, max-image-preview:large, max-video-preview:-1\" \/>\n<link rel=\"canonical\" href=\"https:\/\/www.visit-ulcinj.com\/blog\/2016\/10\/14\/nika-nje-pyetje-zgjedhore-mire-apo-keq-eshte-puna\/\" \/>\n<meta property=\"og:locale\" content=\"en_US\" \/>\n<meta property=\"og:type\" content=\"article\" \/>\n<meta property=\"og:title\" content=\"Nika: Nj\u00eb pyetje zgjedhore: Mir\u00eb apo keq \u00ebsht\u00eb puna ?!! - Lajme nga Ulqini\" \/>\n<meta property=\"og:description\" content=\"Shkruan Muhamet Nika \u00c7far\u00eb tha hoxha\u00a0 ke t\u00eb votojm\u00eb n\u00eb k\u00ebto zgjedhje? Me q\u00eb tubimi\u00a0 n\u00eb xhami i\u00a0 k\u00ebsaj t\u00eb premteje i ra t\u00eb b\u00ebhej\u00a0 shum\u00eb\u00a0 pak\u00a0 koh\u00eb \u00a0para\u00a0\" \/>\n<meta property=\"og:url\" content=\"https:\/\/www.visit-ulcinj.com\/blog\/2016\/10\/14\/nika-nje-pyetje-zgjedhore-mire-apo-keq-eshte-puna\/\" \/>\n<meta property=\"og:site_name\" content=\"Lajme nga Ulqini\" \/>\n<meta property=\"article:published_time\" content=\"2016-10-14T15:11:52+00:00\" \/>\n<meta property=\"article:modified_time\" content=\"2016-10-14T15:15:12+00:00\" \/>\n<meta property=\"og:image\" content=\"http:\/\/www.visit-ulcinj.com\/blog\/wp-content\/uploads\/2014\/11\/Muhamet-Nika-240x300.jpg\" \/>\n<meta name=\"twitter:label1\" content=\"Written by\" \/>\n\t<meta name=\"twitter:data1\" content=\"ulqini\" \/>\n\t<meta name=\"twitter:label2\" content=\"Est. reading time\" \/>\n\t<meta name=\"twitter:data2\" content=\"3 minutes\" \/>\n<script type=\"application\/ld+json\" class=\"yoast-schema-graph\">{\"@context\":\"https:\/\/schema.org\",\"@graph\":[{\"@type\":\"WebSite\",\"@id\":\"https:\/\/www.visit-ulcinj.com\/blog\/#website\",\"url\":\"https:\/\/www.visit-ulcinj.com\/blog\/\",\"name\":\"Lajme nga Ulqini\",\"description\":\"Lajme,Vijesti,Ulqini,Ulqin,Crna Gora,Mali i Zi\",\"potentialAction\":[{\"@type\":\"SearchAction\",\"target\":{\"@type\":\"EntryPoint\",\"urlTemplate\":\"https:\/\/www.visit-ulcinj.com\/blog\/?s={search_term_string}\"},\"query-input\":\"required name=search_term_string\"}],\"inLanguage\":\"en-US\"},{\"@type\":\"ImageObject\",\"inLanguage\":\"en-US\",\"@id\":\"https:\/\/www.visit-ulcinj.com\/blog\/2016\/10\/14\/nika-nje-pyetje-zgjedhore-mire-apo-keq-eshte-puna\/#primaryimage\",\"url\":\"https:\/\/www.visit-ulcinj.com\/blog\/wp-content\/uploads\/2014\/11\/Muhamet-Nika.jpg\",\"contentUrl\":\"https:\/\/www.visit-ulcinj.com\/blog\/wp-content\/uploads\/2014\/11\/Muhamet-Nika.jpg\",\"width\":256,\"height\":319},{\"@type\":\"WebPage\",\"@id\":\"https:\/\/www.visit-ulcinj.com\/blog\/2016\/10\/14\/nika-nje-pyetje-zgjedhore-mire-apo-keq-eshte-puna\/#webpage\",\"url\":\"https:\/\/www.visit-ulcinj.com\/blog\/2016\/10\/14\/nika-nje-pyetje-zgjedhore-mire-apo-keq-eshte-puna\/\",\"name\":\"Nika: Nj\u00eb pyetje zgjedhore: Mir\u00eb apo keq \u00ebsht\u00eb puna ?!! - Lajme nga Ulqini\",\"isPartOf\":{\"@id\":\"https:\/\/www.visit-ulcinj.com\/blog\/#website\"},\"primaryImageOfPage\":{\"@id\":\"https:\/\/www.visit-ulcinj.com\/blog\/2016\/10\/14\/nika-nje-pyetje-zgjedhore-mire-apo-keq-eshte-puna\/#primaryimage\"},\"datePublished\":\"2016-10-14T15:11:52+00:00\",\"dateModified\":\"2016-10-14T15:15:12+00:00\",\"author\":{\"@id\":\"https:\/\/www.visit-ulcinj.com\/blog\/#\/schema\/person\/dcab619c614d3038751c63bc2aadc06d\"},\"description\":\"Shkruan Muhamet Nika \u00c7far\u00eb tha hoxha\u00a0 ke t\u00eb votojm\u00eb n\u00eb k\u00ebto zgjedhje? Me q\u00eb tubimi\u00a0 n\u00eb xhami i\u00a0 k\u00ebsaj t\u00eb premteje i ra t\u00eb b\u00ebhej\u00a0 shum\u00eb\u00a0 pak\u00a0 koh\u00eb \u00a0para\u00a0\",\"breadcrumb\":{\"@id\":\"https:\/\/www.visit-ulcinj.com\/blog\/2016\/10\/14\/nika-nje-pyetje-zgjedhore-mire-apo-keq-eshte-puna\/#breadcrumb\"},\"inLanguage\":\"en-US\",\"potentialAction\":[{\"@type\":\"ReadAction\",\"target\":[\"https:\/\/www.visit-ulcinj.com\/blog\/2016\/10\/14\/nika-nje-pyetje-zgjedhore-mire-apo-keq-eshte-puna\/\"]}]},{\"@type\":\"BreadcrumbList\",\"@id\":\"https:\/\/www.visit-ulcinj.com\/blog\/2016\/10\/14\/nika-nje-pyetje-zgjedhore-mire-apo-keq-eshte-puna\/#breadcrumb\",\"itemListElement\":[{\"@type\":\"ListItem\",\"position\":1,\"name\":\"Nika: Nj\u00eb pyetje zgjedhore: Mir\u00eb apo keq \u00ebsht\u00eb puna ?!!\"}]},{\"@type\":\"Person\",\"@id\":\"https:\/\/www.visit-ulcinj.com\/blog\/#\/schema\/person\/dcab619c614d3038751c63bc2aadc06d\",\"name\":\"ulqini\",\"sameAs\":[\"http:\/\/www.visit-ulcinj.com\"],\"url\":\"https:\/\/www.visit-ulcinj.com\/blog\/author\/admin\/\"}]}<\/script>\n<!-- \/ Yoast SEO plugin. -->","yoast_head_json":{"title":"Nika: Nj\u00eb pyetje zgjedhore: Mir\u00eb apo keq \u00ebsht\u00eb puna ?!! - Lajme nga Ulqini","description":"Shkruan Muhamet Nika \u00c7far\u00eb tha hoxha\u00a0 ke t\u00eb votojm\u00eb n\u00eb k\u00ebto zgjedhje? Me q\u00eb tubimi\u00a0 n\u00eb xhami i\u00a0 k\u00ebsaj t\u00eb premteje i ra t\u00eb b\u00ebhej\u00a0 shum\u00eb\u00a0 pak\u00a0 koh\u00eb \u00a0para\u00a0","robots":{"index":"index","follow":"follow","max-snippet":"max-snippet:-1","max-image-preview":"max-image-preview:large","max-video-preview":"max-video-preview:-1"},"canonical":"https:\/\/www.visit-ulcinj.com\/blog\/2016\/10\/14\/nika-nje-pyetje-zgjedhore-mire-apo-keq-eshte-puna\/","og_locale":"en_US","og_type":"article","og_title":"Nika: Nj\u00eb pyetje zgjedhore: Mir\u00eb apo keq \u00ebsht\u00eb puna ?!! - Lajme nga Ulqini","og_description":"Shkruan Muhamet Nika \u00c7far\u00eb tha hoxha\u00a0 ke t\u00eb votojm\u00eb n\u00eb k\u00ebto zgjedhje? Me q\u00eb tubimi\u00a0 n\u00eb xhami i\u00a0 k\u00ebsaj t\u00eb premteje i ra t\u00eb b\u00ebhej\u00a0 shum\u00eb\u00a0 pak\u00a0 koh\u00eb \u00a0para\u00a0","og_url":"https:\/\/www.visit-ulcinj.com\/blog\/2016\/10\/14\/nika-nje-pyetje-zgjedhore-mire-apo-keq-eshte-puna\/","og_site_name":"Lajme nga Ulqini","article_published_time":"2016-10-14T15:11:52+00:00","article_modified_time":"2016-10-14T15:15:12+00:00","og_image":[{"url":"http:\/\/www.visit-ulcinj.com\/blog\/wp-content\/uploads\/2014\/11\/Muhamet-Nika-240x300.jpg"}],"twitter_misc":{"Written by":"ulqini","Est. reading time":"3 minutes"},"schema":{"@context":"https:\/\/schema.org","@graph":[{"@type":"WebSite","@id":"https:\/\/www.visit-ulcinj.com\/blog\/#website","url":"https:\/\/www.visit-ulcinj.com\/blog\/","name":"Lajme nga Ulqini","description":"Lajme,Vijesti,Ulqini,Ulqin,Crna Gora,Mali i Zi","potentialAction":[{"@type":"SearchAction","target":{"@type":"EntryPoint","urlTemplate":"https:\/\/www.visit-ulcinj.com\/blog\/?s={search_term_string}"},"query-input":"required name=search_term_string"}],"inLanguage":"en-US"},{"@type":"ImageObject","inLanguage":"en-US","@id":"https:\/\/www.visit-ulcinj.com\/blog\/2016\/10\/14\/nika-nje-pyetje-zgjedhore-mire-apo-keq-eshte-puna\/#primaryimage","url":"https:\/\/www.visit-ulcinj.com\/blog\/wp-content\/uploads\/2014\/11\/Muhamet-Nika.jpg","contentUrl":"https:\/\/www.visit-ulcinj.com\/blog\/wp-content\/uploads\/2014\/11\/Muhamet-Nika.jpg","width":256,"height":319},{"@type":"WebPage","@id":"https:\/\/www.visit-ulcinj.com\/blog\/2016\/10\/14\/nika-nje-pyetje-zgjedhore-mire-apo-keq-eshte-puna\/#webpage","url":"https:\/\/www.visit-ulcinj.com\/blog\/2016\/10\/14\/nika-nje-pyetje-zgjedhore-mire-apo-keq-eshte-puna\/","name":"Nika: Nj\u00eb pyetje zgjedhore: Mir\u00eb apo keq \u00ebsht\u00eb puna ?!! - Lajme nga Ulqini","isPartOf":{"@id":"https:\/\/www.visit-ulcinj.com\/blog\/#website"},"primaryImageOfPage":{"@id":"https:\/\/www.visit-ulcinj.com\/blog\/2016\/10\/14\/nika-nje-pyetje-zgjedhore-mire-apo-keq-eshte-puna\/#primaryimage"},"datePublished":"2016-10-14T15:11:52+00:00","dateModified":"2016-10-14T15:15:12+00:00","author":{"@id":"https:\/\/www.visit-ulcinj.com\/blog\/#\/schema\/person\/dcab619c614d3038751c63bc2aadc06d"},"description":"Shkruan Muhamet Nika \u00c7far\u00eb tha hoxha\u00a0 ke t\u00eb votojm\u00eb n\u00eb k\u00ebto zgjedhje? Me q\u00eb tubimi\u00a0 n\u00eb xhami i\u00a0 k\u00ebsaj t\u00eb premteje i ra t\u00eb b\u00ebhej\u00a0 shum\u00eb\u00a0 pak\u00a0 koh\u00eb \u00a0para\u00a0","breadcrumb":{"@id":"https:\/\/www.visit-ulcinj.com\/blog\/2016\/10\/14\/nika-nje-pyetje-zgjedhore-mire-apo-keq-eshte-puna\/#breadcrumb"},"inLanguage":"en-US","potentialAction":[{"@type":"ReadAction","target":["https:\/\/www.visit-ulcinj.com\/blog\/2016\/10\/14\/nika-nje-pyetje-zgjedhore-mire-apo-keq-eshte-puna\/"]}]},{"@type":"BreadcrumbList","@id":"https:\/\/www.visit-ulcinj.com\/blog\/2016\/10\/14\/nika-nje-pyetje-zgjedhore-mire-apo-keq-eshte-puna\/#breadcrumb","itemListElement":[{"@type":"ListItem","position":1,"name":"Nika: Nj\u00eb pyetje zgjedhore: Mir\u00eb apo keq \u00ebsht\u00eb puna ?!!"}]},{"@type":"Person","@id":"https:\/\/www.visit-ulcinj.com\/blog\/#\/schema\/person\/dcab619c614d3038751c63bc2aadc06d","name":"ulqini","sameAs":["http:\/\/www.visit-ulcinj.com"],"url":"https:\/\/www.visit-ulcinj.com\/blog\/author\/admin\/"}]}},"jetpack_featured_media_url":"","jetpack_sharing_enabled":true,"jetpack_shortlink":"https:\/\/wp.me\/pe6lTn-q5o","_links":{"self":[{"href":"https:\/\/www.visit-ulcinj.com\/blog\/wp-json\/wp\/v2\/posts\/100278"}],"collection":[{"href":"https:\/\/www.visit-ulcinj.com\/blog\/wp-json\/wp\/v2\/posts"}],"about":[{"href":"https:\/\/www.visit-ulcinj.com\/blog\/wp-json\/wp\/v2\/types\/post"}],"author":[{"embeddable":true,"href":"https:\/\/www.visit-ulcinj.com\/blog\/wp-json\/wp\/v2\/users\/1"}],"replies":[{"embeddable":true,"href":"https:\/\/www.visit-ulcinj.com\/blog\/wp-json\/wp\/v2\/comments?post=100278"}],"version-history":[{"count":2,"href":"https:\/\/www.visit-ulcinj.com\/blog\/wp-json\/wp\/v2\/posts\/100278\/revisions"}],"predecessor-version":[{"id":100280,"href":"https:\/\/www.visit-ulcinj.com\/blog\/wp-json\/wp\/v2\/posts\/100278\/revisions\/100280"}],"wp:attachment":[{"href":"https:\/\/www.visit-ulcinj.com\/blog\/wp-json\/wp\/v2\/media?parent=100278"}],"wp:term":[{"taxonomy":"category","embeddable":true,"href":"https:\/\/www.visit-ulcinj.com\/blog\/wp-json\/wp\/v2\/categories?post=100278"},{"taxonomy":"post_tag","embeddable":true,"href":"https:\/\/www.visit-ulcinj.com\/blog\/wp-json\/wp\/v2\/tags?post=100278"}],"curies":[{"name":"wp","href":"https:\/\/api.w.org\/{rel}","templated":true}]}}