{"id":100281,"date":"2016-10-15T18:25:58","date_gmt":"2016-10-15T17:25:58","guid":{"rendered":"http:\/\/www.visit-ulcinj.com\/blog\/?p=100281"},"modified":"2016-10-15T19:18:22","modified_gmt":"2016-10-15T18:18:22","slug":"takim-shkrimtarin-haxhi-shabani-ne-festivalin-letrar-te-shkodres","status":"publish","type":"post","link":"https:\/\/www.visit-ulcinj.com\/blog\/2016\/10\/15\/takim-shkrimtarin-haxhi-shabani-ne-festivalin-letrar-te-shkodres\/","title":{"rendered":"Takim me shkrimtarin Haxhi Shabani n\u00eb Festivalin Letrar t\u00eb Shkodr\u00ebs"},"content":{"rendered":"<p><a href=\"http:\/\/www.visit-ulcinj.com\/blog\/wp-content\/uploads\/2016\/10\/Haxhi-Shabani-n\u00eb-Festivalin-Letrar-t\u00eb-Shkodr\u00ebs.jpg\"><img loading=\"lazy\" class=\"alignleft wp-image-100282\" src=\"http:\/\/www.visit-ulcinj.com\/blog\/wp-content\/uploads\/2016\/10\/Haxhi-Shabani-n\u00eb-Festivalin-Letrar-t\u00eb-Shkodr\u00ebs.jpg\" alt=\"Haxhi Shabani n\u00eb Festivalin Letrar t\u00eb Shkodr\u00ebs\" width=\"508\" height=\"381\" srcset=\"https:\/\/www.visit-ulcinj.com\/blog\/wp-content\/uploads\/2016\/10\/Haxhi-Shabani-n\u00eb-Festivalin-Letrar-t\u00eb-Shkodr\u00ebs.jpg 824w, https:\/\/www.visit-ulcinj.com\/blog\/wp-content\/uploads\/2016\/10\/Haxhi-Shabani-n\u00eb-Festivalin-Letrar-t\u00eb-Shkodr\u00ebs-300x225.jpg 300w, https:\/\/www.visit-ulcinj.com\/blog\/wp-content\/uploads\/2016\/10\/Haxhi-Shabani-n\u00eb-Festivalin-Letrar-t\u00eb-Shkodr\u00ebs-768x576.jpg 768w\" sizes=\"(max-width: 508px) 100vw, 508px\" \/><\/a>N\u00eb kuad\u00ebr t\u00eb edicionit t\u00eb 9-t\u00eb t\u00eb Festivalit Letrar t\u00eb Shkodr\u00ebs, i cili organizohet nga Biblioteka \u201cMarin Barleti\u201d \u2013 Shkod\u00ebr, mbr\u00ebm\u00eb \u00ebsht\u00eb mbajtur takimi me shkrimtarin Haxhi Shabani.<\/p>\n<p>Ai ka mbajtur ligj\u00ebrat\u00ebn me tem\u00eb \u201cIntegrimet e let\u00ebrsis\u00eb shqiptare brenda vetes\u201d. Shabani ka th\u00ebn\u00eb se problemi themelor n\u00eb k\u00ebt\u00eb rrafsh \u00ebsht\u00eb se let\u00ebrsia shqiptare ende nuk ka krijuar mekanizmat e njohjes brenda vetes. \u201cAktualisht, 25 vjet pas, pasi jan\u00eb zhdukur problemet politike e administrative, ideja fillestare e viteve \u201990 t\u00eb shekullit t\u00eb shkuar, p\u00ebr krijimin e kushteve p\u00ebr funksionimin e let\u00ebrsis\u00eb si nj\u00eb e t\u00ebr\u00eb nuk jan\u00eb krijuar. Krijimi i kushteve t\u00eb tilla mund t\u00eb thuhet se \u00ebsht\u00eb n\u00eb hapat e par\u00eb\u201d, ka theksuar shkrimtari. P\u00ebr k\u00ebt\u00eb gjendje t\u00eb let\u00ebrsis\u00eb shqipe sot ai ka b\u00ebr\u00eb p\u00ebrgjegj\u00ebs n\u00eb radh\u00eb t\u00eb par\u00eb Tiran\u00ebn dhe Prishtin\u00ebn, duke pohuar se \u201cideja e njohjes s\u00eb let\u00ebrsis\u00eb shqiptare brenda vetes nuk \u00ebsht\u00eb realizuar sepse dy kryeqendrat shqiptare nuk kan\u00eb krijuar hap\u00ebsir\u00eb t\u00eb mjaftueshme p\u00ebr skajet e let\u00ebrsis\u00eb shqipe\u201d, p\u00ebrfshir\u00eb edhe let\u00ebrsin\u00eb q\u00eb krijohet nga autor\u00ebt shqiptar\u00eb n\u00eb Mal t\u00eb Zi.<\/p>\n<p>M\u00eb pas, n\u00eb bashk\u00ebbisedim me udh\u00ebheq\u00ebsin e takimit, Gjovalin \u00c7uni, drejtor i Bibliotek\u00ebs \u201cMarin Barleti\u201d, Shabani ka folur mbi krijimtarin\u00eb e tij dhe ka lexuar disa poezi. Ai i \u00ebsht\u00eb p\u00ebrgjigjur po ashtu interesimit t\u00eb pjes\u00ebmarr\u00ebsve n\u00eb takim.<\/p>\n<p>Takimi u organizua n\u00eb bashk\u00ebpunim me Shoqat\u00ebn e Artist\u00ebve dhe Intelektual\u00ebve \u201cArt Club\u201d.<\/p>\n<p>&nbsp;<\/p>\n<p><em>\u00a0<\/em><\/p>\n<p><em>\u00a0\u00a0\u00a0\u00a0\u00a0\u00a0\u00a0 Ulqin, m\u00eb 15. 10. 2016<\/em>\u00a0 \u00a0\u00a0\u00a0\u00a0\u00a0\u00a0\u00a0\u00a0\u00a0\u00a0\u00a0\u00a0\u00a0\u00a0\u00a0\u00a0\u00a0\u00a0\u00a0\u00a0\u00a0\u00a0\u00a0\u00a0\u00a0\u00a0\u00a0\u00a0\u00a0\u00a0\u00a0\u00a0\u00a0\u00a0\u00a0\u00a0\u00a0\u00a0\u00a0\u00a0\u00a0\u00a0\u00a0\u00a0\u00a0\u00a0\u00a0\u00a0\u00a0\u00a0\u00a0\u00a0\u00a0\u00a0\u00a0\u00a0\u00a0\u00a0 \u00a0\u00a0\u00a0\u00a0\u00a0\u00a0<strong>SHAI \u201cArt Club\u201d<\/strong><\/p>\n<p><a href=\"http:\/\/www.visit-ulcinj.com\/blog\/wp-content\/uploads\/2016\/10\/Haxhi-Shabani-n\u00eb-Festivalin-Letrar-t\u00eb-Shkodr\u00ebs-1.jpg\"><img loading=\"lazy\" class=\"alignleft wp-image-100283\" src=\"http:\/\/www.visit-ulcinj.com\/blog\/wp-content\/uploads\/2016\/10\/Haxhi-Shabani-n\u00eb-Festivalin-Letrar-t\u00eb-Shkodr\u00ebs-1.jpg\" alt=\"Haxhi Shabani n\u00eb Festivalin Letrar t\u00eb Shkodr\u00ebs-1\" width=\"508\" height=\"381\" srcset=\"https:\/\/www.visit-ulcinj.com\/blog\/wp-content\/uploads\/2016\/10\/Haxhi-Shabani-n\u00eb-Festivalin-Letrar-t\u00eb-Shkodr\u00ebs-1.jpg 824w, https:\/\/www.visit-ulcinj.com\/blog\/wp-content\/uploads\/2016\/10\/Haxhi-Shabani-n\u00eb-Festivalin-Letrar-t\u00eb-Shkodr\u00ebs-1-300x225.jpg 300w, https:\/\/www.visit-ulcinj.com\/blog\/wp-content\/uploads\/2016\/10\/Haxhi-Shabani-n\u00eb-Festivalin-Letrar-t\u00eb-Shkodr\u00ebs-1-768x576.jpg 768w\" sizes=\"(max-width: 508px) 100vw, 508px\" \/><\/a> <a href=\"http:\/\/www.visit-ulcinj.com\/blog\/wp-content\/uploads\/2016\/10\/Haxhi-Shabani-n\u00eb-Festivalin-Letrar-t\u00eb-Shkodr\u00ebs-2.jpg\"><img loading=\"lazy\" class=\"alignleft wp-image-100284\" src=\"http:\/\/www.visit-ulcinj.com\/blog\/wp-content\/uploads\/2016\/10\/Haxhi-Shabani-n\u00eb-Festivalin-Letrar-t\u00eb-Shkodr\u00ebs-2.jpg\" alt=\"Haxhi Shabani n\u00eb Festivalin Letrar t\u00eb Shkodr\u00ebs-2\" width=\"508\" height=\"381\" srcset=\"https:\/\/www.visit-ulcinj.com\/blog\/wp-content\/uploads\/2016\/10\/Haxhi-Shabani-n\u00eb-Festivalin-Letrar-t\u00eb-Shkodr\u00ebs-2.jpg 824w, https:\/\/www.visit-ulcinj.com\/blog\/wp-content\/uploads\/2016\/10\/Haxhi-Shabani-n\u00eb-Festivalin-Letrar-t\u00eb-Shkodr\u00ebs-2-300x225.jpg 300w, https:\/\/www.visit-ulcinj.com\/blog\/wp-content\/uploads\/2016\/10\/Haxhi-Shabani-n\u00eb-Festivalin-Letrar-t\u00eb-Shkodr\u00ebs-2-768x576.jpg 768w\" sizes=\"(max-width: 508px) 100vw, 508px\" \/><\/a><\/p>\n","protected":false},"excerpt":{"rendered":"<p>N\u00eb kuad\u00ebr t\u00eb edicionit t\u00eb 9-t\u00eb t\u00eb Festivalit Letrar t\u00eb Shkodr\u00ebs, i cili organizohet nga Biblioteka \u201cMarin Barleti\u201d \u2013 Shkod\u00ebr, mbr\u00ebm\u00eb \u00ebsht\u00eb mbajtur takimi me shkrimtarin Haxhi Shabani. Ai ka mbajtur ligj\u00ebrat\u00ebn me tem\u00eb \u201cIntegrimet e let\u00ebrsis\u00eb shqiptare brenda vetes\u201d. Shabani ka th\u00ebn\u00eb se problemi themelor n\u00eb k\u00ebt\u00eb rrafsh \u00ebsht\u00eb se let\u00ebrsia shqiptare ende nuk [&hellip;]<\/p>\n","protected":false},"author":1,"featured_media":0,"comment_status":"closed","ping_status":"closed","sticky":false,"template":"","format":"standard","meta":{"spay_email":"","jetpack_publicize_message":"","jetpack_is_tweetstorm":false,"jetpack_publicize_feature_enabled":true},"categories":[4,1],"tags":[],"jetpack_publicize_connections":[],"yoast_head":"<!-- This site is optimized with the Yoast SEO plugin v19.1 - https:\/\/yoast.com\/wordpress\/plugins\/seo\/ -->\n<title>Takim me shkrimtarin Haxhi Shabani n\u00eb Festivalin Letrar t\u00eb Shkodr\u00ebs - Lajme nga Ulqini<\/title>\n<meta name=\"description\" content=\"N\u00eb kuad\u00ebr t\u00eb edicionit t\u00eb 9-t\u00eb t\u00eb Festivalit Letrar t\u00eb Shkodr\u00ebs, i cili organizohet nga Biblioteka \u201cMarin Barleti\u201d \u2013 Shkod\u00ebr, mbr\u00ebm\u00eb \u00ebsht\u00eb mbajtur takimi\" \/>\n<meta name=\"robots\" content=\"index, follow, max-snippet:-1, max-image-preview:large, max-video-preview:-1\" \/>\n<link rel=\"canonical\" href=\"https:\/\/www.visit-ulcinj.com\/blog\/2016\/10\/15\/takim-shkrimtarin-haxhi-shabani-ne-festivalin-letrar-te-shkodres\/\" \/>\n<meta property=\"og:locale\" content=\"en_US\" \/>\n<meta property=\"og:type\" content=\"article\" \/>\n<meta property=\"og:title\" content=\"Takim me shkrimtarin Haxhi Shabani n\u00eb Festivalin Letrar t\u00eb Shkodr\u00ebs - Lajme nga Ulqini\" \/>\n<meta property=\"og:description\" content=\"N\u00eb kuad\u00ebr t\u00eb edicionit t\u00eb 9-t\u00eb t\u00eb Festivalit Letrar t\u00eb Shkodr\u00ebs, i cili organizohet nga Biblioteka \u201cMarin Barleti\u201d \u2013 Shkod\u00ebr, mbr\u00ebm\u00eb \u00ebsht\u00eb mbajtur takimi\" \/>\n<meta property=\"og:url\" content=\"https:\/\/www.visit-ulcinj.com\/blog\/2016\/10\/15\/takim-shkrimtarin-haxhi-shabani-ne-festivalin-letrar-te-shkodres\/\" \/>\n<meta property=\"og:site_name\" content=\"Lajme nga Ulqini\" \/>\n<meta property=\"article:published_time\" content=\"2016-10-15T17:25:58+00:00\" \/>\n<meta property=\"article:modified_time\" content=\"2016-10-15T18:18:22+00:00\" \/>\n<meta name=\"twitter:label1\" content=\"Written by\" \/>\n\t<meta name=\"twitter:data1\" content=\"ulqini\" \/>\n\t<meta name=\"twitter:label2\" content=\"Est. reading time\" \/>\n\t<meta name=\"twitter:data2\" content=\"1 minute\" \/>\n<script type=\"application\/ld+json\" class=\"yoast-schema-graph\">{\"@context\":\"https:\/\/schema.org\",\"@graph\":[{\"@type\":\"WebSite\",\"@id\":\"https:\/\/www.visit-ulcinj.com\/blog\/#website\",\"url\":\"https:\/\/www.visit-ulcinj.com\/blog\/\",\"name\":\"Lajme nga Ulqini\",\"description\":\"Lajme,Vijesti,Ulqini,Ulqin,Crna Gora,Mali i Zi\",\"potentialAction\":[{\"@type\":\"SearchAction\",\"target\":{\"@type\":\"EntryPoint\",\"urlTemplate\":\"https:\/\/www.visit-ulcinj.com\/blog\/?s={search_term_string}\"},\"query-input\":\"required name=search_term_string\"}],\"inLanguage\":\"en-US\"},{\"@type\":\"WebPage\",\"@id\":\"https:\/\/www.visit-ulcinj.com\/blog\/2016\/10\/15\/takim-shkrimtarin-haxhi-shabani-ne-festivalin-letrar-te-shkodres\/#webpage\",\"url\":\"https:\/\/www.visit-ulcinj.com\/blog\/2016\/10\/15\/takim-shkrimtarin-haxhi-shabani-ne-festivalin-letrar-te-shkodres\/\",\"name\":\"Takim me shkrimtarin Haxhi Shabani n\u00eb Festivalin Letrar t\u00eb Shkodr\u00ebs - Lajme nga Ulqini\",\"isPartOf\":{\"@id\":\"https:\/\/www.visit-ulcinj.com\/blog\/#website\"},\"datePublished\":\"2016-10-15T17:25:58+00:00\",\"dateModified\":\"2016-10-15T18:18:22+00:00\",\"author\":{\"@id\":\"https:\/\/www.visit-ulcinj.com\/blog\/#\/schema\/person\/dcab619c614d3038751c63bc2aadc06d\"},\"description\":\"N\u00eb kuad\u00ebr t\u00eb edicionit t\u00eb 9-t\u00eb t\u00eb Festivalit Letrar t\u00eb Shkodr\u00ebs, i cili organizohet nga Biblioteka \u201cMarin Barleti\u201d \u2013 Shkod\u00ebr, mbr\u00ebm\u00eb \u00ebsht\u00eb mbajtur takimi\",\"breadcrumb\":{\"@id\":\"https:\/\/www.visit-ulcinj.com\/blog\/2016\/10\/15\/takim-shkrimtarin-haxhi-shabani-ne-festivalin-letrar-te-shkodres\/#breadcrumb\"},\"inLanguage\":\"en-US\",\"potentialAction\":[{\"@type\":\"ReadAction\",\"target\":[\"https:\/\/www.visit-ulcinj.com\/blog\/2016\/10\/15\/takim-shkrimtarin-haxhi-shabani-ne-festivalin-letrar-te-shkodres\/\"]}]},{\"@type\":\"BreadcrumbList\",\"@id\":\"https:\/\/www.visit-ulcinj.com\/blog\/2016\/10\/15\/takim-shkrimtarin-haxhi-shabani-ne-festivalin-letrar-te-shkodres\/#breadcrumb\",\"itemListElement\":[{\"@type\":\"ListItem\",\"position\":1,\"name\":\"Takim me shkrimtarin Haxhi Shabani n\u00eb Festivalin Letrar t\u00eb Shkodr\u00ebs\"}]},{\"@type\":\"Person\",\"@id\":\"https:\/\/www.visit-ulcinj.com\/blog\/#\/schema\/person\/dcab619c614d3038751c63bc2aadc06d\",\"name\":\"ulqini\",\"sameAs\":[\"http:\/\/www.visit-ulcinj.com\"],\"url\":\"https:\/\/www.visit-ulcinj.com\/blog\/author\/admin\/\"}]}<\/script>\n<!-- \/ Yoast SEO plugin. -->","yoast_head_json":{"title":"Takim me shkrimtarin Haxhi Shabani n\u00eb Festivalin Letrar t\u00eb Shkodr\u00ebs - Lajme nga Ulqini","description":"N\u00eb kuad\u00ebr t\u00eb edicionit t\u00eb 9-t\u00eb t\u00eb Festivalit Letrar t\u00eb Shkodr\u00ebs, i cili organizohet nga Biblioteka \u201cMarin Barleti\u201d \u2013 Shkod\u00ebr, mbr\u00ebm\u00eb \u00ebsht\u00eb mbajtur takimi","robots":{"index":"index","follow":"follow","max-snippet":"max-snippet:-1","max-image-preview":"max-image-preview:large","max-video-preview":"max-video-preview:-1"},"canonical":"https:\/\/www.visit-ulcinj.com\/blog\/2016\/10\/15\/takim-shkrimtarin-haxhi-shabani-ne-festivalin-letrar-te-shkodres\/","og_locale":"en_US","og_type":"article","og_title":"Takim me shkrimtarin Haxhi Shabani n\u00eb Festivalin Letrar t\u00eb Shkodr\u00ebs - Lajme nga Ulqini","og_description":"N\u00eb kuad\u00ebr t\u00eb edicionit t\u00eb 9-t\u00eb t\u00eb Festivalit Letrar t\u00eb Shkodr\u00ebs, i cili organizohet nga Biblioteka \u201cMarin Barleti\u201d \u2013 Shkod\u00ebr, mbr\u00ebm\u00eb \u00ebsht\u00eb mbajtur takimi","og_url":"https:\/\/www.visit-ulcinj.com\/blog\/2016\/10\/15\/takim-shkrimtarin-haxhi-shabani-ne-festivalin-letrar-te-shkodres\/","og_site_name":"Lajme nga Ulqini","article_published_time":"2016-10-15T17:25:58+00:00","article_modified_time":"2016-10-15T18:18:22+00:00","twitter_misc":{"Written by":"ulqini","Est. reading time":"1 minute"},"schema":{"@context":"https:\/\/schema.org","@graph":[{"@type":"WebSite","@id":"https:\/\/www.visit-ulcinj.com\/blog\/#website","url":"https:\/\/www.visit-ulcinj.com\/blog\/","name":"Lajme nga Ulqini","description":"Lajme,Vijesti,Ulqini,Ulqin,Crna Gora,Mali i Zi","potentialAction":[{"@type":"SearchAction","target":{"@type":"EntryPoint","urlTemplate":"https:\/\/www.visit-ulcinj.com\/blog\/?s={search_term_string}"},"query-input":"required name=search_term_string"}],"inLanguage":"en-US"},{"@type":"WebPage","@id":"https:\/\/www.visit-ulcinj.com\/blog\/2016\/10\/15\/takim-shkrimtarin-haxhi-shabani-ne-festivalin-letrar-te-shkodres\/#webpage","url":"https:\/\/www.visit-ulcinj.com\/blog\/2016\/10\/15\/takim-shkrimtarin-haxhi-shabani-ne-festivalin-letrar-te-shkodres\/","name":"Takim me shkrimtarin Haxhi Shabani n\u00eb Festivalin Letrar t\u00eb Shkodr\u00ebs - Lajme nga Ulqini","isPartOf":{"@id":"https:\/\/www.visit-ulcinj.com\/blog\/#website"},"datePublished":"2016-10-15T17:25:58+00:00","dateModified":"2016-10-15T18:18:22+00:00","author":{"@id":"https:\/\/www.visit-ulcinj.com\/blog\/#\/schema\/person\/dcab619c614d3038751c63bc2aadc06d"},"description":"N\u00eb kuad\u00ebr t\u00eb edicionit t\u00eb 9-t\u00eb t\u00eb Festivalit Letrar t\u00eb Shkodr\u00ebs, i cili organizohet nga Biblioteka \u201cMarin Barleti\u201d \u2013 Shkod\u00ebr, mbr\u00ebm\u00eb \u00ebsht\u00eb mbajtur takimi","breadcrumb":{"@id":"https:\/\/www.visit-ulcinj.com\/blog\/2016\/10\/15\/takim-shkrimtarin-haxhi-shabani-ne-festivalin-letrar-te-shkodres\/#breadcrumb"},"inLanguage":"en-US","potentialAction":[{"@type":"ReadAction","target":["https:\/\/www.visit-ulcinj.com\/blog\/2016\/10\/15\/takim-shkrimtarin-haxhi-shabani-ne-festivalin-letrar-te-shkodres\/"]}]},{"@type":"BreadcrumbList","@id":"https:\/\/www.visit-ulcinj.com\/blog\/2016\/10\/15\/takim-shkrimtarin-haxhi-shabani-ne-festivalin-letrar-te-shkodres\/#breadcrumb","itemListElement":[{"@type":"ListItem","position":1,"name":"Takim me shkrimtarin Haxhi Shabani n\u00eb Festivalin Letrar t\u00eb Shkodr\u00ebs"}]},{"@type":"Person","@id":"https:\/\/www.visit-ulcinj.com\/blog\/#\/schema\/person\/dcab619c614d3038751c63bc2aadc06d","name":"ulqini","sameAs":["http:\/\/www.visit-ulcinj.com"],"url":"https:\/\/www.visit-ulcinj.com\/blog\/author\/admin\/"}]}},"jetpack_featured_media_url":"","jetpack_sharing_enabled":true,"jetpack_shortlink":"https:\/\/wp.me\/pe6lTn-q5r","_links":{"self":[{"href":"https:\/\/www.visit-ulcinj.com\/blog\/wp-json\/wp\/v2\/posts\/100281"}],"collection":[{"href":"https:\/\/www.visit-ulcinj.com\/blog\/wp-json\/wp\/v2\/posts"}],"about":[{"href":"https:\/\/www.visit-ulcinj.com\/blog\/wp-json\/wp\/v2\/types\/post"}],"author":[{"embeddable":true,"href":"https:\/\/www.visit-ulcinj.com\/blog\/wp-json\/wp\/v2\/users\/1"}],"replies":[{"embeddable":true,"href":"https:\/\/www.visit-ulcinj.com\/blog\/wp-json\/wp\/v2\/comments?post=100281"}],"version-history":[{"count":1,"href":"https:\/\/www.visit-ulcinj.com\/blog\/wp-json\/wp\/v2\/posts\/100281\/revisions"}],"predecessor-version":[{"id":100285,"href":"https:\/\/www.visit-ulcinj.com\/blog\/wp-json\/wp\/v2\/posts\/100281\/revisions\/100285"}],"wp:attachment":[{"href":"https:\/\/www.visit-ulcinj.com\/blog\/wp-json\/wp\/v2\/media?parent=100281"}],"wp:term":[{"taxonomy":"category","embeddable":true,"href":"https:\/\/www.visit-ulcinj.com\/blog\/wp-json\/wp\/v2\/categories?post=100281"},{"taxonomy":"post_tag","embeddable":true,"href":"https:\/\/www.visit-ulcinj.com\/blog\/wp-json\/wp\/v2\/tags?post=100281"}],"curies":[{"name":"wp","href":"https:\/\/api.w.org\/{rel}","templated":true}]}}