{"id":100286,"date":"2016-10-15T19:12:16","date_gmt":"2016-10-15T18:12:16","guid":{"rendered":"http:\/\/www.visit-ulcinj.com\/blog\/?p=100286"},"modified":"2016-10-15T19:12:16","modified_gmt":"2016-10-15T18:12:16","slug":"neser-mbahen-zgjedhjet-parlamentare-ne-mal-te-zi","status":"publish","type":"post","link":"https:\/\/www.visit-ulcinj.com\/blog\/2016\/10\/15\/neser-mbahen-zgjedhjet-parlamentare-ne-mal-te-zi\/","title":{"rendered":"Nes\u00ebr mbahen zgjedhjet parlamentare n\u00eb Mal t\u00eb Zi"},"content":{"rendered":"<p><strong><em> <a href=\"http:\/\/www.visit-ulcinj.com\/blog\/wp-content\/uploads\/2016\/10\/zgjedhjet-parlamentare.jpg\"><img loading=\"lazy\" class=\"alignleft wp-image-100287\" src=\"http:\/\/www.visit-ulcinj.com\/blog\/wp-content\/uploads\/2016\/10\/zgjedhjet-parlamentare.jpg\" alt=\"zgjedhjet-parlamentare\" width=\"508\" height=\"286\" srcset=\"https:\/\/www.visit-ulcinj.com\/blog\/wp-content\/uploads\/2016\/10\/zgjedhjet-parlamentare.jpg 1024w, https:\/\/www.visit-ulcinj.com\/blog\/wp-content\/uploads\/2016\/10\/zgjedhjet-parlamentare-300x169.jpg 300w, https:\/\/www.visit-ulcinj.com\/blog\/wp-content\/uploads\/2016\/10\/zgjedhjet-parlamentare-768x432.jpg 768w\" sizes=\"(max-width: 508px) 100vw, 508px\" \/><\/a>T\u00eb drejt\u00eb vote kan\u00eb 528.817 qytetar\u00eb t\u00eb Mali t\u00eb Zi, t\u00eb cil\u00ebt do t\u00eb p\u00ebrcaktohen p\u00ebr nj\u00ebr\u00ebn nga 17 listat<\/em><\/strong><\/p>\n<p class=\"selectionShareable\">PODGORIC\u00cb \u2013 Nes\u00ebr n\u00eb Mal t\u00eb Zi do t\u00eb mbahen zgjedhjet e kat\u00ebrta parlamentare q\u00eb nga pavar\u00ebsia. T\u00eb drejt\u00eb vote n\u00eb zgjedhje kan\u00eb 528.817 qytetar\u00eb t\u00eb Malit t\u00eb Zi, t\u00eb cil\u00ebt do t\u00eb p\u00ebcaktohen p\u00ebr nj\u00ebr\u00ebn nga 17 listat.<\/p>\n<p class=\"selectionShareable\">1207 qendrat e votimit, aq sa jan\u00eb n\u00eb Mal t\u00eb Zi, do t\u00eb hapen nes\u00ebr n\u00eb ora 07:00 dhe do t\u00eb mbyllen n\u00eb ora 20:00 Zgjedhjet do t\u00eb mbik\u00ebqyren nga 1.400 v\u00ebzhgues t\u00eb Qendr\u00ebs p\u00ebr Monitorim (CEMI), si dhe v\u00ebzhgues nga OSBE-ja.<\/p>\n<p class=\"selectionShareable\">P\u00ebrve\u00e7 zgjedhjeve parlamentare, m\u00eb 16 tetor do t\u00eb mbahen edhe zgjedhjet lokale n\u00eb kat\u00ebr komuna malazeze. B\u00ebhet fjal\u00eb p\u00ebr Kotorin, Budv\u00ebn, Andrijevic\u00ebn dhe Gucin\u00eb. P\u00ebr zgjedhjet n\u00eb Kotor jan\u00eb parashtruar 12 lista, n\u00eb Budv\u00eb 10 lista. N\u00eb Guci jan\u00eb dor\u00ebzuar 8 lista, dhe n\u00eb Andrijevic\u00eb 7.<\/p>\n<p>Lista \u201cForca, UDSH, Alternativa Shqiptare\u201d, do t\u00eb jet\u00eb e para n\u00eb flet\u00ebn e votimit, nd\u00ebrsa e dyta n\u00eb list\u00eb do t\u00eb jet\u00eb \u201cShteti p\u00ebr t\u00eb gjith\u00eb \u2013 PSD \u2013 Ranko Krivokapic\u201d, Me short, e treta do t\u00eb jet\u00eb lista \u201cKoalicioni shqiptar me nj\u00eb q\u00ebllim \u2013 G\u00ebzim Hajdinaga\u201d.<br \/>\nE kat\u00ebrta n\u00eb votim do t\u00eb jet\u00eb Alternatia e Malit t\u00eb Zi, dhe e pesta \u201cMali i Zi Pozitiv \u2013 Darko Pajovi\u00e7, sepse e dua Malin e Zi\u201d, nd\u00ebrsa lista e kryeministrit aktual \u201cMe hapa t\u00eb sigurt\u00eb, PDS-Milo Gjukanovi\u00e7\u201d do t\u00eb jet\u00eb me numrin gjasht\u00eb dhe k\u00ebshu me radh\u00eb.-AA.<\/p>\n<p><strong>Koha Jon\u00eb<\/strong><\/p>\n","protected":false},"excerpt":{"rendered":"<p>T\u00eb drejt\u00eb vote kan\u00eb 528.817 qytetar\u00eb t\u00eb Mali t\u00eb Zi, t\u00eb cil\u00ebt do t\u00eb p\u00ebrcaktohen p\u00ebr nj\u00ebr\u00ebn nga 17 listat PODGORIC\u00cb \u2013 Nes\u00ebr n\u00eb Mal t\u00eb Zi do t\u00eb mbahen zgjedhjet e kat\u00ebrta parlamentare q\u00eb nga pavar\u00ebsia. T\u00eb drejt\u00eb vote n\u00eb zgjedhje kan\u00eb 528.817 qytetar\u00eb t\u00eb Malit t\u00eb Zi, t\u00eb cil\u00ebt do t\u00eb p\u00ebcaktohen p\u00ebr [&hellip;]<\/p>\n","protected":false},"author":1,"featured_media":0,"comment_status":"closed","ping_status":"closed","sticky":false,"template":"","format":"standard","meta":{"spay_email":"","jetpack_publicize_message":"","jetpack_is_tweetstorm":false,"jetpack_publicize_feature_enabled":true},"categories":[6],"tags":[],"jetpack_publicize_connections":[],"yoast_head":"<!-- This site is optimized with the Yoast SEO plugin v19.1 - https:\/\/yoast.com\/wordpress\/plugins\/seo\/ -->\n<title>Nes\u00ebr mbahen zgjedhjet parlamentare n\u00eb Mal t\u00eb Zi - Lajme nga Ulqini<\/title>\n<meta name=\"description\" content=\"T\u00eb drejt\u00eb vote kan\u00eb 528.817 qytetar\u00eb t\u00eb Mali t\u00eb Zi, t\u00eb cil\u00ebt do t\u00eb p\u00ebrcaktohen p\u00ebr nj\u00ebr\u00ebn nga 17 listat PODGORIC\u00cb \u2013 Nes\u00ebr n\u00eb Mal t\u00eb Zi do t\u00eb mbahen\" \/>\n<meta name=\"robots\" content=\"index, follow, max-snippet:-1, max-image-preview:large, max-video-preview:-1\" \/>\n<link rel=\"canonical\" href=\"https:\/\/www.visit-ulcinj.com\/blog\/2016\/10\/15\/neser-mbahen-zgjedhjet-parlamentare-ne-mal-te-zi\/\" \/>\n<meta property=\"og:locale\" content=\"en_US\" \/>\n<meta property=\"og:type\" content=\"article\" \/>\n<meta property=\"og:title\" content=\"Nes\u00ebr mbahen zgjedhjet parlamentare n\u00eb Mal t\u00eb Zi - Lajme nga Ulqini\" \/>\n<meta property=\"og:description\" content=\"T\u00eb drejt\u00eb vote kan\u00eb 528.817 qytetar\u00eb t\u00eb Mali t\u00eb Zi, t\u00eb cil\u00ebt do t\u00eb p\u00ebrcaktohen p\u00ebr nj\u00ebr\u00ebn nga 17 listat PODGORIC\u00cb \u2013 Nes\u00ebr n\u00eb Mal t\u00eb Zi do t\u00eb mbahen\" \/>\n<meta property=\"og:url\" content=\"https:\/\/www.visit-ulcinj.com\/blog\/2016\/10\/15\/neser-mbahen-zgjedhjet-parlamentare-ne-mal-te-zi\/\" \/>\n<meta property=\"og:site_name\" content=\"Lajme nga Ulqini\" \/>\n<meta property=\"article:published_time\" content=\"2016-10-15T18:12:16+00:00\" \/>\n<meta property=\"og:image\" content=\"http:\/\/www.visit-ulcinj.com\/blog\/wp-content\/uploads\/2016\/10\/zgjedhjet-parlamentare.jpg\" \/>\n<meta name=\"twitter:label1\" content=\"Written by\" \/>\n\t<meta name=\"twitter:data1\" content=\"ulqini\" \/>\n\t<meta name=\"twitter:label2\" content=\"Est. reading time\" \/>\n\t<meta name=\"twitter:data2\" content=\"1 minute\" \/>\n<script type=\"application\/ld+json\" class=\"yoast-schema-graph\">{\"@context\":\"https:\/\/schema.org\",\"@graph\":[{\"@type\":\"WebSite\",\"@id\":\"https:\/\/www.visit-ulcinj.com\/blog\/#website\",\"url\":\"https:\/\/www.visit-ulcinj.com\/blog\/\",\"name\":\"Lajme nga Ulqini\",\"description\":\"Lajme,Vijesti,Ulqini,Ulqin,Crna Gora,Mali i Zi\",\"potentialAction\":[{\"@type\":\"SearchAction\",\"target\":{\"@type\":\"EntryPoint\",\"urlTemplate\":\"https:\/\/www.visit-ulcinj.com\/blog\/?s={search_term_string}\"},\"query-input\":\"required name=search_term_string\"}],\"inLanguage\":\"en-US\"},{\"@type\":\"ImageObject\",\"inLanguage\":\"en-US\",\"@id\":\"https:\/\/www.visit-ulcinj.com\/blog\/2016\/10\/15\/neser-mbahen-zgjedhjet-parlamentare-ne-mal-te-zi\/#primaryimage\",\"url\":\"https:\/\/www.visit-ulcinj.com\/blog\/wp-content\/uploads\/2016\/10\/zgjedhjet-parlamentare.jpg\",\"contentUrl\":\"https:\/\/www.visit-ulcinj.com\/blog\/wp-content\/uploads\/2016\/10\/zgjedhjet-parlamentare.jpg\",\"width\":1024,\"height\":576},{\"@type\":\"WebPage\",\"@id\":\"https:\/\/www.visit-ulcinj.com\/blog\/2016\/10\/15\/neser-mbahen-zgjedhjet-parlamentare-ne-mal-te-zi\/#webpage\",\"url\":\"https:\/\/www.visit-ulcinj.com\/blog\/2016\/10\/15\/neser-mbahen-zgjedhjet-parlamentare-ne-mal-te-zi\/\",\"name\":\"Nes\u00ebr mbahen zgjedhjet parlamentare n\u00eb Mal t\u00eb Zi - Lajme nga Ulqini\",\"isPartOf\":{\"@id\":\"https:\/\/www.visit-ulcinj.com\/blog\/#website\"},\"primaryImageOfPage\":{\"@id\":\"https:\/\/www.visit-ulcinj.com\/blog\/2016\/10\/15\/neser-mbahen-zgjedhjet-parlamentare-ne-mal-te-zi\/#primaryimage\"},\"datePublished\":\"2016-10-15T18:12:16+00:00\",\"dateModified\":\"2016-10-15T18:12:16+00:00\",\"author\":{\"@id\":\"https:\/\/www.visit-ulcinj.com\/blog\/#\/schema\/person\/dcab619c614d3038751c63bc2aadc06d\"},\"description\":\"T\u00eb drejt\u00eb vote kan\u00eb 528.817 qytetar\u00eb t\u00eb Mali t\u00eb Zi, t\u00eb cil\u00ebt do t\u00eb p\u00ebrcaktohen p\u00ebr nj\u00ebr\u00ebn nga 17 listat PODGORIC\u00cb \u2013 Nes\u00ebr n\u00eb Mal t\u00eb Zi do t\u00eb mbahen\",\"breadcrumb\":{\"@id\":\"https:\/\/www.visit-ulcinj.com\/blog\/2016\/10\/15\/neser-mbahen-zgjedhjet-parlamentare-ne-mal-te-zi\/#breadcrumb\"},\"inLanguage\":\"en-US\",\"potentialAction\":[{\"@type\":\"ReadAction\",\"target\":[\"https:\/\/www.visit-ulcinj.com\/blog\/2016\/10\/15\/neser-mbahen-zgjedhjet-parlamentare-ne-mal-te-zi\/\"]}]},{\"@type\":\"BreadcrumbList\",\"@id\":\"https:\/\/www.visit-ulcinj.com\/blog\/2016\/10\/15\/neser-mbahen-zgjedhjet-parlamentare-ne-mal-te-zi\/#breadcrumb\",\"itemListElement\":[{\"@type\":\"ListItem\",\"position\":1,\"name\":\"Nes\u00ebr mbahen zgjedhjet parlamentare n\u00eb Mal t\u00eb Zi\"}]},{\"@type\":\"Person\",\"@id\":\"https:\/\/www.visit-ulcinj.com\/blog\/#\/schema\/person\/dcab619c614d3038751c63bc2aadc06d\",\"name\":\"ulqini\",\"sameAs\":[\"http:\/\/www.visit-ulcinj.com\"],\"url\":\"https:\/\/www.visit-ulcinj.com\/blog\/author\/admin\/\"}]}<\/script>\n<!-- \/ Yoast SEO plugin. -->","yoast_head_json":{"title":"Nes\u00ebr mbahen zgjedhjet parlamentare n\u00eb Mal t\u00eb Zi - Lajme nga Ulqini","description":"T\u00eb drejt\u00eb vote kan\u00eb 528.817 qytetar\u00eb t\u00eb Mali t\u00eb Zi, t\u00eb cil\u00ebt do t\u00eb p\u00ebrcaktohen p\u00ebr nj\u00ebr\u00ebn nga 17 listat PODGORIC\u00cb \u2013 Nes\u00ebr n\u00eb Mal t\u00eb Zi do t\u00eb mbahen","robots":{"index":"index","follow":"follow","max-snippet":"max-snippet:-1","max-image-preview":"max-image-preview:large","max-video-preview":"max-video-preview:-1"},"canonical":"https:\/\/www.visit-ulcinj.com\/blog\/2016\/10\/15\/neser-mbahen-zgjedhjet-parlamentare-ne-mal-te-zi\/","og_locale":"en_US","og_type":"article","og_title":"Nes\u00ebr mbahen zgjedhjet parlamentare n\u00eb Mal t\u00eb Zi - Lajme nga Ulqini","og_description":"T\u00eb drejt\u00eb vote kan\u00eb 528.817 qytetar\u00eb t\u00eb Mali t\u00eb Zi, t\u00eb cil\u00ebt do t\u00eb p\u00ebrcaktohen p\u00ebr nj\u00ebr\u00ebn nga 17 listat PODGORIC\u00cb \u2013 Nes\u00ebr n\u00eb Mal t\u00eb Zi do t\u00eb mbahen","og_url":"https:\/\/www.visit-ulcinj.com\/blog\/2016\/10\/15\/neser-mbahen-zgjedhjet-parlamentare-ne-mal-te-zi\/","og_site_name":"Lajme nga Ulqini","article_published_time":"2016-10-15T18:12:16+00:00","og_image":[{"url":"http:\/\/www.visit-ulcinj.com\/blog\/wp-content\/uploads\/2016\/10\/zgjedhjet-parlamentare.jpg"}],"twitter_misc":{"Written by":"ulqini","Est. reading time":"1 minute"},"schema":{"@context":"https:\/\/schema.org","@graph":[{"@type":"WebSite","@id":"https:\/\/www.visit-ulcinj.com\/blog\/#website","url":"https:\/\/www.visit-ulcinj.com\/blog\/","name":"Lajme nga Ulqini","description":"Lajme,Vijesti,Ulqini,Ulqin,Crna Gora,Mali i Zi","potentialAction":[{"@type":"SearchAction","target":{"@type":"EntryPoint","urlTemplate":"https:\/\/www.visit-ulcinj.com\/blog\/?s={search_term_string}"},"query-input":"required name=search_term_string"}],"inLanguage":"en-US"},{"@type":"ImageObject","inLanguage":"en-US","@id":"https:\/\/www.visit-ulcinj.com\/blog\/2016\/10\/15\/neser-mbahen-zgjedhjet-parlamentare-ne-mal-te-zi\/#primaryimage","url":"https:\/\/www.visit-ulcinj.com\/blog\/wp-content\/uploads\/2016\/10\/zgjedhjet-parlamentare.jpg","contentUrl":"https:\/\/www.visit-ulcinj.com\/blog\/wp-content\/uploads\/2016\/10\/zgjedhjet-parlamentare.jpg","width":1024,"height":576},{"@type":"WebPage","@id":"https:\/\/www.visit-ulcinj.com\/blog\/2016\/10\/15\/neser-mbahen-zgjedhjet-parlamentare-ne-mal-te-zi\/#webpage","url":"https:\/\/www.visit-ulcinj.com\/blog\/2016\/10\/15\/neser-mbahen-zgjedhjet-parlamentare-ne-mal-te-zi\/","name":"Nes\u00ebr mbahen zgjedhjet parlamentare n\u00eb Mal t\u00eb Zi - Lajme nga Ulqini","isPartOf":{"@id":"https:\/\/www.visit-ulcinj.com\/blog\/#website"},"primaryImageOfPage":{"@id":"https:\/\/www.visit-ulcinj.com\/blog\/2016\/10\/15\/neser-mbahen-zgjedhjet-parlamentare-ne-mal-te-zi\/#primaryimage"},"datePublished":"2016-10-15T18:12:16+00:00","dateModified":"2016-10-15T18:12:16+00:00","author":{"@id":"https:\/\/www.visit-ulcinj.com\/blog\/#\/schema\/person\/dcab619c614d3038751c63bc2aadc06d"},"description":"T\u00eb drejt\u00eb vote kan\u00eb 528.817 qytetar\u00eb t\u00eb Mali t\u00eb Zi, t\u00eb cil\u00ebt do t\u00eb p\u00ebrcaktohen p\u00ebr nj\u00ebr\u00ebn nga 17 listat PODGORIC\u00cb \u2013 Nes\u00ebr n\u00eb Mal t\u00eb Zi do t\u00eb mbahen","breadcrumb":{"@id":"https:\/\/www.visit-ulcinj.com\/blog\/2016\/10\/15\/neser-mbahen-zgjedhjet-parlamentare-ne-mal-te-zi\/#breadcrumb"},"inLanguage":"en-US","potentialAction":[{"@type":"ReadAction","target":["https:\/\/www.visit-ulcinj.com\/blog\/2016\/10\/15\/neser-mbahen-zgjedhjet-parlamentare-ne-mal-te-zi\/"]}]},{"@type":"BreadcrumbList","@id":"https:\/\/www.visit-ulcinj.com\/blog\/2016\/10\/15\/neser-mbahen-zgjedhjet-parlamentare-ne-mal-te-zi\/#breadcrumb","itemListElement":[{"@type":"ListItem","position":1,"name":"Nes\u00ebr mbahen zgjedhjet parlamentare n\u00eb Mal t\u00eb Zi"}]},{"@type":"Person","@id":"https:\/\/www.visit-ulcinj.com\/blog\/#\/schema\/person\/dcab619c614d3038751c63bc2aadc06d","name":"ulqini","sameAs":["http:\/\/www.visit-ulcinj.com"],"url":"https:\/\/www.visit-ulcinj.com\/blog\/author\/admin\/"}]}},"jetpack_featured_media_url":"","jetpack_sharing_enabled":true,"jetpack_shortlink":"https:\/\/wp.me\/pe6lTn-q5w","_links":{"self":[{"href":"https:\/\/www.visit-ulcinj.com\/blog\/wp-json\/wp\/v2\/posts\/100286"}],"collection":[{"href":"https:\/\/www.visit-ulcinj.com\/blog\/wp-json\/wp\/v2\/posts"}],"about":[{"href":"https:\/\/www.visit-ulcinj.com\/blog\/wp-json\/wp\/v2\/types\/post"}],"author":[{"embeddable":true,"href":"https:\/\/www.visit-ulcinj.com\/blog\/wp-json\/wp\/v2\/users\/1"}],"replies":[{"embeddable":true,"href":"https:\/\/www.visit-ulcinj.com\/blog\/wp-json\/wp\/v2\/comments?post=100286"}],"version-history":[{"count":1,"href":"https:\/\/www.visit-ulcinj.com\/blog\/wp-json\/wp\/v2\/posts\/100286\/revisions"}],"predecessor-version":[{"id":100288,"href":"https:\/\/www.visit-ulcinj.com\/blog\/wp-json\/wp\/v2\/posts\/100286\/revisions\/100288"}],"wp:attachment":[{"href":"https:\/\/www.visit-ulcinj.com\/blog\/wp-json\/wp\/v2\/media?parent=100286"}],"wp:term":[{"taxonomy":"category","embeddable":true,"href":"https:\/\/www.visit-ulcinj.com\/blog\/wp-json\/wp\/v2\/categories?post=100286"},{"taxonomy":"post_tag","embeddable":true,"href":"https:\/\/www.visit-ulcinj.com\/blog\/wp-json\/wp\/v2\/tags?post=100286"}],"curies":[{"name":"wp","href":"https:\/\/api.w.org\/{rel}","templated":true}]}}