{"id":100292,"date":"2016-10-15T19:25:13","date_gmt":"2016-10-15T18:25:13","guid":{"rendered":"http:\/\/www.visit-ulcinj.com\/blog\/?p=100292"},"modified":"2016-10-15T19:25:48","modified_gmt":"2016-10-15T18:25:48","slug":"mali-zi-percarja-e-politikaneve-shqiptare-nuk-sjell-rezultate-te-favorshme-ne-zgjedhjet-parlamentare","status":"publish","type":"post","link":"https:\/\/www.visit-ulcinj.com\/blog\/2016\/10\/15\/mali-zi-percarja-e-politikaneve-shqiptare-nuk-sjell-rezultate-te-favorshme-ne-zgjedhjet-parlamentare\/","title":{"rendered":"Mali Zi: P\u00ebr\u00e7arja e politikan\u00ebve shqiptar\u00eb nuk sjell rezultate t\u00eb favorshme n\u00eb zgjedhjet parlamentare"},"content":{"rendered":"<div class=\"text FullText\">\n<div class=\"shortText\"><strong>Fushata elektorale p\u00ebr zgjedhjet parlamentare n\u00eb Malin e Zi mbyllet sot dhe nes\u00ebr fillon heshtja zgjedhore para votimeve q\u00eb do t\u00eb mbahen k\u00ebt\u00eb t\u00eb diel. Shqiptar\u00ebt n\u00eb k\u00ebto zgjedhje shkojn\u00eb s\u00ebrish t\u00eb p\u00ebr\u00e7ar\u00eb dhe garojn\u00eb me 3 lista t\u00eb ndryshme, nga 17 lista sa garojn\u00eb gjithsej n\u00eb t\u00ebr\u00eb Malin e Zi. Kjo \u00ebsht\u00eb nj\u00eb p\u00ebrs\u00ebritje e situat\u00ebs s\u00eb zgjedhjeve t\u00eb kaluara parlamentare n\u00eb Mal t\u00eb Zi, kur garuan 23 lista zgjedhore dhe 4 prej tyre ishin t\u00eb partive shqiptare, p\u00ebrkund\u00ebr q\u00eb shqiptar\u00ebt p\u00ebrb\u00ebjn\u00eb vet\u00ebm 5% t\u00eb popullsis\u00eb. Partit\u00eb shqiptare e humb\u00ebn nj\u00eb deputet si pasoj\u00eb ndarjes n\u00eb kat\u00ebr lista, duke marr\u00eb n\u00eb total vet\u00ebm 2 deputet\u00eb nga tre sa ishte e mundur po t\u00eb ishin t\u00eb bashkuar.<\/strong><\/div>\n<div class=\"articleContainer\">\u00a0<a href=\"http:\/\/www.visit-ulcinj.com\/blog\/wp-content\/uploads\/2016\/09\/Formohet-koalicion-i-madh-Forca-UDSh-ja-dhe-ASh-3.jpg\"><img loading=\"lazy\" class=\"alignleft wp-image-99738\" src=\"http:\/\/www.visit-ulcinj.com\/blog\/wp-content\/uploads\/2016\/09\/Formohet-koalicion-i-madh-Forca-UDSh-ja-dhe-ASh-3.jpg\" alt=\"Formohet koalicion i madh Forca, UDSh-ja dhe ASh-3\" width=\"508\" height=\"339\" srcset=\"https:\/\/www.visit-ulcinj.com\/blog\/wp-content\/uploads\/2016\/09\/Formohet-koalicion-i-madh-Forca-UDSh-ja-dhe-ASh-3.jpg 960w, https:\/\/www.visit-ulcinj.com\/blog\/wp-content\/uploads\/2016\/09\/Formohet-koalicion-i-madh-Forca-UDSh-ja-dhe-ASh-3-300x200.jpg 300w, https:\/\/www.visit-ulcinj.com\/blog\/wp-content\/uploads\/2016\/09\/Formohet-koalicion-i-madh-Forca-UDSh-ja-dhe-ASh-3-768x512.jpg 768w\" sizes=\"(max-width: 508px) 100vw, 508px\" \/><\/a><\/div>\n<div class=\"centeredDIV hideMobile\"><\/div>\n<p>Lista e partis\u00eb FORCA p\u00ebr Bashkim ka marr\u00eb 5244 vota dhe nj\u00eb deputet, Lista Koalicioni Shqiptar e p\u00ebrb\u00ebr\u00eb prej Partis\u00eb Demokratike dhe Lidhjes Demokratike n\u00eb Mal t\u00eb Zi mori 3824 vota dhe siguroi gjithashtu nj\u00eb deputet. Lista e Unionit Demokratik Shqiptar mori vet\u00ebm 2848 dhe nuk siguroi asnj\u00eb deputet, nd\u00ebrsa lista Aleanca Rinore Shqiptare e drejtuar prej Anton Lulgjuraj dhe e p\u00ebrkrahur prej diaspor\u00ebs shqiptare n\u00eb SHBA mori vet\u00ebm 531 vota dhe asnj\u00eb deputet, shkruan lajmi.net.<\/p>\n<p><a href=\"http:\/\/www.visit-ulcinj.com\/blog\/wp-content\/uploads\/2016\/09\/Fatmir-Gjeka-G\u00ebzim-Hajdinaga-Smail-Maliq-\u00c7unmulaj-Vasel-Sinishtaj.jpg\"><img loading=\"lazy\" class=\"alignleft wp-image-99735\" src=\"http:\/\/www.visit-ulcinj.com\/blog\/wp-content\/uploads\/2016\/09\/Fatmir-Gjeka-G\u00ebzim-Hajdinaga-Smail-Maliq-\u00c7unmulaj-Vasel-Sinishtaj.jpg\" alt=\"Fatmir Gjeka-G\u00ebzim Hajdinaga- Smail Maliq \u00c7unmulaj-Vasel Sinishtaj\" width=\"508\" height=\"328\" srcset=\"https:\/\/www.visit-ulcinj.com\/blog\/wp-content\/uploads\/2016\/09\/Fatmir-Gjeka-G\u00ebzim-Hajdinaga-Smail-Maliq-\u00c7unmulaj-Vasel-Sinishtaj.jpg 580w, https:\/\/www.visit-ulcinj.com\/blog\/wp-content\/uploads\/2016\/09\/Fatmir-Gjeka-G\u00ebzim-Hajdinaga-Smail-Maliq-\u00c7unmulaj-Vasel-Sinishtaj-300x194.jpg 300w\" sizes=\"(max-width: 508px) 100vw, 508px\" \/><\/a><\/p>\n<p>Po q\u00eb se UDSH-ja do t\u00eb kishte marr\u00eb 250 vota m\u00eb shum\u00eb, do t\u00eb kishte siguruar nj\u00eb deputet. Po ashtu, n\u00ebse Forca do t\u00eb kishte marr\u00eb rreth 350 vota m\u00eb shum\u00eb, do t\u00eb kishte siguruar deputetin e dyt\u00eb t\u00eb list\u00ebs s\u00eb saj. Mir\u00ebpo, me mij\u00ebra vota shqiptare shkuan kot dhe deputeti q\u00eb duhet t\u00eb kishin marr\u00eb partit\u00eb shqiptare shkoi n\u00eb llogari t\u00eb partive malaziase. Kuptohet q\u00eb konkurrimi me nj\u00eb list\u00eb t\u00eb re, edhe pse nuk ka shanse p\u00ebr fitore, ka leverdi ekonomike, sepse kushdo q\u00eb siguron mjaftuesh\u00ebm n\u00ebnshkrime p\u00ebr t\u00eb regjistruar nj\u00eb list\u00eb zgjedhore, siguron 22 000 euro nga buxheti shtet\u00ebror p\u00ebr fushat\u00ebn.<\/p>\n<p>Sipas t\u00eb gjitha gjasave, rolin p\u00ebr\u00e7ar\u00ebs dhe tretjen e deputetit t\u00eb tret\u00eb shqiptar n\u00eb zgjedhjet e 16 tetorit do ta shkaktoj\u00eb lista e Lidhjes Demokratike Shqiptare t\u00eb drejtuar nga Nikoll\u00eb Camaj, e cila mund t\u00eb siguroj\u00eb nj\u00eb deputet vet\u00ebm n\u00ebse trefishon votat e deritanishme. P\u00ebr t\u00eb krijuar nj\u00eb ide t\u00eb p\u00ebraf\u00ebrt t\u00eb votave q\u00eb mund t\u00eb marr\u00eb lista e tret\u00eb, nevojitet q\u00eb t\u00eb analizohen votat e Lidhjes Demokratike n\u00eb Mal t\u00eb Zi n\u00eb zgjedhjet e kaluara. N\u00eb zgjedhjet lokale q\u00eb u zhvilluan n\u00eb vitin 2012, Lidhja Demokratike n\u00eb Mal t\u00eb Zi mori 749 vota n\u00eb komun\u00ebn e Tivarit, 302 vota n\u00eb Plav\u00eb e Guci dhe 318 n\u00eb Ulqin. N\u00eb Rozhaj\u00eb, LDMZ nuk figuron n\u00eb zgjedhjet lokale, por n\u00eb ato parlamentare n\u00eb t\u00eb nj\u00ebjtin vit bashk\u00eb me Partin\u00eb Demokratike dhe Alternativ\u00ebn Shqiptare n\u00eb kuad\u00ebr t\u00eb Koalicionit Shqiptar mor\u00ebn 81 vota. Nd\u00ebrsa, n\u00eb zgjedhjet lokale t\u00eb vitit 2014, Lidhja Demokratike n\u00eb Mal t\u00eb Zi mori tre mandate me 891 vota.<\/p>\n<p><a href=\"http:\/\/www.visit-ulcinj.com\/blog\/wp-content\/uploads\/2016\/09\/Dr.Isat-Jakupi-Nikolle-Camaj.jpg\"><img loading=\"lazy\" class=\"alignleft wp-image-99837\" src=\"http:\/\/www.visit-ulcinj.com\/blog\/wp-content\/uploads\/2016\/09\/Dr.Isat-Jakupi-Nikolle-Camaj.jpg\" alt=\"Dr.Isat Jakupi-Nikolle-Camaj\" width=\"508\" height=\"286\" srcset=\"https:\/\/www.visit-ulcinj.com\/blog\/wp-content\/uploads\/2016\/09\/Dr.Isat-Jakupi-Nikolle-Camaj.jpg 497w, https:\/\/www.visit-ulcinj.com\/blog\/wp-content\/uploads\/2016\/09\/Dr.Isat-Jakupi-Nikolle-Camaj-300x169.jpg 300w\" sizes=\"(max-width: 508px) 100vw, 508px\" \/><\/a><\/p>\n<p>Pra, duke p\u00ebrllogaritur votat n\u00ebp\u00ebr krahina t\u00eb ndryshme n\u00eb zgjedhjet e kaluara, n\u00eb total Lidhja Demokratike n\u00eb Mal t\u00eb Zi ka marr\u00eb n\u00eb total 2341 vota. Nga k\u00ebto, 1274 vota jan\u00eb marr\u00eb nga deg\u00ebt e LD n\u00eb MZ t\u00eb Rozhaj\u00ebs, Plav\u00eb-Gucis\u00eb dhe Mal\u00ebsis\u00eb q\u00eb u ndan\u00eb, dhe sot jan\u00eb n\u00ebn udh\u00ebheqjen e Nikoll\u00eb Camaj, si dhe 1067 votat e deg\u00ebve t\u00eb Ulqinit dhe Kraj\u00ebs q\u00eb vazhdojn\u00eb t\u00eb jen\u00eb n\u00eb kontroll t\u00eb Mehmet Bardhit. Bashkimi me doktor Isat Jakupin \u00ebsht\u00eb krejt pa pesh\u00eb pasi n\u00eb zgjedhjet e fundit ku ka marr\u00eb pjes\u00eb Jakupi, kan\u00eb qen\u00eb ato t\u00eb vitit 2010 kur kishte marr\u00eb vet\u00ebm 86 vota q\u00eb po t\u2019i shtohen votave t\u00eb kaluara t\u00eb deg\u00ebve t\u00eb LDMZ-s\u00eb q\u00eb drejtohet nga Camaj, shkojn\u00eb n\u00eb total 1360.<\/p>\n<p>Pra, do duhej q\u00eb Camaj t\u2019i trefishonte votat p\u00ebr t\u00eb siguruar nj\u00eb deputet, \u00e7ka do t\u00eb thot\u00eb se votat shqiptare t\u00eb List\u00ebs s\u00eb Lidhjes Demokratike Shqiptare sipas t\u00eb gjitha gjasave jo vet\u00ebm q\u00eb kan\u00eb p\u00ebr t\u00eb shkuar d\u00ebm, por kan\u00eb p\u00ebr t\u00eb penguar dy listat e tjera shqiptare q\u00eb t\u00eb marrin deputetin e tret\u00eb.<\/p>\n<p>\u00cbsht\u00eb e pakuptueshme pse Camaj dhe forca e re politike q\u00eb ai ka krijuar prej shk\u00ebputjes nga LDMZ-ja e drejtuar prej Mehmet Bardhit, i ka hyr\u00eb k\u00ebsaj aventure politike q\u00eb i ka gjasat e vogla p\u00ebr t\u00eb pasur sukses. \/lajmi.net\/<\/p>\n<\/div>\n","protected":false},"excerpt":{"rendered":"<p>Fushata elektorale p\u00ebr zgjedhjet parlamentare n\u00eb Malin e Zi mbyllet sot dhe nes\u00ebr fillon heshtja zgjedhore para votimeve q\u00eb do t\u00eb mbahen k\u00ebt\u00eb t\u00eb diel. Shqiptar\u00ebt n\u00eb k\u00ebto zgjedhje shkojn\u00eb s\u00ebrish t\u00eb p\u00ebr\u00e7ar\u00eb dhe garojn\u00eb me 3 lista t\u00eb ndryshme, nga 17 lista sa garojn\u00eb gjithsej n\u00eb t\u00ebr\u00eb Malin e Zi. Kjo \u00ebsht\u00eb nj\u00eb p\u00ebrs\u00ebritje [&hellip;]<\/p>\n","protected":false},"author":1,"featured_media":0,"comment_status":"closed","ping_status":"closed","sticky":false,"template":"","format":"standard","meta":{"spay_email":"","jetpack_publicize_message":"","jetpack_is_tweetstorm":false,"jetpack_publicize_feature_enabled":true},"categories":[12],"tags":[],"jetpack_publicize_connections":[],"yoast_head":"<!-- This site is optimized with the Yoast SEO plugin v19.1 - https:\/\/yoast.com\/wordpress\/plugins\/seo\/ -->\n<title>Mali Zi: P\u00ebr\u00e7arja e politikan\u00ebve shqiptar\u00eb nuk sjell rezultate t\u00eb favorshme n\u00eb zgjedhjet parlamentare - Lajme nga Ulqini<\/title>\n<meta name=\"description\" content=\"Fushata elektorale p\u00ebr zgjedhjet parlamentare n\u00eb Malin e Zi mbyllet sot dhe nes\u00ebr fillon heshtja zgjedhore para votimeve q\u00eb do t\u00eb mbahen k\u00ebt\u00eb t\u00eb diel.\" \/>\n<meta name=\"robots\" content=\"index, follow, max-snippet:-1, max-image-preview:large, max-video-preview:-1\" \/>\n<link rel=\"canonical\" href=\"https:\/\/www.visit-ulcinj.com\/blog\/2016\/10\/15\/mali-zi-percarja-e-politikaneve-shqiptare-nuk-sjell-rezultate-te-favorshme-ne-zgjedhjet-parlamentare\/\" \/>\n<meta property=\"og:locale\" content=\"en_US\" \/>\n<meta property=\"og:type\" content=\"article\" \/>\n<meta property=\"og:title\" content=\"Mali Zi: P\u00ebr\u00e7arja e politikan\u00ebve shqiptar\u00eb nuk sjell rezultate t\u00eb favorshme n\u00eb zgjedhjet parlamentare - Lajme nga Ulqini\" \/>\n<meta property=\"og:description\" content=\"Fushata elektorale p\u00ebr zgjedhjet parlamentare n\u00eb Malin e Zi mbyllet sot dhe nes\u00ebr fillon heshtja zgjedhore para votimeve q\u00eb do t\u00eb mbahen k\u00ebt\u00eb t\u00eb diel.\" \/>\n<meta property=\"og:url\" content=\"https:\/\/www.visit-ulcinj.com\/blog\/2016\/10\/15\/mali-zi-percarja-e-politikaneve-shqiptare-nuk-sjell-rezultate-te-favorshme-ne-zgjedhjet-parlamentare\/\" \/>\n<meta property=\"og:site_name\" content=\"Lajme nga Ulqini\" \/>\n<meta property=\"article:published_time\" content=\"2016-10-15T18:25:13+00:00\" \/>\n<meta property=\"article:modified_time\" content=\"2016-10-15T18:25:48+00:00\" \/>\n<meta property=\"og:image\" content=\"http:\/\/www.visit-ulcinj.com\/blog\/wp-content\/uploads\/2016\/09\/Formohet-koalicion-i-madh-Forca-UDSh-ja-dhe-ASh-3.jpg\" \/>\n<meta name=\"twitter:label1\" content=\"Written by\" \/>\n\t<meta name=\"twitter:data1\" content=\"ulqini\" \/>\n\t<meta name=\"twitter:label2\" content=\"Est. reading time\" \/>\n\t<meta name=\"twitter:data2\" content=\"4 minutes\" \/>\n<script type=\"application\/ld+json\" class=\"yoast-schema-graph\">{\"@context\":\"https:\/\/schema.org\",\"@graph\":[{\"@type\":\"WebSite\",\"@id\":\"https:\/\/www.visit-ulcinj.com\/blog\/#website\",\"url\":\"https:\/\/www.visit-ulcinj.com\/blog\/\",\"name\":\"Lajme nga Ulqini\",\"description\":\"Lajme,Vijesti,Ulqini,Ulqin,Crna Gora,Mali i Zi\",\"potentialAction\":[{\"@type\":\"SearchAction\",\"target\":{\"@type\":\"EntryPoint\",\"urlTemplate\":\"https:\/\/www.visit-ulcinj.com\/blog\/?s={search_term_string}\"},\"query-input\":\"required name=search_term_string\"}],\"inLanguage\":\"en-US\"},{\"@type\":\"ImageObject\",\"inLanguage\":\"en-US\",\"@id\":\"https:\/\/www.visit-ulcinj.com\/blog\/2016\/10\/15\/mali-zi-percarja-e-politikaneve-shqiptare-nuk-sjell-rezultate-te-favorshme-ne-zgjedhjet-parlamentare\/#primaryimage\",\"url\":\"https:\/\/www.visit-ulcinj.com\/blog\/wp-content\/uploads\/2016\/09\/Formohet-koalicion-i-madh-Forca-UDSh-ja-dhe-ASh-3.jpg\",\"contentUrl\":\"https:\/\/www.visit-ulcinj.com\/blog\/wp-content\/uploads\/2016\/09\/Formohet-koalicion-i-madh-Forca-UDSh-ja-dhe-ASh-3.jpg\",\"width\":960,\"height\":640},{\"@type\":\"WebPage\",\"@id\":\"https:\/\/www.visit-ulcinj.com\/blog\/2016\/10\/15\/mali-zi-percarja-e-politikaneve-shqiptare-nuk-sjell-rezultate-te-favorshme-ne-zgjedhjet-parlamentare\/#webpage\",\"url\":\"https:\/\/www.visit-ulcinj.com\/blog\/2016\/10\/15\/mali-zi-percarja-e-politikaneve-shqiptare-nuk-sjell-rezultate-te-favorshme-ne-zgjedhjet-parlamentare\/\",\"name\":\"Mali Zi: P\u00ebr\u00e7arja e politikan\u00ebve shqiptar\u00eb nuk sjell rezultate t\u00eb favorshme n\u00eb zgjedhjet parlamentare - Lajme nga Ulqini\",\"isPartOf\":{\"@id\":\"https:\/\/www.visit-ulcinj.com\/blog\/#website\"},\"primaryImageOfPage\":{\"@id\":\"https:\/\/www.visit-ulcinj.com\/blog\/2016\/10\/15\/mali-zi-percarja-e-politikaneve-shqiptare-nuk-sjell-rezultate-te-favorshme-ne-zgjedhjet-parlamentare\/#primaryimage\"},\"datePublished\":\"2016-10-15T18:25:13+00:00\",\"dateModified\":\"2016-10-15T18:25:48+00:00\",\"author\":{\"@id\":\"https:\/\/www.visit-ulcinj.com\/blog\/#\/schema\/person\/dcab619c614d3038751c63bc2aadc06d\"},\"description\":\"Fushata elektorale p\u00ebr zgjedhjet parlamentare n\u00eb Malin e Zi mbyllet sot dhe nes\u00ebr fillon heshtja zgjedhore para votimeve q\u00eb do t\u00eb mbahen k\u00ebt\u00eb t\u00eb diel.\",\"breadcrumb\":{\"@id\":\"https:\/\/www.visit-ulcinj.com\/blog\/2016\/10\/15\/mali-zi-percarja-e-politikaneve-shqiptare-nuk-sjell-rezultate-te-favorshme-ne-zgjedhjet-parlamentare\/#breadcrumb\"},\"inLanguage\":\"en-US\",\"potentialAction\":[{\"@type\":\"ReadAction\",\"target\":[\"https:\/\/www.visit-ulcinj.com\/blog\/2016\/10\/15\/mali-zi-percarja-e-politikaneve-shqiptare-nuk-sjell-rezultate-te-favorshme-ne-zgjedhjet-parlamentare\/\"]}]},{\"@type\":\"BreadcrumbList\",\"@id\":\"https:\/\/www.visit-ulcinj.com\/blog\/2016\/10\/15\/mali-zi-percarja-e-politikaneve-shqiptare-nuk-sjell-rezultate-te-favorshme-ne-zgjedhjet-parlamentare\/#breadcrumb\",\"itemListElement\":[{\"@type\":\"ListItem\",\"position\":1,\"name\":\"Mali Zi: P\u00ebr\u00e7arja e politikan\u00ebve shqiptar\u00eb nuk sjell rezultate t\u00eb favorshme n\u00eb zgjedhjet parlamentare\"}]},{\"@type\":\"Person\",\"@id\":\"https:\/\/www.visit-ulcinj.com\/blog\/#\/schema\/person\/dcab619c614d3038751c63bc2aadc06d\",\"name\":\"ulqini\",\"sameAs\":[\"http:\/\/www.visit-ulcinj.com\"],\"url\":\"https:\/\/www.visit-ulcinj.com\/blog\/author\/admin\/\"}]}<\/script>\n<!-- \/ Yoast SEO plugin. -->","yoast_head_json":{"title":"Mali Zi: P\u00ebr\u00e7arja e politikan\u00ebve shqiptar\u00eb nuk sjell rezultate t\u00eb favorshme n\u00eb zgjedhjet parlamentare - Lajme nga Ulqini","description":"Fushata elektorale p\u00ebr zgjedhjet parlamentare n\u00eb Malin e Zi mbyllet sot dhe nes\u00ebr fillon heshtja zgjedhore para votimeve q\u00eb do t\u00eb mbahen k\u00ebt\u00eb t\u00eb diel.","robots":{"index":"index","follow":"follow","max-snippet":"max-snippet:-1","max-image-preview":"max-image-preview:large","max-video-preview":"max-video-preview:-1"},"canonical":"https:\/\/www.visit-ulcinj.com\/blog\/2016\/10\/15\/mali-zi-percarja-e-politikaneve-shqiptare-nuk-sjell-rezultate-te-favorshme-ne-zgjedhjet-parlamentare\/","og_locale":"en_US","og_type":"article","og_title":"Mali Zi: P\u00ebr\u00e7arja e politikan\u00ebve shqiptar\u00eb nuk sjell rezultate t\u00eb favorshme n\u00eb zgjedhjet parlamentare - Lajme nga Ulqini","og_description":"Fushata elektorale p\u00ebr zgjedhjet parlamentare n\u00eb Malin e Zi mbyllet sot dhe nes\u00ebr fillon heshtja zgjedhore para votimeve q\u00eb do t\u00eb mbahen k\u00ebt\u00eb t\u00eb diel.","og_url":"https:\/\/www.visit-ulcinj.com\/blog\/2016\/10\/15\/mali-zi-percarja-e-politikaneve-shqiptare-nuk-sjell-rezultate-te-favorshme-ne-zgjedhjet-parlamentare\/","og_site_name":"Lajme nga Ulqini","article_published_time":"2016-10-15T18:25:13+00:00","article_modified_time":"2016-10-15T18:25:48+00:00","og_image":[{"url":"http:\/\/www.visit-ulcinj.com\/blog\/wp-content\/uploads\/2016\/09\/Formohet-koalicion-i-madh-Forca-UDSh-ja-dhe-ASh-3.jpg"}],"twitter_misc":{"Written by":"ulqini","Est. reading time":"4 minutes"},"schema":{"@context":"https:\/\/schema.org","@graph":[{"@type":"WebSite","@id":"https:\/\/www.visit-ulcinj.com\/blog\/#website","url":"https:\/\/www.visit-ulcinj.com\/blog\/","name":"Lajme nga Ulqini","description":"Lajme,Vijesti,Ulqini,Ulqin,Crna Gora,Mali i Zi","potentialAction":[{"@type":"SearchAction","target":{"@type":"EntryPoint","urlTemplate":"https:\/\/www.visit-ulcinj.com\/blog\/?s={search_term_string}"},"query-input":"required name=search_term_string"}],"inLanguage":"en-US"},{"@type":"ImageObject","inLanguage":"en-US","@id":"https:\/\/www.visit-ulcinj.com\/blog\/2016\/10\/15\/mali-zi-percarja-e-politikaneve-shqiptare-nuk-sjell-rezultate-te-favorshme-ne-zgjedhjet-parlamentare\/#primaryimage","url":"https:\/\/www.visit-ulcinj.com\/blog\/wp-content\/uploads\/2016\/09\/Formohet-koalicion-i-madh-Forca-UDSh-ja-dhe-ASh-3.jpg","contentUrl":"https:\/\/www.visit-ulcinj.com\/blog\/wp-content\/uploads\/2016\/09\/Formohet-koalicion-i-madh-Forca-UDSh-ja-dhe-ASh-3.jpg","width":960,"height":640},{"@type":"WebPage","@id":"https:\/\/www.visit-ulcinj.com\/blog\/2016\/10\/15\/mali-zi-percarja-e-politikaneve-shqiptare-nuk-sjell-rezultate-te-favorshme-ne-zgjedhjet-parlamentare\/#webpage","url":"https:\/\/www.visit-ulcinj.com\/blog\/2016\/10\/15\/mali-zi-percarja-e-politikaneve-shqiptare-nuk-sjell-rezultate-te-favorshme-ne-zgjedhjet-parlamentare\/","name":"Mali Zi: P\u00ebr\u00e7arja e politikan\u00ebve shqiptar\u00eb nuk sjell rezultate t\u00eb favorshme n\u00eb zgjedhjet parlamentare - Lajme nga Ulqini","isPartOf":{"@id":"https:\/\/www.visit-ulcinj.com\/blog\/#website"},"primaryImageOfPage":{"@id":"https:\/\/www.visit-ulcinj.com\/blog\/2016\/10\/15\/mali-zi-percarja-e-politikaneve-shqiptare-nuk-sjell-rezultate-te-favorshme-ne-zgjedhjet-parlamentare\/#primaryimage"},"datePublished":"2016-10-15T18:25:13+00:00","dateModified":"2016-10-15T18:25:48+00:00","author":{"@id":"https:\/\/www.visit-ulcinj.com\/blog\/#\/schema\/person\/dcab619c614d3038751c63bc2aadc06d"},"description":"Fushata elektorale p\u00ebr zgjedhjet parlamentare n\u00eb Malin e Zi mbyllet sot dhe nes\u00ebr fillon heshtja zgjedhore para votimeve q\u00eb do t\u00eb mbahen k\u00ebt\u00eb t\u00eb diel.","breadcrumb":{"@id":"https:\/\/www.visit-ulcinj.com\/blog\/2016\/10\/15\/mali-zi-percarja-e-politikaneve-shqiptare-nuk-sjell-rezultate-te-favorshme-ne-zgjedhjet-parlamentare\/#breadcrumb"},"inLanguage":"en-US","potentialAction":[{"@type":"ReadAction","target":["https:\/\/www.visit-ulcinj.com\/blog\/2016\/10\/15\/mali-zi-percarja-e-politikaneve-shqiptare-nuk-sjell-rezultate-te-favorshme-ne-zgjedhjet-parlamentare\/"]}]},{"@type":"BreadcrumbList","@id":"https:\/\/www.visit-ulcinj.com\/blog\/2016\/10\/15\/mali-zi-percarja-e-politikaneve-shqiptare-nuk-sjell-rezultate-te-favorshme-ne-zgjedhjet-parlamentare\/#breadcrumb","itemListElement":[{"@type":"ListItem","position":1,"name":"Mali Zi: P\u00ebr\u00e7arja e politikan\u00ebve shqiptar\u00eb nuk sjell rezultate t\u00eb favorshme n\u00eb zgjedhjet parlamentare"}]},{"@type":"Person","@id":"https:\/\/www.visit-ulcinj.com\/blog\/#\/schema\/person\/dcab619c614d3038751c63bc2aadc06d","name":"ulqini","sameAs":["http:\/\/www.visit-ulcinj.com"],"url":"https:\/\/www.visit-ulcinj.com\/blog\/author\/admin\/"}]}},"jetpack_featured_media_url":"","jetpack_sharing_enabled":true,"jetpack_shortlink":"https:\/\/wp.me\/pe6lTn-q5C","_links":{"self":[{"href":"https:\/\/www.visit-ulcinj.com\/blog\/wp-json\/wp\/v2\/posts\/100292"}],"collection":[{"href":"https:\/\/www.visit-ulcinj.com\/blog\/wp-json\/wp\/v2\/posts"}],"about":[{"href":"https:\/\/www.visit-ulcinj.com\/blog\/wp-json\/wp\/v2\/types\/post"}],"author":[{"embeddable":true,"href":"https:\/\/www.visit-ulcinj.com\/blog\/wp-json\/wp\/v2\/users\/1"}],"replies":[{"embeddable":true,"href":"https:\/\/www.visit-ulcinj.com\/blog\/wp-json\/wp\/v2\/comments?post=100292"}],"version-history":[{"count":2,"href":"https:\/\/www.visit-ulcinj.com\/blog\/wp-json\/wp\/v2\/posts\/100292\/revisions"}],"predecessor-version":[{"id":100294,"href":"https:\/\/www.visit-ulcinj.com\/blog\/wp-json\/wp\/v2\/posts\/100292\/revisions\/100294"}],"wp:attachment":[{"href":"https:\/\/www.visit-ulcinj.com\/blog\/wp-json\/wp\/v2\/media?parent=100292"}],"wp:term":[{"taxonomy":"category","embeddable":true,"href":"https:\/\/www.visit-ulcinj.com\/blog\/wp-json\/wp\/v2\/categories?post=100292"},{"taxonomy":"post_tag","embeddable":true,"href":"https:\/\/www.visit-ulcinj.com\/blog\/wp-json\/wp\/v2\/tags?post=100292"}],"curies":[{"name":"wp","href":"https:\/\/api.w.org\/{rel}","templated":true}]}}