{"id":100301,"date":"2016-10-15T20:46:56","date_gmt":"2016-10-15T19:46:56","guid":{"rendered":"http:\/\/www.visit-ulcinj.com\/blog\/?p=100301"},"modified":"2016-10-16T10:59:24","modified_gmt":"2016-10-16T09:59:24","slug":"shqiptare-te-malit-te-zi-votoni-video","status":"publish","type":"post","link":"https:\/\/www.visit-ulcinj.com\/blog\/2016\/10\/15\/shqiptare-te-malit-te-zi-votoni-video\/","title":{"rendered":"Shqiptare te Malit t\u00eb Zi, votoni &#8211; Video"},"content":{"rendered":"<p><a href=\"http:\/\/www.visit-ulcinj.com\/blog\/wp-content\/uploads\/2016\/10\/DEBATA-POLITIKE-MBI-ZGJEDHJET-PARLAMENTARE-NE-STUDIO-TE-TV-TEUTA-ULQIN.jpg\"><img loading=\"lazy\" class=\"alignleft wp-image-100302\" src=\"http:\/\/www.visit-ulcinj.com\/blog\/wp-content\/uploads\/2016\/10\/DEBATA-POLITIKE-MBI-ZGJEDHJET-PARLAMENTARE-NE-STUDIO-TE-TV-TEUTA-ULQIN.jpg\" alt=\"DEBATA POLITIKE MBI ZGJEDHJET PARLAMENTARE NE STUDIO TE TV TEUTA-ULQIN\" width=\"508\" height=\"287\" srcset=\"https:\/\/www.visit-ulcinj.com\/blog\/wp-content\/uploads\/2016\/10\/DEBATA-POLITIKE-MBI-ZGJEDHJET-PARLAMENTARE-NE-STUDIO-TE-TV-TEUTA-ULQIN.jpg 635w, https:\/\/www.visit-ulcinj.com\/blog\/wp-content\/uploads\/2016\/10\/DEBATA-POLITIKE-MBI-ZGJEDHJET-PARLAMENTARE-NE-STUDIO-TE-TV-TEUTA-ULQIN-300x170.jpg 300w\" sizes=\"(max-width: 508px) 100vw, 508px\" \/><\/a>Shqiptare \u00a0te Malit t\u00eb Zi une e kuptoj se ka shume prej jush te cilet jane edhe te zhgenjyer me \u00a0partit shqitare. Por ju mos haroni se keni te drejte qe te kerkoni \u00a0kandidate cilesore apo me cilesore neper listat e partive shqiptare. Gjithashtu ju keni te drejte qe te kerkoni shkarkimet e ndryshme te funksionareve te ndryshem. Ju gjithashtu e dini se nuk keni vetem nje parti shqiptare qe te mund te zgjidhni dhe te votoni. Ndersa nese ju do ti votoni kandidatet eventual &#8220;shqiptar ne thonjeza&#8221; te futur neper listat e partive malazeze\u00a0dhe si\u00e7 dihet kete ka gjasa qe ta beje me shume apo edhe ndonje parti tjeter malazeze, atehere \u00a0keta kandidate eventuale \u00a0do te jene deputete te asaj partie qe do te zgjidhen.Ne ketu jemi popull autokton \u00a0dhe shtetas te ketij shteti ndersa ne BE kane shkuar ne forma dhe menyra te ndryshme per te punuar dhe natyrisht \u00a0se bejne edhe \u00a0kariere politike.Sa per kariere politike atehere \u00a0hyni edhe ketu neper listat e partive malazeze,por ama atehere per &#8220;ceshtje dhe interesa shqiptare&#8221; mos na shisni perralla. Keshtu une mendoj se ju keni te drejte \u00a0qe te revoltoheni me ate qe ka ndodhur dhe me ate qe \u00a0po ndodh por ama do te ishte nje gabim edhe me i rende nese \u00a0nuk do te votoheshin partite shqiptare apo asnje parti shqiptare. Ky mendoj se do te ishte edhe nje gabim me i madh dhe me i rende. Natyrisht se une mendoj se ju duhet te vendosni vete per voten tuaj dhe te votoni ne radhe te pare \u00a0per ndonje parti shqiptare \u00a0e cila me pas dihet se do te beje apo jo koalicion me ndonje parti malazeze,por meqe jetojme ne demokraci,ju gjithashtu mund te votoni direkt edhe ndonje parti malazeze\u00a0 edhe pse jeni shqiptare.Ne fund te fundit eshte zgjedhja e juaj. Ate \u00e7ka do te votoni prej atij \u00a0do te duhet te kerkoni me shume llogari&#8230;&#8230;<\/p>\n<h4>Prandaj nes\u00ebr m\u00eb 16 tetor do t\u00eb mbahen zgjedhjet e rregullta parlamentare n\u00eb t\u00eb cilat t\u00eb drejt\u00eb vote kan\u00eb 528,817 votues, prandaj votoni&#8230;&#8230;.<\/h4>\n<p>Kryetari i Komisionit Komunal Zgjedhor t\u00eb Ulqinit Pjet\u00ebr Lulgjuraj konfirmoi p\u00ebr televizionin Teuta se n\u00eb Komun\u00ebn e Ulqinit jan\u00eb gjithsej 37 qendra votimi, t\u00eb cilat do t\u00eb hapen n\u00eb or\u00ebn 7 t\u00eb m\u00ebngjesit dhe do t\u00eb mbyllen n\u00eb 8.00 t\u00eb mbr\u00ebmjes<\/p>\n<p><iframe loading=\"lazy\" src=\"https:\/\/www.youtube.com\/embed\/iZzK7lXfZTo?autoplay=1\" width=\"508\" height=\"380\" frameborder=\"0\" allowfullscreen=\"allowfullscreen\"><\/iframe><\/p>\n","protected":false},"excerpt":{"rendered":"<p>Shqiptare \u00a0te Malit t\u00eb Zi une e kuptoj se ka shume prej jush te cilet jane edhe te zhgenjyer me \u00a0partit shqitare. Por ju mos haroni se keni te drejte qe te kerkoni \u00a0kandidate cilesore apo me cilesore neper listat e partive shqiptare. Gjithashtu ju keni te drejte qe te kerkoni shkarkimet e ndryshme te [&hellip;]<\/p>\n","protected":false},"author":1,"featured_media":0,"comment_status":"closed","ping_status":"closed","sticky":false,"template":"","format":"standard","meta":{"spay_email":"","jetpack_publicize_message":"","jetpack_is_tweetstorm":false,"jetpack_publicize_feature_enabled":true},"categories":[1],"tags":[],"jetpack_publicize_connections":[],"yoast_head":"<!-- This site is optimized with the Yoast SEO plugin v19.1 - https:\/\/yoast.com\/wordpress\/plugins\/seo\/ -->\n<title>Shqiptare te Malit t\u00eb Zi, votoni - Video - Lajme nga Ulqini<\/title>\n<meta name=\"description\" content=\"Shqiptare \u00a0te Malit t\u00eb Zi une e kuptoj se ka shume prej jush te cilet jane edhe te zhgenjyer me \u00a0partit shqitare. Por ju mos haroni se keni te drejte qe\" \/>\n<meta name=\"robots\" content=\"index, follow, max-snippet:-1, max-image-preview:large, max-video-preview:-1\" \/>\n<link rel=\"canonical\" href=\"https:\/\/www.visit-ulcinj.com\/blog\/2016\/10\/15\/shqiptare-te-malit-te-zi-votoni-video\/\" \/>\n<meta property=\"og:locale\" content=\"en_US\" \/>\n<meta property=\"og:type\" content=\"article\" \/>\n<meta property=\"og:title\" content=\"Shqiptare te Malit t\u00eb Zi, votoni - Video - Lajme nga Ulqini\" \/>\n<meta property=\"og:description\" content=\"Shqiptare \u00a0te Malit t\u00eb Zi une e kuptoj se ka shume prej jush te cilet jane edhe te zhgenjyer me \u00a0partit shqitare. Por ju mos haroni se keni te drejte qe\" \/>\n<meta property=\"og:url\" content=\"https:\/\/www.visit-ulcinj.com\/blog\/2016\/10\/15\/shqiptare-te-malit-te-zi-votoni-video\/\" \/>\n<meta property=\"og:site_name\" content=\"Lajme nga Ulqini\" \/>\n<meta property=\"article:published_time\" content=\"2016-10-15T19:46:56+00:00\" \/>\n<meta property=\"article:modified_time\" content=\"2016-10-16T09:59:24+00:00\" \/>\n<meta property=\"og:image\" content=\"http:\/\/www.visit-ulcinj.com\/blog\/wp-content\/uploads\/2016\/10\/DEBATA-POLITIKE-MBI-ZGJEDHJET-PARLAMENTARE-NE-STUDIO-TE-TV-TEUTA-ULQIN.jpg\" \/>\n<meta name=\"twitter:label1\" content=\"Written by\" \/>\n\t<meta name=\"twitter:data1\" content=\"ulqini\" \/>\n\t<meta name=\"twitter:label2\" content=\"Est. reading time\" \/>\n\t<meta name=\"twitter:data2\" content=\"2 minutes\" \/>\n<script type=\"application\/ld+json\" class=\"yoast-schema-graph\">{\"@context\":\"https:\/\/schema.org\",\"@graph\":[{\"@type\":\"WebSite\",\"@id\":\"https:\/\/www.visit-ulcinj.com\/blog\/#website\",\"url\":\"https:\/\/www.visit-ulcinj.com\/blog\/\",\"name\":\"Lajme nga Ulqini\",\"description\":\"Lajme,Vijesti,Ulqini,Ulqin,Crna Gora,Mali i Zi\",\"potentialAction\":[{\"@type\":\"SearchAction\",\"target\":{\"@type\":\"EntryPoint\",\"urlTemplate\":\"https:\/\/www.visit-ulcinj.com\/blog\/?s={search_term_string}\"},\"query-input\":\"required name=search_term_string\"}],\"inLanguage\":\"en-US\"},{\"@type\":\"ImageObject\",\"inLanguage\":\"en-US\",\"@id\":\"https:\/\/www.visit-ulcinj.com\/blog\/2016\/10\/15\/shqiptare-te-malit-te-zi-votoni-video\/#primaryimage\",\"url\":\"https:\/\/www.visit-ulcinj.com\/blog\/wp-content\/uploads\/2016\/10\/DEBATA-POLITIKE-MBI-ZGJEDHJET-PARLAMENTARE-NE-STUDIO-TE-TV-TEUTA-ULQIN.jpg\",\"contentUrl\":\"https:\/\/www.visit-ulcinj.com\/blog\/wp-content\/uploads\/2016\/10\/DEBATA-POLITIKE-MBI-ZGJEDHJET-PARLAMENTARE-NE-STUDIO-TE-TV-TEUTA-ULQIN.jpg\",\"width\":635,\"height\":359},{\"@type\":\"WebPage\",\"@id\":\"https:\/\/www.visit-ulcinj.com\/blog\/2016\/10\/15\/shqiptare-te-malit-te-zi-votoni-video\/#webpage\",\"url\":\"https:\/\/www.visit-ulcinj.com\/blog\/2016\/10\/15\/shqiptare-te-malit-te-zi-votoni-video\/\",\"name\":\"Shqiptare te Malit t\u00eb Zi, votoni - Video - Lajme nga Ulqini\",\"isPartOf\":{\"@id\":\"https:\/\/www.visit-ulcinj.com\/blog\/#website\"},\"primaryImageOfPage\":{\"@id\":\"https:\/\/www.visit-ulcinj.com\/blog\/2016\/10\/15\/shqiptare-te-malit-te-zi-votoni-video\/#primaryimage\"},\"datePublished\":\"2016-10-15T19:46:56+00:00\",\"dateModified\":\"2016-10-16T09:59:24+00:00\",\"author\":{\"@id\":\"https:\/\/www.visit-ulcinj.com\/blog\/#\/schema\/person\/dcab619c614d3038751c63bc2aadc06d\"},\"description\":\"Shqiptare \u00a0te Malit t\u00eb Zi une e kuptoj se ka shume prej jush te cilet jane edhe te zhgenjyer me \u00a0partit shqitare. Por ju mos haroni se keni te drejte qe\",\"breadcrumb\":{\"@id\":\"https:\/\/www.visit-ulcinj.com\/blog\/2016\/10\/15\/shqiptare-te-malit-te-zi-votoni-video\/#breadcrumb\"},\"inLanguage\":\"en-US\",\"potentialAction\":[{\"@type\":\"ReadAction\",\"target\":[\"https:\/\/www.visit-ulcinj.com\/blog\/2016\/10\/15\/shqiptare-te-malit-te-zi-votoni-video\/\"]}]},{\"@type\":\"BreadcrumbList\",\"@id\":\"https:\/\/www.visit-ulcinj.com\/blog\/2016\/10\/15\/shqiptare-te-malit-te-zi-votoni-video\/#breadcrumb\",\"itemListElement\":[{\"@type\":\"ListItem\",\"position\":1,\"name\":\"Shqiptare te Malit t\u00eb Zi, votoni &#8211; Video\"}]},{\"@type\":\"Person\",\"@id\":\"https:\/\/www.visit-ulcinj.com\/blog\/#\/schema\/person\/dcab619c614d3038751c63bc2aadc06d\",\"name\":\"ulqini\",\"sameAs\":[\"http:\/\/www.visit-ulcinj.com\"],\"url\":\"https:\/\/www.visit-ulcinj.com\/blog\/author\/admin\/\"}]}<\/script>\n<!-- \/ Yoast SEO plugin. -->","yoast_head_json":{"title":"Shqiptare te Malit t\u00eb Zi, votoni - Video - Lajme nga Ulqini","description":"Shqiptare \u00a0te Malit t\u00eb Zi une e kuptoj se ka shume prej jush te cilet jane edhe te zhgenjyer me \u00a0partit shqitare. Por ju mos haroni se keni te drejte qe","robots":{"index":"index","follow":"follow","max-snippet":"max-snippet:-1","max-image-preview":"max-image-preview:large","max-video-preview":"max-video-preview:-1"},"canonical":"https:\/\/www.visit-ulcinj.com\/blog\/2016\/10\/15\/shqiptare-te-malit-te-zi-votoni-video\/","og_locale":"en_US","og_type":"article","og_title":"Shqiptare te Malit t\u00eb Zi, votoni - Video - Lajme nga Ulqini","og_description":"Shqiptare \u00a0te Malit t\u00eb Zi une e kuptoj se ka shume prej jush te cilet jane edhe te zhgenjyer me \u00a0partit shqitare. Por ju mos haroni se keni te drejte qe","og_url":"https:\/\/www.visit-ulcinj.com\/blog\/2016\/10\/15\/shqiptare-te-malit-te-zi-votoni-video\/","og_site_name":"Lajme nga Ulqini","article_published_time":"2016-10-15T19:46:56+00:00","article_modified_time":"2016-10-16T09:59:24+00:00","og_image":[{"url":"http:\/\/www.visit-ulcinj.com\/blog\/wp-content\/uploads\/2016\/10\/DEBATA-POLITIKE-MBI-ZGJEDHJET-PARLAMENTARE-NE-STUDIO-TE-TV-TEUTA-ULQIN.jpg"}],"twitter_misc":{"Written by":"ulqini","Est. reading time":"2 minutes"},"schema":{"@context":"https:\/\/schema.org","@graph":[{"@type":"WebSite","@id":"https:\/\/www.visit-ulcinj.com\/blog\/#website","url":"https:\/\/www.visit-ulcinj.com\/blog\/","name":"Lajme nga Ulqini","description":"Lajme,Vijesti,Ulqini,Ulqin,Crna Gora,Mali i Zi","potentialAction":[{"@type":"SearchAction","target":{"@type":"EntryPoint","urlTemplate":"https:\/\/www.visit-ulcinj.com\/blog\/?s={search_term_string}"},"query-input":"required name=search_term_string"}],"inLanguage":"en-US"},{"@type":"ImageObject","inLanguage":"en-US","@id":"https:\/\/www.visit-ulcinj.com\/blog\/2016\/10\/15\/shqiptare-te-malit-te-zi-votoni-video\/#primaryimage","url":"https:\/\/www.visit-ulcinj.com\/blog\/wp-content\/uploads\/2016\/10\/DEBATA-POLITIKE-MBI-ZGJEDHJET-PARLAMENTARE-NE-STUDIO-TE-TV-TEUTA-ULQIN.jpg","contentUrl":"https:\/\/www.visit-ulcinj.com\/blog\/wp-content\/uploads\/2016\/10\/DEBATA-POLITIKE-MBI-ZGJEDHJET-PARLAMENTARE-NE-STUDIO-TE-TV-TEUTA-ULQIN.jpg","width":635,"height":359},{"@type":"WebPage","@id":"https:\/\/www.visit-ulcinj.com\/blog\/2016\/10\/15\/shqiptare-te-malit-te-zi-votoni-video\/#webpage","url":"https:\/\/www.visit-ulcinj.com\/blog\/2016\/10\/15\/shqiptare-te-malit-te-zi-votoni-video\/","name":"Shqiptare te Malit t\u00eb Zi, votoni - Video - Lajme nga Ulqini","isPartOf":{"@id":"https:\/\/www.visit-ulcinj.com\/blog\/#website"},"primaryImageOfPage":{"@id":"https:\/\/www.visit-ulcinj.com\/blog\/2016\/10\/15\/shqiptare-te-malit-te-zi-votoni-video\/#primaryimage"},"datePublished":"2016-10-15T19:46:56+00:00","dateModified":"2016-10-16T09:59:24+00:00","author":{"@id":"https:\/\/www.visit-ulcinj.com\/blog\/#\/schema\/person\/dcab619c614d3038751c63bc2aadc06d"},"description":"Shqiptare \u00a0te Malit t\u00eb Zi une e kuptoj se ka shume prej jush te cilet jane edhe te zhgenjyer me \u00a0partit shqitare. Por ju mos haroni se keni te drejte qe","breadcrumb":{"@id":"https:\/\/www.visit-ulcinj.com\/blog\/2016\/10\/15\/shqiptare-te-malit-te-zi-votoni-video\/#breadcrumb"},"inLanguage":"en-US","potentialAction":[{"@type":"ReadAction","target":["https:\/\/www.visit-ulcinj.com\/blog\/2016\/10\/15\/shqiptare-te-malit-te-zi-votoni-video\/"]}]},{"@type":"BreadcrumbList","@id":"https:\/\/www.visit-ulcinj.com\/blog\/2016\/10\/15\/shqiptare-te-malit-te-zi-votoni-video\/#breadcrumb","itemListElement":[{"@type":"ListItem","position":1,"name":"Shqiptare te Malit t\u00eb Zi, votoni &#8211; Video"}]},{"@type":"Person","@id":"https:\/\/www.visit-ulcinj.com\/blog\/#\/schema\/person\/dcab619c614d3038751c63bc2aadc06d","name":"ulqini","sameAs":["http:\/\/www.visit-ulcinj.com"],"url":"https:\/\/www.visit-ulcinj.com\/blog\/author\/admin\/"}]}},"jetpack_featured_media_url":"","jetpack_sharing_enabled":true,"jetpack_shortlink":"https:\/\/wp.me\/pe6lTn-q5L","_links":{"self":[{"href":"https:\/\/www.visit-ulcinj.com\/blog\/wp-json\/wp\/v2\/posts\/100301"}],"collection":[{"href":"https:\/\/www.visit-ulcinj.com\/blog\/wp-json\/wp\/v2\/posts"}],"about":[{"href":"https:\/\/www.visit-ulcinj.com\/blog\/wp-json\/wp\/v2\/types\/post"}],"author":[{"embeddable":true,"href":"https:\/\/www.visit-ulcinj.com\/blog\/wp-json\/wp\/v2\/users\/1"}],"replies":[{"embeddable":true,"href":"https:\/\/www.visit-ulcinj.com\/blog\/wp-json\/wp\/v2\/comments?post=100301"}],"version-history":[{"count":4,"href":"https:\/\/www.visit-ulcinj.com\/blog\/wp-json\/wp\/v2\/posts\/100301\/revisions"}],"predecessor-version":[{"id":100310,"href":"https:\/\/www.visit-ulcinj.com\/blog\/wp-json\/wp\/v2\/posts\/100301\/revisions\/100310"}],"wp:attachment":[{"href":"https:\/\/www.visit-ulcinj.com\/blog\/wp-json\/wp\/v2\/media?parent=100301"}],"wp:term":[{"taxonomy":"category","embeddable":true,"href":"https:\/\/www.visit-ulcinj.com\/blog\/wp-json\/wp\/v2\/categories?post=100301"},{"taxonomy":"post_tag","embeddable":true,"href":"https:\/\/www.visit-ulcinj.com\/blog\/wp-json\/wp\/v2\/tags?post=100301"}],"curies":[{"name":"wp","href":"https:\/\/api.w.org\/{rel}","templated":true}]}}