{"id":100307,"date":"2016-10-15T21:23:59","date_gmt":"2016-10-15T20:23:59","guid":{"rendered":"http:\/\/www.visit-ulcinj.com\/blog\/?p=100307"},"modified":"2016-10-15T21:23:59","modified_gmt":"2016-10-15T20:23:59","slug":"reagimi-nik-gjeloshaj-ndaj-luigj-shkrelit","status":"publish","type":"post","link":"https:\/\/www.visit-ulcinj.com\/blog\/2016\/10\/15\/reagimi-nik-gjeloshaj-ndaj-luigj-shkrelit\/","title":{"rendered":"Reagimi i Nik Gjeloshaj ndaj Luigj Shkrelit"},"content":{"rendered":"<p><a href=\"http:\/\/www.visit-ulcinj.com\/blog\/wp-content\/uploads\/2016\/10\/Nik-Gjeloshaj.jpg\"><img loading=\"lazy\" class=\"alignleft wp-image-100308\" src=\"http:\/\/www.visit-ulcinj.com\/blog\/wp-content\/uploads\/2016\/10\/Nik-Gjeloshaj.jpg\" alt=\"Nik Gjeloshaj\" width=\"508\" height=\"381\" srcset=\"https:\/\/www.visit-ulcinj.com\/blog\/wp-content\/uploads\/2016\/10\/Nik-Gjeloshaj.jpg 960w, https:\/\/www.visit-ulcinj.com\/blog\/wp-content\/uploads\/2016\/10\/Nik-Gjeloshaj-300x225.jpg 300w, https:\/\/www.visit-ulcinj.com\/blog\/wp-content\/uploads\/2016\/10\/Nik-Gjeloshaj-768x576.jpg 768w\" sizes=\"(max-width: 508px) 100vw, 508px\" \/><\/a>Mbr\u00ebm n\u00eb Ulqin mes tjerash kam\u00eb pohuar: asnj\u00eb vot\u00eb p\u00ebr PDS-n\u00eb, asnj\u00eb vot\u00eb p\u00ebr Halil Dukoviqin dhe Luigj Shkrelen q\u00eb votuan kund\u00ebr q\u00eb Mal\u00ebsia ta fitoj Komun\u00ebn. E kam\u00eb th\u00ebn\u00eb dhe do e them gjithmon\u00eb, kjo \u00ebsht\u00eb e v\u00ebrtet dhe k\u00ebt\u00eb gj\u00eb e din \u00e7do qytetar i Malit t\u00eb Zi.<br \/>\nReagimi i sotem i Luigj Shkrelit, jo vet\u00ebm se m\u00eb ka habit, por e them publikisht q\u00eb duhet ti vij turp nga veprimi i tij.<br \/>\nN\u00eb nj\u00eb situat\u00eb q\u00eb duhet ta shfryt\u00ebzonte p\u00ebr reflektim, me shpifje t\u00eb nivel<span class=\"text_exposed_show\">it kaq t\u00eb ul\u00ebt, mundohet t\u00eb arsyetoj\u00eb veprimet e tija, q\u00eb kan\u00eb qen\u00eb totalisht n\u00eb kundershtim me interesat e popullit shqiptar n\u00eb Mal t\u00eb Zi.<br \/>\nPopulli shqiptar\u00eb n\u00eb Mal t\u00eb Zi shum\u00eb mir\u00eb e din se \u00e7far\u00eb dhe si ka vepruar Luigji dhe partia e tij p\u00ebr shqiptar\u00ebt n\u00eb trojet e veta autoktone.<\/span><\/p>\n<div class=\"text_exposed_show\">\n<p>Un\u00eb nuk jam shpifur, si\u00e7 b\u00ebni ju, kam ftuar qytetar\u00ebt t\u00eb votojn\u00eb list\u00ebn m\u00eb t\u00eb fuqishme shqiptare, at\u00eb q\u00eb do i mbroj interesat e shqiptar\u00ebve n\u00eb m\u00ebnyr\u00ebn m\u00eb t\u00eb duhur, list\u00ebn e cila do punoj\u00eb n\u00eb t\u00eb mir\u00eb t\u00eb qytetar\u00ebve shqiptar. Lista e cila n\u00eb ndryshim nga ti e partia jote, nuk do votoj kurr\u00eb kund\u00ebr zhvillimit t\u00eb Mal\u00ebsis\u00eb, nuk do votoj kurr\u00eb kund\u00ebr interesave t\u00eb qytetar\u00ebve t\u00eb Ulqinit, duke filluar nga hoteleria q\u00eb kini shkatrruar e devastuar ju me mentor\u00ebt tu n\u00eb Podgoric\u00eb. Ne kurr\u00eb nuk do ta p\u00ebrkrahim ligjin p\u00ebr t\u00eb mirat detare q\u00eb diskriminon Ulqinin, kurr\u00eb nuk do t\u00eb p\u00ebrkrahim uzurpimin e tokave shqiptare nga Valdanosi, Shipshaniku, Plava e Gucia. Kurr\u00eb nuk do t\u00eb p\u00ebrkrahim shkat\u00ebrrimin e kripores, sikur ju e partia juaj, nuk do votojm\u00eb kurr\u00eb kund\u00ebr shqiptar\u00ebve t\u00eb Plav\u00ebs, Gucis\u00eb, Rozhaj\u00ebs, Kraj\u00ebs&#8230;<br \/>\nKurr\u00eb nuk do t\u00eb votojm\u00eb kund\u00ebr interesave shqiptare, por do jemi aty p\u00ebr ti mbrojtur me pun\u00eb dhe dinjitet.<br \/>\nEdhe pse do t\u00eb kisha shum\u00eb p\u00ebr t\u00eb th\u00ebn\u00eb p\u00ebr ty, un\u00eb nuk do t\u00eb merrem kurr\u00eb me ty Luigj, sepse ti nuk meriton, e as nuk do t\u00eb ulem n\u00eb nivelin tend. Ti dhe m\u00ebnyra jote e shprehjes, n\u00eb munges t\u00eb argumneteve, tregojn\u00eb m\u00eb s\u00eb miri personalitetin t\u00ebnd si njeri n\u00eb rend t\u00eb par\u00eb, e m\u00eb pas edhe si politikan!<\/p>\n<p>NGj<\/p>\n<p id=\"js_rr\" class=\"_5pbw _5vra\" data-ft=\"{&quot;tn&quot;:&quot;C&quot;}\"><strong><span class=\"fwn fcg\"><span class=\"fwb fcg\" data-ft=\"{&quot;tn&quot;:&quot;k&quot;}\"><a id=\"js_sr\" href=\"https:\/\/www.facebook.com\/Nik-Gjeloshaj-638633769597292\/?hc_ref=NEWSFEED&amp;fref=nf\" data-hovercard=\"\/ajax\/hovercard\/page.php?id=638633769597292&amp;extragetparams=%7B%22hc_ref%22%3A%22NEWSFEED%22%2C%22fref%22%3A%22nf%22%7D\">Nik Gjeloshaj Facebook<\/a><\/span><\/span><\/strong><\/p>\n<p class=\"_5pbw _5vra\" data-ft=\"{&quot;tn&quot;:&quot;C&quot;}\"><!--YouTube Error: bad URL entered--><\/p>\n<\/div>\n","protected":false},"excerpt":{"rendered":"<p>Mbr\u00ebm n\u00eb Ulqin mes tjerash kam\u00eb pohuar: asnj\u00eb vot\u00eb p\u00ebr PDS-n\u00eb, asnj\u00eb vot\u00eb p\u00ebr Halil Dukoviqin dhe Luigj Shkrelen q\u00eb votuan kund\u00ebr q\u00eb Mal\u00ebsia ta fitoj Komun\u00ebn. E kam\u00eb th\u00ebn\u00eb dhe do e them gjithmon\u00eb, kjo \u00ebsht\u00eb e v\u00ebrtet dhe k\u00ebt\u00eb gj\u00eb e din \u00e7do qytetar i Malit t\u00eb Zi. Reagimi i sotem i Luigj [&hellip;]<\/p>\n","protected":false},"author":1,"featured_media":0,"comment_status":"closed","ping_status":"closed","sticky":false,"template":"","format":"standard","meta":{"spay_email":"","jetpack_publicize_message":"","jetpack_is_tweetstorm":false,"jetpack_publicize_feature_enabled":true},"categories":[6950],"tags":[],"jetpack_publicize_connections":[],"yoast_head":"<!-- This site is optimized with the Yoast SEO plugin v19.1 - https:\/\/yoast.com\/wordpress\/plugins\/seo\/ -->\n<title>Reagimi i Nik Gjeloshaj ndaj Luigj Shkrelit - Lajme nga Ulqini<\/title>\n<meta name=\"description\" content=\"Mbr\u00ebm n\u00eb Ulqin mes tjerash kam\u00eb pohuar: asnj\u00eb vot\u00eb p\u00ebr PDS-n\u00eb, asnj\u00eb vot\u00eb p\u00ebr Halil Dukoviqin dhe Luigj Shkrelen q\u00eb votuan kund\u00ebr q\u00eb Mal\u00ebsia ta fitoj\" \/>\n<meta name=\"robots\" content=\"index, follow, max-snippet:-1, max-image-preview:large, max-video-preview:-1\" \/>\n<link rel=\"canonical\" href=\"https:\/\/www.visit-ulcinj.com\/blog\/2016\/10\/15\/reagimi-nik-gjeloshaj-ndaj-luigj-shkrelit\/\" \/>\n<meta property=\"og:locale\" content=\"en_US\" \/>\n<meta property=\"og:type\" content=\"article\" \/>\n<meta property=\"og:title\" content=\"Reagimi i Nik Gjeloshaj ndaj Luigj Shkrelit - Lajme nga Ulqini\" \/>\n<meta property=\"og:description\" content=\"Mbr\u00ebm n\u00eb Ulqin mes tjerash kam\u00eb pohuar: asnj\u00eb vot\u00eb p\u00ebr PDS-n\u00eb, asnj\u00eb vot\u00eb p\u00ebr Halil Dukoviqin dhe Luigj Shkrelen q\u00eb votuan kund\u00ebr q\u00eb Mal\u00ebsia ta fitoj\" \/>\n<meta property=\"og:url\" content=\"https:\/\/www.visit-ulcinj.com\/blog\/2016\/10\/15\/reagimi-nik-gjeloshaj-ndaj-luigj-shkrelit\/\" \/>\n<meta property=\"og:site_name\" content=\"Lajme nga Ulqini\" \/>\n<meta property=\"article:published_time\" content=\"2016-10-15T20:23:59+00:00\" \/>\n<meta property=\"og:image\" content=\"http:\/\/www.visit-ulcinj.com\/blog\/wp-content\/uploads\/2016\/10\/Nik-Gjeloshaj.jpg\" \/>\n<meta name=\"twitter:label1\" content=\"Written by\" \/>\n\t<meta name=\"twitter:data1\" content=\"ulqini\" \/>\n\t<meta name=\"twitter:label2\" content=\"Est. reading time\" \/>\n\t<meta name=\"twitter:data2\" content=\"2 minutes\" \/>\n<script type=\"application\/ld+json\" class=\"yoast-schema-graph\">{\"@context\":\"https:\/\/schema.org\",\"@graph\":[{\"@type\":\"WebSite\",\"@id\":\"https:\/\/www.visit-ulcinj.com\/blog\/#website\",\"url\":\"https:\/\/www.visit-ulcinj.com\/blog\/\",\"name\":\"Lajme nga Ulqini\",\"description\":\"Lajme,Vijesti,Ulqini,Ulqin,Crna Gora,Mali i Zi\",\"potentialAction\":[{\"@type\":\"SearchAction\",\"target\":{\"@type\":\"EntryPoint\",\"urlTemplate\":\"https:\/\/www.visit-ulcinj.com\/blog\/?s={search_term_string}\"},\"query-input\":\"required name=search_term_string\"}],\"inLanguage\":\"en-US\"},{\"@type\":\"ImageObject\",\"inLanguage\":\"en-US\",\"@id\":\"https:\/\/www.visit-ulcinj.com\/blog\/2016\/10\/15\/reagimi-nik-gjeloshaj-ndaj-luigj-shkrelit\/#primaryimage\",\"url\":\"https:\/\/www.visit-ulcinj.com\/blog\/wp-content\/uploads\/2016\/10\/Nik-Gjeloshaj.jpg\",\"contentUrl\":\"https:\/\/www.visit-ulcinj.com\/blog\/wp-content\/uploads\/2016\/10\/Nik-Gjeloshaj.jpg\",\"width\":960,\"height\":720},{\"@type\":\"WebPage\",\"@id\":\"https:\/\/www.visit-ulcinj.com\/blog\/2016\/10\/15\/reagimi-nik-gjeloshaj-ndaj-luigj-shkrelit\/#webpage\",\"url\":\"https:\/\/www.visit-ulcinj.com\/blog\/2016\/10\/15\/reagimi-nik-gjeloshaj-ndaj-luigj-shkrelit\/\",\"name\":\"Reagimi i Nik Gjeloshaj ndaj Luigj Shkrelit - Lajme nga Ulqini\",\"isPartOf\":{\"@id\":\"https:\/\/www.visit-ulcinj.com\/blog\/#website\"},\"primaryImageOfPage\":{\"@id\":\"https:\/\/www.visit-ulcinj.com\/blog\/2016\/10\/15\/reagimi-nik-gjeloshaj-ndaj-luigj-shkrelit\/#primaryimage\"},\"datePublished\":\"2016-10-15T20:23:59+00:00\",\"dateModified\":\"2016-10-15T20:23:59+00:00\",\"author\":{\"@id\":\"https:\/\/www.visit-ulcinj.com\/blog\/#\/schema\/person\/dcab619c614d3038751c63bc2aadc06d\"},\"description\":\"Mbr\u00ebm n\u00eb Ulqin mes tjerash kam\u00eb pohuar: asnj\u00eb vot\u00eb p\u00ebr PDS-n\u00eb, asnj\u00eb vot\u00eb p\u00ebr Halil Dukoviqin dhe Luigj Shkrelen q\u00eb votuan kund\u00ebr q\u00eb Mal\u00ebsia ta fitoj\",\"breadcrumb\":{\"@id\":\"https:\/\/www.visit-ulcinj.com\/blog\/2016\/10\/15\/reagimi-nik-gjeloshaj-ndaj-luigj-shkrelit\/#breadcrumb\"},\"inLanguage\":\"en-US\",\"potentialAction\":[{\"@type\":\"ReadAction\",\"target\":[\"https:\/\/www.visit-ulcinj.com\/blog\/2016\/10\/15\/reagimi-nik-gjeloshaj-ndaj-luigj-shkrelit\/\"]}]},{\"@type\":\"BreadcrumbList\",\"@id\":\"https:\/\/www.visit-ulcinj.com\/blog\/2016\/10\/15\/reagimi-nik-gjeloshaj-ndaj-luigj-shkrelit\/#breadcrumb\",\"itemListElement\":[{\"@type\":\"ListItem\",\"position\":1,\"name\":\"Reagimi i Nik Gjeloshaj ndaj Luigj Shkrelit\"}]},{\"@type\":\"Person\",\"@id\":\"https:\/\/www.visit-ulcinj.com\/blog\/#\/schema\/person\/dcab619c614d3038751c63bc2aadc06d\",\"name\":\"ulqini\",\"sameAs\":[\"http:\/\/www.visit-ulcinj.com\"],\"url\":\"https:\/\/www.visit-ulcinj.com\/blog\/author\/admin\/\"}]}<\/script>\n<!-- \/ Yoast SEO plugin. -->","yoast_head_json":{"title":"Reagimi i Nik Gjeloshaj ndaj Luigj Shkrelit - Lajme nga Ulqini","description":"Mbr\u00ebm n\u00eb Ulqin mes tjerash kam\u00eb pohuar: asnj\u00eb vot\u00eb p\u00ebr PDS-n\u00eb, asnj\u00eb vot\u00eb p\u00ebr Halil Dukoviqin dhe Luigj Shkrelen q\u00eb votuan kund\u00ebr q\u00eb Mal\u00ebsia ta fitoj","robots":{"index":"index","follow":"follow","max-snippet":"max-snippet:-1","max-image-preview":"max-image-preview:large","max-video-preview":"max-video-preview:-1"},"canonical":"https:\/\/www.visit-ulcinj.com\/blog\/2016\/10\/15\/reagimi-nik-gjeloshaj-ndaj-luigj-shkrelit\/","og_locale":"en_US","og_type":"article","og_title":"Reagimi i Nik Gjeloshaj ndaj Luigj Shkrelit - Lajme nga Ulqini","og_description":"Mbr\u00ebm n\u00eb Ulqin mes tjerash kam\u00eb pohuar: asnj\u00eb vot\u00eb p\u00ebr PDS-n\u00eb, asnj\u00eb vot\u00eb p\u00ebr Halil Dukoviqin dhe Luigj Shkrelen q\u00eb votuan kund\u00ebr q\u00eb Mal\u00ebsia ta fitoj","og_url":"https:\/\/www.visit-ulcinj.com\/blog\/2016\/10\/15\/reagimi-nik-gjeloshaj-ndaj-luigj-shkrelit\/","og_site_name":"Lajme nga Ulqini","article_published_time":"2016-10-15T20:23:59+00:00","og_image":[{"url":"http:\/\/www.visit-ulcinj.com\/blog\/wp-content\/uploads\/2016\/10\/Nik-Gjeloshaj.jpg"}],"twitter_misc":{"Written by":"ulqini","Est. reading time":"2 minutes"},"schema":{"@context":"https:\/\/schema.org","@graph":[{"@type":"WebSite","@id":"https:\/\/www.visit-ulcinj.com\/blog\/#website","url":"https:\/\/www.visit-ulcinj.com\/blog\/","name":"Lajme nga Ulqini","description":"Lajme,Vijesti,Ulqini,Ulqin,Crna Gora,Mali i Zi","potentialAction":[{"@type":"SearchAction","target":{"@type":"EntryPoint","urlTemplate":"https:\/\/www.visit-ulcinj.com\/blog\/?s={search_term_string}"},"query-input":"required name=search_term_string"}],"inLanguage":"en-US"},{"@type":"ImageObject","inLanguage":"en-US","@id":"https:\/\/www.visit-ulcinj.com\/blog\/2016\/10\/15\/reagimi-nik-gjeloshaj-ndaj-luigj-shkrelit\/#primaryimage","url":"https:\/\/www.visit-ulcinj.com\/blog\/wp-content\/uploads\/2016\/10\/Nik-Gjeloshaj.jpg","contentUrl":"https:\/\/www.visit-ulcinj.com\/blog\/wp-content\/uploads\/2016\/10\/Nik-Gjeloshaj.jpg","width":960,"height":720},{"@type":"WebPage","@id":"https:\/\/www.visit-ulcinj.com\/blog\/2016\/10\/15\/reagimi-nik-gjeloshaj-ndaj-luigj-shkrelit\/#webpage","url":"https:\/\/www.visit-ulcinj.com\/blog\/2016\/10\/15\/reagimi-nik-gjeloshaj-ndaj-luigj-shkrelit\/","name":"Reagimi i Nik Gjeloshaj ndaj Luigj Shkrelit - Lajme nga Ulqini","isPartOf":{"@id":"https:\/\/www.visit-ulcinj.com\/blog\/#website"},"primaryImageOfPage":{"@id":"https:\/\/www.visit-ulcinj.com\/blog\/2016\/10\/15\/reagimi-nik-gjeloshaj-ndaj-luigj-shkrelit\/#primaryimage"},"datePublished":"2016-10-15T20:23:59+00:00","dateModified":"2016-10-15T20:23:59+00:00","author":{"@id":"https:\/\/www.visit-ulcinj.com\/blog\/#\/schema\/person\/dcab619c614d3038751c63bc2aadc06d"},"description":"Mbr\u00ebm n\u00eb Ulqin mes tjerash kam\u00eb pohuar: asnj\u00eb vot\u00eb p\u00ebr PDS-n\u00eb, asnj\u00eb vot\u00eb p\u00ebr Halil Dukoviqin dhe Luigj Shkrelen q\u00eb votuan kund\u00ebr q\u00eb Mal\u00ebsia ta fitoj","breadcrumb":{"@id":"https:\/\/www.visit-ulcinj.com\/blog\/2016\/10\/15\/reagimi-nik-gjeloshaj-ndaj-luigj-shkrelit\/#breadcrumb"},"inLanguage":"en-US","potentialAction":[{"@type":"ReadAction","target":["https:\/\/www.visit-ulcinj.com\/blog\/2016\/10\/15\/reagimi-nik-gjeloshaj-ndaj-luigj-shkrelit\/"]}]},{"@type":"BreadcrumbList","@id":"https:\/\/www.visit-ulcinj.com\/blog\/2016\/10\/15\/reagimi-nik-gjeloshaj-ndaj-luigj-shkrelit\/#breadcrumb","itemListElement":[{"@type":"ListItem","position":1,"name":"Reagimi i Nik Gjeloshaj ndaj Luigj Shkrelit"}]},{"@type":"Person","@id":"https:\/\/www.visit-ulcinj.com\/blog\/#\/schema\/person\/dcab619c614d3038751c63bc2aadc06d","name":"ulqini","sameAs":["http:\/\/www.visit-ulcinj.com"],"url":"https:\/\/www.visit-ulcinj.com\/blog\/author\/admin\/"}]}},"jetpack_featured_media_url":"","jetpack_sharing_enabled":true,"jetpack_shortlink":"https:\/\/wp.me\/pe6lTn-q5R","_links":{"self":[{"href":"https:\/\/www.visit-ulcinj.com\/blog\/wp-json\/wp\/v2\/posts\/100307"}],"collection":[{"href":"https:\/\/www.visit-ulcinj.com\/blog\/wp-json\/wp\/v2\/posts"}],"about":[{"href":"https:\/\/www.visit-ulcinj.com\/blog\/wp-json\/wp\/v2\/types\/post"}],"author":[{"embeddable":true,"href":"https:\/\/www.visit-ulcinj.com\/blog\/wp-json\/wp\/v2\/users\/1"}],"replies":[{"embeddable":true,"href":"https:\/\/www.visit-ulcinj.com\/blog\/wp-json\/wp\/v2\/comments?post=100307"}],"version-history":[{"count":1,"href":"https:\/\/www.visit-ulcinj.com\/blog\/wp-json\/wp\/v2\/posts\/100307\/revisions"}],"predecessor-version":[{"id":100309,"href":"https:\/\/www.visit-ulcinj.com\/blog\/wp-json\/wp\/v2\/posts\/100307\/revisions\/100309"}],"wp:attachment":[{"href":"https:\/\/www.visit-ulcinj.com\/blog\/wp-json\/wp\/v2\/media?parent=100307"}],"wp:term":[{"taxonomy":"category","embeddable":true,"href":"https:\/\/www.visit-ulcinj.com\/blog\/wp-json\/wp\/v2\/categories?post=100307"},{"taxonomy":"post_tag","embeddable":true,"href":"https:\/\/www.visit-ulcinj.com\/blog\/wp-json\/wp\/v2\/tags?post=100307"}],"curies":[{"name":"wp","href":"https:\/\/api.w.org\/{rel}","templated":true}]}}