{"id":100311,"date":"2016-10-16T10:09:52","date_gmt":"2016-10-16T09:09:52","guid":{"rendered":"http:\/\/www.visit-ulcinj.com\/blog\/?p=100311"},"modified":"2016-10-16T10:13:53","modified_gmt":"2016-10-16T09:13:53","slug":"nazif-cungu-voton-se-bashku-familjen-votoni-masivisht-per-te-ardhmen-tuaj","status":"publish","type":"post","link":"https:\/\/www.visit-ulcinj.com\/blog\/2016\/10\/16\/nazif-cungu-voton-se-bashku-familjen-votoni-masivisht-per-te-ardhmen-tuaj\/","title":{"rendered":"Nazif Cungu voton s\u00eb bashku me familjen: Votoni masivisht p\u00ebr t\u00eb ardhmen tuaj"},"content":{"rendered":"<p><a href=\"http:\/\/www.visit-ulcinj.com\/blog\/wp-content\/uploads\/2016\/10\/Nazif-Cungu-voton-s\u00eb-bashku-me-familjen.jpg\"><img loading=\"lazy\" class=\"alignleft wp-image-100312\" src=\"http:\/\/www.visit-ulcinj.com\/blog\/wp-content\/uploads\/2016\/10\/Nazif-Cungu-voton-s\u00eb-bashku-me-familjen.jpg\" alt=\"Nazif Cungu voton s\u00eb bashku me familjen\" width=\"508\" height=\"339\" srcset=\"https:\/\/www.visit-ulcinj.com\/blog\/wp-content\/uploads\/2016\/10\/Nazif-Cungu-voton-s\u00eb-bashku-me-familjen.jpg 960w, https:\/\/www.visit-ulcinj.com\/blog\/wp-content\/uploads\/2016\/10\/Nazif-Cungu-voton-s\u00eb-bashku-me-familjen-300x200.jpg 300w, https:\/\/www.visit-ulcinj.com\/blog\/wp-content\/uploads\/2016\/10\/Nazif-Cungu-voton-s\u00eb-bashku-me-familjen-768x512.jpg 768w\" sizes=\"(max-width: 508px) 100vw, 508px\" \/><\/a>Sot kryetari i komun\u00ebs s\u00eb Ulqinit, Nazif Cungu e p\u00ebrmbushi detyrimin si qytetar dhe si shqiptar dhe bashk\u00eb me familjar\u00ebt e ti dol\u00ebn dhe votuan numrin 1 duke d\u00ebshmuar se ne shqiptar\u00ebt jemi t\u00eb vendosur t\u00eb mbrojm\u00eb t\u00eb drejtat tona komb\u00ebtare dhe t\u00eb nd\u00ebrtojm\u00eb mir\u00ebqenie p\u00ebr popullin ton\u00eb. Sot g\u00ebzimi im ishte i dyfisht\u00eb, sepse djali im i vog\u00ebl, Rezarti ka mbushur mosh\u00ebn e pjekuris\u00eb dhe votoi p\u00ebr her\u00eb t\u00eb par\u00eb duke e shfryt\u00ebzuar mund\u00ebsin\u00eb q\u00eb z\u00ebri i tij t\u00eb d\u00ebgjohet. Ju ftoj edhe ju t\u00eb b\u00ebni t\u00eb nj\u00ebjt\u00ebn gj\u00eb e t\u00eb dilni bashk\u00eb me t\u00eb af\u00ebrmit tuaj p\u00ebr t\u00eb votuar!<\/p>\n<p>Kryetari i Ulqinit Nazif Cungu \u201cI b\u00ebn thirrje t\u00eb gjith\u00ebve q\u00eb t\u00eb dalin t\u00eb votojn\u00eb, duke votuar sot marrin pjes\u00eb n\u00eb nj\u00eb proces historik t\u00eb vulosjes s\u00eb nj\u00eb reforme historike p\u00ebr Malin e Zi e sidomos p\u00ebr vendin ton Ulqinin. Pavar\u00ebsisht se p\u00ebr k\u00eb votojn\u00eb, t\u00eb gjith\u00eb ata q\u00eb votojn\u00eb jan\u00eb qytetar\u00eb t\u00eb lir\u00eb dhe q\u00eb meritojn\u00eb respekt. Kush nuk voton, nuk ka t\u00eb drejt\u00eb ankohet\u201d, deklaroi sot Cungu.<\/p>\n<p><a href=\"http:\/\/www.visit-ulcinj.com\/blog\/wp-content\/uploads\/2016\/10\/Nazif-Cungu-voton-s\u00eb-bashku-me-familjen-1.jpg\"><img loading=\"lazy\" class=\"alignleft wp-image-100313\" src=\"http:\/\/www.visit-ulcinj.com\/blog\/wp-content\/uploads\/2016\/10\/Nazif-Cungu-voton-s\u00eb-bashku-me-familjen-1.jpg\" alt=\"Nazif Cungu voton s\u00eb bashku me familjen-1\" width=\"508\" height=\"339\" srcset=\"https:\/\/www.visit-ulcinj.com\/blog\/wp-content\/uploads\/2016\/10\/Nazif-Cungu-voton-s\u00eb-bashku-me-familjen-1.jpg 960w, https:\/\/www.visit-ulcinj.com\/blog\/wp-content\/uploads\/2016\/10\/Nazif-Cungu-voton-s\u00eb-bashku-me-familjen-1-300x200.jpg 300w, https:\/\/www.visit-ulcinj.com\/blog\/wp-content\/uploads\/2016\/10\/Nazif-Cungu-voton-s\u00eb-bashku-me-familjen-1-768x512.jpg 768w\" sizes=\"(max-width: 508px) 100vw, 508px\" \/><\/a> <a href=\"http:\/\/www.visit-ulcinj.com\/blog\/wp-content\/uploads\/2016\/10\/Nazif-Cungu-voton-s\u00eb-bashku-me-familjen-2.jpg\"><img loading=\"lazy\" class=\"alignleft wp-image-100314\" src=\"http:\/\/www.visit-ulcinj.com\/blog\/wp-content\/uploads\/2016\/10\/Nazif-Cungu-voton-s\u00eb-bashku-me-familjen-2.jpg\" alt=\"Nazif Cungu voton s\u00eb bashku me familjen-2\" width=\"508\" height=\"339\" srcset=\"https:\/\/www.visit-ulcinj.com\/blog\/wp-content\/uploads\/2016\/10\/Nazif-Cungu-voton-s\u00eb-bashku-me-familjen-2.jpg 960w, https:\/\/www.visit-ulcinj.com\/blog\/wp-content\/uploads\/2016\/10\/Nazif-Cungu-voton-s\u00eb-bashku-me-familjen-2-300x200.jpg 300w, https:\/\/www.visit-ulcinj.com\/blog\/wp-content\/uploads\/2016\/10\/Nazif-Cungu-voton-s\u00eb-bashku-me-familjen-2-768x512.jpg 768w\" sizes=\"(max-width: 508px) 100vw, 508px\" \/><\/a> <a href=\"http:\/\/www.visit-ulcinj.com\/blog\/wp-content\/uploads\/2016\/10\/Nazif-Cungu-voton-s\u00eb-bashku-me-familjen-3.jpg\"><img loading=\"lazy\" class=\"alignleft wp-image-100315\" src=\"http:\/\/www.visit-ulcinj.com\/blog\/wp-content\/uploads\/2016\/10\/Nazif-Cungu-voton-s\u00eb-bashku-me-familjen-3.jpg\" alt=\"Nazif Cungu voton s\u00eb bashku me familjen-3\" width=\"508\" height=\"339\" srcset=\"https:\/\/www.visit-ulcinj.com\/blog\/wp-content\/uploads\/2016\/10\/Nazif-Cungu-voton-s\u00eb-bashku-me-familjen-3.jpg 960w, https:\/\/www.visit-ulcinj.com\/blog\/wp-content\/uploads\/2016\/10\/Nazif-Cungu-voton-s\u00eb-bashku-me-familjen-3-300x200.jpg 300w, https:\/\/www.visit-ulcinj.com\/blog\/wp-content\/uploads\/2016\/10\/Nazif-Cungu-voton-s\u00eb-bashku-me-familjen-3-768x512.jpg 768w\" sizes=\"(max-width: 508px) 100vw, 508px\" \/><\/a> <a href=\"http:\/\/www.visit-ulcinj.com\/blog\/wp-content\/uploads\/2016\/10\/Nazif-Cungu-voton-s\u00eb-bashku-me-familjen-4.jpg\"><img loading=\"lazy\" class=\"alignleft wp-image-100316\" src=\"http:\/\/www.visit-ulcinj.com\/blog\/wp-content\/uploads\/2016\/10\/Nazif-Cungu-voton-s\u00eb-bashku-me-familjen-4.jpg\" alt=\"Nazif Cungu voton s\u00eb bashku me familjen-4\" width=\"508\" height=\"339\" srcset=\"https:\/\/www.visit-ulcinj.com\/blog\/wp-content\/uploads\/2016\/10\/Nazif-Cungu-voton-s\u00eb-bashku-me-familjen-4.jpg 960w, https:\/\/www.visit-ulcinj.com\/blog\/wp-content\/uploads\/2016\/10\/Nazif-Cungu-voton-s\u00eb-bashku-me-familjen-4-300x200.jpg 300w, https:\/\/www.visit-ulcinj.com\/blog\/wp-content\/uploads\/2016\/10\/Nazif-Cungu-voton-s\u00eb-bashku-me-familjen-4-768x512.jpg 768w\" sizes=\"(max-width: 508px) 100vw, 508px\" \/><\/a> <a href=\"http:\/\/www.visit-ulcinj.com\/blog\/wp-content\/uploads\/2016\/10\/Nazif-Cungu-voton-s\u00eb-bashku-me-familjen-5.jpg\"><img loading=\"lazy\" class=\"alignleft wp-image-100317\" src=\"http:\/\/www.visit-ulcinj.com\/blog\/wp-content\/uploads\/2016\/10\/Nazif-Cungu-voton-s\u00eb-bashku-me-familjen-5.jpg\" alt=\"Nazif Cungu voton s\u00eb bashku me familjen-5\" width=\"508\" height=\"339\" srcset=\"https:\/\/www.visit-ulcinj.com\/blog\/wp-content\/uploads\/2016\/10\/Nazif-Cungu-voton-s\u00eb-bashku-me-familjen-5.jpg 960w, https:\/\/www.visit-ulcinj.com\/blog\/wp-content\/uploads\/2016\/10\/Nazif-Cungu-voton-s\u00eb-bashku-me-familjen-5-300x200.jpg 300w, https:\/\/www.visit-ulcinj.com\/blog\/wp-content\/uploads\/2016\/10\/Nazif-Cungu-voton-s\u00eb-bashku-me-familjen-5-768x512.jpg 768w\" sizes=\"(max-width: 508px) 100vw, 508px\" \/><\/a><\/p>\n","protected":false},"excerpt":{"rendered":"<p>Sot kryetari i komun\u00ebs s\u00eb Ulqinit, Nazif Cungu e p\u00ebrmbushi detyrimin si qytetar dhe si shqiptar dhe bashk\u00eb me familjar\u00ebt e ti dol\u00ebn dhe votuan numrin 1 duke d\u00ebshmuar se ne shqiptar\u00ebt jemi t\u00eb vendosur t\u00eb mbrojm\u00eb t\u00eb drejtat tona komb\u00ebtare dhe t\u00eb nd\u00ebrtojm\u00eb mir\u00ebqenie p\u00ebr popullin ton\u00eb. Sot g\u00ebzimi im ishte i dyfisht\u00eb, sepse [&hellip;]<\/p>\n","protected":false},"author":1,"featured_media":0,"comment_status":"closed","ping_status":"closed","sticky":false,"template":"","format":"standard","meta":{"spay_email":"","jetpack_publicize_message":"","jetpack_is_tweetstorm":false,"jetpack_publicize_feature_enabled":true},"categories":[6950],"tags":[],"jetpack_publicize_connections":[],"yoast_head":"<!-- This site is optimized with the Yoast SEO plugin v19.1 - https:\/\/yoast.com\/wordpress\/plugins\/seo\/ -->\n<title>Nazif Cungu voton s\u00eb bashku me familjen: Votoni masivisht p\u00ebr t\u00eb ardhmen tuaj - Lajme nga Ulqini<\/title>\n<meta name=\"description\" content=\"Sot kryetari i komun\u00ebs s\u00eb Ulqinit, Nazif Cungu e p\u00ebrmbushi detyrimin si qytetar dhe si shqiptar dhe bashk\u00eb me familjar\u00ebt e ti dol\u00ebn dhe votuan numrin 1\" \/>\n<meta name=\"robots\" content=\"index, follow, max-snippet:-1, max-image-preview:large, max-video-preview:-1\" \/>\n<link rel=\"canonical\" href=\"https:\/\/www.visit-ulcinj.com\/blog\/2016\/10\/16\/nazif-cungu-voton-se-bashku-familjen-votoni-masivisht-per-te-ardhmen-tuaj\/\" \/>\n<meta property=\"og:locale\" content=\"en_US\" \/>\n<meta property=\"og:type\" content=\"article\" \/>\n<meta property=\"og:title\" content=\"Nazif Cungu voton s\u00eb bashku me familjen: Votoni masivisht p\u00ebr t\u00eb ardhmen tuaj - Lajme nga Ulqini\" \/>\n<meta property=\"og:description\" content=\"Sot kryetari i komun\u00ebs s\u00eb Ulqinit, Nazif Cungu e p\u00ebrmbushi detyrimin si qytetar dhe si shqiptar dhe bashk\u00eb me familjar\u00ebt e ti dol\u00ebn dhe votuan numrin 1\" \/>\n<meta property=\"og:url\" content=\"https:\/\/www.visit-ulcinj.com\/blog\/2016\/10\/16\/nazif-cungu-voton-se-bashku-familjen-votoni-masivisht-per-te-ardhmen-tuaj\/\" \/>\n<meta property=\"og:site_name\" content=\"Lajme nga Ulqini\" \/>\n<meta property=\"article:published_time\" content=\"2016-10-16T09:09:52+00:00\" \/>\n<meta property=\"article:modified_time\" content=\"2016-10-16T09:13:53+00:00\" \/>\n<meta name=\"twitter:label1\" content=\"Written by\" \/>\n\t<meta name=\"twitter:data1\" content=\"ulqini\" \/>\n\t<meta name=\"twitter:label2\" content=\"Est. reading time\" \/>\n\t<meta name=\"twitter:data2\" content=\"1 minute\" \/>\n<script type=\"application\/ld+json\" class=\"yoast-schema-graph\">{\"@context\":\"https:\/\/schema.org\",\"@graph\":[{\"@type\":\"WebSite\",\"@id\":\"https:\/\/www.visit-ulcinj.com\/blog\/#website\",\"url\":\"https:\/\/www.visit-ulcinj.com\/blog\/\",\"name\":\"Lajme nga Ulqini\",\"description\":\"Lajme,Vijesti,Ulqini,Ulqin,Crna Gora,Mali i Zi\",\"potentialAction\":[{\"@type\":\"SearchAction\",\"target\":{\"@type\":\"EntryPoint\",\"urlTemplate\":\"https:\/\/www.visit-ulcinj.com\/blog\/?s={search_term_string}\"},\"query-input\":\"required name=search_term_string\"}],\"inLanguage\":\"en-US\"},{\"@type\":\"WebPage\",\"@id\":\"https:\/\/www.visit-ulcinj.com\/blog\/2016\/10\/16\/nazif-cungu-voton-se-bashku-familjen-votoni-masivisht-per-te-ardhmen-tuaj\/#webpage\",\"url\":\"https:\/\/www.visit-ulcinj.com\/blog\/2016\/10\/16\/nazif-cungu-voton-se-bashku-familjen-votoni-masivisht-per-te-ardhmen-tuaj\/\",\"name\":\"Nazif Cungu voton s\u00eb bashku me familjen: Votoni masivisht p\u00ebr t\u00eb ardhmen tuaj - Lajme nga Ulqini\",\"isPartOf\":{\"@id\":\"https:\/\/www.visit-ulcinj.com\/blog\/#website\"},\"datePublished\":\"2016-10-16T09:09:52+00:00\",\"dateModified\":\"2016-10-16T09:13:53+00:00\",\"author\":{\"@id\":\"https:\/\/www.visit-ulcinj.com\/blog\/#\/schema\/person\/dcab619c614d3038751c63bc2aadc06d\"},\"description\":\"Sot kryetari i komun\u00ebs s\u00eb Ulqinit, Nazif Cungu e p\u00ebrmbushi detyrimin si qytetar dhe si shqiptar dhe bashk\u00eb me familjar\u00ebt e ti dol\u00ebn dhe votuan numrin 1\",\"breadcrumb\":{\"@id\":\"https:\/\/www.visit-ulcinj.com\/blog\/2016\/10\/16\/nazif-cungu-voton-se-bashku-familjen-votoni-masivisht-per-te-ardhmen-tuaj\/#breadcrumb\"},\"inLanguage\":\"en-US\",\"potentialAction\":[{\"@type\":\"ReadAction\",\"target\":[\"https:\/\/www.visit-ulcinj.com\/blog\/2016\/10\/16\/nazif-cungu-voton-se-bashku-familjen-votoni-masivisht-per-te-ardhmen-tuaj\/\"]}]},{\"@type\":\"BreadcrumbList\",\"@id\":\"https:\/\/www.visit-ulcinj.com\/blog\/2016\/10\/16\/nazif-cungu-voton-se-bashku-familjen-votoni-masivisht-per-te-ardhmen-tuaj\/#breadcrumb\",\"itemListElement\":[{\"@type\":\"ListItem\",\"position\":1,\"name\":\"Nazif Cungu voton s\u00eb bashku me familjen: Votoni masivisht p\u00ebr t\u00eb ardhmen tuaj\"}]},{\"@type\":\"Person\",\"@id\":\"https:\/\/www.visit-ulcinj.com\/blog\/#\/schema\/person\/dcab619c614d3038751c63bc2aadc06d\",\"name\":\"ulqini\",\"sameAs\":[\"http:\/\/www.visit-ulcinj.com\"],\"url\":\"https:\/\/www.visit-ulcinj.com\/blog\/author\/admin\/\"}]}<\/script>\n<!-- \/ Yoast SEO plugin. -->","yoast_head_json":{"title":"Nazif Cungu voton s\u00eb bashku me familjen: Votoni masivisht p\u00ebr t\u00eb ardhmen tuaj - Lajme nga Ulqini","description":"Sot kryetari i komun\u00ebs s\u00eb Ulqinit, Nazif Cungu e p\u00ebrmbushi detyrimin si qytetar dhe si shqiptar dhe bashk\u00eb me familjar\u00ebt e ti dol\u00ebn dhe votuan numrin 1","robots":{"index":"index","follow":"follow","max-snippet":"max-snippet:-1","max-image-preview":"max-image-preview:large","max-video-preview":"max-video-preview:-1"},"canonical":"https:\/\/www.visit-ulcinj.com\/blog\/2016\/10\/16\/nazif-cungu-voton-se-bashku-familjen-votoni-masivisht-per-te-ardhmen-tuaj\/","og_locale":"en_US","og_type":"article","og_title":"Nazif Cungu voton s\u00eb bashku me familjen: Votoni masivisht p\u00ebr t\u00eb ardhmen tuaj - Lajme nga Ulqini","og_description":"Sot kryetari i komun\u00ebs s\u00eb Ulqinit, Nazif Cungu e p\u00ebrmbushi detyrimin si qytetar dhe si shqiptar dhe bashk\u00eb me familjar\u00ebt e ti dol\u00ebn dhe votuan numrin 1","og_url":"https:\/\/www.visit-ulcinj.com\/blog\/2016\/10\/16\/nazif-cungu-voton-se-bashku-familjen-votoni-masivisht-per-te-ardhmen-tuaj\/","og_site_name":"Lajme nga Ulqini","article_published_time":"2016-10-16T09:09:52+00:00","article_modified_time":"2016-10-16T09:13:53+00:00","twitter_misc":{"Written by":"ulqini","Est. reading time":"1 minute"},"schema":{"@context":"https:\/\/schema.org","@graph":[{"@type":"WebSite","@id":"https:\/\/www.visit-ulcinj.com\/blog\/#website","url":"https:\/\/www.visit-ulcinj.com\/blog\/","name":"Lajme nga Ulqini","description":"Lajme,Vijesti,Ulqini,Ulqin,Crna Gora,Mali i Zi","potentialAction":[{"@type":"SearchAction","target":{"@type":"EntryPoint","urlTemplate":"https:\/\/www.visit-ulcinj.com\/blog\/?s={search_term_string}"},"query-input":"required name=search_term_string"}],"inLanguage":"en-US"},{"@type":"WebPage","@id":"https:\/\/www.visit-ulcinj.com\/blog\/2016\/10\/16\/nazif-cungu-voton-se-bashku-familjen-votoni-masivisht-per-te-ardhmen-tuaj\/#webpage","url":"https:\/\/www.visit-ulcinj.com\/blog\/2016\/10\/16\/nazif-cungu-voton-se-bashku-familjen-votoni-masivisht-per-te-ardhmen-tuaj\/","name":"Nazif Cungu voton s\u00eb bashku me familjen: Votoni masivisht p\u00ebr t\u00eb ardhmen tuaj - Lajme nga Ulqini","isPartOf":{"@id":"https:\/\/www.visit-ulcinj.com\/blog\/#website"},"datePublished":"2016-10-16T09:09:52+00:00","dateModified":"2016-10-16T09:13:53+00:00","author":{"@id":"https:\/\/www.visit-ulcinj.com\/blog\/#\/schema\/person\/dcab619c614d3038751c63bc2aadc06d"},"description":"Sot kryetari i komun\u00ebs s\u00eb Ulqinit, Nazif Cungu e p\u00ebrmbushi detyrimin si qytetar dhe si shqiptar dhe bashk\u00eb me familjar\u00ebt e ti dol\u00ebn dhe votuan numrin 1","breadcrumb":{"@id":"https:\/\/www.visit-ulcinj.com\/blog\/2016\/10\/16\/nazif-cungu-voton-se-bashku-familjen-votoni-masivisht-per-te-ardhmen-tuaj\/#breadcrumb"},"inLanguage":"en-US","potentialAction":[{"@type":"ReadAction","target":["https:\/\/www.visit-ulcinj.com\/blog\/2016\/10\/16\/nazif-cungu-voton-se-bashku-familjen-votoni-masivisht-per-te-ardhmen-tuaj\/"]}]},{"@type":"BreadcrumbList","@id":"https:\/\/www.visit-ulcinj.com\/blog\/2016\/10\/16\/nazif-cungu-voton-se-bashku-familjen-votoni-masivisht-per-te-ardhmen-tuaj\/#breadcrumb","itemListElement":[{"@type":"ListItem","position":1,"name":"Nazif Cungu voton s\u00eb bashku me familjen: Votoni masivisht p\u00ebr t\u00eb ardhmen tuaj"}]},{"@type":"Person","@id":"https:\/\/www.visit-ulcinj.com\/blog\/#\/schema\/person\/dcab619c614d3038751c63bc2aadc06d","name":"ulqini","sameAs":["http:\/\/www.visit-ulcinj.com"],"url":"https:\/\/www.visit-ulcinj.com\/blog\/author\/admin\/"}]}},"jetpack_featured_media_url":"","jetpack_sharing_enabled":true,"jetpack_shortlink":"https:\/\/wp.me\/pe6lTn-q5V","_links":{"self":[{"href":"https:\/\/www.visit-ulcinj.com\/blog\/wp-json\/wp\/v2\/posts\/100311"}],"collection":[{"href":"https:\/\/www.visit-ulcinj.com\/blog\/wp-json\/wp\/v2\/posts"}],"about":[{"href":"https:\/\/www.visit-ulcinj.com\/blog\/wp-json\/wp\/v2\/types\/post"}],"author":[{"embeddable":true,"href":"https:\/\/www.visit-ulcinj.com\/blog\/wp-json\/wp\/v2\/users\/1"}],"replies":[{"embeddable":true,"href":"https:\/\/www.visit-ulcinj.com\/blog\/wp-json\/wp\/v2\/comments?post=100311"}],"version-history":[{"count":2,"href":"https:\/\/www.visit-ulcinj.com\/blog\/wp-json\/wp\/v2\/posts\/100311\/revisions"}],"predecessor-version":[{"id":100319,"href":"https:\/\/www.visit-ulcinj.com\/blog\/wp-json\/wp\/v2\/posts\/100311\/revisions\/100319"}],"wp:attachment":[{"href":"https:\/\/www.visit-ulcinj.com\/blog\/wp-json\/wp\/v2\/media?parent=100311"}],"wp:term":[{"taxonomy":"category","embeddable":true,"href":"https:\/\/www.visit-ulcinj.com\/blog\/wp-json\/wp\/v2\/categories?post=100311"},{"taxonomy":"post_tag","embeddable":true,"href":"https:\/\/www.visit-ulcinj.com\/blog\/wp-json\/wp\/v2\/tags?post=100311"}],"curies":[{"name":"wp","href":"https:\/\/api.w.org\/{rel}","templated":true}]}}