{"id":100320,"date":"2016-10-16T10:25:35","date_gmt":"2016-10-16T09:25:35","guid":{"rendered":"http:\/\/www.visit-ulcinj.com\/blog\/?p=100320"},"modified":"2016-10-16T10:28:03","modified_gmt":"2016-10-16T09:28:03","slug":"gezim-hajdinaga-nga-koalicioni-shqiptar-malit-te-zi-te-rishikohet-ceshtja-e-demarkacionit","status":"publish","type":"post","link":"https:\/\/www.visit-ulcinj.com\/blog\/2016\/10\/16\/gezim-hajdinaga-nga-koalicioni-shqiptar-malit-te-zi-te-rishikohet-ceshtja-e-demarkacionit\/","title":{"rendered":"G\u00ebzim Hajdinaga nga Koalicioni shqiptar i Malit t\u00eb Zi: T\u00eb rishikohet \u00e7\u00ebshtja e Demarkacionit"},"content":{"rendered":"<p><em><strong><a href=\"http:\/\/www.visit-ulcinj.com\/blog\/wp-content\/uploads\/2016\/10\/G\u00ebzim-Hajdinaga-nga-Koalicioni-shqiptar-me-nji\u00eb-qellim.jpg\"><img loading=\"lazy\" class=\"alignleft wp-image-100321\" src=\"http:\/\/www.visit-ulcinj.com\/blog\/wp-content\/uploads\/2016\/10\/G\u00ebzim-Hajdinaga-nga-Koalicioni-shqiptar-me-nji\u00eb-qellim.jpg\" alt=\"G\u00ebzim Hajdinaga nga Koalicioni shqiptar me nji\u00eb qellim\" width=\"508\" height=\"339\" srcset=\"https:\/\/www.visit-ulcinj.com\/blog\/wp-content\/uploads\/2016\/10\/G\u00ebzim-Hajdinaga-nga-Koalicioni-shqiptar-me-nji\u00eb-qellim.jpg 960w, https:\/\/www.visit-ulcinj.com\/blog\/wp-content\/uploads\/2016\/10\/G\u00ebzim-Hajdinaga-nga-Koalicioni-shqiptar-me-nji\u00eb-qellim-300x200.jpg 300w, https:\/\/www.visit-ulcinj.com\/blog\/wp-content\/uploads\/2016\/10\/G\u00ebzim-Hajdinaga-nga-Koalicioni-shqiptar-me-nji\u00eb-qellim-768x512.jpg 768w\" sizes=\"(max-width: 508px) 100vw, 508px\" \/><\/a>Nj\u00eb dit\u00eb para zgjedhjeve parlamentare n\u00eb Mal t\u00eb Zi, G\u00ebzim Hajdinaga, kryesues i List\u00ebs q\u00eb p\u00ebrfaq\u00ebson koalicionin \u201cMe nj\u00eb q\u00ebllim\u201d, t\u00eb p\u00ebrb\u00ebr\u00eb nga Partia Demokratike, Iniciativa Qytetare-Tuz, Lidhja Demokratike n\u00eb Mal t\u00eb Zi dhe L\u00ebvizja Qytetare \u201cPerspektiva\u201d, n\u00eb nj\u00eb intervist\u00eb ekskluzive p\u00ebr emisionin \u2018Alo Mir\u00ebm\u00ebngjesi\u2019 t\u00eb Radio Dukagjinit ka folur p\u00ebr pritjet dhe r\u00ebnd\u00ebsin\u00eb q\u00eb kan\u00eb k\u00ebto zgjedhje dhe p\u00ebr bashkimin e forcave shqiptare atje. <\/strong><\/em><\/p>\n<p>Hajdinaga ka folur edhe p\u00ebr q\u00ebndimin e forc\u00ebs s\u00eb bashkuar shqiptare rreth Demarkacionit Kosov\u00eb-Mali i Zi, nd\u00ebrsa k\u00ebto zgjedhje i ka vler\u00ebsuar si m\u00eb t\u00eb r\u00ebnd\u00ebsishmet pas referendumit p\u00ebr pavar\u00ebsin\u00eb e Malit t\u00eb Zi.<\/p>\n<p>\u201cBashkimi i forcave n\u00eb koalicionin ton\u00eb shqiptar\u00eb, gjithsesi \u00ebsht\u00eb nj\u00eb hap para dhe, mos t\u00eb harrojm\u00eb se shqiptar\u00ebt k\u00ebtu edhe k\u00ebsaj here jan\u00eb me tre lista (koalicione). Bashkimi \u00ebsht\u00eb i r\u00ebnd\u00ebsish\u00ebm meq\u00eb k\u00ebto zgjedhje jan\u00eb edhe m\u00eb t\u00eb r\u00ebnd\u00ebsishmet dhe vendimtare p\u00ebr integrimet tona, do t\u00eb thoja jan\u00eb m\u00eb t\u00eb r\u00ebnd\u00ebsishmet pas referendumit p\u00ebr pavar\u00ebsin\u00eb e Malit t\u00eb Zi.\u201d-tha Hajdinaga.<\/p>\n<div class=\"in-artad\"><\/div>\n<p>G\u00ebzim Hajdinaga q\u00eb ka qen\u00eb edhe ish minist\u00ebr p\u00ebr t\u00eb drejtat e pakicave n\u00eb Qeverin\u00eb e Malit t\u00eb Zi dhe ish-kryetar i Komun\u00ebs s\u00eb Ulqinit e tash kryesues i List\u00ebs shqiptare me moton \u2018Me nj\u00eb Q\u00ebllim\u2019, duke folur p\u00ebr Radio Dukagjinin, \u00ebsht\u00eb prononcuar edhe p\u00ebr \u00e7\u00ebshtjen e Demarkacionit Kosov\u00eb-Mali i Zi.<\/p>\n<p>\u201cTek \u00e7\u00ebshtja e Deamarkacionit Mali i Zi \u2013 Kosov\u00eb, mendojm\u00eb se negociatat jan\u00eb arma m\u00eb e mir\u00eb e rishikimit t\u00eb \u00e7do pengese q\u00eb mund t\u00eb ket\u00eb n\u00eb bisedimet nd\u00ebrfqinj\u00ebsore, por edhe mes vete. Un\u00eb uroj q\u00eb kjo t\u00eb shkoj\u00eb n\u00eb t\u00eb mir\u00eb t\u00eb t\u00eb dyja shteteve pa u prekur asnje milimet\u00ebr nga asnj\u00ebri shtet, por duke u verifikuar e v\u00ebrteta. \u00c7\u00ebshtja t\u00eb zgjidhet edhe pajtimin e popullat\u00ebs andej dhe k\u00ebndej kufirit\u201d,deklaroi Hajdinaga, p\u00ebr Radio Dukagjinin. \/RTV Dukagjini\/<\/p>\n<p><a href=\"http:\/\/www.visit-ulcinj.com\/blog\/wp-content\/uploads\/2016\/10\/G\u00ebzim-Hajdinaga-nga-Koalicioni-shqiptar-me-nji\u00eb-qellim-1.jpg\"><img loading=\"lazy\" class=\"alignleft wp-image-100324\" src=\"http:\/\/www.visit-ulcinj.com\/blog\/wp-content\/uploads\/2016\/10\/G\u00ebzim-Hajdinaga-nga-Koalicioni-shqiptar-me-nji\u00eb-qellim-1.jpg\" alt=\"G\u00ebzim Hajdinaga nga Koalicioni shqiptar me nji\u00eb qellim-1\" width=\"508\" height=\"339\" srcset=\"https:\/\/www.visit-ulcinj.com\/blog\/wp-content\/uploads\/2016\/10\/G\u00ebzim-Hajdinaga-nga-Koalicioni-shqiptar-me-nji\u00eb-qellim-1.jpg 960w, https:\/\/www.visit-ulcinj.com\/blog\/wp-content\/uploads\/2016\/10\/G\u00ebzim-Hajdinaga-nga-Koalicioni-shqiptar-me-nji\u00eb-qellim-1-300x200.jpg 300w, https:\/\/www.visit-ulcinj.com\/blog\/wp-content\/uploads\/2016\/10\/G\u00ebzim-Hajdinaga-nga-Koalicioni-shqiptar-me-nji\u00eb-qellim-1-768x512.jpg 768w\" sizes=\"(max-width: 508px) 100vw, 508px\" \/><\/a><\/p>\n<p>N\u00eb Qendr\u00ebn e kultur\u00ebs, Koalicioni Shqiptar ,,Me nj\u00eb q\u00ebllim&#8221; mbajti promovimin p\u00ebrfundimtar, me pjes\u00ebmarrjen e nj\u00eb numri t\u00eb madh t\u00eb an\u00ebtar\u00ebve dhe simpatizuesve t\u00eb tij. Me k\u00ebt\u00eb promovim u mbyll me sukses fushata parazgjedhore dhe shpresojm\u00eb qe, m\u00eb 16 tetor do t\u00eb festojm\u00eb FITOREN! N\u00eb k\u00ebt\u00eb promovim t\u00eb Koalicionit Shqiptar ,,Me nj\u00eb q\u00ebllim&#8221;, fol\u00ebn krer\u00ebt e partive politike dhe kandidat\u00ebt p\u00ebr deputet\u00eb: znj. Suela Avdiu, z. Vasel Sinishtaj, ish deputet n\u00eb Kuvendin e <span class=\"text_exposed_show\">Malit t\u00eb Zi, znj. Zana Sarvan, kandidate p\u00ebr deputete,nj\u00eb fem\u00ebr q\u00eb sfidoi v\u00ebshtir\u00ebsit\u00eb dhe mori guximin t\u00eb hyj\u00eb n\u00eb politik\u00eb duke qen\u00eb e suksehme n\u00eb krye t\u00eb pun\u00ebs, z. Mehmet Bardhi, kryetar i LD n\u00eb MZ-s\u00eb, ai q\u00eb ishte i pari, luft\u00ebtari i palodhur p\u00ebr ngritjen e z\u00ebrit n\u00eb mbrojtjen e t\u00eb drejtave politike, ekonomike, arsimore,kulturore e trash\u00ebgimore t\u00eb shqiptar\u00ebve n\u00eb Malin e Zi, z. Fatmir Gjeka, kryetar i PD-s\u00eb, ish deputet n\u00eb Kuvendin e Malit t\u00eb Zi dhe ish kryetar i Komun\u00ebs s\u00eb Ulqinit dhe bart\u00ebsi i list\u00ebs, njeriu me nj\u00eb karrier\u00eb t\u00eb begat\u00eb politike, ish minist\u00ebr n\u00eb Ministrin\u00eb p\u00ebr Popujt Pakic\u00eb dhe ish kryetar i Komun\u00ebs s\u00eb Ulqinit, z. G\u00ebzim Hajdinaga..<br \/>\nJu fal\u00ebnderojm\u00eb t\u00eb gjith\u00ebve q\u00eb na mb\u00ebshtetet q\u00eb nga fillimi dhe dhasht\u00eb Zoti, p\u00ebrs\u00ebri s\u00eb bashku t\u00eb festojm\u00eb fitoren e madhe t\u00eb Koalicionit Shqiptar ,,Me nj\u00eb q\u00ebllim&#8221;, me k\u00ebng\u00eb, valle e plot g\u00ebzim!<\/span><\/p>\n","protected":false},"excerpt":{"rendered":"<p>Nj\u00eb dit\u00eb para zgjedhjeve parlamentare n\u00eb Mal t\u00eb Zi, G\u00ebzim Hajdinaga, kryesues i List\u00ebs q\u00eb p\u00ebrfaq\u00ebson koalicionin \u201cMe nj\u00eb q\u00ebllim\u201d, t\u00eb p\u00ebrb\u00ebr\u00eb nga Partia Demokratike, Iniciativa Qytetare-Tuz, Lidhja Demokratike n\u00eb Mal t\u00eb Zi dhe L\u00ebvizja Qytetare \u201cPerspektiva\u201d, n\u00eb nj\u00eb intervist\u00eb ekskluzive p\u00ebr emisionin \u2018Alo Mir\u00ebm\u00ebngjesi\u2019 t\u00eb Radio Dukagjinit ka folur p\u00ebr pritjet dhe r\u00ebnd\u00ebsin\u00eb q\u00eb [&hellip;]<\/p>\n","protected":false},"author":1,"featured_media":0,"comment_status":"closed","ping_status":"closed","sticky":false,"template":"","format":"standard","meta":{"spay_email":"","jetpack_publicize_message":"","jetpack_is_tweetstorm":false,"jetpack_publicize_feature_enabled":true},"categories":[12],"tags":[],"jetpack_publicize_connections":[],"yoast_head":"<!-- This site is optimized with the Yoast SEO plugin v19.1 - https:\/\/yoast.com\/wordpress\/plugins\/seo\/ -->\n<title>G\u00ebzim Hajdinaga nga Koalicioni shqiptar i Malit t\u00eb Zi: T\u00eb rishikohet \u00e7\u00ebshtja e Demarkacionit - Lajme nga Ulqini<\/title>\n<meta name=\"description\" content=\"Nj\u00eb dit\u00eb para zgjedhjeve parlamentare n\u00eb Mal t\u00eb Zi, G\u00ebzim Hajdinaga, kryesues i List\u00ebs q\u00eb p\u00ebrfaq\u00ebson koalicionin \u201cMe nj\u00eb q\u00ebllim\u201d, t\u00eb p\u00ebrb\u00ebr\u00eb nga Partia\" \/>\n<meta name=\"robots\" content=\"index, follow, max-snippet:-1, max-image-preview:large, max-video-preview:-1\" \/>\n<link rel=\"canonical\" href=\"https:\/\/www.visit-ulcinj.com\/blog\/2016\/10\/16\/gezim-hajdinaga-nga-koalicioni-shqiptar-malit-te-zi-te-rishikohet-ceshtja-e-demarkacionit\/\" \/>\n<meta property=\"og:locale\" content=\"en_US\" \/>\n<meta property=\"og:type\" content=\"article\" \/>\n<meta property=\"og:title\" content=\"G\u00ebzim Hajdinaga nga Koalicioni shqiptar i Malit t\u00eb Zi: T\u00eb rishikohet \u00e7\u00ebshtja e Demarkacionit - Lajme nga Ulqini\" \/>\n<meta property=\"og:description\" content=\"Nj\u00eb dit\u00eb para zgjedhjeve parlamentare n\u00eb Mal t\u00eb Zi, G\u00ebzim Hajdinaga, kryesues i List\u00ebs q\u00eb p\u00ebrfaq\u00ebson koalicionin \u201cMe nj\u00eb q\u00ebllim\u201d, t\u00eb p\u00ebrb\u00ebr\u00eb nga Partia\" \/>\n<meta property=\"og:url\" content=\"https:\/\/www.visit-ulcinj.com\/blog\/2016\/10\/16\/gezim-hajdinaga-nga-koalicioni-shqiptar-malit-te-zi-te-rishikohet-ceshtja-e-demarkacionit\/\" \/>\n<meta property=\"og:site_name\" content=\"Lajme nga Ulqini\" \/>\n<meta property=\"article:published_time\" content=\"2016-10-16T09:25:35+00:00\" \/>\n<meta property=\"article:modified_time\" content=\"2016-10-16T09:28:03+00:00\" \/>\n<meta name=\"twitter:label1\" content=\"Written by\" \/>\n\t<meta name=\"twitter:data1\" content=\"ulqini\" \/>\n\t<meta name=\"twitter:label2\" content=\"Est. reading time\" \/>\n\t<meta name=\"twitter:data2\" content=\"3 minutes\" \/>\n<script type=\"application\/ld+json\" class=\"yoast-schema-graph\">{\"@context\":\"https:\/\/schema.org\",\"@graph\":[{\"@type\":\"WebSite\",\"@id\":\"https:\/\/www.visit-ulcinj.com\/blog\/#website\",\"url\":\"https:\/\/www.visit-ulcinj.com\/blog\/\",\"name\":\"Lajme nga Ulqini\",\"description\":\"Lajme,Vijesti,Ulqini,Ulqin,Crna Gora,Mali i Zi\",\"potentialAction\":[{\"@type\":\"SearchAction\",\"target\":{\"@type\":\"EntryPoint\",\"urlTemplate\":\"https:\/\/www.visit-ulcinj.com\/blog\/?s={search_term_string}\"},\"query-input\":\"required name=search_term_string\"}],\"inLanguage\":\"en-US\"},{\"@type\":\"WebPage\",\"@id\":\"https:\/\/www.visit-ulcinj.com\/blog\/2016\/10\/16\/gezim-hajdinaga-nga-koalicioni-shqiptar-malit-te-zi-te-rishikohet-ceshtja-e-demarkacionit\/#webpage\",\"url\":\"https:\/\/www.visit-ulcinj.com\/blog\/2016\/10\/16\/gezim-hajdinaga-nga-koalicioni-shqiptar-malit-te-zi-te-rishikohet-ceshtja-e-demarkacionit\/\",\"name\":\"G\u00ebzim Hajdinaga nga Koalicioni shqiptar i Malit t\u00eb Zi: T\u00eb rishikohet \u00e7\u00ebshtja e Demarkacionit - Lajme nga Ulqini\",\"isPartOf\":{\"@id\":\"https:\/\/www.visit-ulcinj.com\/blog\/#website\"},\"datePublished\":\"2016-10-16T09:25:35+00:00\",\"dateModified\":\"2016-10-16T09:28:03+00:00\",\"author\":{\"@id\":\"https:\/\/www.visit-ulcinj.com\/blog\/#\/schema\/person\/dcab619c614d3038751c63bc2aadc06d\"},\"description\":\"Nj\u00eb dit\u00eb para zgjedhjeve parlamentare n\u00eb Mal t\u00eb Zi, G\u00ebzim Hajdinaga, kryesues i List\u00ebs q\u00eb p\u00ebrfaq\u00ebson koalicionin \u201cMe nj\u00eb q\u00ebllim\u201d, t\u00eb p\u00ebrb\u00ebr\u00eb nga Partia\",\"breadcrumb\":{\"@id\":\"https:\/\/www.visit-ulcinj.com\/blog\/2016\/10\/16\/gezim-hajdinaga-nga-koalicioni-shqiptar-malit-te-zi-te-rishikohet-ceshtja-e-demarkacionit\/#breadcrumb\"},\"inLanguage\":\"en-US\",\"potentialAction\":[{\"@type\":\"ReadAction\",\"target\":[\"https:\/\/www.visit-ulcinj.com\/blog\/2016\/10\/16\/gezim-hajdinaga-nga-koalicioni-shqiptar-malit-te-zi-te-rishikohet-ceshtja-e-demarkacionit\/\"]}]},{\"@type\":\"BreadcrumbList\",\"@id\":\"https:\/\/www.visit-ulcinj.com\/blog\/2016\/10\/16\/gezim-hajdinaga-nga-koalicioni-shqiptar-malit-te-zi-te-rishikohet-ceshtja-e-demarkacionit\/#breadcrumb\",\"itemListElement\":[{\"@type\":\"ListItem\",\"position\":1,\"name\":\"G\u00ebzim Hajdinaga nga Koalicioni shqiptar i Malit t\u00eb Zi: T\u00eb rishikohet \u00e7\u00ebshtja e Demarkacionit\"}]},{\"@type\":\"Person\",\"@id\":\"https:\/\/www.visit-ulcinj.com\/blog\/#\/schema\/person\/dcab619c614d3038751c63bc2aadc06d\",\"name\":\"ulqini\",\"sameAs\":[\"http:\/\/www.visit-ulcinj.com\"],\"url\":\"https:\/\/www.visit-ulcinj.com\/blog\/author\/admin\/\"}]}<\/script>\n<!-- \/ Yoast SEO plugin. -->","yoast_head_json":{"title":"G\u00ebzim Hajdinaga nga Koalicioni shqiptar i Malit t\u00eb Zi: T\u00eb rishikohet \u00e7\u00ebshtja e Demarkacionit - Lajme nga Ulqini","description":"Nj\u00eb dit\u00eb para zgjedhjeve parlamentare n\u00eb Mal t\u00eb Zi, G\u00ebzim Hajdinaga, kryesues i List\u00ebs q\u00eb p\u00ebrfaq\u00ebson koalicionin \u201cMe nj\u00eb q\u00ebllim\u201d, t\u00eb p\u00ebrb\u00ebr\u00eb nga Partia","robots":{"index":"index","follow":"follow","max-snippet":"max-snippet:-1","max-image-preview":"max-image-preview:large","max-video-preview":"max-video-preview:-1"},"canonical":"https:\/\/www.visit-ulcinj.com\/blog\/2016\/10\/16\/gezim-hajdinaga-nga-koalicioni-shqiptar-malit-te-zi-te-rishikohet-ceshtja-e-demarkacionit\/","og_locale":"en_US","og_type":"article","og_title":"G\u00ebzim Hajdinaga nga Koalicioni shqiptar i Malit t\u00eb Zi: T\u00eb rishikohet \u00e7\u00ebshtja e Demarkacionit - Lajme nga Ulqini","og_description":"Nj\u00eb dit\u00eb para zgjedhjeve parlamentare n\u00eb Mal t\u00eb Zi, G\u00ebzim Hajdinaga, kryesues i List\u00ebs q\u00eb p\u00ebrfaq\u00ebson koalicionin \u201cMe nj\u00eb q\u00ebllim\u201d, t\u00eb p\u00ebrb\u00ebr\u00eb nga Partia","og_url":"https:\/\/www.visit-ulcinj.com\/blog\/2016\/10\/16\/gezim-hajdinaga-nga-koalicioni-shqiptar-malit-te-zi-te-rishikohet-ceshtja-e-demarkacionit\/","og_site_name":"Lajme nga Ulqini","article_published_time":"2016-10-16T09:25:35+00:00","article_modified_time":"2016-10-16T09:28:03+00:00","twitter_misc":{"Written by":"ulqini","Est. reading time":"3 minutes"},"schema":{"@context":"https:\/\/schema.org","@graph":[{"@type":"WebSite","@id":"https:\/\/www.visit-ulcinj.com\/blog\/#website","url":"https:\/\/www.visit-ulcinj.com\/blog\/","name":"Lajme nga Ulqini","description":"Lajme,Vijesti,Ulqini,Ulqin,Crna Gora,Mali i Zi","potentialAction":[{"@type":"SearchAction","target":{"@type":"EntryPoint","urlTemplate":"https:\/\/www.visit-ulcinj.com\/blog\/?s={search_term_string}"},"query-input":"required name=search_term_string"}],"inLanguage":"en-US"},{"@type":"WebPage","@id":"https:\/\/www.visit-ulcinj.com\/blog\/2016\/10\/16\/gezim-hajdinaga-nga-koalicioni-shqiptar-malit-te-zi-te-rishikohet-ceshtja-e-demarkacionit\/#webpage","url":"https:\/\/www.visit-ulcinj.com\/blog\/2016\/10\/16\/gezim-hajdinaga-nga-koalicioni-shqiptar-malit-te-zi-te-rishikohet-ceshtja-e-demarkacionit\/","name":"G\u00ebzim Hajdinaga nga Koalicioni shqiptar i Malit t\u00eb Zi: T\u00eb rishikohet \u00e7\u00ebshtja e Demarkacionit - Lajme nga Ulqini","isPartOf":{"@id":"https:\/\/www.visit-ulcinj.com\/blog\/#website"},"datePublished":"2016-10-16T09:25:35+00:00","dateModified":"2016-10-16T09:28:03+00:00","author":{"@id":"https:\/\/www.visit-ulcinj.com\/blog\/#\/schema\/person\/dcab619c614d3038751c63bc2aadc06d"},"description":"Nj\u00eb dit\u00eb para zgjedhjeve parlamentare n\u00eb Mal t\u00eb Zi, G\u00ebzim Hajdinaga, kryesues i List\u00ebs q\u00eb p\u00ebrfaq\u00ebson koalicionin \u201cMe nj\u00eb q\u00ebllim\u201d, t\u00eb p\u00ebrb\u00ebr\u00eb nga Partia","breadcrumb":{"@id":"https:\/\/www.visit-ulcinj.com\/blog\/2016\/10\/16\/gezim-hajdinaga-nga-koalicioni-shqiptar-malit-te-zi-te-rishikohet-ceshtja-e-demarkacionit\/#breadcrumb"},"inLanguage":"en-US","potentialAction":[{"@type":"ReadAction","target":["https:\/\/www.visit-ulcinj.com\/blog\/2016\/10\/16\/gezim-hajdinaga-nga-koalicioni-shqiptar-malit-te-zi-te-rishikohet-ceshtja-e-demarkacionit\/"]}]},{"@type":"BreadcrumbList","@id":"https:\/\/www.visit-ulcinj.com\/blog\/2016\/10\/16\/gezim-hajdinaga-nga-koalicioni-shqiptar-malit-te-zi-te-rishikohet-ceshtja-e-demarkacionit\/#breadcrumb","itemListElement":[{"@type":"ListItem","position":1,"name":"G\u00ebzim Hajdinaga nga Koalicioni shqiptar i Malit t\u00eb Zi: T\u00eb rishikohet \u00e7\u00ebshtja e Demarkacionit"}]},{"@type":"Person","@id":"https:\/\/www.visit-ulcinj.com\/blog\/#\/schema\/person\/dcab619c614d3038751c63bc2aadc06d","name":"ulqini","sameAs":["http:\/\/www.visit-ulcinj.com"],"url":"https:\/\/www.visit-ulcinj.com\/blog\/author\/admin\/"}]}},"jetpack_featured_media_url":"","jetpack_sharing_enabled":true,"jetpack_shortlink":"https:\/\/wp.me\/pe6lTn-q64","_links":{"self":[{"href":"https:\/\/www.visit-ulcinj.com\/blog\/wp-json\/wp\/v2\/posts\/100320"}],"collection":[{"href":"https:\/\/www.visit-ulcinj.com\/blog\/wp-json\/wp\/v2\/posts"}],"about":[{"href":"https:\/\/www.visit-ulcinj.com\/blog\/wp-json\/wp\/v2\/types\/post"}],"author":[{"embeddable":true,"href":"https:\/\/www.visit-ulcinj.com\/blog\/wp-json\/wp\/v2\/users\/1"}],"replies":[{"embeddable":true,"href":"https:\/\/www.visit-ulcinj.com\/blog\/wp-json\/wp\/v2\/comments?post=100320"}],"version-history":[{"count":3,"href":"https:\/\/www.visit-ulcinj.com\/blog\/wp-json\/wp\/v2\/posts\/100320\/revisions"}],"predecessor-version":[{"id":100325,"href":"https:\/\/www.visit-ulcinj.com\/blog\/wp-json\/wp\/v2\/posts\/100320\/revisions\/100325"}],"wp:attachment":[{"href":"https:\/\/www.visit-ulcinj.com\/blog\/wp-json\/wp\/v2\/media?parent=100320"}],"wp:term":[{"taxonomy":"category","embeddable":true,"href":"https:\/\/www.visit-ulcinj.com\/blog\/wp-json\/wp\/v2\/categories?post=100320"},{"taxonomy":"post_tag","embeddable":true,"href":"https:\/\/www.visit-ulcinj.com\/blog\/wp-json\/wp\/v2\/tags?post=100320"}],"curies":[{"name":"wp","href":"https:\/\/api.w.org\/{rel}","templated":true}]}}