{"id":100326,"date":"2016-10-16T10:35:30","date_gmt":"2016-10-16T09:35:30","guid":{"rendered":"http:\/\/www.visit-ulcinj.com\/blog\/?p=100326"},"modified":"2016-10-16T10:35:30","modified_gmt":"2016-10-16T09:35:30","slug":"shqiptari-ne-nish-thote-vuciqit-ne-sy-fshatin-ma-keni-zbrazur","status":"publish","type":"post","link":"https:\/\/www.visit-ulcinj.com\/blog\/2016\/10\/16\/shqiptari-ne-nish-thote-vuciqit-ne-sy-fshatin-ma-keni-zbrazur\/","title":{"rendered":"Shqiptari n\u00eb Nish i thot\u00eb Vu\u00e7iqit n\u00eb sy: Fshatin ma keni zbrazur"},"content":{"rendered":"<p><strong><a href=\"http:\/\/www.visit-ulcinj.com\/blog\/wp-content\/uploads\/2016\/10\/Vucic-ne-spital-vizit-me-nji-shqiptar.jpg\"><img loading=\"lazy\" class=\"alignleft wp-image-100327\" src=\"http:\/\/www.visit-ulcinj.com\/blog\/wp-content\/uploads\/2016\/10\/Vucic-ne-spital-vizit-me-nji-shqiptar.jpg\" alt=\"Vucic ne spital vizit me nji shqiptar\" width=\"508\" height=\"299\" srcset=\"https:\/\/www.visit-ulcinj.com\/blog\/wp-content\/uploads\/2016\/10\/Vucic-ne-spital-vizit-me-nji-shqiptar.jpg 850w, https:\/\/www.visit-ulcinj.com\/blog\/wp-content\/uploads\/2016\/10\/Vucic-ne-spital-vizit-me-nji-shqiptar-300x177.jpg 300w, https:\/\/www.visit-ulcinj.com\/blog\/wp-content\/uploads\/2016\/10\/Vucic-ne-spital-vizit-me-nji-shqiptar-768x453.jpg 768w\" sizes=\"(max-width: 508px) 100vw, 508px\" \/><\/a>Ne shqiptar\u00ebt, serb\u00ebt dhe maqedon\u00ebt mund t\u2019i zgjidhim problemt tona mes veti\u201d i tha kyreministrit serb Aleksander Vu\u00e7ic shqiptari me emrin Mehmet i shtrir\u00eb n\u00eb spitalin e Nishit, \u00e7ka Vucic \u00ebsht\u00eb p\u00ebrgjigjur se \u201cedhe un\u00eb jam nj\u00eb nga tre q\u00eb mundem t\u00eb kontriboj n\u00eb k\u00ebt\u00eb drejtim..\u201d, njofton agjencia e lajmeve \u201cPresheva jon\u00eb\u201d.<\/strong><\/p>\n<p>Gjat\u00eb q\u00ebndrimit n\u00eb Nish kryeministri serb Aleksandar Vucic, pas takimit me Edi Ramen ka vizituar spitalin e qytetit n\u00eb t\u00eb cilin ka takuar nj\u00eb shqiptar me emrin Mehmet nga Dobrosini i Bujanocit, ne kufi me Kosoven , qender kjo e njohur e rrezistenc\u00ebs \u00a0shqiptare (UCPMB-s\u00eb) kunder Serbis\u00eb.<\/p>\n<p>Kryeministrti serb pasi ja zgjati dor\u00ebn Mehmetit, si zakonisht n\u00eb Serbi, fillimisht e pyeti \u00a0se prej nga \u00ebsht\u00eb dhe cfare nacionalieti, se mos \u00ebsht\u00eb shqiptar? \u00a0Kurse \u00a0plaku n\u00eb spitaline \u00a0Nishit \u00a0i \u00ebsht\u00eb p\u00ebrgjigjur \u00a0shkurt: Po, jam nga Dobrosini i Bujanocit.<\/p>\n<p>Pasi Vucic e kupton i ka th\u00ebn\u00eb \u00a0Mehemtit se \u00a0\u201cUn\u00eb kam qen\u00eb atje, kam vizituar dy her\u00eb n\u00eb Dobrosin.\u201d Por k\u00ebtu Vucic nuk \u00a0ka precizuar se ishte p\u00ebr takime me ushtirin\u00eb, xhandremrin\u00eb dhe policin\u00eb serbe.<\/p>\n<p>N\u00eb vazhdim t\u00eb bised\u00ebs \u00a0plaku Mehemti nga Dobrosini i ka th\u00ebne tro\u00e7 n\u00eb sy kryeministrit serb n\u00eb Nish se \u201cSi\u00e7 po e dini tash , un\u00eb vij nga Dobrosini. Nuk di sa jeni ne dijeni, ky fshat dikur ka pasur 172 banor\u00eb, kurse tani ka vet\u00ebm 52 sish ?!..\u201d<\/p>\n<p>Vu\u00e7i\u00e7 m\u00eb pas ka pyetur: Po ku shkuan ata, \u00a0n\u00eb Kosov\u00eb?<\/p>\n<p>Kurse shqiptari Mehemti ju \u00ebsht\u00eb p\u00ebrgjigjur: Jo jo \u00e7far\u00eb Kosov\u00eb, shqiptar\u00ebt shkuan jasht\u00eb, ju duhet ta dini mir\u00eb se n\u00eb Dobrosin, Bujanoc n\u00eb vendbanimet shqiptare papun\u00ebsia \u00ebsht\u00eb me e madhe ?!..Kur t\u00eb vish her\u00ebn tjet\u00ebr n\u00eb Dobrosin, si t\u00eb jemi gjall\u00eb e rehat, me juve kam muhabet, se kam edhe shum\u00eb \u00a0gjera tjera me ju th\u00ebn\u00eb.. T\u00eb pres!..\u201d<\/p>\n","protected":false},"excerpt":{"rendered":"<p>Ne shqiptar\u00ebt, serb\u00ebt dhe maqedon\u00ebt mund t\u2019i zgjidhim problemt tona mes veti\u201d i tha kyreministrit serb Aleksander Vu\u00e7ic shqiptari me emrin Mehmet i shtrir\u00eb n\u00eb spitalin e Nishit, \u00e7ka Vucic \u00ebsht\u00eb p\u00ebrgjigjur se \u201cedhe un\u00eb jam nj\u00eb nga tre q\u00eb mundem t\u00eb kontriboj n\u00eb k\u00ebt\u00eb drejtim..\u201d, njofton agjencia e lajmeve \u201cPresheva jon\u00eb\u201d. Gjat\u00eb q\u00ebndrimit n\u00eb [&hellip;]<\/p>\n","protected":false},"author":1,"featured_media":0,"comment_status":"closed","ping_status":"closed","sticky":false,"template":"","format":"standard","meta":{"spay_email":"","jetpack_publicize_message":"","jetpack_is_tweetstorm":false,"jetpack_publicize_feature_enabled":true},"categories":[6950],"tags":[],"jetpack_publicize_connections":[],"yoast_head":"<!-- This site is optimized with the Yoast SEO plugin v19.1 - https:\/\/yoast.com\/wordpress\/plugins\/seo\/ -->\n<title>Shqiptari n\u00eb Nish i thot\u00eb Vu\u00e7iqit n\u00eb sy: Fshatin ma keni zbrazur - Lajme nga Ulqini<\/title>\n<meta name=\"description\" content=\"Ne shqiptar\u00ebt, serb\u00ebt dhe maqedon\u00ebt mund t\u2019i zgjidhim problemt tona mes veti\u201d i tha kyreministrit serb Aleksander Vu\u00e7ic shqiptari me emrin Mehmet i\" \/>\n<meta name=\"robots\" content=\"index, follow, max-snippet:-1, max-image-preview:large, max-video-preview:-1\" \/>\n<link rel=\"canonical\" href=\"https:\/\/www.visit-ulcinj.com\/blog\/2016\/10\/16\/shqiptari-ne-nish-thote-vuciqit-ne-sy-fshatin-ma-keni-zbrazur\/\" \/>\n<meta property=\"og:locale\" content=\"en_US\" \/>\n<meta property=\"og:type\" content=\"article\" \/>\n<meta property=\"og:title\" content=\"Shqiptari n\u00eb Nish i thot\u00eb Vu\u00e7iqit n\u00eb sy: Fshatin ma keni zbrazur - Lajme nga Ulqini\" \/>\n<meta property=\"og:description\" content=\"Ne shqiptar\u00ebt, serb\u00ebt dhe maqedon\u00ebt mund t\u2019i zgjidhim problemt tona mes veti\u201d i tha kyreministrit serb Aleksander Vu\u00e7ic shqiptari me emrin Mehmet i\" \/>\n<meta property=\"og:url\" content=\"https:\/\/www.visit-ulcinj.com\/blog\/2016\/10\/16\/shqiptari-ne-nish-thote-vuciqit-ne-sy-fshatin-ma-keni-zbrazur\/\" \/>\n<meta property=\"og:site_name\" content=\"Lajme nga Ulqini\" \/>\n<meta property=\"article:published_time\" content=\"2016-10-16T09:35:30+00:00\" \/>\n<meta property=\"og:image\" content=\"http:\/\/www.visit-ulcinj.com\/blog\/wp-content\/uploads\/2016\/10\/Vucic-ne-spital-vizit-me-nji-shqiptar.jpg\" \/>\n<meta name=\"twitter:label1\" content=\"Written by\" \/>\n\t<meta name=\"twitter:data1\" content=\"ulqini\" \/>\n\t<meta name=\"twitter:label2\" content=\"Est. reading time\" \/>\n\t<meta name=\"twitter:data2\" content=\"2 minutes\" \/>\n<script type=\"application\/ld+json\" class=\"yoast-schema-graph\">{\"@context\":\"https:\/\/schema.org\",\"@graph\":[{\"@type\":\"WebSite\",\"@id\":\"https:\/\/www.visit-ulcinj.com\/blog\/#website\",\"url\":\"https:\/\/www.visit-ulcinj.com\/blog\/\",\"name\":\"Lajme nga Ulqini\",\"description\":\"Lajme,Vijesti,Ulqini,Ulqin,Crna Gora,Mali i Zi\",\"potentialAction\":[{\"@type\":\"SearchAction\",\"target\":{\"@type\":\"EntryPoint\",\"urlTemplate\":\"https:\/\/www.visit-ulcinj.com\/blog\/?s={search_term_string}\"},\"query-input\":\"required name=search_term_string\"}],\"inLanguage\":\"en-US\"},{\"@type\":\"ImageObject\",\"inLanguage\":\"en-US\",\"@id\":\"https:\/\/www.visit-ulcinj.com\/blog\/2016\/10\/16\/shqiptari-ne-nish-thote-vuciqit-ne-sy-fshatin-ma-keni-zbrazur\/#primaryimage\",\"url\":\"https:\/\/www.visit-ulcinj.com\/blog\/wp-content\/uploads\/2016\/10\/Vucic-ne-spital-vizit-me-nji-shqiptar.jpg\",\"contentUrl\":\"https:\/\/www.visit-ulcinj.com\/blog\/wp-content\/uploads\/2016\/10\/Vucic-ne-spital-vizit-me-nji-shqiptar.jpg\",\"width\":850,\"height\":501},{\"@type\":\"WebPage\",\"@id\":\"https:\/\/www.visit-ulcinj.com\/blog\/2016\/10\/16\/shqiptari-ne-nish-thote-vuciqit-ne-sy-fshatin-ma-keni-zbrazur\/#webpage\",\"url\":\"https:\/\/www.visit-ulcinj.com\/blog\/2016\/10\/16\/shqiptari-ne-nish-thote-vuciqit-ne-sy-fshatin-ma-keni-zbrazur\/\",\"name\":\"Shqiptari n\u00eb Nish i thot\u00eb Vu\u00e7iqit n\u00eb sy: Fshatin ma keni zbrazur - Lajme nga Ulqini\",\"isPartOf\":{\"@id\":\"https:\/\/www.visit-ulcinj.com\/blog\/#website\"},\"primaryImageOfPage\":{\"@id\":\"https:\/\/www.visit-ulcinj.com\/blog\/2016\/10\/16\/shqiptari-ne-nish-thote-vuciqit-ne-sy-fshatin-ma-keni-zbrazur\/#primaryimage\"},\"datePublished\":\"2016-10-16T09:35:30+00:00\",\"dateModified\":\"2016-10-16T09:35:30+00:00\",\"author\":{\"@id\":\"https:\/\/www.visit-ulcinj.com\/blog\/#\/schema\/person\/dcab619c614d3038751c63bc2aadc06d\"},\"description\":\"Ne shqiptar\u00ebt, serb\u00ebt dhe maqedon\u00ebt mund t\u2019i zgjidhim problemt tona mes veti\u201d i tha kyreministrit serb Aleksander Vu\u00e7ic shqiptari me emrin Mehmet i\",\"breadcrumb\":{\"@id\":\"https:\/\/www.visit-ulcinj.com\/blog\/2016\/10\/16\/shqiptari-ne-nish-thote-vuciqit-ne-sy-fshatin-ma-keni-zbrazur\/#breadcrumb\"},\"inLanguage\":\"en-US\",\"potentialAction\":[{\"@type\":\"ReadAction\",\"target\":[\"https:\/\/www.visit-ulcinj.com\/blog\/2016\/10\/16\/shqiptari-ne-nish-thote-vuciqit-ne-sy-fshatin-ma-keni-zbrazur\/\"]}]},{\"@type\":\"BreadcrumbList\",\"@id\":\"https:\/\/www.visit-ulcinj.com\/blog\/2016\/10\/16\/shqiptari-ne-nish-thote-vuciqit-ne-sy-fshatin-ma-keni-zbrazur\/#breadcrumb\",\"itemListElement\":[{\"@type\":\"ListItem\",\"position\":1,\"name\":\"Shqiptari n\u00eb Nish i thot\u00eb Vu\u00e7iqit n\u00eb sy: Fshatin ma keni zbrazur\"}]},{\"@type\":\"Person\",\"@id\":\"https:\/\/www.visit-ulcinj.com\/blog\/#\/schema\/person\/dcab619c614d3038751c63bc2aadc06d\",\"name\":\"ulqini\",\"sameAs\":[\"http:\/\/www.visit-ulcinj.com\"],\"url\":\"https:\/\/www.visit-ulcinj.com\/blog\/author\/admin\/\"}]}<\/script>\n<!-- \/ Yoast SEO plugin. -->","yoast_head_json":{"title":"Shqiptari n\u00eb Nish i thot\u00eb Vu\u00e7iqit n\u00eb sy: Fshatin ma keni zbrazur - Lajme nga Ulqini","description":"Ne shqiptar\u00ebt, serb\u00ebt dhe maqedon\u00ebt mund t\u2019i zgjidhim problemt tona mes veti\u201d i tha kyreministrit serb Aleksander Vu\u00e7ic shqiptari me emrin Mehmet i","robots":{"index":"index","follow":"follow","max-snippet":"max-snippet:-1","max-image-preview":"max-image-preview:large","max-video-preview":"max-video-preview:-1"},"canonical":"https:\/\/www.visit-ulcinj.com\/blog\/2016\/10\/16\/shqiptari-ne-nish-thote-vuciqit-ne-sy-fshatin-ma-keni-zbrazur\/","og_locale":"en_US","og_type":"article","og_title":"Shqiptari n\u00eb Nish i thot\u00eb Vu\u00e7iqit n\u00eb sy: Fshatin ma keni zbrazur - Lajme nga Ulqini","og_description":"Ne shqiptar\u00ebt, serb\u00ebt dhe maqedon\u00ebt mund t\u2019i zgjidhim problemt tona mes veti\u201d i tha kyreministrit serb Aleksander Vu\u00e7ic shqiptari me emrin Mehmet i","og_url":"https:\/\/www.visit-ulcinj.com\/blog\/2016\/10\/16\/shqiptari-ne-nish-thote-vuciqit-ne-sy-fshatin-ma-keni-zbrazur\/","og_site_name":"Lajme nga Ulqini","article_published_time":"2016-10-16T09:35:30+00:00","og_image":[{"url":"http:\/\/www.visit-ulcinj.com\/blog\/wp-content\/uploads\/2016\/10\/Vucic-ne-spital-vizit-me-nji-shqiptar.jpg"}],"twitter_misc":{"Written by":"ulqini","Est. reading time":"2 minutes"},"schema":{"@context":"https:\/\/schema.org","@graph":[{"@type":"WebSite","@id":"https:\/\/www.visit-ulcinj.com\/blog\/#website","url":"https:\/\/www.visit-ulcinj.com\/blog\/","name":"Lajme nga Ulqini","description":"Lajme,Vijesti,Ulqini,Ulqin,Crna Gora,Mali i Zi","potentialAction":[{"@type":"SearchAction","target":{"@type":"EntryPoint","urlTemplate":"https:\/\/www.visit-ulcinj.com\/blog\/?s={search_term_string}"},"query-input":"required name=search_term_string"}],"inLanguage":"en-US"},{"@type":"ImageObject","inLanguage":"en-US","@id":"https:\/\/www.visit-ulcinj.com\/blog\/2016\/10\/16\/shqiptari-ne-nish-thote-vuciqit-ne-sy-fshatin-ma-keni-zbrazur\/#primaryimage","url":"https:\/\/www.visit-ulcinj.com\/blog\/wp-content\/uploads\/2016\/10\/Vucic-ne-spital-vizit-me-nji-shqiptar.jpg","contentUrl":"https:\/\/www.visit-ulcinj.com\/blog\/wp-content\/uploads\/2016\/10\/Vucic-ne-spital-vizit-me-nji-shqiptar.jpg","width":850,"height":501},{"@type":"WebPage","@id":"https:\/\/www.visit-ulcinj.com\/blog\/2016\/10\/16\/shqiptari-ne-nish-thote-vuciqit-ne-sy-fshatin-ma-keni-zbrazur\/#webpage","url":"https:\/\/www.visit-ulcinj.com\/blog\/2016\/10\/16\/shqiptari-ne-nish-thote-vuciqit-ne-sy-fshatin-ma-keni-zbrazur\/","name":"Shqiptari n\u00eb Nish i thot\u00eb Vu\u00e7iqit n\u00eb sy: Fshatin ma keni zbrazur - Lajme nga Ulqini","isPartOf":{"@id":"https:\/\/www.visit-ulcinj.com\/blog\/#website"},"primaryImageOfPage":{"@id":"https:\/\/www.visit-ulcinj.com\/blog\/2016\/10\/16\/shqiptari-ne-nish-thote-vuciqit-ne-sy-fshatin-ma-keni-zbrazur\/#primaryimage"},"datePublished":"2016-10-16T09:35:30+00:00","dateModified":"2016-10-16T09:35:30+00:00","author":{"@id":"https:\/\/www.visit-ulcinj.com\/blog\/#\/schema\/person\/dcab619c614d3038751c63bc2aadc06d"},"description":"Ne shqiptar\u00ebt, serb\u00ebt dhe maqedon\u00ebt mund t\u2019i zgjidhim problemt tona mes veti\u201d i tha kyreministrit serb Aleksander Vu\u00e7ic shqiptari me emrin Mehmet i","breadcrumb":{"@id":"https:\/\/www.visit-ulcinj.com\/blog\/2016\/10\/16\/shqiptari-ne-nish-thote-vuciqit-ne-sy-fshatin-ma-keni-zbrazur\/#breadcrumb"},"inLanguage":"en-US","potentialAction":[{"@type":"ReadAction","target":["https:\/\/www.visit-ulcinj.com\/blog\/2016\/10\/16\/shqiptari-ne-nish-thote-vuciqit-ne-sy-fshatin-ma-keni-zbrazur\/"]}]},{"@type":"BreadcrumbList","@id":"https:\/\/www.visit-ulcinj.com\/blog\/2016\/10\/16\/shqiptari-ne-nish-thote-vuciqit-ne-sy-fshatin-ma-keni-zbrazur\/#breadcrumb","itemListElement":[{"@type":"ListItem","position":1,"name":"Shqiptari n\u00eb Nish i thot\u00eb Vu\u00e7iqit n\u00eb sy: Fshatin ma keni zbrazur"}]},{"@type":"Person","@id":"https:\/\/www.visit-ulcinj.com\/blog\/#\/schema\/person\/dcab619c614d3038751c63bc2aadc06d","name":"ulqini","sameAs":["http:\/\/www.visit-ulcinj.com"],"url":"https:\/\/www.visit-ulcinj.com\/blog\/author\/admin\/"}]}},"jetpack_featured_media_url":"","jetpack_sharing_enabled":true,"jetpack_shortlink":"https:\/\/wp.me\/pe6lTn-q6a","_links":{"self":[{"href":"https:\/\/www.visit-ulcinj.com\/blog\/wp-json\/wp\/v2\/posts\/100326"}],"collection":[{"href":"https:\/\/www.visit-ulcinj.com\/blog\/wp-json\/wp\/v2\/posts"}],"about":[{"href":"https:\/\/www.visit-ulcinj.com\/blog\/wp-json\/wp\/v2\/types\/post"}],"author":[{"embeddable":true,"href":"https:\/\/www.visit-ulcinj.com\/blog\/wp-json\/wp\/v2\/users\/1"}],"replies":[{"embeddable":true,"href":"https:\/\/www.visit-ulcinj.com\/blog\/wp-json\/wp\/v2\/comments?post=100326"}],"version-history":[{"count":1,"href":"https:\/\/www.visit-ulcinj.com\/blog\/wp-json\/wp\/v2\/posts\/100326\/revisions"}],"predecessor-version":[{"id":100328,"href":"https:\/\/www.visit-ulcinj.com\/blog\/wp-json\/wp\/v2\/posts\/100326\/revisions\/100328"}],"wp:attachment":[{"href":"https:\/\/www.visit-ulcinj.com\/blog\/wp-json\/wp\/v2\/media?parent=100326"}],"wp:term":[{"taxonomy":"category","embeddable":true,"href":"https:\/\/www.visit-ulcinj.com\/blog\/wp-json\/wp\/v2\/categories?post=100326"},{"taxonomy":"post_tag","embeddable":true,"href":"https:\/\/www.visit-ulcinj.com\/blog\/wp-json\/wp\/v2\/tags?post=100326"}],"curies":[{"name":"wp","href":"https:\/\/api.w.org\/{rel}","templated":true}]}}