{"id":100329,"date":"2016-10-16T10:49:50","date_gmt":"2016-10-16T09:49:50","guid":{"rendered":"http:\/\/www.visit-ulcinj.com\/blog\/?p=100329"},"modified":"2016-10-16T10:49:50","modified_gmt":"2016-10-16T09:49:50","slug":"delegacioni-kqz-se-vezhgon-zgjedhjet-ne-mal-te-zi","status":"publish","type":"post","link":"https:\/\/www.visit-ulcinj.com\/blog\/2016\/10\/16\/delegacioni-kqz-se-vezhgon-zgjedhjet-ne-mal-te-zi\/","title":{"rendered":"Delegacioni i KQZ-s\u00eb v\u00ebzhgon zgjedhjet n\u00eb Mal t\u00eb Zi"},"content":{"rendered":"<p><strong><a href=\"http:\/\/www.visit-ulcinj.com\/blog\/wp-content\/uploads\/2016\/10\/Delegacioni-i-KQZ-s\u00eb-vezhgon-ne-Mal-te-Zi.jpg\"><img loading=\"lazy\" class=\"alignleft wp-image-100330\" src=\"http:\/\/www.visit-ulcinj.com\/blog\/wp-content\/uploads\/2016\/10\/Delegacioni-i-KQZ-s\u00eb-vezhgon-ne-Mal-te-Zi.jpg\" alt=\"Delegacioni i KQZ-s\u00eb vezhgon ne Mal te Zi\" width=\"508\" height=\"326\" srcset=\"https:\/\/www.visit-ulcinj.com\/blog\/wp-content\/uploads\/2016\/10\/Delegacioni-i-KQZ-s\u00eb-vezhgon-ne-Mal-te-Zi.jpg 780w, https:\/\/www.visit-ulcinj.com\/blog\/wp-content\/uploads\/2016\/10\/Delegacioni-i-KQZ-s\u00eb-vezhgon-ne-Mal-te-Zi-300x192.jpg 300w, https:\/\/www.visit-ulcinj.com\/blog\/wp-content\/uploads\/2016\/10\/Delegacioni-i-KQZ-s\u00eb-vezhgon-ne-Mal-te-Zi-768x492.jpg 768w\" sizes=\"(max-width: 508px) 100vw, 508px\" \/><\/a>Nj\u00eb delegacion i Komisionit Qendror t\u00eb Zgjedhjeve i kryesuar nga kryetarja Valdete Daka dhe n\u00eb p\u00ebrb\u00ebrje t\u00eb an\u00ebtar\u00ebve: Ilir Gashi, Sami Hamiti, Binak Vishaj, Ercan Spat dhe Nenad Rikalo po q\u00ebndrojn\u00eb n\u00eb Mal t\u00eb Zi p\u00ebr t\u00eb v\u00ebzhguar zgjedhjet parlamentare q\u00eb po mbahen sot.<\/strong><\/p>\n<p>Para dit\u00ebs s\u00eb zgjedhjeve, kryetarja e KQZ-s\u00eb, \u00a0Daka \u00ebsht\u00eb pritur n\u00eb takim nga kryetari i Komisionit Shtet\u00ebror Zgjedhor, Budimir Saranovic. Gjat\u00eb k\u00ebtij takimi, kryetarja Daka uroi q\u00eb dita e zgjedhjeve t\u00eb p\u00ebrmbyllet suksessh\u00ebm, nd\u00ebrsa Saranovic fal\u00ebnderoi Komisionin Qendror t\u00eb Zgjedhjeve p\u00ebr interesimin e shprehur p\u00ebr t\u00eb v\u00ebzhguar nga af\u00ebr procesin e votimit n\u00eb k\u00ebt\u00eb vend.<\/p>\n<p>N\u00eb k\u00ebt\u00eb takim mor\u00ebn pjes\u00eb edhe kryesuesja e Panelit Zgjedhor p\u00ebr Ankesa dhe Parashtresa, Nazmije Ibrahimi si dhe ambasadori i Republik\u00ebs s\u00eb Kosov\u00ebs n\u00eb Mal t\u00eb Zi, Sk\u00ebnder Durmishi.<\/p>\n<p>Delegacioni i KQZ-s\u00eb do t\u00eb q\u00ebndroj\u00eb n\u00eb nj\u00eb num\u00ebr t\u00eb madh qendrash votimi p\u00ebr t\u00eb v\u00ebzhguar nga af\u00ebr procesin e zgjedhjeve, thuhet n\u00eb njoftimin p\u00ebr media.<\/p>\n<p>RTK<\/p>\n","protected":false},"excerpt":{"rendered":"<p>Nj\u00eb delegacion i Komisionit Qendror t\u00eb Zgjedhjeve i kryesuar nga kryetarja Valdete Daka dhe n\u00eb p\u00ebrb\u00ebrje t\u00eb an\u00ebtar\u00ebve: Ilir Gashi, Sami Hamiti, Binak Vishaj, Ercan Spat dhe Nenad Rikalo po q\u00ebndrojn\u00eb n\u00eb Mal t\u00eb Zi p\u00ebr t\u00eb v\u00ebzhguar zgjedhjet parlamentare q\u00eb po mbahen sot. Para dit\u00ebs s\u00eb zgjedhjeve, kryetarja e KQZ-s\u00eb, \u00a0Daka \u00ebsht\u00eb pritur n\u00eb [&hellip;]<\/p>\n","protected":false},"author":1,"featured_media":0,"comment_status":"closed","ping_status":"closed","sticky":false,"template":"","format":"standard","meta":{"spay_email":"","jetpack_publicize_message":"","jetpack_is_tweetstorm":false,"jetpack_publicize_feature_enabled":true},"categories":[6950],"tags":[],"jetpack_publicize_connections":[],"yoast_head":"<!-- This site is optimized with the Yoast SEO plugin v19.1 - https:\/\/yoast.com\/wordpress\/plugins\/seo\/ -->\n<title>Delegacioni i KQZ-s\u00eb v\u00ebzhgon zgjedhjet n\u00eb Mal t\u00eb Zi - Lajme nga Ulqini<\/title>\n<meta name=\"description\" content=\"Nj\u00eb delegacion i Komisionit Qendror t\u00eb Zgjedhjeve i kryesuar nga kryetarja Valdete Daka dhe n\u00eb p\u00ebrb\u00ebrje t\u00eb an\u00ebtar\u00ebve: Ilir Gashi, Sami Hamiti, Binak\" \/>\n<meta name=\"robots\" content=\"index, follow, max-snippet:-1, max-image-preview:large, max-video-preview:-1\" \/>\n<link rel=\"canonical\" href=\"https:\/\/www.visit-ulcinj.com\/blog\/2016\/10\/16\/delegacioni-kqz-se-vezhgon-zgjedhjet-ne-mal-te-zi\/\" \/>\n<meta property=\"og:locale\" content=\"en_US\" \/>\n<meta property=\"og:type\" content=\"article\" \/>\n<meta property=\"og:title\" content=\"Delegacioni i KQZ-s\u00eb v\u00ebzhgon zgjedhjet n\u00eb Mal t\u00eb Zi - Lajme nga Ulqini\" \/>\n<meta property=\"og:description\" content=\"Nj\u00eb delegacion i Komisionit Qendror t\u00eb Zgjedhjeve i kryesuar nga kryetarja Valdete Daka dhe n\u00eb p\u00ebrb\u00ebrje t\u00eb an\u00ebtar\u00ebve: Ilir Gashi, Sami Hamiti, Binak\" \/>\n<meta property=\"og:url\" content=\"https:\/\/www.visit-ulcinj.com\/blog\/2016\/10\/16\/delegacioni-kqz-se-vezhgon-zgjedhjet-ne-mal-te-zi\/\" \/>\n<meta property=\"og:site_name\" content=\"Lajme nga Ulqini\" \/>\n<meta property=\"article:published_time\" content=\"2016-10-16T09:49:50+00:00\" \/>\n<meta name=\"twitter:label1\" content=\"Written by\" \/>\n\t<meta name=\"twitter:data1\" content=\"ulqini\" \/>\n\t<meta name=\"twitter:label2\" content=\"Est. reading time\" \/>\n\t<meta name=\"twitter:data2\" content=\"1 minute\" \/>\n<script type=\"application\/ld+json\" class=\"yoast-schema-graph\">{\"@context\":\"https:\/\/schema.org\",\"@graph\":[{\"@type\":\"WebSite\",\"@id\":\"https:\/\/www.visit-ulcinj.com\/blog\/#website\",\"url\":\"https:\/\/www.visit-ulcinj.com\/blog\/\",\"name\":\"Lajme nga Ulqini\",\"description\":\"Lajme,Vijesti,Ulqini,Ulqin,Crna Gora,Mali i Zi\",\"potentialAction\":[{\"@type\":\"SearchAction\",\"target\":{\"@type\":\"EntryPoint\",\"urlTemplate\":\"https:\/\/www.visit-ulcinj.com\/blog\/?s={search_term_string}\"},\"query-input\":\"required name=search_term_string\"}],\"inLanguage\":\"en-US\"},{\"@type\":\"WebPage\",\"@id\":\"https:\/\/www.visit-ulcinj.com\/blog\/2016\/10\/16\/delegacioni-kqz-se-vezhgon-zgjedhjet-ne-mal-te-zi\/#webpage\",\"url\":\"https:\/\/www.visit-ulcinj.com\/blog\/2016\/10\/16\/delegacioni-kqz-se-vezhgon-zgjedhjet-ne-mal-te-zi\/\",\"name\":\"Delegacioni i KQZ-s\u00eb v\u00ebzhgon zgjedhjet n\u00eb Mal t\u00eb Zi - Lajme nga Ulqini\",\"isPartOf\":{\"@id\":\"https:\/\/www.visit-ulcinj.com\/blog\/#website\"},\"datePublished\":\"2016-10-16T09:49:50+00:00\",\"dateModified\":\"2016-10-16T09:49:50+00:00\",\"author\":{\"@id\":\"https:\/\/www.visit-ulcinj.com\/blog\/#\/schema\/person\/dcab619c614d3038751c63bc2aadc06d\"},\"description\":\"Nj\u00eb delegacion i Komisionit Qendror t\u00eb Zgjedhjeve i kryesuar nga kryetarja Valdete Daka dhe n\u00eb p\u00ebrb\u00ebrje t\u00eb an\u00ebtar\u00ebve: Ilir Gashi, Sami Hamiti, Binak\",\"breadcrumb\":{\"@id\":\"https:\/\/www.visit-ulcinj.com\/blog\/2016\/10\/16\/delegacioni-kqz-se-vezhgon-zgjedhjet-ne-mal-te-zi\/#breadcrumb\"},\"inLanguage\":\"en-US\",\"potentialAction\":[{\"@type\":\"ReadAction\",\"target\":[\"https:\/\/www.visit-ulcinj.com\/blog\/2016\/10\/16\/delegacioni-kqz-se-vezhgon-zgjedhjet-ne-mal-te-zi\/\"]}]},{\"@type\":\"BreadcrumbList\",\"@id\":\"https:\/\/www.visit-ulcinj.com\/blog\/2016\/10\/16\/delegacioni-kqz-se-vezhgon-zgjedhjet-ne-mal-te-zi\/#breadcrumb\",\"itemListElement\":[{\"@type\":\"ListItem\",\"position\":1,\"name\":\"Delegacioni i KQZ-s\u00eb v\u00ebzhgon zgjedhjet n\u00eb Mal t\u00eb Zi\"}]},{\"@type\":\"Person\",\"@id\":\"https:\/\/www.visit-ulcinj.com\/blog\/#\/schema\/person\/dcab619c614d3038751c63bc2aadc06d\",\"name\":\"ulqini\",\"sameAs\":[\"http:\/\/www.visit-ulcinj.com\"],\"url\":\"https:\/\/www.visit-ulcinj.com\/blog\/author\/admin\/\"}]}<\/script>\n<!-- \/ Yoast SEO plugin. -->","yoast_head_json":{"title":"Delegacioni i KQZ-s\u00eb v\u00ebzhgon zgjedhjet n\u00eb Mal t\u00eb Zi - Lajme nga Ulqini","description":"Nj\u00eb delegacion i Komisionit Qendror t\u00eb Zgjedhjeve i kryesuar nga kryetarja Valdete Daka dhe n\u00eb p\u00ebrb\u00ebrje t\u00eb an\u00ebtar\u00ebve: Ilir Gashi, Sami Hamiti, Binak","robots":{"index":"index","follow":"follow","max-snippet":"max-snippet:-1","max-image-preview":"max-image-preview:large","max-video-preview":"max-video-preview:-1"},"canonical":"https:\/\/www.visit-ulcinj.com\/blog\/2016\/10\/16\/delegacioni-kqz-se-vezhgon-zgjedhjet-ne-mal-te-zi\/","og_locale":"en_US","og_type":"article","og_title":"Delegacioni i KQZ-s\u00eb v\u00ebzhgon zgjedhjet n\u00eb Mal t\u00eb Zi - Lajme nga Ulqini","og_description":"Nj\u00eb delegacion i Komisionit Qendror t\u00eb Zgjedhjeve i kryesuar nga kryetarja Valdete Daka dhe n\u00eb p\u00ebrb\u00ebrje t\u00eb an\u00ebtar\u00ebve: Ilir Gashi, Sami Hamiti, Binak","og_url":"https:\/\/www.visit-ulcinj.com\/blog\/2016\/10\/16\/delegacioni-kqz-se-vezhgon-zgjedhjet-ne-mal-te-zi\/","og_site_name":"Lajme nga Ulqini","article_published_time":"2016-10-16T09:49:50+00:00","twitter_misc":{"Written by":"ulqini","Est. reading time":"1 minute"},"schema":{"@context":"https:\/\/schema.org","@graph":[{"@type":"WebSite","@id":"https:\/\/www.visit-ulcinj.com\/blog\/#website","url":"https:\/\/www.visit-ulcinj.com\/blog\/","name":"Lajme nga Ulqini","description":"Lajme,Vijesti,Ulqini,Ulqin,Crna Gora,Mali i Zi","potentialAction":[{"@type":"SearchAction","target":{"@type":"EntryPoint","urlTemplate":"https:\/\/www.visit-ulcinj.com\/blog\/?s={search_term_string}"},"query-input":"required name=search_term_string"}],"inLanguage":"en-US"},{"@type":"WebPage","@id":"https:\/\/www.visit-ulcinj.com\/blog\/2016\/10\/16\/delegacioni-kqz-se-vezhgon-zgjedhjet-ne-mal-te-zi\/#webpage","url":"https:\/\/www.visit-ulcinj.com\/blog\/2016\/10\/16\/delegacioni-kqz-se-vezhgon-zgjedhjet-ne-mal-te-zi\/","name":"Delegacioni i KQZ-s\u00eb v\u00ebzhgon zgjedhjet n\u00eb Mal t\u00eb Zi - Lajme nga Ulqini","isPartOf":{"@id":"https:\/\/www.visit-ulcinj.com\/blog\/#website"},"datePublished":"2016-10-16T09:49:50+00:00","dateModified":"2016-10-16T09:49:50+00:00","author":{"@id":"https:\/\/www.visit-ulcinj.com\/blog\/#\/schema\/person\/dcab619c614d3038751c63bc2aadc06d"},"description":"Nj\u00eb delegacion i Komisionit Qendror t\u00eb Zgjedhjeve i kryesuar nga kryetarja Valdete Daka dhe n\u00eb p\u00ebrb\u00ebrje t\u00eb an\u00ebtar\u00ebve: Ilir Gashi, Sami Hamiti, Binak","breadcrumb":{"@id":"https:\/\/www.visit-ulcinj.com\/blog\/2016\/10\/16\/delegacioni-kqz-se-vezhgon-zgjedhjet-ne-mal-te-zi\/#breadcrumb"},"inLanguage":"en-US","potentialAction":[{"@type":"ReadAction","target":["https:\/\/www.visit-ulcinj.com\/blog\/2016\/10\/16\/delegacioni-kqz-se-vezhgon-zgjedhjet-ne-mal-te-zi\/"]}]},{"@type":"BreadcrumbList","@id":"https:\/\/www.visit-ulcinj.com\/blog\/2016\/10\/16\/delegacioni-kqz-se-vezhgon-zgjedhjet-ne-mal-te-zi\/#breadcrumb","itemListElement":[{"@type":"ListItem","position":1,"name":"Delegacioni i KQZ-s\u00eb v\u00ebzhgon zgjedhjet n\u00eb Mal t\u00eb Zi"}]},{"@type":"Person","@id":"https:\/\/www.visit-ulcinj.com\/blog\/#\/schema\/person\/dcab619c614d3038751c63bc2aadc06d","name":"ulqini","sameAs":["http:\/\/www.visit-ulcinj.com"],"url":"https:\/\/www.visit-ulcinj.com\/blog\/author\/admin\/"}]}},"jetpack_featured_media_url":"","jetpack_sharing_enabled":true,"jetpack_shortlink":"https:\/\/wp.me\/pe6lTn-q6d","_links":{"self":[{"href":"https:\/\/www.visit-ulcinj.com\/blog\/wp-json\/wp\/v2\/posts\/100329"}],"collection":[{"href":"https:\/\/www.visit-ulcinj.com\/blog\/wp-json\/wp\/v2\/posts"}],"about":[{"href":"https:\/\/www.visit-ulcinj.com\/blog\/wp-json\/wp\/v2\/types\/post"}],"author":[{"embeddable":true,"href":"https:\/\/www.visit-ulcinj.com\/blog\/wp-json\/wp\/v2\/users\/1"}],"replies":[{"embeddable":true,"href":"https:\/\/www.visit-ulcinj.com\/blog\/wp-json\/wp\/v2\/comments?post=100329"}],"version-history":[{"count":1,"href":"https:\/\/www.visit-ulcinj.com\/blog\/wp-json\/wp\/v2\/posts\/100329\/revisions"}],"predecessor-version":[{"id":100331,"href":"https:\/\/www.visit-ulcinj.com\/blog\/wp-json\/wp\/v2\/posts\/100329\/revisions\/100331"}],"wp:attachment":[{"href":"https:\/\/www.visit-ulcinj.com\/blog\/wp-json\/wp\/v2\/media?parent=100329"}],"wp:term":[{"taxonomy":"category","embeddable":true,"href":"https:\/\/www.visit-ulcinj.com\/blog\/wp-json\/wp\/v2\/categories?post=100329"},{"taxonomy":"post_tag","embeddable":true,"href":"https:\/\/www.visit-ulcinj.com\/blog\/wp-json\/wp\/v2\/tags?post=100329"}],"curies":[{"name":"wp","href":"https:\/\/api.w.org\/{rel}","templated":true}]}}