{"id":100341,"date":"2016-10-16T16:05:47","date_gmt":"2016-10-16T15:05:47","guid":{"rendered":"http:\/\/www.visit-ulcinj.com\/blog\/?p=100341"},"modified":"2016-10-16T16:05:47","modified_gmt":"2016-10-16T15:05:47","slug":"thirrje-per-vota-serbe-permes-urrejtes-ndaj-shqiptareve-dhe-boshnjakeve","status":"publish","type":"post","link":"https:\/\/www.visit-ulcinj.com\/blog\/2016\/10\/16\/thirrje-per-vota-serbe-permes-urrejtes-ndaj-shqiptareve-dhe-boshnjakeve\/","title":{"rendered":"Thirrje p\u00ebr vota serbe p\u00ebrmes urrejtes ndaj shqiptar\u00ebve dhe boshnjak\u00ebve"},"content":{"rendered":"<p><a href=\"http:\/\/www.visit-ulcinj.com\/blog\/wp-content\/uploads\/2016\/10\/Thirrje-p\u00ebr-vota-serbe-p\u00ebrmes-urrejtes-ndaj-shqiptar\u00ebve.jpg\"><img loading=\"lazy\" class=\"alignleft wp-image-100342\" src=\"http:\/\/www.visit-ulcinj.com\/blog\/wp-content\/uploads\/2016\/10\/Thirrje-p\u00ebr-vota-serbe-p\u00ebrmes-urrejtes-ndaj-shqiptar\u00ebve.jpg\" alt=\"Thirrje p\u00ebr vota serbe p\u00ebrmes urrejtes ndaj shqiptar\u00ebve\" width=\"508\" height=\"903\" srcset=\"https:\/\/www.visit-ulcinj.com\/blog\/wp-content\/uploads\/2016\/10\/Thirrje-p\u00ebr-vota-serbe-p\u00ebrmes-urrejtes-ndaj-shqiptar\u00ebve.jpg 576w, https:\/\/www.visit-ulcinj.com\/blog\/wp-content\/uploads\/2016\/10\/Thirrje-p\u00ebr-vota-serbe-p\u00ebrmes-urrejtes-ndaj-shqiptar\u00ebve-169x300.jpg 169w\" sizes=\"(max-width: 508px) 100vw, 508px\" \/><\/a>Skandal n\u00eb k\u00ebt\u00eb dit\u00eb zgjedhjesh parlamentare, nuk ka vonuar t\u00eb sh\u00ebnohet edhe nj\u00eb incident tjet\u00ebr i r\u00ebnd\u00eb.<\/p>\n<p>Pran\u00eb redaksis\u00eb ton\u00eb ka mb\u00ebrritur njoftimi se shum\u00eb qytetar\u00eb kan\u00eb fituar nj\u00eb mesazh nga nj\u00eb num\u00ebr i paidentifiuar, i cili b\u00ebn thirrje p\u00ebr vota serbe n\u00ebp\u00ebrmjet nxitjes s\u00eb urrejtjes ndaj shqiptar\u00ebve dhe boshnjak\u00ebve. Sipas k\u00ebtij mesazhi pretendohet se nj\u00eb prej forcave politike m\u00eb t\u00eb m\u00ebdha n\u00eb vend \u00ebsht\u00eb duke bler\u00eb vota shqiptare dhe boshnjake duke dh\u00ebn\u00eb vler\u00ebn 250 Euro p\u00ebr secil\u00ebn vot\u00eb, raporton portali Lajm.me.<\/p>\n<p>Ky mesazh \u00ebsht\u00eb nj\u00eb fyerje e r\u00ebnd\u00eb p\u00ebr komunitetin ton\u00eb etnik.<\/p>\n<p>M\u00eb posht\u00eb po ju p\u00ebrcjellim nj\u00eb foto t\u00eb mesazhit t\u00eb ardhur p\u00ebrmes telefonit;<\/p>\n","protected":false},"excerpt":{"rendered":"<p>Skandal n\u00eb k\u00ebt\u00eb dit\u00eb zgjedhjesh parlamentare, nuk ka vonuar t\u00eb sh\u00ebnohet edhe nj\u00eb incident tjet\u00ebr i r\u00ebnd\u00eb. Pran\u00eb redaksis\u00eb ton\u00eb ka mb\u00ebrritur njoftimi se shum\u00eb qytetar\u00eb kan\u00eb fituar nj\u00eb mesazh nga nj\u00eb num\u00ebr i paidentifiuar, i cili b\u00ebn thirrje p\u00ebr vota serbe n\u00ebp\u00ebrmjet nxitjes s\u00eb urrejtjes ndaj shqiptar\u00ebve dhe boshnjak\u00ebve. Sipas k\u00ebtij mesazhi pretendohet se [&hellip;]<\/p>\n","protected":false},"author":1,"featured_media":0,"comment_status":"closed","ping_status":"closed","sticky":false,"template":"","format":"standard","meta":{"spay_email":"","jetpack_publicize_message":"","jetpack_is_tweetstorm":false,"jetpack_publicize_feature_enabled":true},"categories":[6950],"tags":[],"jetpack_publicize_connections":[],"yoast_head":"<!-- This site is optimized with the Yoast SEO plugin v19.1 - https:\/\/yoast.com\/wordpress\/plugins\/seo\/ -->\n<title>Thirrje p\u00ebr vota serbe p\u00ebrmes urrejtes ndaj shqiptar\u00ebve dhe boshnjak\u00ebve - Lajme nga Ulqini<\/title>\n<meta name=\"description\" content=\"Skandal n\u00eb k\u00ebt\u00eb dit\u00eb zgjedhjesh parlamentare, nuk ka vonuar t\u00eb sh\u00ebnohet edhe nj\u00eb incident tjet\u00ebr i r\u00ebnd\u00eb. Pran\u00eb redaksis\u00eb ton\u00eb ka mb\u00ebrritur njoftimi se\" \/>\n<meta name=\"robots\" content=\"index, follow, max-snippet:-1, max-image-preview:large, max-video-preview:-1\" \/>\n<link rel=\"canonical\" href=\"https:\/\/www.visit-ulcinj.com\/blog\/2016\/10\/16\/thirrje-per-vota-serbe-permes-urrejtes-ndaj-shqiptareve-dhe-boshnjakeve\/\" \/>\n<meta property=\"og:locale\" content=\"en_US\" \/>\n<meta property=\"og:type\" content=\"article\" \/>\n<meta property=\"og:title\" content=\"Thirrje p\u00ebr vota serbe p\u00ebrmes urrejtes ndaj shqiptar\u00ebve dhe boshnjak\u00ebve - Lajme nga Ulqini\" \/>\n<meta property=\"og:description\" content=\"Skandal n\u00eb k\u00ebt\u00eb dit\u00eb zgjedhjesh parlamentare, nuk ka vonuar t\u00eb sh\u00ebnohet edhe nj\u00eb incident tjet\u00ebr i r\u00ebnd\u00eb. Pran\u00eb redaksis\u00eb ton\u00eb ka mb\u00ebrritur njoftimi se\" \/>\n<meta property=\"og:url\" content=\"https:\/\/www.visit-ulcinj.com\/blog\/2016\/10\/16\/thirrje-per-vota-serbe-permes-urrejtes-ndaj-shqiptareve-dhe-boshnjakeve\/\" \/>\n<meta property=\"og:site_name\" content=\"Lajme nga Ulqini\" \/>\n<meta property=\"article:published_time\" content=\"2016-10-16T15:05:47+00:00\" \/>\n<meta name=\"twitter:label1\" content=\"Written by\" \/>\n\t<meta name=\"twitter:data1\" content=\"ulqini\" \/>\n\t<meta name=\"twitter:label2\" content=\"Est. reading time\" \/>\n\t<meta name=\"twitter:data2\" content=\"1 minute\" \/>\n<script type=\"application\/ld+json\" class=\"yoast-schema-graph\">{\"@context\":\"https:\/\/schema.org\",\"@graph\":[{\"@type\":\"WebSite\",\"@id\":\"https:\/\/www.visit-ulcinj.com\/blog\/#website\",\"url\":\"https:\/\/www.visit-ulcinj.com\/blog\/\",\"name\":\"Lajme nga Ulqini\",\"description\":\"Lajme,Vijesti,Ulqini,Ulqin,Crna Gora,Mali i Zi\",\"potentialAction\":[{\"@type\":\"SearchAction\",\"target\":{\"@type\":\"EntryPoint\",\"urlTemplate\":\"https:\/\/www.visit-ulcinj.com\/blog\/?s={search_term_string}\"},\"query-input\":\"required name=search_term_string\"}],\"inLanguage\":\"en-US\"},{\"@type\":\"WebPage\",\"@id\":\"https:\/\/www.visit-ulcinj.com\/blog\/2016\/10\/16\/thirrje-per-vota-serbe-permes-urrejtes-ndaj-shqiptareve-dhe-boshnjakeve\/#webpage\",\"url\":\"https:\/\/www.visit-ulcinj.com\/blog\/2016\/10\/16\/thirrje-per-vota-serbe-permes-urrejtes-ndaj-shqiptareve-dhe-boshnjakeve\/\",\"name\":\"Thirrje p\u00ebr vota serbe p\u00ebrmes urrejtes ndaj shqiptar\u00ebve dhe boshnjak\u00ebve - Lajme nga Ulqini\",\"isPartOf\":{\"@id\":\"https:\/\/www.visit-ulcinj.com\/blog\/#website\"},\"datePublished\":\"2016-10-16T15:05:47+00:00\",\"dateModified\":\"2016-10-16T15:05:47+00:00\",\"author\":{\"@id\":\"https:\/\/www.visit-ulcinj.com\/blog\/#\/schema\/person\/dcab619c614d3038751c63bc2aadc06d\"},\"description\":\"Skandal n\u00eb k\u00ebt\u00eb dit\u00eb zgjedhjesh parlamentare, nuk ka vonuar t\u00eb sh\u00ebnohet edhe nj\u00eb incident tjet\u00ebr i r\u00ebnd\u00eb. Pran\u00eb redaksis\u00eb ton\u00eb ka mb\u00ebrritur njoftimi se\",\"breadcrumb\":{\"@id\":\"https:\/\/www.visit-ulcinj.com\/blog\/2016\/10\/16\/thirrje-per-vota-serbe-permes-urrejtes-ndaj-shqiptareve-dhe-boshnjakeve\/#breadcrumb\"},\"inLanguage\":\"en-US\",\"potentialAction\":[{\"@type\":\"ReadAction\",\"target\":[\"https:\/\/www.visit-ulcinj.com\/blog\/2016\/10\/16\/thirrje-per-vota-serbe-permes-urrejtes-ndaj-shqiptareve-dhe-boshnjakeve\/\"]}]},{\"@type\":\"BreadcrumbList\",\"@id\":\"https:\/\/www.visit-ulcinj.com\/blog\/2016\/10\/16\/thirrje-per-vota-serbe-permes-urrejtes-ndaj-shqiptareve-dhe-boshnjakeve\/#breadcrumb\",\"itemListElement\":[{\"@type\":\"ListItem\",\"position\":1,\"name\":\"Thirrje p\u00ebr vota serbe p\u00ebrmes urrejtes ndaj shqiptar\u00ebve dhe boshnjak\u00ebve\"}]},{\"@type\":\"Person\",\"@id\":\"https:\/\/www.visit-ulcinj.com\/blog\/#\/schema\/person\/dcab619c614d3038751c63bc2aadc06d\",\"name\":\"ulqini\",\"sameAs\":[\"http:\/\/www.visit-ulcinj.com\"],\"url\":\"https:\/\/www.visit-ulcinj.com\/blog\/author\/admin\/\"}]}<\/script>\n<!-- \/ Yoast SEO plugin. -->","yoast_head_json":{"title":"Thirrje p\u00ebr vota serbe p\u00ebrmes urrejtes ndaj shqiptar\u00ebve dhe boshnjak\u00ebve - Lajme nga Ulqini","description":"Skandal n\u00eb k\u00ebt\u00eb dit\u00eb zgjedhjesh parlamentare, nuk ka vonuar t\u00eb sh\u00ebnohet edhe nj\u00eb incident tjet\u00ebr i r\u00ebnd\u00eb. Pran\u00eb redaksis\u00eb ton\u00eb ka mb\u00ebrritur njoftimi se","robots":{"index":"index","follow":"follow","max-snippet":"max-snippet:-1","max-image-preview":"max-image-preview:large","max-video-preview":"max-video-preview:-1"},"canonical":"https:\/\/www.visit-ulcinj.com\/blog\/2016\/10\/16\/thirrje-per-vota-serbe-permes-urrejtes-ndaj-shqiptareve-dhe-boshnjakeve\/","og_locale":"en_US","og_type":"article","og_title":"Thirrje p\u00ebr vota serbe p\u00ebrmes urrejtes ndaj shqiptar\u00ebve dhe boshnjak\u00ebve - Lajme nga Ulqini","og_description":"Skandal n\u00eb k\u00ebt\u00eb dit\u00eb zgjedhjesh parlamentare, nuk ka vonuar t\u00eb sh\u00ebnohet edhe nj\u00eb incident tjet\u00ebr i r\u00ebnd\u00eb. Pran\u00eb redaksis\u00eb ton\u00eb ka mb\u00ebrritur njoftimi se","og_url":"https:\/\/www.visit-ulcinj.com\/blog\/2016\/10\/16\/thirrje-per-vota-serbe-permes-urrejtes-ndaj-shqiptareve-dhe-boshnjakeve\/","og_site_name":"Lajme nga Ulqini","article_published_time":"2016-10-16T15:05:47+00:00","twitter_misc":{"Written by":"ulqini","Est. reading time":"1 minute"},"schema":{"@context":"https:\/\/schema.org","@graph":[{"@type":"WebSite","@id":"https:\/\/www.visit-ulcinj.com\/blog\/#website","url":"https:\/\/www.visit-ulcinj.com\/blog\/","name":"Lajme nga Ulqini","description":"Lajme,Vijesti,Ulqini,Ulqin,Crna Gora,Mali i Zi","potentialAction":[{"@type":"SearchAction","target":{"@type":"EntryPoint","urlTemplate":"https:\/\/www.visit-ulcinj.com\/blog\/?s={search_term_string}"},"query-input":"required name=search_term_string"}],"inLanguage":"en-US"},{"@type":"WebPage","@id":"https:\/\/www.visit-ulcinj.com\/blog\/2016\/10\/16\/thirrje-per-vota-serbe-permes-urrejtes-ndaj-shqiptareve-dhe-boshnjakeve\/#webpage","url":"https:\/\/www.visit-ulcinj.com\/blog\/2016\/10\/16\/thirrje-per-vota-serbe-permes-urrejtes-ndaj-shqiptareve-dhe-boshnjakeve\/","name":"Thirrje p\u00ebr vota serbe p\u00ebrmes urrejtes ndaj shqiptar\u00ebve dhe boshnjak\u00ebve - Lajme nga Ulqini","isPartOf":{"@id":"https:\/\/www.visit-ulcinj.com\/blog\/#website"},"datePublished":"2016-10-16T15:05:47+00:00","dateModified":"2016-10-16T15:05:47+00:00","author":{"@id":"https:\/\/www.visit-ulcinj.com\/blog\/#\/schema\/person\/dcab619c614d3038751c63bc2aadc06d"},"description":"Skandal n\u00eb k\u00ebt\u00eb dit\u00eb zgjedhjesh parlamentare, nuk ka vonuar t\u00eb sh\u00ebnohet edhe nj\u00eb incident tjet\u00ebr i r\u00ebnd\u00eb. Pran\u00eb redaksis\u00eb ton\u00eb ka mb\u00ebrritur njoftimi se","breadcrumb":{"@id":"https:\/\/www.visit-ulcinj.com\/blog\/2016\/10\/16\/thirrje-per-vota-serbe-permes-urrejtes-ndaj-shqiptareve-dhe-boshnjakeve\/#breadcrumb"},"inLanguage":"en-US","potentialAction":[{"@type":"ReadAction","target":["https:\/\/www.visit-ulcinj.com\/blog\/2016\/10\/16\/thirrje-per-vota-serbe-permes-urrejtes-ndaj-shqiptareve-dhe-boshnjakeve\/"]}]},{"@type":"BreadcrumbList","@id":"https:\/\/www.visit-ulcinj.com\/blog\/2016\/10\/16\/thirrje-per-vota-serbe-permes-urrejtes-ndaj-shqiptareve-dhe-boshnjakeve\/#breadcrumb","itemListElement":[{"@type":"ListItem","position":1,"name":"Thirrje p\u00ebr vota serbe p\u00ebrmes urrejtes ndaj shqiptar\u00ebve dhe boshnjak\u00ebve"}]},{"@type":"Person","@id":"https:\/\/www.visit-ulcinj.com\/blog\/#\/schema\/person\/dcab619c614d3038751c63bc2aadc06d","name":"ulqini","sameAs":["http:\/\/www.visit-ulcinj.com"],"url":"https:\/\/www.visit-ulcinj.com\/blog\/author\/admin\/"}]}},"jetpack_featured_media_url":"","jetpack_sharing_enabled":true,"jetpack_shortlink":"https:\/\/wp.me\/pe6lTn-q6p","_links":{"self":[{"href":"https:\/\/www.visit-ulcinj.com\/blog\/wp-json\/wp\/v2\/posts\/100341"}],"collection":[{"href":"https:\/\/www.visit-ulcinj.com\/blog\/wp-json\/wp\/v2\/posts"}],"about":[{"href":"https:\/\/www.visit-ulcinj.com\/blog\/wp-json\/wp\/v2\/types\/post"}],"author":[{"embeddable":true,"href":"https:\/\/www.visit-ulcinj.com\/blog\/wp-json\/wp\/v2\/users\/1"}],"replies":[{"embeddable":true,"href":"https:\/\/www.visit-ulcinj.com\/blog\/wp-json\/wp\/v2\/comments?post=100341"}],"version-history":[{"count":1,"href":"https:\/\/www.visit-ulcinj.com\/blog\/wp-json\/wp\/v2\/posts\/100341\/revisions"}],"predecessor-version":[{"id":100343,"href":"https:\/\/www.visit-ulcinj.com\/blog\/wp-json\/wp\/v2\/posts\/100341\/revisions\/100343"}],"wp:attachment":[{"href":"https:\/\/www.visit-ulcinj.com\/blog\/wp-json\/wp\/v2\/media?parent=100341"}],"wp:term":[{"taxonomy":"category","embeddable":true,"href":"https:\/\/www.visit-ulcinj.com\/blog\/wp-json\/wp\/v2\/categories?post=100341"},{"taxonomy":"post_tag","embeddable":true,"href":"https:\/\/www.visit-ulcinj.com\/blog\/wp-json\/wp\/v2\/tags?post=100341"}],"curies":[{"name":"wp","href":"https:\/\/api.w.org\/{rel}","templated":true}]}}