{"id":100358,"date":"2016-10-16T20:33:07","date_gmt":"2016-10-16T19:33:07","guid":{"rendered":"http:\/\/www.visit-ulcinj.com\/blog\/?p=100358"},"modified":"2016-10-16T20:33:07","modified_gmt":"2016-10-16T19:33:07","slug":"gjukanoviqi-prin-ne-zgjedhjet-e-malit-te-zi-e-jo-koalicioni-prorus","status":"publish","type":"post","link":"https:\/\/www.visit-ulcinj.com\/blog\/2016\/10\/16\/gjukanoviqi-prin-ne-zgjedhjet-e-malit-te-zi-e-jo-koalicioni-prorus\/","title":{"rendered":"Gjukanoviqi prin n\u00eb zgjedhjet e Malit t\u00eb Zi e jo koalicioni prorus"},"content":{"rendered":"<p><strong><a href=\"http:\/\/www.visit-ulcinj.com\/blog\/wp-content\/uploads\/2016\/10\/gjukanoviq.jpg\"><img loading=\"lazy\" class=\"alignleft wp-image-100359\" src=\"http:\/\/www.visit-ulcinj.com\/blog\/wp-content\/uploads\/2016\/10\/gjukanoviq.jpg\" alt=\"gjukanoviq\" width=\"508\" height=\"286\" srcset=\"https:\/\/www.visit-ulcinj.com\/blog\/wp-content\/uploads\/2016\/10\/gjukanoviq.jpg 780w, https:\/\/www.visit-ulcinj.com\/blog\/wp-content\/uploads\/2016\/10\/gjukanoviq-300x169.jpg 300w, https:\/\/www.visit-ulcinj.com\/blog\/wp-content\/uploads\/2016\/10\/gjukanoviq-768x432.jpg 768w\" sizes=\"(max-width: 508px) 100vw, 508px\" \/><\/a>Partia Demokratike Socialiste e Milo Gjukanoviqit po udh\u00ebheq n\u00eb votimet n\u00eb Mal t\u00eb Zi.<\/strong><\/p>\n<p>Nga qendra CEMI, thuhet se nga num\u00ebrimi i 30.1 p\u00ebr qind t\u00eb votave, partia e Gjukanoviqit ka 41.2 p\u00ebr qind t\u00eb votave n\u00eb total.<\/p>\n<p>Fronti Demokratik ka 21.8 p\u00ebr qind, nd\u00ebrsa Koalicioni i Madh \u00c7el\u00ebsi ka 10.8 p\u00ebr qind t\u00eb votive.<\/p>\n<div class=\"in-artad\"><\/div>\n<p>Pra, sipas vler\u00ebsimeve, po del t\u00eb humbas\u00eb koalicioni prorus.<\/p>\n<p>N\u00eb zgjedhjet e sotme parlamentare t\u00eb Malit t\u00eb Zi kan\u00eb marr\u00eb pjes\u00eb 73.2 p\u00ebr qind e votuesve.<\/p>\n<p>N\u00eb k\u00ebto zgjedhje kan\u00eb marr\u00eb pjes\u00eb tri parti shqiptare, por ende nuk dihet votat q\u00eb kan\u00eb fituar. \/Telegrafi\/<\/p>\n","protected":false},"excerpt":{"rendered":"<p>Partia Demokratike Socialiste e Milo Gjukanoviqit po udh\u00ebheq n\u00eb votimet n\u00eb Mal t\u00eb Zi. Nga qendra CEMI, thuhet se nga num\u00ebrimi i 30.1 p\u00ebr qind t\u00eb votave, partia e Gjukanoviqit ka 41.2 p\u00ebr qind t\u00eb votave n\u00eb total. Fronti Demokratik ka 21.8 p\u00ebr qind, nd\u00ebrsa Koalicioni i Madh \u00c7el\u00ebsi ka 10.8 p\u00ebr qind t\u00eb votive. [&hellip;]<\/p>\n","protected":false},"author":1,"featured_media":0,"comment_status":"closed","ping_status":"closed","sticky":false,"template":"","format":"standard","meta":{"spay_email":"","jetpack_publicize_message":"","jetpack_is_tweetstorm":false,"jetpack_publicize_feature_enabled":true},"categories":[1],"tags":[],"jetpack_publicize_connections":[],"yoast_head":"<!-- This site is optimized with the Yoast SEO plugin v19.1 - https:\/\/yoast.com\/wordpress\/plugins\/seo\/ -->\n<title>Gjukanoviqi prin n\u00eb zgjedhjet e Malit t\u00eb Zi e jo koalicioni prorus - Lajme nga Ulqini<\/title>\n<meta name=\"description\" content=\"Partia Demokratike Socialiste e Milo Gjukanoviqit po udh\u00ebheq n\u00eb votimet n\u00eb Mal t\u00eb Zi. Nga qendra CEMI, thuhet se nga num\u00ebrimi i 30.1 p\u00ebr qind t\u00eb votave,\" \/>\n<meta name=\"robots\" content=\"index, follow, max-snippet:-1, max-image-preview:large, max-video-preview:-1\" \/>\n<link rel=\"canonical\" href=\"https:\/\/www.visit-ulcinj.com\/blog\/2016\/10\/16\/gjukanoviqi-prin-ne-zgjedhjet-e-malit-te-zi-e-jo-koalicioni-prorus\/\" \/>\n<meta property=\"og:locale\" content=\"en_US\" \/>\n<meta property=\"og:type\" content=\"article\" \/>\n<meta property=\"og:title\" content=\"Gjukanoviqi prin n\u00eb zgjedhjet e Malit t\u00eb Zi e jo koalicioni prorus - Lajme nga Ulqini\" \/>\n<meta property=\"og:description\" content=\"Partia Demokratike Socialiste e Milo Gjukanoviqit po udh\u00ebheq n\u00eb votimet n\u00eb Mal t\u00eb Zi. Nga qendra CEMI, thuhet se nga num\u00ebrimi i 30.1 p\u00ebr qind t\u00eb votave,\" \/>\n<meta property=\"og:url\" content=\"https:\/\/www.visit-ulcinj.com\/blog\/2016\/10\/16\/gjukanoviqi-prin-ne-zgjedhjet-e-malit-te-zi-e-jo-koalicioni-prorus\/\" \/>\n<meta property=\"og:site_name\" content=\"Lajme nga Ulqini\" \/>\n<meta property=\"article:published_time\" content=\"2016-10-16T19:33:07+00:00\" \/>\n<meta property=\"og:image\" content=\"http:\/\/www.visit-ulcinj.com\/blog\/wp-content\/uploads\/2016\/10\/gjukanoviq.jpg\" \/>\n<meta name=\"twitter:label1\" content=\"Written by\" \/>\n\t<meta name=\"twitter:data1\" content=\"ulqini\" \/>\n\t<meta name=\"twitter:label2\" content=\"Est. reading time\" \/>\n\t<meta name=\"twitter:data2\" content=\"1 minute\" \/>\n<script type=\"application\/ld+json\" class=\"yoast-schema-graph\">{\"@context\":\"https:\/\/schema.org\",\"@graph\":[{\"@type\":\"WebSite\",\"@id\":\"https:\/\/www.visit-ulcinj.com\/blog\/#website\",\"url\":\"https:\/\/www.visit-ulcinj.com\/blog\/\",\"name\":\"Lajme nga Ulqini\",\"description\":\"Lajme,Vijesti,Ulqini,Ulqin,Crna Gora,Mali i Zi\",\"potentialAction\":[{\"@type\":\"SearchAction\",\"target\":{\"@type\":\"EntryPoint\",\"urlTemplate\":\"https:\/\/www.visit-ulcinj.com\/blog\/?s={search_term_string}\"},\"query-input\":\"required name=search_term_string\"}],\"inLanguage\":\"en-US\"},{\"@type\":\"ImageObject\",\"inLanguage\":\"en-US\",\"@id\":\"https:\/\/www.visit-ulcinj.com\/blog\/2016\/10\/16\/gjukanoviqi-prin-ne-zgjedhjet-e-malit-te-zi-e-jo-koalicioni-prorus\/#primaryimage\",\"url\":\"https:\/\/www.visit-ulcinj.com\/blog\/wp-content\/uploads\/2016\/10\/gjukanoviq.jpg\",\"contentUrl\":\"https:\/\/www.visit-ulcinj.com\/blog\/wp-content\/uploads\/2016\/10\/gjukanoviq.jpg\",\"width\":780,\"height\":439},{\"@type\":\"WebPage\",\"@id\":\"https:\/\/www.visit-ulcinj.com\/blog\/2016\/10\/16\/gjukanoviqi-prin-ne-zgjedhjet-e-malit-te-zi-e-jo-koalicioni-prorus\/#webpage\",\"url\":\"https:\/\/www.visit-ulcinj.com\/blog\/2016\/10\/16\/gjukanoviqi-prin-ne-zgjedhjet-e-malit-te-zi-e-jo-koalicioni-prorus\/\",\"name\":\"Gjukanoviqi prin n\u00eb zgjedhjet e Malit t\u00eb Zi e jo koalicioni prorus - Lajme nga Ulqini\",\"isPartOf\":{\"@id\":\"https:\/\/www.visit-ulcinj.com\/blog\/#website\"},\"primaryImageOfPage\":{\"@id\":\"https:\/\/www.visit-ulcinj.com\/blog\/2016\/10\/16\/gjukanoviqi-prin-ne-zgjedhjet-e-malit-te-zi-e-jo-koalicioni-prorus\/#primaryimage\"},\"datePublished\":\"2016-10-16T19:33:07+00:00\",\"dateModified\":\"2016-10-16T19:33:07+00:00\",\"author\":{\"@id\":\"https:\/\/www.visit-ulcinj.com\/blog\/#\/schema\/person\/dcab619c614d3038751c63bc2aadc06d\"},\"description\":\"Partia Demokratike Socialiste e Milo Gjukanoviqit po udh\u00ebheq n\u00eb votimet n\u00eb Mal t\u00eb Zi. Nga qendra CEMI, thuhet se nga num\u00ebrimi i 30.1 p\u00ebr qind t\u00eb votave,\",\"breadcrumb\":{\"@id\":\"https:\/\/www.visit-ulcinj.com\/blog\/2016\/10\/16\/gjukanoviqi-prin-ne-zgjedhjet-e-malit-te-zi-e-jo-koalicioni-prorus\/#breadcrumb\"},\"inLanguage\":\"en-US\",\"potentialAction\":[{\"@type\":\"ReadAction\",\"target\":[\"https:\/\/www.visit-ulcinj.com\/blog\/2016\/10\/16\/gjukanoviqi-prin-ne-zgjedhjet-e-malit-te-zi-e-jo-koalicioni-prorus\/\"]}]},{\"@type\":\"BreadcrumbList\",\"@id\":\"https:\/\/www.visit-ulcinj.com\/blog\/2016\/10\/16\/gjukanoviqi-prin-ne-zgjedhjet-e-malit-te-zi-e-jo-koalicioni-prorus\/#breadcrumb\",\"itemListElement\":[{\"@type\":\"ListItem\",\"position\":1,\"name\":\"Gjukanoviqi prin n\u00eb zgjedhjet e Malit t\u00eb Zi e jo koalicioni prorus\"}]},{\"@type\":\"Person\",\"@id\":\"https:\/\/www.visit-ulcinj.com\/blog\/#\/schema\/person\/dcab619c614d3038751c63bc2aadc06d\",\"name\":\"ulqini\",\"sameAs\":[\"http:\/\/www.visit-ulcinj.com\"],\"url\":\"https:\/\/www.visit-ulcinj.com\/blog\/author\/admin\/\"}]}<\/script>\n<!-- \/ Yoast SEO plugin. -->","yoast_head_json":{"title":"Gjukanoviqi prin n\u00eb zgjedhjet e Malit t\u00eb Zi e jo koalicioni prorus - Lajme nga Ulqini","description":"Partia Demokratike Socialiste e Milo Gjukanoviqit po udh\u00ebheq n\u00eb votimet n\u00eb Mal t\u00eb Zi. Nga qendra CEMI, thuhet se nga num\u00ebrimi i 30.1 p\u00ebr qind t\u00eb votave,","robots":{"index":"index","follow":"follow","max-snippet":"max-snippet:-1","max-image-preview":"max-image-preview:large","max-video-preview":"max-video-preview:-1"},"canonical":"https:\/\/www.visit-ulcinj.com\/blog\/2016\/10\/16\/gjukanoviqi-prin-ne-zgjedhjet-e-malit-te-zi-e-jo-koalicioni-prorus\/","og_locale":"en_US","og_type":"article","og_title":"Gjukanoviqi prin n\u00eb zgjedhjet e Malit t\u00eb Zi e jo koalicioni prorus - Lajme nga Ulqini","og_description":"Partia Demokratike Socialiste e Milo Gjukanoviqit po udh\u00ebheq n\u00eb votimet n\u00eb Mal t\u00eb Zi. Nga qendra CEMI, thuhet se nga num\u00ebrimi i 30.1 p\u00ebr qind t\u00eb votave,","og_url":"https:\/\/www.visit-ulcinj.com\/blog\/2016\/10\/16\/gjukanoviqi-prin-ne-zgjedhjet-e-malit-te-zi-e-jo-koalicioni-prorus\/","og_site_name":"Lajme nga Ulqini","article_published_time":"2016-10-16T19:33:07+00:00","og_image":[{"url":"http:\/\/www.visit-ulcinj.com\/blog\/wp-content\/uploads\/2016\/10\/gjukanoviq.jpg"}],"twitter_misc":{"Written by":"ulqini","Est. reading time":"1 minute"},"schema":{"@context":"https:\/\/schema.org","@graph":[{"@type":"WebSite","@id":"https:\/\/www.visit-ulcinj.com\/blog\/#website","url":"https:\/\/www.visit-ulcinj.com\/blog\/","name":"Lajme nga Ulqini","description":"Lajme,Vijesti,Ulqini,Ulqin,Crna Gora,Mali i Zi","potentialAction":[{"@type":"SearchAction","target":{"@type":"EntryPoint","urlTemplate":"https:\/\/www.visit-ulcinj.com\/blog\/?s={search_term_string}"},"query-input":"required name=search_term_string"}],"inLanguage":"en-US"},{"@type":"ImageObject","inLanguage":"en-US","@id":"https:\/\/www.visit-ulcinj.com\/blog\/2016\/10\/16\/gjukanoviqi-prin-ne-zgjedhjet-e-malit-te-zi-e-jo-koalicioni-prorus\/#primaryimage","url":"https:\/\/www.visit-ulcinj.com\/blog\/wp-content\/uploads\/2016\/10\/gjukanoviq.jpg","contentUrl":"https:\/\/www.visit-ulcinj.com\/blog\/wp-content\/uploads\/2016\/10\/gjukanoviq.jpg","width":780,"height":439},{"@type":"WebPage","@id":"https:\/\/www.visit-ulcinj.com\/blog\/2016\/10\/16\/gjukanoviqi-prin-ne-zgjedhjet-e-malit-te-zi-e-jo-koalicioni-prorus\/#webpage","url":"https:\/\/www.visit-ulcinj.com\/blog\/2016\/10\/16\/gjukanoviqi-prin-ne-zgjedhjet-e-malit-te-zi-e-jo-koalicioni-prorus\/","name":"Gjukanoviqi prin n\u00eb zgjedhjet e Malit t\u00eb Zi e jo koalicioni prorus - Lajme nga Ulqini","isPartOf":{"@id":"https:\/\/www.visit-ulcinj.com\/blog\/#website"},"primaryImageOfPage":{"@id":"https:\/\/www.visit-ulcinj.com\/blog\/2016\/10\/16\/gjukanoviqi-prin-ne-zgjedhjet-e-malit-te-zi-e-jo-koalicioni-prorus\/#primaryimage"},"datePublished":"2016-10-16T19:33:07+00:00","dateModified":"2016-10-16T19:33:07+00:00","author":{"@id":"https:\/\/www.visit-ulcinj.com\/blog\/#\/schema\/person\/dcab619c614d3038751c63bc2aadc06d"},"description":"Partia Demokratike Socialiste e Milo Gjukanoviqit po udh\u00ebheq n\u00eb votimet n\u00eb Mal t\u00eb Zi. Nga qendra CEMI, thuhet se nga num\u00ebrimi i 30.1 p\u00ebr qind t\u00eb votave,","breadcrumb":{"@id":"https:\/\/www.visit-ulcinj.com\/blog\/2016\/10\/16\/gjukanoviqi-prin-ne-zgjedhjet-e-malit-te-zi-e-jo-koalicioni-prorus\/#breadcrumb"},"inLanguage":"en-US","potentialAction":[{"@type":"ReadAction","target":["https:\/\/www.visit-ulcinj.com\/blog\/2016\/10\/16\/gjukanoviqi-prin-ne-zgjedhjet-e-malit-te-zi-e-jo-koalicioni-prorus\/"]}]},{"@type":"BreadcrumbList","@id":"https:\/\/www.visit-ulcinj.com\/blog\/2016\/10\/16\/gjukanoviqi-prin-ne-zgjedhjet-e-malit-te-zi-e-jo-koalicioni-prorus\/#breadcrumb","itemListElement":[{"@type":"ListItem","position":1,"name":"Gjukanoviqi prin n\u00eb zgjedhjet e Malit t\u00eb Zi e jo koalicioni prorus"}]},{"@type":"Person","@id":"https:\/\/www.visit-ulcinj.com\/blog\/#\/schema\/person\/dcab619c614d3038751c63bc2aadc06d","name":"ulqini","sameAs":["http:\/\/www.visit-ulcinj.com"],"url":"https:\/\/www.visit-ulcinj.com\/blog\/author\/admin\/"}]}},"jetpack_featured_media_url":"","jetpack_sharing_enabled":true,"jetpack_shortlink":"https:\/\/wp.me\/pe6lTn-q6G","_links":{"self":[{"href":"https:\/\/www.visit-ulcinj.com\/blog\/wp-json\/wp\/v2\/posts\/100358"}],"collection":[{"href":"https:\/\/www.visit-ulcinj.com\/blog\/wp-json\/wp\/v2\/posts"}],"about":[{"href":"https:\/\/www.visit-ulcinj.com\/blog\/wp-json\/wp\/v2\/types\/post"}],"author":[{"embeddable":true,"href":"https:\/\/www.visit-ulcinj.com\/blog\/wp-json\/wp\/v2\/users\/1"}],"replies":[{"embeddable":true,"href":"https:\/\/www.visit-ulcinj.com\/blog\/wp-json\/wp\/v2\/comments?post=100358"}],"version-history":[{"count":1,"href":"https:\/\/www.visit-ulcinj.com\/blog\/wp-json\/wp\/v2\/posts\/100358\/revisions"}],"predecessor-version":[{"id":100360,"href":"https:\/\/www.visit-ulcinj.com\/blog\/wp-json\/wp\/v2\/posts\/100358\/revisions\/100360"}],"wp:attachment":[{"href":"https:\/\/www.visit-ulcinj.com\/blog\/wp-json\/wp\/v2\/media?parent=100358"}],"wp:term":[{"taxonomy":"category","embeddable":true,"href":"https:\/\/www.visit-ulcinj.com\/blog\/wp-json\/wp\/v2\/categories?post=100358"},{"taxonomy":"post_tag","embeddable":true,"href":"https:\/\/www.visit-ulcinj.com\/blog\/wp-json\/wp\/v2\/tags?post=100358"}],"curies":[{"name":"wp","href":"https:\/\/api.w.org\/{rel}","templated":true}]}}