{"id":10036,"date":"2009-01-29T19:02:36","date_gmt":"2009-01-29T18:02:36","guid":{"rendered":"http:\/\/www.visit-ulcinj.com\/blog\/?p=10036"},"modified":"2009-01-29T19:02:41","modified_gmt":"2009-01-29T18:02:41","slug":"forca-stotine-ljudi-moze-ostati-bez-krova-nad-glavom","status":"publish","type":"post","link":"https:\/\/www.visit-ulcinj.com\/blog\/2009\/01\/29\/forca-stotine-ljudi-moze-ostati-bez-krova-nad-glavom\/","title":{"rendered":"Forca: Stotine ljudi mo\u017ee ostati bez krova nad glavom"},"content":{"rendered":"<p><strong><a rel=\"attachment wp-att-10037\" href=\"http:\/\/www.visit-ulcinj.com\/blog\/2009\/01\/29\/forca-stotine-ljudi-moze-ostati-bez-krova-nad-glavom\/genc-nimanbegu_forca\/\"><img loading=\"lazy\" class=\"alignleft size-full wp-image-10037\" title=\"genc-nimanbegu_forca\" src=\"http:\/\/www.visit-ulcinj.com\/blog\/wp-content\/uploads\/2009\/01\/genc-nimanbegu_forca.jpg\" alt=\"genc-nimanbegu_forca\" width=\"570\" height=\"400\" srcset=\"https:\/\/www.visit-ulcinj.com\/blog\/wp-content\/uploads\/2009\/01\/genc-nimanbegu_forca.jpg 909w, https:\/\/www.visit-ulcinj.com\/blog\/wp-content\/uploads\/2009\/01\/genc-nimanbegu_forca-300x211.jpg 300w\" sizes=\"(max-width: 570px) 100vw, 570px\" \/><\/a>\u201eForca\u201d optu\u017eila lokalnu upravu u ulcinju da odla\u017ee rje\u0161enja goru?ih problema<\/strong><br \/>\nUlcinj \u2013 Nakon polusatne rasprave, predsjednik SO Ulcinj Muhamet Nika prekinuo je ju?e drugu sjednicu drugog redovnog zasjedanja, a novo vanredno okupljanje odbornika zakazao za je utorak 3. februara.<br \/>\nRedovno zasjedanje koje je po?elo u oktobru, Skup\u0161tina je, shodno zakonu, morala da okon?a najkasnije do kraja kalendarske godine, ali to nije u?injeno iako je Nika imao priliku da to uradi 31. decembra kada je odr\u017ean nastavak sjednice.<br \/>\nNakon ju?era\u0161njeg zasjedanja, Nika je za \u201cVijesti\u201d kazao da nije prekr\u0161io zakon.<br \/>\n&#8211; Zakon bi bio prekr\u0161en da smo usvojili neku odluku, a ovako ne jer parlament mo\u017ee da zasjeda. Odbornike sam o prekidu mogao obavijestiti i dopisom, ali sam se odlu?io na ovakav korak nakon postignutog dogovora sa predsjednicima klubova \u2013 kazao je Nika.<br \/>\nOn je najavio da ?e sve ta?ke dnevnog reda sa prekinute sjednice biti kandidovane za utorak.<br \/>\nOpoziciona \u201cForca\u201d ocijenila je da takvim radom Skup\u0161tina, \u201ekoja je sazvana samo zbog prekida i politi?ke propagande\u201c, odla\u017ee rje\u0161enje goru?ih problema u Ulcinju.<br \/>\nU toj partiji tvrde da su materijali, koji su podijeljeni odbornicima, pravi razlog za prekid sjednice.<br \/>\n&#8211; Na dnevnom redu su bile izmjene GUP-a koje su u izradi jo\u0161 od 2004. godine. Me?utim, lokalna uprava priprema i predla\u017ee izmjene GUP-a, dok republi?ka Vlada razra?uje studije lokacije preko javnog preduze?a za upravljanje morskim dobrom ?ija su rje\u0161enja suprotna onima koja se serviraju odbornicima na usvajanje \u2013 kazao je \u0161ef odborni?kog kluba \u201cForce\u201d Genci Nimanbegu na ju?era\u0161njoj konferenciji za novinare sazvanoj povodom prekida sjednice.<br \/>\nOn je istakao da na osnovu novog zakona o ure?enju i izgradnji objekata, GUP vi\u0161e ne postoji.<br \/>\n&#8211; Studija lokacije ?e biti planski dokument koji je zakonit i vi\u0161eg reda, a kojim se predvi?a ru\u0161enje velikog broja stambenih objekata na podru?ju Port Milene. Tako ?e na stotine gra?ana ostati bez krova nad glavom \u2013 kazao je Nimanbegu.<br \/>\nOn je dodao da bi, \u201czbog rje\u0161enja koja i dalje ukidaju nadle\u017enost lokalne samouprave, Skup\u0161tina trebalo da bude u stalnom zasjedanju\u201c.<br \/>\nNimanbegu: Komunalije od gra?ana napla?uju nezakonito<br \/>\nGenci Nimanbegu je optu\u017eio lokalnu upravu da je bez zakonskog osnova po?ela da napla?uje komunalije sa, kako je naveo, \u201cjedinim ciljem da obezbijedi sredstva koja ?e nenamjenski tro\u0161iti njeni funkcioneri\u201c.<br \/>\n&#8211; Zakon o planiranju prostora i izgradnju objekata predvi?a da se komunalije pla?aju nakon izgradnje objekta i to u ratama. Me?utim, od gra?ana se komunalije poku\u0161avaju naplatiti ucjenjivanjem da ne?e mo?i da dobiju privremene dozvole za rad ukoliko ne izvr\u0161e uplate \u2013 kazao je Nimanbegu.<br \/>\n<strong>S.A.<br \/>\nIzvor \/ Vijesti<\/strong><\/p>\n","protected":false},"excerpt":{"rendered":"<p>\u201eForca\u201d optu\u017eila lokalnu upravu u ulcinju da odla\u017ee rje\u0161enja goru?ih problema Ulcinj \u2013 Nakon polusatne rasprave, predsjednik SO Ulcinj Muhamet Nika prekinuo je ju?e drugu sjednicu drugog redovnog zasjedanja, a novo vanredno okupljanje odbornika zakazao za je utorak 3. februara. Redovno zasjedanje koje je po?elo u oktobru, Skup\u0161tina je, shodno zakonu, morala da okon?a najkasnije [&hellip;]<\/p>\n","protected":false},"author":1,"featured_media":0,"comment_status":"open","ping_status":"closed","sticky":false,"template":"","format":"standard","meta":{"spay_email":"","jetpack_publicize_message":"","jetpack_is_tweetstorm":false,"jetpack_publicize_feature_enabled":true},"categories":[1],"tags":[117,1073,6193,6191,6192,19],"jetpack_publicize_connections":[],"yoast_head":"<!-- This site is optimized with the Yoast SEO plugin v19.1 - https:\/\/yoast.com\/wordpress\/plugins\/seo\/ -->\n<title>Forca: Stotine ljudi mo\u017ee ostati bez krova nad glavom - Lajme nga Ulqini<\/title>\n<meta name=\"description\" content=\"\u201eForca\u201d optu\u017eila lokalnu upravu u ulcinju da odla\u017ee rje\u0161enja goru?ih problema Ulcinj \u2013 Nakon polusatne rasprave, predsjednik SO Ulcinj Muhamet Nika\" \/>\n<meta name=\"robots\" content=\"index, follow, max-snippet:-1, max-image-preview:large, max-video-preview:-1\" \/>\n<link rel=\"canonical\" href=\"https:\/\/www.visit-ulcinj.com\/blog\/2009\/01\/29\/forca-stotine-ljudi-moze-ostati-bez-krova-nad-glavom\/\" \/>\n<meta property=\"og:locale\" content=\"en_US\" \/>\n<meta property=\"og:type\" content=\"article\" \/>\n<meta property=\"og:title\" content=\"Forca: Stotine ljudi mo\u017ee ostati bez krova nad glavom - Lajme nga Ulqini\" \/>\n<meta property=\"og:description\" content=\"\u201eForca\u201d optu\u017eila lokalnu upravu u ulcinju da odla\u017ee rje\u0161enja goru?ih problema Ulcinj \u2013 Nakon polusatne rasprave, predsjednik SO Ulcinj Muhamet Nika\" \/>\n<meta property=\"og:url\" content=\"https:\/\/www.visit-ulcinj.com\/blog\/2009\/01\/29\/forca-stotine-ljudi-moze-ostati-bez-krova-nad-glavom\/\" \/>\n<meta property=\"og:site_name\" content=\"Lajme nga Ulqini\" \/>\n<meta property=\"article:published_time\" content=\"2009-01-29T18:02:36+00:00\" \/>\n<meta property=\"article:modified_time\" content=\"2009-01-29T18:02:41+00:00\" \/>\n<meta property=\"og:image\" content=\"http:\/\/www.visit-ulcinj.com\/blog\/wp-content\/uploads\/2009\/01\/genc-nimanbegu_forca.jpg\" \/>\n<meta name=\"twitter:label1\" content=\"Written by\" \/>\n\t<meta name=\"twitter:data1\" content=\"ulqini\" \/>\n\t<meta name=\"twitter:label2\" content=\"Est. reading time\" \/>\n\t<meta name=\"twitter:data2\" content=\"2 minutes\" \/>\n<script type=\"application\/ld+json\" class=\"yoast-schema-graph\">{\"@context\":\"https:\/\/schema.org\",\"@graph\":[{\"@type\":\"WebSite\",\"@id\":\"https:\/\/www.visit-ulcinj.com\/blog\/#website\",\"url\":\"https:\/\/www.visit-ulcinj.com\/blog\/\",\"name\":\"Lajme nga Ulqini\",\"description\":\"Lajme,Vijesti,Ulqini,Ulqin,Crna Gora,Mali i Zi\",\"potentialAction\":[{\"@type\":\"SearchAction\",\"target\":{\"@type\":\"EntryPoint\",\"urlTemplate\":\"https:\/\/www.visit-ulcinj.com\/blog\/?s={search_term_string}\"},\"query-input\":\"required name=search_term_string\"}],\"inLanguage\":\"en-US\"},{\"@type\":\"ImageObject\",\"inLanguage\":\"en-US\",\"@id\":\"https:\/\/www.visit-ulcinj.com\/blog\/2009\/01\/29\/forca-stotine-ljudi-moze-ostati-bez-krova-nad-glavom\/#primaryimage\",\"url\":\"https:\/\/www.visit-ulcinj.com\/blog\/wp-content\/uploads\/2009\/01\/genc-nimanbegu_forca.jpg\",\"contentUrl\":\"https:\/\/www.visit-ulcinj.com\/blog\/wp-content\/uploads\/2009\/01\/genc-nimanbegu_forca.jpg\",\"width\":\"909\",\"height\":\"640\"},{\"@type\":\"WebPage\",\"@id\":\"https:\/\/www.visit-ulcinj.com\/blog\/2009\/01\/29\/forca-stotine-ljudi-moze-ostati-bez-krova-nad-glavom\/#webpage\",\"url\":\"https:\/\/www.visit-ulcinj.com\/blog\/2009\/01\/29\/forca-stotine-ljudi-moze-ostati-bez-krova-nad-glavom\/\",\"name\":\"Forca: Stotine ljudi mo\u017ee ostati bez krova nad glavom - Lajme nga Ulqini\",\"isPartOf\":{\"@id\":\"https:\/\/www.visit-ulcinj.com\/blog\/#website\"},\"primaryImageOfPage\":{\"@id\":\"https:\/\/www.visit-ulcinj.com\/blog\/2009\/01\/29\/forca-stotine-ljudi-moze-ostati-bez-krova-nad-glavom\/#primaryimage\"},\"datePublished\":\"2009-01-29T18:02:36+00:00\",\"dateModified\":\"2009-01-29T18:02:41+00:00\",\"author\":{\"@id\":\"https:\/\/www.visit-ulcinj.com\/blog\/#\/schema\/person\/dcab619c614d3038751c63bc2aadc06d\"},\"description\":\"\u201eForca\u201d optu\u017eila lokalnu upravu u ulcinju da odla\u017ee rje\u0161enja goru?ih problema Ulcinj \u2013 Nakon polusatne rasprave, predsjednik SO Ulcinj Muhamet Nika\",\"breadcrumb\":{\"@id\":\"https:\/\/www.visit-ulcinj.com\/blog\/2009\/01\/29\/forca-stotine-ljudi-moze-ostati-bez-krova-nad-glavom\/#breadcrumb\"},\"inLanguage\":\"en-US\",\"potentialAction\":[{\"@type\":\"ReadAction\",\"target\":[\"https:\/\/www.visit-ulcinj.com\/blog\/2009\/01\/29\/forca-stotine-ljudi-moze-ostati-bez-krova-nad-glavom\/\"]}]},{\"@type\":\"BreadcrumbList\",\"@id\":\"https:\/\/www.visit-ulcinj.com\/blog\/2009\/01\/29\/forca-stotine-ljudi-moze-ostati-bez-krova-nad-glavom\/#breadcrumb\",\"itemListElement\":[{\"@type\":\"ListItem\",\"position\":1,\"name\":\"Forca: Stotine ljudi mo\u017ee ostati bez krova nad glavom\"}]},{\"@type\":\"Person\",\"@id\":\"https:\/\/www.visit-ulcinj.com\/blog\/#\/schema\/person\/dcab619c614d3038751c63bc2aadc06d\",\"name\":\"ulqini\",\"sameAs\":[\"http:\/\/www.visit-ulcinj.com\"],\"url\":\"https:\/\/www.visit-ulcinj.com\/blog\/author\/admin\/\"}]}<\/script>\n<!-- \/ Yoast SEO plugin. -->","yoast_head_json":{"title":"Forca: Stotine ljudi mo\u017ee ostati bez krova nad glavom - Lajme nga Ulqini","description":"\u201eForca\u201d optu\u017eila lokalnu upravu u ulcinju da odla\u017ee rje\u0161enja goru?ih problema Ulcinj \u2013 Nakon polusatne rasprave, predsjednik SO Ulcinj Muhamet Nika","robots":{"index":"index","follow":"follow","max-snippet":"max-snippet:-1","max-image-preview":"max-image-preview:large","max-video-preview":"max-video-preview:-1"},"canonical":"https:\/\/www.visit-ulcinj.com\/blog\/2009\/01\/29\/forca-stotine-ljudi-moze-ostati-bez-krova-nad-glavom\/","og_locale":"en_US","og_type":"article","og_title":"Forca: Stotine ljudi mo\u017ee ostati bez krova nad glavom - Lajme nga Ulqini","og_description":"\u201eForca\u201d optu\u017eila lokalnu upravu u ulcinju da odla\u017ee rje\u0161enja goru?ih problema Ulcinj \u2013 Nakon polusatne rasprave, predsjednik SO Ulcinj Muhamet Nika","og_url":"https:\/\/www.visit-ulcinj.com\/blog\/2009\/01\/29\/forca-stotine-ljudi-moze-ostati-bez-krova-nad-glavom\/","og_site_name":"Lajme nga Ulqini","article_published_time":"2009-01-29T18:02:36+00:00","article_modified_time":"2009-01-29T18:02:41+00:00","og_image":[{"url":"http:\/\/www.visit-ulcinj.com\/blog\/wp-content\/uploads\/2009\/01\/genc-nimanbegu_forca.jpg"}],"twitter_misc":{"Written by":"ulqini","Est. reading time":"2 minutes"},"schema":{"@context":"https:\/\/schema.org","@graph":[{"@type":"WebSite","@id":"https:\/\/www.visit-ulcinj.com\/blog\/#website","url":"https:\/\/www.visit-ulcinj.com\/blog\/","name":"Lajme nga Ulqini","description":"Lajme,Vijesti,Ulqini,Ulqin,Crna Gora,Mali i Zi","potentialAction":[{"@type":"SearchAction","target":{"@type":"EntryPoint","urlTemplate":"https:\/\/www.visit-ulcinj.com\/blog\/?s={search_term_string}"},"query-input":"required name=search_term_string"}],"inLanguage":"en-US"},{"@type":"ImageObject","inLanguage":"en-US","@id":"https:\/\/www.visit-ulcinj.com\/blog\/2009\/01\/29\/forca-stotine-ljudi-moze-ostati-bez-krova-nad-glavom\/#primaryimage","url":"https:\/\/www.visit-ulcinj.com\/blog\/wp-content\/uploads\/2009\/01\/genc-nimanbegu_forca.jpg","contentUrl":"https:\/\/www.visit-ulcinj.com\/blog\/wp-content\/uploads\/2009\/01\/genc-nimanbegu_forca.jpg","width":"909","height":"640"},{"@type":"WebPage","@id":"https:\/\/www.visit-ulcinj.com\/blog\/2009\/01\/29\/forca-stotine-ljudi-moze-ostati-bez-krova-nad-glavom\/#webpage","url":"https:\/\/www.visit-ulcinj.com\/blog\/2009\/01\/29\/forca-stotine-ljudi-moze-ostati-bez-krova-nad-glavom\/","name":"Forca: Stotine ljudi mo\u017ee ostati bez krova nad glavom - Lajme nga Ulqini","isPartOf":{"@id":"https:\/\/www.visit-ulcinj.com\/blog\/#website"},"primaryImageOfPage":{"@id":"https:\/\/www.visit-ulcinj.com\/blog\/2009\/01\/29\/forca-stotine-ljudi-moze-ostati-bez-krova-nad-glavom\/#primaryimage"},"datePublished":"2009-01-29T18:02:36+00:00","dateModified":"2009-01-29T18:02:41+00:00","author":{"@id":"https:\/\/www.visit-ulcinj.com\/blog\/#\/schema\/person\/dcab619c614d3038751c63bc2aadc06d"},"description":"\u201eForca\u201d optu\u017eila lokalnu upravu u ulcinju da odla\u017ee rje\u0161enja goru?ih problema Ulcinj \u2013 Nakon polusatne rasprave, predsjednik SO Ulcinj Muhamet Nika","breadcrumb":{"@id":"https:\/\/www.visit-ulcinj.com\/blog\/2009\/01\/29\/forca-stotine-ljudi-moze-ostati-bez-krova-nad-glavom\/#breadcrumb"},"inLanguage":"en-US","potentialAction":[{"@type":"ReadAction","target":["https:\/\/www.visit-ulcinj.com\/blog\/2009\/01\/29\/forca-stotine-ljudi-moze-ostati-bez-krova-nad-glavom\/"]}]},{"@type":"BreadcrumbList","@id":"https:\/\/www.visit-ulcinj.com\/blog\/2009\/01\/29\/forca-stotine-ljudi-moze-ostati-bez-krova-nad-glavom\/#breadcrumb","itemListElement":[{"@type":"ListItem","position":1,"name":"Forca: Stotine ljudi mo\u017ee ostati bez krova nad glavom"}]},{"@type":"Person","@id":"https:\/\/www.visit-ulcinj.com\/blog\/#\/schema\/person\/dcab619c614d3038751c63bc2aadc06d","name":"ulqini","sameAs":["http:\/\/www.visit-ulcinj.com"],"url":"https:\/\/www.visit-ulcinj.com\/blog\/author\/admin\/"}]}},"jetpack_featured_media_url":"","jetpack_sharing_enabled":true,"jetpack_shortlink":"https:\/\/wp.me\/pe6lTn-2BS","_links":{"self":[{"href":"https:\/\/www.visit-ulcinj.com\/blog\/wp-json\/wp\/v2\/posts\/10036"}],"collection":[{"href":"https:\/\/www.visit-ulcinj.com\/blog\/wp-json\/wp\/v2\/posts"}],"about":[{"href":"https:\/\/www.visit-ulcinj.com\/blog\/wp-json\/wp\/v2\/types\/post"}],"author":[{"embeddable":true,"href":"https:\/\/www.visit-ulcinj.com\/blog\/wp-json\/wp\/v2\/users\/1"}],"replies":[{"embeddable":true,"href":"https:\/\/www.visit-ulcinj.com\/blog\/wp-json\/wp\/v2\/comments?post=10036"}],"version-history":[{"count":0,"href":"https:\/\/www.visit-ulcinj.com\/blog\/wp-json\/wp\/v2\/posts\/10036\/revisions"}],"wp:attachment":[{"href":"https:\/\/www.visit-ulcinj.com\/blog\/wp-json\/wp\/v2\/media?parent=10036"}],"wp:term":[{"taxonomy":"category","embeddable":true,"href":"https:\/\/www.visit-ulcinj.com\/blog\/wp-json\/wp\/v2\/categories?post=10036"},{"taxonomy":"post_tag","embeddable":true,"href":"https:\/\/www.visit-ulcinj.com\/blog\/wp-json\/wp\/v2\/tags?post=10036"}],"curies":[{"name":"wp","href":"https:\/\/api.w.org\/{rel}","templated":true}]}}