{"id":100369,"date":"2016-10-17T04:51:54","date_gmt":"2016-10-17T03:51:54","guid":{"rendered":"http:\/\/www.visit-ulcinj.com\/blog\/?p=100369"},"modified":"2016-10-17T04:51:54","modified_gmt":"2016-10-17T03:51:54","slug":"shqiptaret-ia-mundesojne-fitoren-millo-gjukanoviqit","status":"publish","type":"post","link":"https:\/\/www.visit-ulcinj.com\/blog\/2016\/10\/17\/shqiptaret-ia-mundesojne-fitoren-millo-gjukanoviqit\/","title":{"rendered":"Shqiptar\u00ebt ia mund\u00ebsojn\u00eb fitoren Millo Gjukanoviqit"},"content":{"rendered":"<h2 class=\"description\"><a href=\"http:\/\/www.visit-ulcinj.com\/blog\/wp-content\/uploads\/2016\/10\/gjukanoviq.jpg\"><img loading=\"lazy\" class=\"alignleft wp-image-100359\" src=\"http:\/\/www.visit-ulcinj.com\/blog\/wp-content\/uploads\/2016\/10\/gjukanoviq.jpg\" alt=\"gjukanoviq\" width=\"508\" height=\"286\" srcset=\"https:\/\/www.visit-ulcinj.com\/blog\/wp-content\/uploads\/2016\/10\/gjukanoviq.jpg 780w, https:\/\/www.visit-ulcinj.com\/blog\/wp-content\/uploads\/2016\/10\/gjukanoviq-300x169.jpg 300w, https:\/\/www.visit-ulcinj.com\/blog\/wp-content\/uploads\/2016\/10\/gjukanoviq-768x432.jpg 768w\" sizes=\"(max-width: 508px) 100vw, 508px\" \/><\/a>Kryeministri malazez, Millo Gjukanoviq, ka shpallur fitoren n\u00eb zgjedhjet e mbajtura sot n\u00eb Malin e Zi.<\/h2>\n<div class=\"full-text\">\n<p>Gjukanoviq ka siguruar 42 deputet\u00eb, bashk\u00eb me partner\u00ebt e partis\u00eb s\u00eb tij DPS.<\/p>\n<p>Edhe pse kan\u00eb mbetur edhe pak vota p\u00ebr t\u2019u num\u00ebruar, DPS-ja e Gjukanoviqit ka grumbulluar 41 p\u00ebr qind t\u00eb votave ose 36 mandate, derisa Fronti Demokratik pro serb dhe pro rus, ka arritur t\u00eb mbledh 20.4 p\u00ebr qind ose 18 mandate, transmeton lajmi.net.<\/p>\n<p>Parlamenti i Mali t\u00eb Zi ka 81 deputet\u00eb, kurse p\u00ebr formimin e qeveris\u00eb duhet s\u00eb paku 41 deputet\u00eb.<\/p>\n<p>E duket se Gjukanoviqin edhe k\u00ebsaj here do ta shp\u00ebtojn\u00eb shqiptar\u00ebt. I vet\u00ebm, pa shqiptar\u00eb dhe boshnjak\u00eb, Gjukanoviq do t\u00eb humbiste, pasi q\u00eb partit\u00eb tjera opozitare, p\u00ebrfshir\u00eb edhe Frontin Demokratik kan\u00eb th\u00ebn\u00eb se do t\u00eb b\u00ebhet bashk\u00eb p\u00ebr t\u00eb mposhtur at\u00eb.<\/p>\n<p>Me 36 mandate te veta, nj\u00eb t\u00eb shqiptar\u00ebve, dy t\u00eb boshnjak\u00ebve, dy t\u00eb Social demokrat\u00ebve malazez dhe nj\u00eb t\u00eb kroat\u00ebve, DPS-i i Gjukanoviqit arrin n\u00eb 42 mandate, vet\u00ebm nj\u00eb mandat m\u00eb shum\u00eb sa minimumi i nevojsh\u00ebm p\u00ebr t\u00eb formuar qeverin\u00eb.<\/p>\n<p>N\u00eb an\u00ebn tjet\u00ebr, opozita e kryesuar nga pro serb\u00ebt dhe pro rus\u00ebt i ka 39 mandate. Kjo tregon se sa t\u00eb nevojsh\u00ebm jan\u00eb shqiptar\u00ebt p\u00ebr Gjukanoviqin, gj\u00eb q\u00eb e kishte th\u00ebn\u00eb edhe n\u00eb Tuz, nj\u00eb dit\u00eb pa p\u00ebrfunduar fushata parazgjedhore.<\/p>\n<p><a href=\"http:\/\/www.visit-ulcinj.com\/blog\/wp-content\/uploads\/2016\/10\/Zgjedhjet-ne-Mal-te-Zi-2016.jpg\"><img loading=\"lazy\" class=\"alignleft wp-image-100367\" src=\"http:\/\/www.visit-ulcinj.com\/blog\/wp-content\/uploads\/2016\/10\/Zgjedhjet-ne-Mal-te-Zi-2016.jpg\" alt=\"Zgjedhjet ne Mal te Zi 2016\" width=\"508\" height=\"266\" srcset=\"https:\/\/www.visit-ulcinj.com\/blog\/wp-content\/uploads\/2016\/10\/Zgjedhjet-ne-Mal-te-Zi-2016.jpg 945w, https:\/\/www.visit-ulcinj.com\/blog\/wp-content\/uploads\/2016\/10\/Zgjedhjet-ne-Mal-te-Zi-2016-300x157.jpg 300w, https:\/\/www.visit-ulcinj.com\/blog\/wp-content\/uploads\/2016\/10\/Zgjedhjet-ne-Mal-te-Zi-2016-768x401.jpg 768w\" sizes=\"(max-width: 508px) 100vw, 508px\" \/><\/a><\/p>\n<\/div>\n","protected":false},"excerpt":{"rendered":"<p>Kryeministri malazez, Millo Gjukanoviq, ka shpallur fitoren n\u00eb zgjedhjet e mbajtura sot n\u00eb Malin e Zi. Gjukanoviq ka siguruar 42 deputet\u00eb, bashk\u00eb me partner\u00ebt e partis\u00eb s\u00eb tij DPS. Edhe pse kan\u00eb mbetur edhe pak vota p\u00ebr t\u2019u num\u00ebruar, DPS-ja e Gjukanoviqit ka grumbulluar 41 p\u00ebr qind t\u00eb votave ose 36 mandate, derisa Fronti Demokratik [&hellip;]<\/p>\n","protected":false},"author":1,"featured_media":0,"comment_status":"closed","ping_status":"closed","sticky":false,"template":"","format":"standard","meta":{"spay_email":"","jetpack_publicize_message":"","jetpack_is_tweetstorm":false,"jetpack_publicize_feature_enabled":true},"categories":[12],"tags":[],"jetpack_publicize_connections":[],"yoast_head":"<!-- This site is optimized with the Yoast SEO plugin v19.1 - https:\/\/yoast.com\/wordpress\/plugins\/seo\/ -->\n<title>Shqiptar\u00ebt ia mund\u00ebsojn\u00eb fitoren Millo Gjukanoviqit - Lajme nga Ulqini<\/title>\n<meta name=\"description\" content=\"Kryeministri malazez, Millo Gjukanoviq, ka shpallur fitoren n\u00eb zgjedhjet e mbajtura sot n\u00eb Malin e Zi. Gjukanoviq ka siguruar 42 deputet\u00eb, bashk\u00eb me\" \/>\n<meta name=\"robots\" content=\"index, follow, max-snippet:-1, max-image-preview:large, max-video-preview:-1\" \/>\n<link rel=\"canonical\" href=\"https:\/\/www.visit-ulcinj.com\/blog\/2016\/10\/17\/shqiptaret-ia-mundesojne-fitoren-millo-gjukanoviqit\/\" \/>\n<meta property=\"og:locale\" content=\"en_US\" \/>\n<meta property=\"og:type\" content=\"article\" \/>\n<meta property=\"og:title\" content=\"Shqiptar\u00ebt ia mund\u00ebsojn\u00eb fitoren Millo Gjukanoviqit - Lajme nga Ulqini\" \/>\n<meta property=\"og:description\" content=\"Kryeministri malazez, Millo Gjukanoviq, ka shpallur fitoren n\u00eb zgjedhjet e mbajtura sot n\u00eb Malin e Zi. Gjukanoviq ka siguruar 42 deputet\u00eb, bashk\u00eb me\" \/>\n<meta property=\"og:url\" content=\"https:\/\/www.visit-ulcinj.com\/blog\/2016\/10\/17\/shqiptaret-ia-mundesojne-fitoren-millo-gjukanoviqit\/\" \/>\n<meta property=\"og:site_name\" content=\"Lajme nga Ulqini\" \/>\n<meta property=\"article:published_time\" content=\"2016-10-17T03:51:54+00:00\" \/>\n<meta property=\"og:image\" content=\"http:\/\/www.visit-ulcinj.com\/blog\/wp-content\/uploads\/2016\/10\/gjukanoviq.jpg\" \/>\n<meta name=\"twitter:label1\" content=\"Written by\" \/>\n\t<meta name=\"twitter:data1\" content=\"ulqini\" \/>\n\t<meta name=\"twitter:label2\" content=\"Est. reading time\" \/>\n\t<meta name=\"twitter:data2\" content=\"1 minute\" \/>\n<script type=\"application\/ld+json\" class=\"yoast-schema-graph\">{\"@context\":\"https:\/\/schema.org\",\"@graph\":[{\"@type\":\"WebSite\",\"@id\":\"https:\/\/www.visit-ulcinj.com\/blog\/#website\",\"url\":\"https:\/\/www.visit-ulcinj.com\/blog\/\",\"name\":\"Lajme nga Ulqini\",\"description\":\"Lajme,Vijesti,Ulqini,Ulqin,Crna Gora,Mali i Zi\",\"potentialAction\":[{\"@type\":\"SearchAction\",\"target\":{\"@type\":\"EntryPoint\",\"urlTemplate\":\"https:\/\/www.visit-ulcinj.com\/blog\/?s={search_term_string}\"},\"query-input\":\"required name=search_term_string\"}],\"inLanguage\":\"en-US\"},{\"@type\":\"ImageObject\",\"inLanguage\":\"en-US\",\"@id\":\"https:\/\/www.visit-ulcinj.com\/blog\/2016\/10\/17\/shqiptaret-ia-mundesojne-fitoren-millo-gjukanoviqit\/#primaryimage\",\"url\":\"https:\/\/www.visit-ulcinj.com\/blog\/wp-content\/uploads\/2016\/10\/gjukanoviq.jpg\",\"contentUrl\":\"https:\/\/www.visit-ulcinj.com\/blog\/wp-content\/uploads\/2016\/10\/gjukanoviq.jpg\",\"width\":780,\"height\":439},{\"@type\":\"WebPage\",\"@id\":\"https:\/\/www.visit-ulcinj.com\/blog\/2016\/10\/17\/shqiptaret-ia-mundesojne-fitoren-millo-gjukanoviqit\/#webpage\",\"url\":\"https:\/\/www.visit-ulcinj.com\/blog\/2016\/10\/17\/shqiptaret-ia-mundesojne-fitoren-millo-gjukanoviqit\/\",\"name\":\"Shqiptar\u00ebt ia mund\u00ebsojn\u00eb fitoren Millo Gjukanoviqit - Lajme nga Ulqini\",\"isPartOf\":{\"@id\":\"https:\/\/www.visit-ulcinj.com\/blog\/#website\"},\"primaryImageOfPage\":{\"@id\":\"https:\/\/www.visit-ulcinj.com\/blog\/2016\/10\/17\/shqiptaret-ia-mundesojne-fitoren-millo-gjukanoviqit\/#primaryimage\"},\"datePublished\":\"2016-10-17T03:51:54+00:00\",\"dateModified\":\"2016-10-17T03:51:54+00:00\",\"author\":{\"@id\":\"https:\/\/www.visit-ulcinj.com\/blog\/#\/schema\/person\/dcab619c614d3038751c63bc2aadc06d\"},\"description\":\"Kryeministri malazez, Millo Gjukanoviq, ka shpallur fitoren n\u00eb zgjedhjet e mbajtura sot n\u00eb Malin e Zi. Gjukanoviq ka siguruar 42 deputet\u00eb, bashk\u00eb me\",\"breadcrumb\":{\"@id\":\"https:\/\/www.visit-ulcinj.com\/blog\/2016\/10\/17\/shqiptaret-ia-mundesojne-fitoren-millo-gjukanoviqit\/#breadcrumb\"},\"inLanguage\":\"en-US\",\"potentialAction\":[{\"@type\":\"ReadAction\",\"target\":[\"https:\/\/www.visit-ulcinj.com\/blog\/2016\/10\/17\/shqiptaret-ia-mundesojne-fitoren-millo-gjukanoviqit\/\"]}]},{\"@type\":\"BreadcrumbList\",\"@id\":\"https:\/\/www.visit-ulcinj.com\/blog\/2016\/10\/17\/shqiptaret-ia-mundesojne-fitoren-millo-gjukanoviqit\/#breadcrumb\",\"itemListElement\":[{\"@type\":\"ListItem\",\"position\":1,\"name\":\"Shqiptar\u00ebt ia mund\u00ebsojn\u00eb fitoren Millo Gjukanoviqit\"}]},{\"@type\":\"Person\",\"@id\":\"https:\/\/www.visit-ulcinj.com\/blog\/#\/schema\/person\/dcab619c614d3038751c63bc2aadc06d\",\"name\":\"ulqini\",\"sameAs\":[\"http:\/\/www.visit-ulcinj.com\"],\"url\":\"https:\/\/www.visit-ulcinj.com\/blog\/author\/admin\/\"}]}<\/script>\n<!-- \/ Yoast SEO plugin. -->","yoast_head_json":{"title":"Shqiptar\u00ebt ia mund\u00ebsojn\u00eb fitoren Millo Gjukanoviqit - Lajme nga Ulqini","description":"Kryeministri malazez, Millo Gjukanoviq, ka shpallur fitoren n\u00eb zgjedhjet e mbajtura sot n\u00eb Malin e Zi. Gjukanoviq ka siguruar 42 deputet\u00eb, bashk\u00eb me","robots":{"index":"index","follow":"follow","max-snippet":"max-snippet:-1","max-image-preview":"max-image-preview:large","max-video-preview":"max-video-preview:-1"},"canonical":"https:\/\/www.visit-ulcinj.com\/blog\/2016\/10\/17\/shqiptaret-ia-mundesojne-fitoren-millo-gjukanoviqit\/","og_locale":"en_US","og_type":"article","og_title":"Shqiptar\u00ebt ia mund\u00ebsojn\u00eb fitoren Millo Gjukanoviqit - Lajme nga Ulqini","og_description":"Kryeministri malazez, Millo Gjukanoviq, ka shpallur fitoren n\u00eb zgjedhjet e mbajtura sot n\u00eb Malin e Zi. Gjukanoviq ka siguruar 42 deputet\u00eb, bashk\u00eb me","og_url":"https:\/\/www.visit-ulcinj.com\/blog\/2016\/10\/17\/shqiptaret-ia-mundesojne-fitoren-millo-gjukanoviqit\/","og_site_name":"Lajme nga Ulqini","article_published_time":"2016-10-17T03:51:54+00:00","og_image":[{"url":"http:\/\/www.visit-ulcinj.com\/blog\/wp-content\/uploads\/2016\/10\/gjukanoviq.jpg"}],"twitter_misc":{"Written by":"ulqini","Est. reading time":"1 minute"},"schema":{"@context":"https:\/\/schema.org","@graph":[{"@type":"WebSite","@id":"https:\/\/www.visit-ulcinj.com\/blog\/#website","url":"https:\/\/www.visit-ulcinj.com\/blog\/","name":"Lajme nga Ulqini","description":"Lajme,Vijesti,Ulqini,Ulqin,Crna Gora,Mali i Zi","potentialAction":[{"@type":"SearchAction","target":{"@type":"EntryPoint","urlTemplate":"https:\/\/www.visit-ulcinj.com\/blog\/?s={search_term_string}"},"query-input":"required name=search_term_string"}],"inLanguage":"en-US"},{"@type":"ImageObject","inLanguage":"en-US","@id":"https:\/\/www.visit-ulcinj.com\/blog\/2016\/10\/17\/shqiptaret-ia-mundesojne-fitoren-millo-gjukanoviqit\/#primaryimage","url":"https:\/\/www.visit-ulcinj.com\/blog\/wp-content\/uploads\/2016\/10\/gjukanoviq.jpg","contentUrl":"https:\/\/www.visit-ulcinj.com\/blog\/wp-content\/uploads\/2016\/10\/gjukanoviq.jpg","width":780,"height":439},{"@type":"WebPage","@id":"https:\/\/www.visit-ulcinj.com\/blog\/2016\/10\/17\/shqiptaret-ia-mundesojne-fitoren-millo-gjukanoviqit\/#webpage","url":"https:\/\/www.visit-ulcinj.com\/blog\/2016\/10\/17\/shqiptaret-ia-mundesojne-fitoren-millo-gjukanoviqit\/","name":"Shqiptar\u00ebt ia mund\u00ebsojn\u00eb fitoren Millo Gjukanoviqit - Lajme nga Ulqini","isPartOf":{"@id":"https:\/\/www.visit-ulcinj.com\/blog\/#website"},"primaryImageOfPage":{"@id":"https:\/\/www.visit-ulcinj.com\/blog\/2016\/10\/17\/shqiptaret-ia-mundesojne-fitoren-millo-gjukanoviqit\/#primaryimage"},"datePublished":"2016-10-17T03:51:54+00:00","dateModified":"2016-10-17T03:51:54+00:00","author":{"@id":"https:\/\/www.visit-ulcinj.com\/blog\/#\/schema\/person\/dcab619c614d3038751c63bc2aadc06d"},"description":"Kryeministri malazez, Millo Gjukanoviq, ka shpallur fitoren n\u00eb zgjedhjet e mbajtura sot n\u00eb Malin e Zi. Gjukanoviq ka siguruar 42 deputet\u00eb, bashk\u00eb me","breadcrumb":{"@id":"https:\/\/www.visit-ulcinj.com\/blog\/2016\/10\/17\/shqiptaret-ia-mundesojne-fitoren-millo-gjukanoviqit\/#breadcrumb"},"inLanguage":"en-US","potentialAction":[{"@type":"ReadAction","target":["https:\/\/www.visit-ulcinj.com\/blog\/2016\/10\/17\/shqiptaret-ia-mundesojne-fitoren-millo-gjukanoviqit\/"]}]},{"@type":"BreadcrumbList","@id":"https:\/\/www.visit-ulcinj.com\/blog\/2016\/10\/17\/shqiptaret-ia-mundesojne-fitoren-millo-gjukanoviqit\/#breadcrumb","itemListElement":[{"@type":"ListItem","position":1,"name":"Shqiptar\u00ebt ia mund\u00ebsojn\u00eb fitoren Millo Gjukanoviqit"}]},{"@type":"Person","@id":"https:\/\/www.visit-ulcinj.com\/blog\/#\/schema\/person\/dcab619c614d3038751c63bc2aadc06d","name":"ulqini","sameAs":["http:\/\/www.visit-ulcinj.com"],"url":"https:\/\/www.visit-ulcinj.com\/blog\/author\/admin\/"}]}},"jetpack_featured_media_url":"","jetpack_sharing_enabled":true,"jetpack_shortlink":"https:\/\/wp.me\/pe6lTn-q6R","_links":{"self":[{"href":"https:\/\/www.visit-ulcinj.com\/blog\/wp-json\/wp\/v2\/posts\/100369"}],"collection":[{"href":"https:\/\/www.visit-ulcinj.com\/blog\/wp-json\/wp\/v2\/posts"}],"about":[{"href":"https:\/\/www.visit-ulcinj.com\/blog\/wp-json\/wp\/v2\/types\/post"}],"author":[{"embeddable":true,"href":"https:\/\/www.visit-ulcinj.com\/blog\/wp-json\/wp\/v2\/users\/1"}],"replies":[{"embeddable":true,"href":"https:\/\/www.visit-ulcinj.com\/blog\/wp-json\/wp\/v2\/comments?post=100369"}],"version-history":[{"count":1,"href":"https:\/\/www.visit-ulcinj.com\/blog\/wp-json\/wp\/v2\/posts\/100369\/revisions"}],"predecessor-version":[{"id":100370,"href":"https:\/\/www.visit-ulcinj.com\/blog\/wp-json\/wp\/v2\/posts\/100369\/revisions\/100370"}],"wp:attachment":[{"href":"https:\/\/www.visit-ulcinj.com\/blog\/wp-json\/wp\/v2\/media?parent=100369"}],"wp:term":[{"taxonomy":"category","embeddable":true,"href":"https:\/\/www.visit-ulcinj.com\/blog\/wp-json\/wp\/v2\/categories?post=100369"},{"taxonomy":"post_tag","embeddable":true,"href":"https:\/\/www.visit-ulcinj.com\/blog\/wp-json\/wp\/v2\/tags?post=100369"}],"curies":[{"name":"wp","href":"https:\/\/api.w.org\/{rel}","templated":true}]}}