{"id":100371,"date":"2016-10-17T04:56:39","date_gmt":"2016-10-17T03:56:39","guid":{"rendered":"http:\/\/www.visit-ulcinj.com\/blog\/?p=100371"},"modified":"2016-10-17T04:56:39","modified_gmt":"2016-10-17T03:56:39","slug":"mali-zi-ndalon-perkohesisht-viber-dhe-whatsapp","status":"publish","type":"post","link":"https:\/\/www.visit-ulcinj.com\/blog\/2016\/10\/17\/mali-zi-ndalon-perkohesisht-viber-dhe-whatsapp\/","title":{"rendered":"Mali i Zi ndalon p\u00ebrkoh\u00ebsisht Viber dhe WhatsApp"},"content":{"rendered":"<p><a href=\"http:\/\/www.visit-ulcinj.com\/blog\/wp-content\/uploads\/2016\/10\/viber.jpg\"><img loading=\"lazy\" class=\"alignleft wp-image-100372\" src=\"http:\/\/www.visit-ulcinj.com\/blog\/wp-content\/uploads\/2016\/10\/viber.jpg\" alt=\"viber\" width=\"508\" height=\"319\" \/><\/a>Agjencia p\u00ebr Komunikime Elektronike dhe Sh\u00ebrbime Postare t\u00eb Malit t\u00eb Zi ka urdh\u00ebruar t\u00eb gjith\u00eb operator\u00ebt nga fusha e telekomunikimeve t\u00eb p\u00ebrjashtojn\u00eb mund\u00ebsin\u00eb e p\u00ebrdorimit t\u00eb aplikacioneve Viber dhe WhatsApp, si dhe sh\u00ebrbimet tjera t\u00eb ngjashme t\u00eb cilat jan\u00eb p\u00ebrdorur gjat\u00eb dit\u00ebs p\u00ebr komunikim t\u00eb pad\u00ebshiruar mes klient\u00ebve.<\/p>\n<p>Me nj\u00eb urdh\u00ebr t\u00eb Agjencis\u00eb, operator\u00ebt jan\u00eb t\u00eb detyruar t\u00eb zbatojn\u00eb k\u00ebt\u00eb mas\u00eb q\u00eb \u00ebsht\u00eb n\u00eb p\u00ebrputhje me Ligjin p\u00ebr komunikime elektronike, i cili parashikon se komunikimi p\u00ebr q\u00ebllime t\u00eb marketingut t\u00eb drejtp\u00ebrdrejt\u00eb lejohet vet\u00ebm me p\u00eblqimin paraprak t\u00eb p\u00ebrdoruesit.<\/p>\n<p>Kompanit\u00eb njoftojn\u00eb se nuk kan\u00eb dh\u00ebn\u00eb informacione p\u00ebr p\u00ebrdoruesit e tyre dhe se respektojn\u00eb standardet m\u00eb t\u00eb rrepta t\u00eb siguris\u00eb si dhe procedurat p\u00ebr mbrojtje t\u00eb p\u00ebrdoruesve dhe t\u00eb dh\u00ebnave t\u00eb tyre.<\/p>\n<p><strong><span class=\"byline\"><span class=\"author vcard\">Opozita.com<\/span><\/span><\/strong><\/p>\n","protected":false},"excerpt":{"rendered":"<p>Agjencia p\u00ebr Komunikime Elektronike dhe Sh\u00ebrbime Postare t\u00eb Malit t\u00eb Zi ka urdh\u00ebruar t\u00eb gjith\u00eb operator\u00ebt nga fusha e telekomunikimeve t\u00eb p\u00ebrjashtojn\u00eb mund\u00ebsin\u00eb e p\u00ebrdorimit t\u00eb aplikacioneve Viber dhe WhatsApp, si dhe sh\u00ebrbimet tjera t\u00eb ngjashme t\u00eb cilat jan\u00eb p\u00ebrdorur gjat\u00eb dit\u00ebs p\u00ebr komunikim t\u00eb pad\u00ebshiruar mes klient\u00ebve. Me nj\u00eb urdh\u00ebr t\u00eb Agjencis\u00eb, operator\u00ebt jan\u00eb [&hellip;]<\/p>\n","protected":false},"author":1,"featured_media":0,"comment_status":"closed","ping_status":"closed","sticky":false,"template":"","format":"standard","meta":{"spay_email":"","jetpack_publicize_message":"","jetpack_is_tweetstorm":false,"jetpack_publicize_feature_enabled":true},"categories":[6950],"tags":[],"jetpack_publicize_connections":[],"yoast_head":"<!-- This site is optimized with the Yoast SEO plugin v19.1 - https:\/\/yoast.com\/wordpress\/plugins\/seo\/ -->\n<title>Mali i Zi ndalon p\u00ebrkoh\u00ebsisht Viber dhe WhatsApp - Lajme nga Ulqini<\/title>\n<meta name=\"description\" content=\"Agjencia p\u00ebr Komunikime Elektronike dhe Sh\u00ebrbime Postare t\u00eb Malit t\u00eb Zi ka urdh\u00ebruar t\u00eb gjith\u00eb operator\u00ebt nga fusha e telekomunikimeve t\u00eb p\u00ebrjashtojn\u00eb\" \/>\n<meta name=\"robots\" content=\"index, follow, max-snippet:-1, max-image-preview:large, max-video-preview:-1\" \/>\n<link rel=\"canonical\" href=\"https:\/\/www.visit-ulcinj.com\/blog\/2016\/10\/17\/mali-zi-ndalon-perkohesisht-viber-dhe-whatsapp\/\" \/>\n<meta property=\"og:locale\" content=\"en_US\" \/>\n<meta property=\"og:type\" content=\"article\" \/>\n<meta property=\"og:title\" content=\"Mali i Zi ndalon p\u00ebrkoh\u00ebsisht Viber dhe WhatsApp - Lajme nga Ulqini\" \/>\n<meta property=\"og:description\" content=\"Agjencia p\u00ebr Komunikime Elektronike dhe Sh\u00ebrbime Postare t\u00eb Malit t\u00eb Zi ka urdh\u00ebruar t\u00eb gjith\u00eb operator\u00ebt nga fusha e telekomunikimeve t\u00eb p\u00ebrjashtojn\u00eb\" \/>\n<meta property=\"og:url\" content=\"https:\/\/www.visit-ulcinj.com\/blog\/2016\/10\/17\/mali-zi-ndalon-perkohesisht-viber-dhe-whatsapp\/\" \/>\n<meta property=\"og:site_name\" content=\"Lajme nga Ulqini\" \/>\n<meta property=\"article:published_time\" content=\"2016-10-17T03:56:39+00:00\" \/>\n<meta property=\"og:image\" content=\"http:\/\/www.visit-ulcinj.com\/blog\/wp-content\/uploads\/2016\/10\/viber.jpg\" \/>\n<meta name=\"twitter:label1\" content=\"Written by\" \/>\n\t<meta name=\"twitter:data1\" content=\"ulqini\" \/>\n\t<meta name=\"twitter:label2\" content=\"Est. reading time\" \/>\n\t<meta name=\"twitter:data2\" content=\"1 minute\" \/>\n<script type=\"application\/ld+json\" class=\"yoast-schema-graph\">{\"@context\":\"https:\/\/schema.org\",\"@graph\":[{\"@type\":\"WebSite\",\"@id\":\"https:\/\/www.visit-ulcinj.com\/blog\/#website\",\"url\":\"https:\/\/www.visit-ulcinj.com\/blog\/\",\"name\":\"Lajme nga Ulqini\",\"description\":\"Lajme,Vijesti,Ulqini,Ulqin,Crna Gora,Mali i Zi\",\"potentialAction\":[{\"@type\":\"SearchAction\",\"target\":{\"@type\":\"EntryPoint\",\"urlTemplate\":\"https:\/\/www.visit-ulcinj.com\/blog\/?s={search_term_string}\"},\"query-input\":\"required name=search_term_string\"}],\"inLanguage\":\"en-US\"},{\"@type\":\"ImageObject\",\"inLanguage\":\"en-US\",\"@id\":\"https:\/\/www.visit-ulcinj.com\/blog\/2016\/10\/17\/mali-zi-ndalon-perkohesisht-viber-dhe-whatsapp\/#primaryimage\",\"url\":\"http:\/\/www.visit-ulcinj.com\/blog\/wp-content\/uploads\/2016\/10\/viber.jpg\",\"contentUrl\":\"http:\/\/www.visit-ulcinj.com\/blog\/wp-content\/uploads\/2016\/10\/viber.jpg\"},{\"@type\":\"WebPage\",\"@id\":\"https:\/\/www.visit-ulcinj.com\/blog\/2016\/10\/17\/mali-zi-ndalon-perkohesisht-viber-dhe-whatsapp\/#webpage\",\"url\":\"https:\/\/www.visit-ulcinj.com\/blog\/2016\/10\/17\/mali-zi-ndalon-perkohesisht-viber-dhe-whatsapp\/\",\"name\":\"Mali i Zi ndalon p\u00ebrkoh\u00ebsisht Viber dhe WhatsApp - Lajme nga Ulqini\",\"isPartOf\":{\"@id\":\"https:\/\/www.visit-ulcinj.com\/blog\/#website\"},\"primaryImageOfPage\":{\"@id\":\"https:\/\/www.visit-ulcinj.com\/blog\/2016\/10\/17\/mali-zi-ndalon-perkohesisht-viber-dhe-whatsapp\/#primaryimage\"},\"datePublished\":\"2016-10-17T03:56:39+00:00\",\"dateModified\":\"2016-10-17T03:56:39+00:00\",\"author\":{\"@id\":\"https:\/\/www.visit-ulcinj.com\/blog\/#\/schema\/person\/dcab619c614d3038751c63bc2aadc06d\"},\"description\":\"Agjencia p\u00ebr Komunikime Elektronike dhe Sh\u00ebrbime Postare t\u00eb Malit t\u00eb Zi ka urdh\u00ebruar t\u00eb gjith\u00eb operator\u00ebt nga fusha e telekomunikimeve t\u00eb p\u00ebrjashtojn\u00eb\",\"breadcrumb\":{\"@id\":\"https:\/\/www.visit-ulcinj.com\/blog\/2016\/10\/17\/mali-zi-ndalon-perkohesisht-viber-dhe-whatsapp\/#breadcrumb\"},\"inLanguage\":\"en-US\",\"potentialAction\":[{\"@type\":\"ReadAction\",\"target\":[\"https:\/\/www.visit-ulcinj.com\/blog\/2016\/10\/17\/mali-zi-ndalon-perkohesisht-viber-dhe-whatsapp\/\"]}]},{\"@type\":\"BreadcrumbList\",\"@id\":\"https:\/\/www.visit-ulcinj.com\/blog\/2016\/10\/17\/mali-zi-ndalon-perkohesisht-viber-dhe-whatsapp\/#breadcrumb\",\"itemListElement\":[{\"@type\":\"ListItem\",\"position\":1,\"name\":\"Mali i Zi ndalon p\u00ebrkoh\u00ebsisht Viber dhe WhatsApp\"}]},{\"@type\":\"Person\",\"@id\":\"https:\/\/www.visit-ulcinj.com\/blog\/#\/schema\/person\/dcab619c614d3038751c63bc2aadc06d\",\"name\":\"ulqini\",\"sameAs\":[\"http:\/\/www.visit-ulcinj.com\"],\"url\":\"https:\/\/www.visit-ulcinj.com\/blog\/author\/admin\/\"}]}<\/script>\n<!-- \/ Yoast SEO plugin. -->","yoast_head_json":{"title":"Mali i Zi ndalon p\u00ebrkoh\u00ebsisht Viber dhe WhatsApp - Lajme nga Ulqini","description":"Agjencia p\u00ebr Komunikime Elektronike dhe Sh\u00ebrbime Postare t\u00eb Malit t\u00eb Zi ka urdh\u00ebruar t\u00eb gjith\u00eb operator\u00ebt nga fusha e telekomunikimeve t\u00eb p\u00ebrjashtojn\u00eb","robots":{"index":"index","follow":"follow","max-snippet":"max-snippet:-1","max-image-preview":"max-image-preview:large","max-video-preview":"max-video-preview:-1"},"canonical":"https:\/\/www.visit-ulcinj.com\/blog\/2016\/10\/17\/mali-zi-ndalon-perkohesisht-viber-dhe-whatsapp\/","og_locale":"en_US","og_type":"article","og_title":"Mali i Zi ndalon p\u00ebrkoh\u00ebsisht Viber dhe WhatsApp - Lajme nga Ulqini","og_description":"Agjencia p\u00ebr Komunikime Elektronike dhe Sh\u00ebrbime Postare t\u00eb Malit t\u00eb Zi ka urdh\u00ebruar t\u00eb gjith\u00eb operator\u00ebt nga fusha e telekomunikimeve t\u00eb p\u00ebrjashtojn\u00eb","og_url":"https:\/\/www.visit-ulcinj.com\/blog\/2016\/10\/17\/mali-zi-ndalon-perkohesisht-viber-dhe-whatsapp\/","og_site_name":"Lajme nga Ulqini","article_published_time":"2016-10-17T03:56:39+00:00","og_image":[{"url":"http:\/\/www.visit-ulcinj.com\/blog\/wp-content\/uploads\/2016\/10\/viber.jpg"}],"twitter_misc":{"Written by":"ulqini","Est. reading time":"1 minute"},"schema":{"@context":"https:\/\/schema.org","@graph":[{"@type":"WebSite","@id":"https:\/\/www.visit-ulcinj.com\/blog\/#website","url":"https:\/\/www.visit-ulcinj.com\/blog\/","name":"Lajme nga Ulqini","description":"Lajme,Vijesti,Ulqini,Ulqin,Crna Gora,Mali i Zi","potentialAction":[{"@type":"SearchAction","target":{"@type":"EntryPoint","urlTemplate":"https:\/\/www.visit-ulcinj.com\/blog\/?s={search_term_string}"},"query-input":"required name=search_term_string"}],"inLanguage":"en-US"},{"@type":"ImageObject","inLanguage":"en-US","@id":"https:\/\/www.visit-ulcinj.com\/blog\/2016\/10\/17\/mali-zi-ndalon-perkohesisht-viber-dhe-whatsapp\/#primaryimage","url":"http:\/\/www.visit-ulcinj.com\/blog\/wp-content\/uploads\/2016\/10\/viber.jpg","contentUrl":"http:\/\/www.visit-ulcinj.com\/blog\/wp-content\/uploads\/2016\/10\/viber.jpg"},{"@type":"WebPage","@id":"https:\/\/www.visit-ulcinj.com\/blog\/2016\/10\/17\/mali-zi-ndalon-perkohesisht-viber-dhe-whatsapp\/#webpage","url":"https:\/\/www.visit-ulcinj.com\/blog\/2016\/10\/17\/mali-zi-ndalon-perkohesisht-viber-dhe-whatsapp\/","name":"Mali i Zi ndalon p\u00ebrkoh\u00ebsisht Viber dhe WhatsApp - Lajme nga Ulqini","isPartOf":{"@id":"https:\/\/www.visit-ulcinj.com\/blog\/#website"},"primaryImageOfPage":{"@id":"https:\/\/www.visit-ulcinj.com\/blog\/2016\/10\/17\/mali-zi-ndalon-perkohesisht-viber-dhe-whatsapp\/#primaryimage"},"datePublished":"2016-10-17T03:56:39+00:00","dateModified":"2016-10-17T03:56:39+00:00","author":{"@id":"https:\/\/www.visit-ulcinj.com\/blog\/#\/schema\/person\/dcab619c614d3038751c63bc2aadc06d"},"description":"Agjencia p\u00ebr Komunikime Elektronike dhe Sh\u00ebrbime Postare t\u00eb Malit t\u00eb Zi ka urdh\u00ebruar t\u00eb gjith\u00eb operator\u00ebt nga fusha e telekomunikimeve t\u00eb p\u00ebrjashtojn\u00eb","breadcrumb":{"@id":"https:\/\/www.visit-ulcinj.com\/blog\/2016\/10\/17\/mali-zi-ndalon-perkohesisht-viber-dhe-whatsapp\/#breadcrumb"},"inLanguage":"en-US","potentialAction":[{"@type":"ReadAction","target":["https:\/\/www.visit-ulcinj.com\/blog\/2016\/10\/17\/mali-zi-ndalon-perkohesisht-viber-dhe-whatsapp\/"]}]},{"@type":"BreadcrumbList","@id":"https:\/\/www.visit-ulcinj.com\/blog\/2016\/10\/17\/mali-zi-ndalon-perkohesisht-viber-dhe-whatsapp\/#breadcrumb","itemListElement":[{"@type":"ListItem","position":1,"name":"Mali i Zi ndalon p\u00ebrkoh\u00ebsisht Viber dhe WhatsApp"}]},{"@type":"Person","@id":"https:\/\/www.visit-ulcinj.com\/blog\/#\/schema\/person\/dcab619c614d3038751c63bc2aadc06d","name":"ulqini","sameAs":["http:\/\/www.visit-ulcinj.com"],"url":"https:\/\/www.visit-ulcinj.com\/blog\/author\/admin\/"}]}},"jetpack_featured_media_url":"","jetpack_sharing_enabled":true,"jetpack_shortlink":"https:\/\/wp.me\/pe6lTn-q6T","_links":{"self":[{"href":"https:\/\/www.visit-ulcinj.com\/blog\/wp-json\/wp\/v2\/posts\/100371"}],"collection":[{"href":"https:\/\/www.visit-ulcinj.com\/blog\/wp-json\/wp\/v2\/posts"}],"about":[{"href":"https:\/\/www.visit-ulcinj.com\/blog\/wp-json\/wp\/v2\/types\/post"}],"author":[{"embeddable":true,"href":"https:\/\/www.visit-ulcinj.com\/blog\/wp-json\/wp\/v2\/users\/1"}],"replies":[{"embeddable":true,"href":"https:\/\/www.visit-ulcinj.com\/blog\/wp-json\/wp\/v2\/comments?post=100371"}],"version-history":[{"count":1,"href":"https:\/\/www.visit-ulcinj.com\/blog\/wp-json\/wp\/v2\/posts\/100371\/revisions"}],"predecessor-version":[{"id":100373,"href":"https:\/\/www.visit-ulcinj.com\/blog\/wp-json\/wp\/v2\/posts\/100371\/revisions\/100373"}],"wp:attachment":[{"href":"https:\/\/www.visit-ulcinj.com\/blog\/wp-json\/wp\/v2\/media?parent=100371"}],"wp:term":[{"taxonomy":"category","embeddable":true,"href":"https:\/\/www.visit-ulcinj.com\/blog\/wp-json\/wp\/v2\/categories?post=100371"},{"taxonomy":"post_tag","embeddable":true,"href":"https:\/\/www.visit-ulcinj.com\/blog\/wp-json\/wp\/v2\/tags?post=100371"}],"curies":[{"name":"wp","href":"https:\/\/api.w.org\/{rel}","templated":true}]}}